{"id":67081,"date":"2013-12-16T06:07:01","date_gmt":"2013-12-16T09:07:01","guid":{"rendered":"http:\/\/www.quersaberpolitica.com.br\/?p=67081"},"modified":"2013-12-15T17:02:27","modified_gmt":"2013-12-15T20:02:27","slug":"municipio-informa-que-13o-dos-servidores-estara-disponivel-amanha-17","status":"publish","type":"post","link":"https:\/\/blogdofarnesio.com.br\/?p=67081","title":{"rendered":"MUNIC\u00cdPIO INFORMA QUE 13\u00ba DOS SERVIDORES ESTAR\u00c1 DISPON\u00cdVEL AMANH\u00c3 (17)"},"content":{"rendered":"<figure id=\"attachment_24238\" aria-describedby=\"caption-attachment-24238\" style=\"width: 300px\" class=\"wp-caption alignleft\"><a href=\"http:\/\/www.quersaberpolitica.com.br\/2016\/wp-content\/uploads\/2013\/01\/blogqsp.prefeitura.jpg\"><img loading=\"lazy\" decoding=\"async\" class=\"size-medium wp-image-24238\" alt=\"Prefeitura de Juazeiro\/BA\" src=\"http:\/\/www.quersaberpolitica.com.br\/2016\/wp-content\/uploads\/2013\/01\/blogqsp.prefeitura-300x240.jpg\" width=\"300\" height=\"240\" srcset=\"https:\/\/blogdofarnesio.com.br\/wp-content\/uploads\/2013\/01\/blogqsp.prefeitura-300x240.jpg 300w, https:\/\/blogdofarnesio.com.br\/wp-content\/uploads\/2013\/01\/blogqsp.prefeitura-375x300.jpg 375w, https:\/\/blogdofarnesio.com.br\/wp-content\/uploads\/2013\/01\/blogqsp.prefeitura.jpg 500w\" sizes=\"auto, (max-width: 300px) 100vw, 300px\" \/><\/a><figcaption id=\"caption-attachment-24238\" class=\"wp-caption-text\">Prefeitura de Juazeiro\/BA<\/figcaption><\/figure>\n<p style=\"text-align: justify\">Os funcion\u00e1rio p\u00fablicos municipais de Juazeiro v\u00e3o receber, na pr\u00f3xima ter\u00e7a-feira (17), o 13\u00ba sal\u00e1rio. Com isso, v\u00e3o circular na economia local, at\u00e9 o Natal, cerca de 6 milh\u00f5es de reais.<\/p>\n<p style=\"text-align: justify\">Alguns servidores j\u00e1 receberam metade do d\u00e9cimo terceiro sal\u00e1rio no m\u00eas do anivers\u00e1rio e agora v\u00e3o receber o complemento. Quem n\u00e3o recebeu este adiantamento receber\u00e1 agora integralmente.<\/p>\n<p style=\"text-align: justify\">O Prefeito Isaac Carvalho parabenizou a Secret\u00e1ria de Finan\u00e7as, Zalit\u00e9a Mendes e equipe, bem como as equipes da Administra\u00e7\u00e3o, Controle Interno e Recursos Humanos, \u201cpelo esfor\u00e7o que foi feito, durante todo o ano, no controle das contas, para que houvesse a possibilidade de honrar esse compromisso com os funcion\u00e1rios\u201d.<\/p>\n","protected":false},"excerpt":{"rendered":"<p>Os funcion\u00e1rio p\u00fablicos municipais de Juazeiro v\u00e3o receber, na pr\u00f3xima ter\u00e7a-feira (17), o 13\u00ba sal\u00e1rio. Com isso, v\u00e3o circular na economia local, at\u00e9 o Natal, cerca de 6 milh\u00f5es de reais. Alguns servidores j\u00e1 receberam metade do d\u00e9cimo terceiro sal\u00e1rio no m\u00eas do anivers\u00e1rio e agora v\u00e3o receber o complemento. Quem n\u00e3o recebeu este adiantamento receber\u00e1 agora integralmente. O Prefeito Isaac Carvalho parabenizou a Secret\u00e1ria de Finan\u00e7as, Zalit\u00e9a Mendes e equipe, bem como as equipes da Administra\u00e7\u00e3o, Controle Interno e Recursos Humanos, \u201cpelo esfor\u00e7o que foi feito, durante todo o ano, no controle das contas, para que houvesse a possibilidade de honrar esse compromisso com os funcion\u00e1rios\u201d.<\/p>\n","protected":false},"author":3,"featured_media":0,"comment_status":"open","ping_status":"open","sticky":false,"template":"","format":"standard","meta":{"_acf_changed":false,"footnotes":""},"categories":[44,20],"tags":[],"class_list":["post-67081","post","type-post","status-publish","format-standard","hentry","category-administracao","category-economia"],"acf":[],"yoast_head":"<!-- This site is optimized with the Yoast SEO plugin v27.4 - https:\/\/yoast.com\/product\/yoast-seo-wordpress\/ -->\n<title>MUNIC\u00cdPIO INFORMA QUE 13\u00ba DOS SERVIDORES ESTAR\u00c1 DISPON\u00cdVEL AMANH\u00c3 (17) - Blog do Farn\u00e9sio<\/title>\n<meta name=\"robots\" content=\"index, follow, max-snippet:-1, max-image-preview:large, max-video-preview:-1\" \/>\n<link rel=\"canonical\" href=\"https:\/\/blogdofarnesio.com.br\/?p=67081\" \/>\n<meta property=\"og:locale\" content=\"pt_BR\" \/>\n<meta property=\"og:type\" content=\"article\" \/>\n<meta property=\"og:title\" content=\"MUNIC\u00cdPIO INFORMA QUE 13\u00ba DOS SERVIDORES ESTAR\u00c1 DISPON\u00cdVEL AMANH\u00c3 (17) - Blog do Farn\u00e9sio\" \/>\n<meta property=\"og:description\" content=\"Os funcion\u00e1rio p\u00fablicos municipais de Juazeiro v\u00e3o receber, na pr\u00f3xima ter\u00e7a-feira (17), o 13\u00ba sal\u00e1rio. Com isso, v\u00e3o circular na economia local, at\u00e9 o Natal, cerca de 6 milh\u00f5es de reais. Alguns servidores j\u00e1 receberam metade do d\u00e9cimo terceiro sal\u00e1rio no m\u00eas do anivers\u00e1rio e agora v\u00e3o receber o complemento. Quem n\u00e3o recebeu este adiantamento receber\u00e1 agora integralmente. O Prefeito Isaac Carvalho parabenizou a Secret\u00e1ria de Finan\u00e7as, Zalit\u00e9a Mendes e equipe, bem como as equipes da Administra\u00e7\u00e3o, Controle Interno e Recursos Humanos, \u201cpelo esfor\u00e7o que foi feito, durante todo o ano, no controle das contas, para que houvesse a possibilidade de honrar esse compromisso com os funcion\u00e1rios\u201d.\" \/>\n<meta property=\"og:url\" content=\"https:\/\/blogdofarnesio.com.br\/?p=67081\" \/>\n<meta property=\"og:site_name\" content=\"Blog do Farn\u00e9sio\" \/>\n<meta property=\"article:publisher\" content=\"https:\/\/www.facebook.com\/BlogQuerSaberPolitica\/\" \/>\n<meta property=\"article:published_time\" content=\"2013-12-16T09:07:01+00:00\" \/>\n<meta property=\"og:image\" content=\"http:\/\/www.quersaberpolitica.com.br\/2016\/wp-content\/uploads\/2013\/01\/blogqsp.prefeitura-300x240.jpg\" \/>\n<meta name=\"author\" content=\"teste\" \/>\n<meta name=\"twitter:card\" content=\"summary_large_image\" \/>\n<meta name=\"twitter:label1\" content=\"Escrito por\" \/>\n\t<meta name=\"twitter:data1\" content=\"teste\" \/>\n\t<meta name=\"twitter:label2\" content=\"Est. tempo de leitura\" \/>\n\t<meta name=\"twitter:data2\" content=\"1 minuto\" \/>\n<script type=\"application\/ld+json\" class=\"yoast-schema-graph\">{\"@context\":\"https:\\\/\\\/schema.org\",\"@graph\":[{\"@type\":\"Article\",\"@id\":\"https:\\\/\\\/blogdofarnesio.com.br\\\/?p=67081#article\",\"isPartOf\":{\"@id\":\"https:\\\/\\\/blogdofarnesio.com.br\\\/?p=67081\"},\"author\":{\"name\":\"teste\",\"@id\":\"https:\\\/\\\/blogdofarnesio.com.br\\\/#\\\/schema\\\/person\\\/dd1bf5eba40b687199ba45ca6b97dff9\"},\"headline\":\"MUNIC\u00cdPIO INFORMA QUE 13\u00ba DOS SERVIDORES ESTAR\u00c1 DISPON\u00cdVEL AMANH\u00c3 (17)\",\"datePublished\":\"2013-12-16T09:07:01+00:00\",\"mainEntityOfPage\":{\"@id\":\"https:\\\/\\\/blogdofarnesio.com.br\\\/?p=67081\"},\"wordCount\":145,\"commentCount\":0,\"publisher\":{\"@id\":\"https:\\\/\\\/blogdofarnesio.com.br\\\/#organization\"},\"image\":{\"@id\":\"https:\\\/\\\/blogdofarnesio.com.br\\\/?p=67081#primaryimage\"},\"thumbnailUrl\":\"http:\\\/\\\/www.quersaberpolitica.com.br\\\/2016\\\/wp-content\\\/uploads\\\/2013\\\/01\\\/blogqsp.prefeitura-300x240.jpg\",\"articleSection\":[\"Administra\u00e7\u00e3o\",\"Economia\"],\"inLanguage\":\"pt-BR\",\"potentialAction\":[{\"@type\":\"CommentAction\",\"name\":\"Comment\",\"target\":[\"https:\\\/\\\/blogdofarnesio.com.br\\\/?p=67081#respond\"]}]},{\"@type\":\"WebPage\",\"@id\":\"https:\\\/\\\/blogdofarnesio.com.br\\\/?p=67081\",\"url\":\"https:\\\/\\\/blogdofarnesio.com.br\\\/?p=67081\",\"name\":\"MUNIC\u00cdPIO INFORMA QUE 13\u00ba DOS SERVIDORES ESTAR\u00c1 DISPON\u00cdVEL AMANH\u00c3 (17) - Blog do Farn\u00e9sio\",\"isPartOf\":{\"@id\":\"https:\\\/\\\/blogdofarnesio.com.br\\\/#website\"},\"primaryImageOfPage\":{\"@id\":\"https:\\\/\\\/blogdofarnesio.com.br\\\/?p=67081#primaryimage\"},\"image\":{\"@id\":\"https:\\\/\\\/blogdofarnesio.com.br\\\/?p=67081#primaryimage\"},\"thumbnailUrl\":\"http:\\\/\\\/www.quersaberpolitica.com.br\\\/2016\\\/wp-content\\\/uploads\\\/2013\\\/01\\\/blogqsp.prefeitura-300x240.jpg\",\"datePublished\":\"2013-12-16T09:07:01+00:00\",\"breadcrumb\":{\"@id\":\"https:\\\/\\\/blogdofarnesio.com.br\\\/?p=67081#breadcrumb\"},\"inLanguage\":\"pt-BR\",\"potentialAction\":[{\"@type\":\"ReadAction\",\"target\":[\"https:\\\/\\\/blogdofarnesio.com.br\\\/?p=67081\"]}]},{\"@type\":\"ImageObject\",\"inLanguage\":\"pt-BR\",\"@id\":\"https:\\\/\\\/blogdofarnesio.com.br\\\/?p=67081#primaryimage\",\"url\":\"http:\\\/\\\/www.quersaberpolitica.com.br\\\/2016\\\/wp-content\\\/uploads\\\/2013\\\/01\\\/blogqsp.prefeitura-300x240.jpg\",\"contentUrl\":\"http:\\\/\\\/www.quersaberpolitica.com.br\\\/2016\\\/wp-content\\\/uploads\\\/2013\\\/01\\\/blogqsp.prefeitura-300x240.jpg\"},{\"@type\":\"BreadcrumbList\",\"@id\":\"https:\\\/\\\/blogdofarnesio.com.br\\\/?p=67081#breadcrumb\",\"itemListElement\":[{\"@type\":\"ListItem\",\"position\":1,\"name\":\"In\u00edcio\",\"item\":\"https:\\\/\\\/blogdofarnesio.com.br\\\/\"},{\"@type\":\"ListItem\",\"position\":2,\"name\":\"MUNIC\u00cdPIO INFORMA QUE 13\u00ba DOS SERVIDORES ESTAR\u00c1 DISPON\u00cdVEL AMANH\u00c3 (17)\"}]},{\"@type\":\"WebSite\",\"@id\":\"https:\\\/\\\/blogdofarnesio.com.br\\\/#website\",\"url\":\"https:\\\/\\\/blogdofarnesio.com.br\\\/\",\"name\":\"Blog do Farn\u00e9sio\",\"description\":\"Quer Saber Pol\u00edtica?\",\"publisher\":{\"@id\":\"https:\\\/\\\/blogdofarnesio.com.br\\\/#organization\"},\"potentialAction\":[{\"@type\":\"SearchAction\",\"target\":{\"@type\":\"EntryPoint\",\"urlTemplate\":\"https:\\\/\\\/blogdofarnesio.com.br\\\/?s={search_term_string}\"},\"query-input\":{\"@type\":\"PropertyValueSpecification\",\"valueRequired\":true,\"valueName\":\"search_term_string\"}}],\"inLanguage\":\"pt-BR\"},{\"@type\":\"Organization\",\"@id\":\"https:\\\/\\\/blogdofarnesio.com.br\\\/#organization\",\"name\":\"Blog do Farn\u00e9sio\",\"url\":\"https:\\\/\\\/blogdofarnesio.com.br\\\/\",\"logo\":{\"@type\":\"ImageObject\",\"inLanguage\":\"pt-BR\",\"@id\":\"https:\\\/\\\/blogdofarnesio.com.br\\\/#\\\/schema\\\/logo\\\/image\\\/\",\"url\":\"https:\\\/\\\/blogdofarnesio.com.br\\\/wp-content\\\/uploads\\\/2026\\\/03\\\/cropped-logo_new-1.png\",\"contentUrl\":\"https:\\\/\\\/blogdofarnesio.com.br\\\/wp-content\\\/uploads\\\/2026\\\/03\\\/cropped-logo_new-1.png\",\"width\":881,\"height\":685,\"caption\":\"Blog do Farn\u00e9sio\"},\"image\":{\"@id\":\"https:\\\/\\\/blogdofarnesio.com.br\\\/#\\\/schema\\\/logo\\\/image\\\/\"},\"sameAs\":[\"https:\\\/\\\/www.facebook.com\\\/BlogQuerSaberPolitica\\\/\"]},{\"@type\":\"Person\",\"@id\":\"https:\\\/\\\/blogdofarnesio.com.br\\\/#\\\/schema\\\/person\\\/dd1bf5eba40b687199ba45ca6b97dff9\",\"name\":\"teste\",\"image\":{\"@type\":\"ImageObject\",\"inLanguage\":\"pt-BR\",\"@id\":\"https:\\\/\\\/secure.gravatar.com\\\/avatar\\\/2172498d4914b51e1d89a0f97957b035ac4938723a5cac208135d389b6972a6d?s=96&d=mm&r=g\",\"url\":\"https:\\\/\\\/secure.gravatar.com\\\/avatar\\\/2172498d4914b51e1d89a0f97957b035ac4938723a5cac208135d389b6972a6d?s=96&d=mm&r=g\",\"contentUrl\":\"https:\\\/\\\/secure.gravatar.com\\\/avatar\\\/2172498d4914b51e1d89a0f97957b035ac4938723a5cac208135d389b6972a6d?s=96&d=mm&r=g\",\"caption\":\"teste\"},\"url\":\"https:\\\/\\\/blogdofarnesio.com.br\\\/?author=3\"}]}<\/script>\n<!-- \/ Yoast SEO plugin. -->","yoast_head_json":{"title":"MUNIC\u00cdPIO INFORMA QUE 13\u00ba DOS SERVIDORES ESTAR\u00c1 DISPON\u00cdVEL AMANH\u00c3 (17) - Blog do Farn\u00e9sio","robots":{"index":"index","follow":"follow","max-snippet":"max-snippet:-1","max-image-preview":"max-image-preview:large","max-video-preview":"max-video-preview:-1"},"canonical":"https:\/\/blogdofarnesio.com.br\/?p=67081","og_locale":"pt_BR","og_type":"article","og_title":"MUNIC\u00cdPIO INFORMA QUE 13\u00ba DOS SERVIDORES ESTAR\u00c1 DISPON\u00cdVEL AMANH\u00c3 (17) - Blog do Farn\u00e9sio","og_description":"Os funcion\u00e1rio p\u00fablicos municipais de Juazeiro v\u00e3o receber, na pr\u00f3xima ter\u00e7a-feira (17), o 13\u00ba sal\u00e1rio. Com isso, v\u00e3o circular na economia local, at\u00e9 o Natal, cerca de 6 milh\u00f5es de reais. Alguns servidores j\u00e1 receberam metade do d\u00e9cimo terceiro sal\u00e1rio no m\u00eas do anivers\u00e1rio e agora v\u00e3o receber o complemento. Quem n\u00e3o recebeu este adiantamento receber\u00e1 agora integralmente. O Prefeito Isaac Carvalho parabenizou a Secret\u00e1ria de Finan\u00e7as, Zalit\u00e9a Mendes e equipe, bem como as equipes da Administra\u00e7\u00e3o, Controle Interno e Recursos Humanos, \u201cpelo esfor\u00e7o que foi feito, durante todo o ano, no controle das contas, para que houvesse a possibilidade de honrar esse compromisso com os funcion\u00e1rios\u201d.","og_url":"https:\/\/blogdofarnesio.com.br\/?p=67081","og_site_name":"Blog do Farn\u00e9sio","article_publisher":"https:\/\/www.facebook.com\/BlogQuerSaberPolitica\/","article_published_time":"2013-12-16T09:07:01+00:00","og_image":[{"url":"http:\/\/www.quersaberpolitica.com.br\/2016\/wp-content\/uploads\/2013\/01\/blogqsp.prefeitura-300x240.jpg","type":"","width":"","height":""}],"author":"teste","twitter_card":"summary_large_image","twitter_misc":{"Escrito por":"teste","Est. tempo de leitura":"1 minuto"},"schema":{"@context":"https:\/\/schema.org","@graph":[{"@type":"Article","@id":"https:\/\/blogdofarnesio.com.br\/?p=67081#article","isPartOf":{"@id":"https:\/\/blogdofarnesio.com.br\/?p=67081"},"author":{"name":"teste","@id":"https:\/\/blogdofarnesio.com.br\/#\/schema\/person\/dd1bf5eba40b687199ba45ca6b97dff9"},"headline":"MUNIC\u00cdPIO INFORMA QUE 13\u00ba DOS SERVIDORES ESTAR\u00c1 DISPON\u00cdVEL AMANH\u00c3 (17)","datePublished":"2013-12-16T09:07:01+00:00","mainEntityOfPage":{"@id":"https:\/\/blogdofarnesio.com.br\/?p=67081"},"wordCount":145,"commentCount":0,"publisher":{"@id":"https:\/\/blogdofarnesio.com.br\/#organization"},"image":{"@id":"https:\/\/blogdofarnesio.com.br\/?p=67081#primaryimage"},"thumbnailUrl":"http:\/\/www.quersaberpolitica.com.br\/2016\/wp-content\/uploads\/2013\/01\/blogqsp.prefeitura-300x240.jpg","articleSection":["Administra\u00e7\u00e3o","Economia"],"inLanguage":"pt-BR","potentialAction":[{"@type":"CommentAction","name":"Comment","target":["https:\/\/blogdofarnesio.com.br\/?p=67081#respond"]}]},{"@type":"WebPage","@id":"https:\/\/blogdofarnesio.com.br\/?p=67081","url":"https:\/\/blogdofarnesio.com.br\/?p=67081","name":"MUNIC\u00cdPIO INFORMA QUE 13\u00ba DOS SERVIDORES ESTAR\u00c1 DISPON\u00cdVEL AMANH\u00c3 (17) - Blog do Farn\u00e9sio","isPartOf":{"@id":"https:\/\/blogdofarnesio.com.br\/#website"},"primaryImageOfPage":{"@id":"https:\/\/blogdofarnesio.com.br\/?p=67081#primaryimage"},"image":{"@id":"https:\/\/blogdofarnesio.com.br\/?p=67081#primaryimage"},"thumbnailUrl":"http:\/\/www.quersaberpolitica.com.br\/2016\/wp-content\/uploads\/2013\/01\/blogqsp.prefeitura-300x240.jpg","datePublished":"2013-12-16T09:07:01+00:00","breadcrumb":{"@id":"https:\/\/blogdofarnesio.com.br\/?p=67081#breadcrumb"},"inLanguage":"pt-BR","potentialAction":[{"@type":"ReadAction","target":["https:\/\/blogdofarnesio.com.br\/?p=67081"]}]},{"@type":"ImageObject","inLanguage":"pt-BR","@id":"https:\/\/blogdofarnesio.com.br\/?p=67081#primaryimage","url":"http:\/\/www.quersaberpolitica.com.br\/2016\/wp-content\/uploads\/2013\/01\/blogqsp.prefeitura-300x240.jpg","contentUrl":"http:\/\/www.quersaberpolitica.com.br\/2016\/wp-content\/uploads\/2013\/01\/blogqsp.prefeitura-300x240.jpg"},{"@type":"BreadcrumbList","@id":"https:\/\/blogdofarnesio.com.br\/?p=67081#breadcrumb","itemListElement":[{"@type":"ListItem","position":1,"name":"In\u00edcio","item":"https:\/\/blogdofarnesio.com.br\/"},{"@type":"ListItem","position":2,"name":"MUNIC\u00cdPIO INFORMA QUE 13\u00ba DOS SERVIDORES ESTAR\u00c1 DISPON\u00cdVEL AMANH\u00c3 (17)"}]},{"@type":"WebSite","@id":"https:\/\/blogdofarnesio.com.br\/#website","url":"https:\/\/blogdofarnesio.com.br\/","name":"Blog do Farn\u00e9sio","description":"Quer Saber Pol\u00edtica?","publisher":{"@id":"https:\/\/blogdofarnesio.com.br\/#organization"},"potentialAction":[{"@type":"SearchAction","target":{"@type":"EntryPoint","urlTemplate":"https:\/\/blogdofarnesio.com.br\/?s={search_term_string}"},"query-input":{"@type":"PropertyValueSpecification","valueRequired":true,"valueName":"search_term_string"}}],"inLanguage":"pt-BR"},{"@type":"Organization","@id":"https:\/\/blogdofarnesio.com.br\/#organization","name":"Blog do Farn\u00e9sio","url":"https:\/\/blogdofarnesio.com.br\/","logo":{"@type":"ImageObject","inLanguage":"pt-BR","@id":"https:\/\/blogdofarnesio.com.br\/#\/schema\/logo\/image\/","url":"https:\/\/blogdofarnesio.com.br\/wp-content\/uploads\/2026\/03\/cropped-logo_new-1.png","contentUrl":"https:\/\/blogdofarnesio.com.br\/wp-content\/uploads\/2026\/03\/cropped-logo_new-1.png","width":881,"height":685,"caption":"Blog do Farn\u00e9sio"},"image":{"@id":"https:\/\/blogdofarnesio.com.br\/#\/schema\/logo\/image\/"},"sameAs":["https:\/\/www.facebook.com\/BlogQuerSaberPolitica\/"]},{"@type":"Person","@id":"https:\/\/blogdofarnesio.com.br\/#\/schema\/person\/dd1bf5eba40b687199ba45ca6b97dff9","name":"teste","image":{"@type":"ImageObject","inLanguage":"pt-BR","@id":"https:\/\/secure.gravatar.com\/avatar\/2172498d4914b51e1d89a0f97957b035ac4938723a5cac208135d389b6972a6d?s=96&d=mm&r=g","url":"https:\/\/secure.gravatar.com\/avatar\/2172498d4914b51e1d89a0f97957b035ac4938723a5cac208135d389b6972a6d?s=96&d=mm&r=g","contentUrl":"https:\/\/secure.gravatar.com\/avatar\/2172498d4914b51e1d89a0f97957b035ac4938723a5cac208135d389b6972a6d?s=96&d=mm&r=g","caption":"teste"},"url":"https:\/\/blogdofarnesio.com.br\/?author=3"}]}},"_links":{"self":[{"href":"https:\/\/blogdofarnesio.com.br\/index.php?rest_route=\/wp\/v2\/posts\/67081","targetHints":{"allow":["GET"]}}],"collection":[{"href":"https:\/\/blogdofarnesio.com.br\/index.php?rest_route=\/wp\/v2\/posts"}],"about":[{"href":"https:\/\/blogdofarnesio.com.br\/index.php?rest_route=\/wp\/v2\/types\/post"}],"author":[{"embeddable":true,"href":"https:\/\/blogdofarnesio.com.br\/index.php?rest_route=\/wp\/v2\/users\/3"}],"replies":[{"embeddable":true,"href":"https:\/\/blogdofarnesio.com.br\/index.php?rest_route=%2Fwp%2Fv2%2Fcomments&post=67081"}],"version-history":[{"count":0,"href":"https:\/\/blogdofarnesio.com.br\/index.php?rest_route=\/wp\/v2\/posts\/67081\/revisions"}],"wp:attachment":[{"href":"https:\/\/blogdofarnesio.com.br\/index.php?rest_route=%2Fwp%2Fv2%2Fmedia&parent=67081"}],"wp:term":[{"taxonomy":"category","embeddable":true,"href":"https:\/\/blogdofarnesio.com.br\/index.php?rest_route=%2Fwp%2Fv2%2Fcategories&post=67081"},{"taxonomy":"post_tag","embeddable":true,"href":"https:\/\/blogdofarnesio.com.br\/index.php?rest_route=%2Fwp%2Fv2%2Ftags&post=67081"}],"curies":[{"name":"wp","href":"https:\/\/api.w.org\/{rel}","templated":true}]}}