{"id":67066,"date":"2013-12-15T19:01:42","date_gmt":"2013-12-15T22:01:42","guid":{"rendered":"http:\/\/www.quersaberpolitica.com.br\/?p=67066"},"modified":"2013-12-15T16:42:37","modified_gmt":"2013-12-15T19:42:37","slug":"saude-de-petrolina-apresentou-prestacao-de-contas-na-camara-municipal","status":"publish","type":"post","link":"https:\/\/blogdofarnesio.com.br\/?p=67066","title":{"rendered":"SA\u00daDE DE PETROLINA APRESENTOU PRESTA\u00c7\u00c3O DE CONTAS NA C\u00c2MARA MUNICIPAL"},"content":{"rendered":"<p style=\"text-align: justify\"><a href=\"http:\/\/www.quersaberpolitica.com.br\/2016\/wp-content\/uploads\/2013\/12\/DSC07574.jpg\"><img loading=\"lazy\" decoding=\"async\" class=\"alignleft size-medium wp-image-67068\" alt=\"blogqspsa\u00fade\" src=\"http:\/\/www.quersaberpolitica.com.br\/2016\/wp-content\/uploads\/2013\/12\/DSC07574-300x225.jpg\" width=\"300\" height=\"225\" srcset=\"https:\/\/blogdofarnesio.com.br\/wp-content\/uploads\/2013\/12\/DSC07574-300x225.jpg 300w, https:\/\/blogdofarnesio.com.br\/wp-content\/uploads\/2013\/12\/DSC07574.jpg 400w\" sizes=\"auto, (max-width: 300px) 100vw, 300px\" \/><\/a>Na manh\u00e3 desta quinta-feira (12), a secret\u00e1ria de Sa\u00fade de Petrolina, Lucia Giesta, apresentou aos membros das Comiss\u00f5es de Sa\u00fade e Finan\u00e7as da C\u00e2mara de Vereadores do munic\u00edpio, o relat\u00f3rio de a\u00e7\u00f5es desenvolvidas pela gest\u00e3o nos dois primeiros quadrimestres deste ano, que compreende os meses de janeiro a agosto.<\/p>\n<p style=\"text-align: justify\">O intuito da reuni\u00e3o foi de prestar contas, no \u00e2mbito das comiss\u00f5es, a cerca das a\u00e7\u00f5es realizadas em Petrolina. \u201cSe compararmos os dois primeiros quadrimestres podemos ver que avan\u00e7amos em muitos aspectos, que consequentemente refletem no bem estar da popula\u00e7\u00e3o. Pretendemos voltar \u00e0 C\u00e2mara, ap\u00f3s o recesso em fevereiro, para fazer um balan\u00e7o de 2013\u201d, declarou a secret\u00e1ria de Sa\u00fade, Lucia Giesta.<!--more--><\/p>\n<p style=\"text-align: justify\">Um dos pontos exitosos apresentados foi o aumento do n\u00famero de atendimentos na Aten\u00e7\u00e3o B\u00e1sica. \u201cPetrolina permanece tendo a maior cobertura de Sa\u00fade da Fam\u00edlia das cidades de m\u00e9dio e grande porte de Pernambuco, em agosto 61,01% de cobertura, isso \u00e9 fruto da amplia\u00e7\u00e3o das Equipes de Sa\u00fade da Fam\u00edlia\u201d, ressaltou a gestora complementando que est\u00e1 prevista para o in\u00edcio de 2014 a inaugura\u00e7\u00e3o das unidades AME do Gercino Coelho e Rajada.<\/p>\n<p style=\"text-align: justify\">Lucia aproveitou para alertar sobre a import\u00e2ncia de acionar o Servi\u00e7o de Atendimento M\u00f3vel e Urg\u00eancia (SAMU) em casos reais de urg\u00eancia. \u201cPercebemos que no 2\u00aa quadrimestre houve um aumento no n\u00famero de trotes e isso \u00e9 preocupante, por\u00e9m est\u00e3o sendo desenvolvidas estrat\u00e9gias para modificar esta realidade a exemplo do programa Samu nas escolas, que alerta os alunos adolescentes sobre os preju\u00edzos causados a terceiros por causa dos trotes\u201d, afirmou.<\/p>\n<p style=\"text-align: justify\">Na ocasi\u00e3o, estiveram presentes os vereadores Pedro Filipe, P\u00e9rsio Antunes, Ailton Guimar\u00e3es, Alvorlande Cruz, Ronaldo Silva, a diretora de Aten\u00e7\u00e3o B\u00e1sica da SMS S\u00e1tira Cavalcanti e o contador do munic\u00edpio, Walmir Pires, que explanou sobre as receitas e despesas municipais durante os meses de janeiro a agosto, al\u00e9m da imprensa.<\/p>\n<p style=\"text-align: justify\"><strong>Texto e fotos: Gabriella Moura<\/strong><\/p>\n<p>&nbsp;<\/p>\n","protected":false},"excerpt":{"rendered":"<p>Na manh\u00e3 desta quinta-feira (12), a secret\u00e1ria de Sa\u00fade de Petrolina, Lucia Giesta, apresentou aos membros das Comiss\u00f5es de Sa\u00fade e Finan\u00e7as da C\u00e2mara de Vereadores do munic\u00edpio, o relat\u00f3rio de a\u00e7\u00f5es desenvolvidas pela gest\u00e3o nos dois primeiros quadrimestres deste ano, que compreende os meses de janeiro a agosto. O intuito da reuni\u00e3o foi de prestar contas, no \u00e2mbito das comiss\u00f5es, a cerca das a\u00e7\u00f5es realizadas em Petrolina. \u201cSe compararmos os dois primeiros quadrimestres podemos ver que avan\u00e7amos em muitos aspectos, que consequentemente refletem no bem estar da popula\u00e7\u00e3o. Pretendemos voltar \u00e0 C\u00e2mara, ap\u00f3s o recesso em fevereiro, para fazer um balan\u00e7o de 2013\u201d, declarou a secret\u00e1ria de Sa\u00fade, Lucia Giesta.<\/p>\n","protected":false},"author":3,"featured_media":0,"comment_status":"open","ping_status":"open","sticky":false,"template":"","format":"standard","meta":{"_acf_changed":false,"footnotes":""},"categories":[4],"tags":[],"class_list":["post-67066","post","type-post","status-publish","format-standard","hentry","category-saude"],"acf":[],"yoast_head":"<!-- This site is optimized with the Yoast SEO plugin v27.4 - https:\/\/yoast.com\/product\/yoast-seo-wordpress\/ -->\n<title>SA\u00daDE DE PETROLINA APRESENTOU PRESTA\u00c7\u00c3O DE CONTAS NA C\u00c2MARA MUNICIPAL - Blog do Farn\u00e9sio<\/title>\n<meta name=\"robots\" content=\"index, follow, max-snippet:-1, max-image-preview:large, max-video-preview:-1\" \/>\n<link rel=\"canonical\" href=\"https:\/\/blogdofarnesio.com.br\/?p=67066\" \/>\n<meta property=\"og:locale\" content=\"pt_BR\" \/>\n<meta property=\"og:type\" content=\"article\" \/>\n<meta property=\"og:title\" content=\"SA\u00daDE DE PETROLINA APRESENTOU PRESTA\u00c7\u00c3O DE CONTAS NA C\u00c2MARA MUNICIPAL - Blog do Farn\u00e9sio\" \/>\n<meta property=\"og:description\" content=\"Na manh\u00e3 desta quinta-feira (12), a secret\u00e1ria de Sa\u00fade de Petrolina, Lucia Giesta, apresentou aos membros das Comiss\u00f5es de Sa\u00fade e Finan\u00e7as da C\u00e2mara de Vereadores do munic\u00edpio, o relat\u00f3rio de a\u00e7\u00f5es desenvolvidas pela gest\u00e3o nos dois primeiros quadrimestres deste ano, que compreende os meses de janeiro a agosto. O intuito da reuni\u00e3o foi de prestar contas, no \u00e2mbito das comiss\u00f5es, a cerca das a\u00e7\u00f5es realizadas em Petrolina. \u201cSe compararmos os dois primeiros quadrimestres podemos ver que avan\u00e7amos em muitos aspectos, que consequentemente refletem no bem estar da popula\u00e7\u00e3o. Pretendemos voltar \u00e0 C\u00e2mara, ap\u00f3s o recesso em fevereiro, para fazer um balan\u00e7o de 2013\u201d, declarou a secret\u00e1ria de Sa\u00fade, Lucia Giesta.\" \/>\n<meta property=\"og:url\" content=\"https:\/\/blogdofarnesio.com.br\/?p=67066\" \/>\n<meta property=\"og:site_name\" content=\"Blog do Farn\u00e9sio\" \/>\n<meta property=\"article:publisher\" content=\"https:\/\/www.facebook.com\/BlogQuerSaberPolitica\/\" \/>\n<meta property=\"article:published_time\" content=\"2013-12-15T22:01:42+00:00\" \/>\n<meta property=\"og:image\" content=\"http:\/\/www.quersaberpolitica.com.br\/2016\/wp-content\/uploads\/2013\/12\/DSC07574-300x225.jpg\" \/>\n<meta name=\"author\" content=\"teste\" \/>\n<meta name=\"twitter:card\" content=\"summary_large_image\" \/>\n<meta name=\"twitter:label1\" content=\"Escrito por\" \/>\n\t<meta name=\"twitter:data1\" content=\"teste\" \/>\n\t<meta name=\"twitter:label2\" content=\"Est. tempo de leitura\" \/>\n\t<meta name=\"twitter:data2\" content=\"2 minutos\" \/>\n<script type=\"application\/ld+json\" class=\"yoast-schema-graph\">{\"@context\":\"https:\\\/\\\/schema.org\",\"@graph\":[{\"@type\":\"Article\",\"@id\":\"https:\\\/\\\/blogdofarnesio.com.br\\\/?p=67066#article\",\"isPartOf\":{\"@id\":\"https:\\\/\\\/blogdofarnesio.com.br\\\/?p=67066\"},\"author\":{\"name\":\"teste\",\"@id\":\"https:\\\/\\\/blogdofarnesio.com.br\\\/#\\\/schema\\\/person\\\/dd1bf5eba40b687199ba45ca6b97dff9\"},\"headline\":\"SA\u00daDE DE PETROLINA APRESENTOU PRESTA\u00c7\u00c3O DE CONTAS NA C\u00c2MARA MUNICIPAL\",\"datePublished\":\"2013-12-15T22:01:42+00:00\",\"mainEntityOfPage\":{\"@id\":\"https:\\\/\\\/blogdofarnesio.com.br\\\/?p=67066\"},\"wordCount\":363,\"commentCount\":0,\"publisher\":{\"@id\":\"https:\\\/\\\/blogdofarnesio.com.br\\\/#organization\"},\"image\":{\"@id\":\"https:\\\/\\\/blogdofarnesio.com.br\\\/?p=67066#primaryimage\"},\"thumbnailUrl\":\"http:\\\/\\\/www.quersaberpolitica.com.br\\\/2016\\\/wp-content\\\/uploads\\\/2013\\\/12\\\/DSC07574-300x225.jpg\",\"articleSection\":[\"Sa\u00fade\"],\"inLanguage\":\"pt-BR\",\"potentialAction\":[{\"@type\":\"CommentAction\",\"name\":\"Comment\",\"target\":[\"https:\\\/\\\/blogdofarnesio.com.br\\\/?p=67066#respond\"]}]},{\"@type\":\"WebPage\",\"@id\":\"https:\\\/\\\/blogdofarnesio.com.br\\\/?p=67066\",\"url\":\"https:\\\/\\\/blogdofarnesio.com.br\\\/?p=67066\",\"name\":\"SA\u00daDE DE PETROLINA APRESENTOU PRESTA\u00c7\u00c3O DE CONTAS NA C\u00c2MARA MUNICIPAL - Blog do Farn\u00e9sio\",\"isPartOf\":{\"@id\":\"https:\\\/\\\/blogdofarnesio.com.br\\\/#website\"},\"primaryImageOfPage\":{\"@id\":\"https:\\\/\\\/blogdofarnesio.com.br\\\/?p=67066#primaryimage\"},\"image\":{\"@id\":\"https:\\\/\\\/blogdofarnesio.com.br\\\/?p=67066#primaryimage\"},\"thumbnailUrl\":\"http:\\\/\\\/www.quersaberpolitica.com.br\\\/2016\\\/wp-content\\\/uploads\\\/2013\\\/12\\\/DSC07574-300x225.jpg\",\"datePublished\":\"2013-12-15T22:01:42+00:00\",\"breadcrumb\":{\"@id\":\"https:\\\/\\\/blogdofarnesio.com.br\\\/?p=67066#breadcrumb\"},\"inLanguage\":\"pt-BR\",\"potentialAction\":[{\"@type\":\"ReadAction\",\"target\":[\"https:\\\/\\\/blogdofarnesio.com.br\\\/?p=67066\"]}]},{\"@type\":\"ImageObject\",\"inLanguage\":\"pt-BR\",\"@id\":\"https:\\\/\\\/blogdofarnesio.com.br\\\/?p=67066#primaryimage\",\"url\":\"http:\\\/\\\/www.quersaberpolitica.com.br\\\/2016\\\/wp-content\\\/uploads\\\/2013\\\/12\\\/DSC07574-300x225.jpg\",\"contentUrl\":\"http:\\\/\\\/www.quersaberpolitica.com.br\\\/2016\\\/wp-content\\\/uploads\\\/2013\\\/12\\\/DSC07574-300x225.jpg\"},{\"@type\":\"BreadcrumbList\",\"@id\":\"https:\\\/\\\/blogdofarnesio.com.br\\\/?p=67066#breadcrumb\",\"itemListElement\":[{\"@type\":\"ListItem\",\"position\":1,\"name\":\"In\u00edcio\",\"item\":\"https:\\\/\\\/blogdofarnesio.com.br\\\/\"},{\"@type\":\"ListItem\",\"position\":2,\"name\":\"SA\u00daDE DE PETROLINA APRESENTOU PRESTA\u00c7\u00c3O DE CONTAS NA C\u00c2MARA MUNICIPAL\"}]},{\"@type\":\"WebSite\",\"@id\":\"https:\\\/\\\/blogdofarnesio.com.br\\\/#website\",\"url\":\"https:\\\/\\\/blogdofarnesio.com.br\\\/\",\"name\":\"Blog do Farn\u00e9sio\",\"description\":\"Quer Saber Pol\u00edtica?\",\"publisher\":{\"@id\":\"https:\\\/\\\/blogdofarnesio.com.br\\\/#organization\"},\"potentialAction\":[{\"@type\":\"SearchAction\",\"target\":{\"@type\":\"EntryPoint\",\"urlTemplate\":\"https:\\\/\\\/blogdofarnesio.com.br\\\/?s={search_term_string}\"},\"query-input\":{\"@type\":\"PropertyValueSpecification\",\"valueRequired\":true,\"valueName\":\"search_term_string\"}}],\"inLanguage\":\"pt-BR\"},{\"@type\":\"Organization\",\"@id\":\"https:\\\/\\\/blogdofarnesio.com.br\\\/#organization\",\"name\":\"Blog do Farn\u00e9sio\",\"url\":\"https:\\\/\\\/blogdofarnesio.com.br\\\/\",\"logo\":{\"@type\":\"ImageObject\",\"inLanguage\":\"pt-BR\",\"@id\":\"https:\\\/\\\/blogdofarnesio.com.br\\\/#\\\/schema\\\/logo\\\/image\\\/\",\"url\":\"https:\\\/\\\/blogdofarnesio.com.br\\\/wp-content\\\/uploads\\\/2026\\\/03\\\/cropped-logo_new-1.png\",\"contentUrl\":\"https:\\\/\\\/blogdofarnesio.com.br\\\/wp-content\\\/uploads\\\/2026\\\/03\\\/cropped-logo_new-1.png\",\"width\":881,\"height\":685,\"caption\":\"Blog do Farn\u00e9sio\"},\"image\":{\"@id\":\"https:\\\/\\\/blogdofarnesio.com.br\\\/#\\\/schema\\\/logo\\\/image\\\/\"},\"sameAs\":[\"https:\\\/\\\/www.facebook.com\\\/BlogQuerSaberPolitica\\\/\"]},{\"@type\":\"Person\",\"@id\":\"https:\\\/\\\/blogdofarnesio.com.br\\\/#\\\/schema\\\/person\\\/dd1bf5eba40b687199ba45ca6b97dff9\",\"name\":\"teste\",\"image\":{\"@type\":\"ImageObject\",\"inLanguage\":\"pt-BR\",\"@id\":\"https:\\\/\\\/secure.gravatar.com\\\/avatar\\\/2172498d4914b51e1d89a0f97957b035ac4938723a5cac208135d389b6972a6d?s=96&d=mm&r=g\",\"url\":\"https:\\\/\\\/secure.gravatar.com\\\/avatar\\\/2172498d4914b51e1d89a0f97957b035ac4938723a5cac208135d389b6972a6d?s=96&d=mm&r=g\",\"contentUrl\":\"https:\\\/\\\/secure.gravatar.com\\\/avatar\\\/2172498d4914b51e1d89a0f97957b035ac4938723a5cac208135d389b6972a6d?s=96&d=mm&r=g\",\"caption\":\"teste\"},\"url\":\"https:\\\/\\\/blogdofarnesio.com.br\\\/?author=3\"}]}<\/script>\n<!-- \/ Yoast SEO plugin. -->","yoast_head_json":{"title":"SA\u00daDE DE PETROLINA APRESENTOU PRESTA\u00c7\u00c3O DE CONTAS NA C\u00c2MARA MUNICIPAL - Blog do Farn\u00e9sio","robots":{"index":"index","follow":"follow","max-snippet":"max-snippet:-1","max-image-preview":"max-image-preview:large","max-video-preview":"max-video-preview:-1"},"canonical":"https:\/\/blogdofarnesio.com.br\/?p=67066","og_locale":"pt_BR","og_type":"article","og_title":"SA\u00daDE DE PETROLINA APRESENTOU PRESTA\u00c7\u00c3O DE CONTAS NA C\u00c2MARA MUNICIPAL - Blog do Farn\u00e9sio","og_description":"Na manh\u00e3 desta quinta-feira (12), a secret\u00e1ria de Sa\u00fade de Petrolina, Lucia Giesta, apresentou aos membros das Comiss\u00f5es de Sa\u00fade e Finan\u00e7as da C\u00e2mara de Vereadores do munic\u00edpio, o relat\u00f3rio de a\u00e7\u00f5es desenvolvidas pela gest\u00e3o nos dois primeiros quadrimestres deste ano, que compreende os meses de janeiro a agosto. O intuito da reuni\u00e3o foi de prestar contas, no \u00e2mbito das comiss\u00f5es, a cerca das a\u00e7\u00f5es realizadas em Petrolina. \u201cSe compararmos os dois primeiros quadrimestres podemos ver que avan\u00e7amos em muitos aspectos, que consequentemente refletem no bem estar da popula\u00e7\u00e3o. Pretendemos voltar \u00e0 C\u00e2mara, ap\u00f3s o recesso em fevereiro, para fazer um balan\u00e7o de 2013\u201d, declarou a secret\u00e1ria de Sa\u00fade, Lucia Giesta.","og_url":"https:\/\/blogdofarnesio.com.br\/?p=67066","og_site_name":"Blog do Farn\u00e9sio","article_publisher":"https:\/\/www.facebook.com\/BlogQuerSaberPolitica\/","article_published_time":"2013-12-15T22:01:42+00:00","og_image":[{"url":"http:\/\/www.quersaberpolitica.com.br\/2016\/wp-content\/uploads\/2013\/12\/DSC07574-300x225.jpg","type":"","width":"","height":""}],"author":"teste","twitter_card":"summary_large_image","twitter_misc":{"Escrito por":"teste","Est. tempo de leitura":"2 minutos"},"schema":{"@context":"https:\/\/schema.org","@graph":[{"@type":"Article","@id":"https:\/\/blogdofarnesio.com.br\/?p=67066#article","isPartOf":{"@id":"https:\/\/blogdofarnesio.com.br\/?p=67066"},"author":{"name":"teste","@id":"https:\/\/blogdofarnesio.com.br\/#\/schema\/person\/dd1bf5eba40b687199ba45ca6b97dff9"},"headline":"SA\u00daDE DE PETROLINA APRESENTOU PRESTA\u00c7\u00c3O DE CONTAS NA C\u00c2MARA MUNICIPAL","datePublished":"2013-12-15T22:01:42+00:00","mainEntityOfPage":{"@id":"https:\/\/blogdofarnesio.com.br\/?p=67066"},"wordCount":363,"commentCount":0,"publisher":{"@id":"https:\/\/blogdofarnesio.com.br\/#organization"},"image":{"@id":"https:\/\/blogdofarnesio.com.br\/?p=67066#primaryimage"},"thumbnailUrl":"http:\/\/www.quersaberpolitica.com.br\/2016\/wp-content\/uploads\/2013\/12\/DSC07574-300x225.jpg","articleSection":["Sa\u00fade"],"inLanguage":"pt-BR","potentialAction":[{"@type":"CommentAction","name":"Comment","target":["https:\/\/blogdofarnesio.com.br\/?p=67066#respond"]}]},{"@type":"WebPage","@id":"https:\/\/blogdofarnesio.com.br\/?p=67066","url":"https:\/\/blogdofarnesio.com.br\/?p=67066","name":"SA\u00daDE DE PETROLINA APRESENTOU PRESTA\u00c7\u00c3O DE CONTAS NA C\u00c2MARA MUNICIPAL - Blog do Farn\u00e9sio","isPartOf":{"@id":"https:\/\/blogdofarnesio.com.br\/#website"},"primaryImageOfPage":{"@id":"https:\/\/blogdofarnesio.com.br\/?p=67066#primaryimage"},"image":{"@id":"https:\/\/blogdofarnesio.com.br\/?p=67066#primaryimage"},"thumbnailUrl":"http:\/\/www.quersaberpolitica.com.br\/2016\/wp-content\/uploads\/2013\/12\/DSC07574-300x225.jpg","datePublished":"2013-12-15T22:01:42+00:00","breadcrumb":{"@id":"https:\/\/blogdofarnesio.com.br\/?p=67066#breadcrumb"},"inLanguage":"pt-BR","potentialAction":[{"@type":"ReadAction","target":["https:\/\/blogdofarnesio.com.br\/?p=67066"]}]},{"@type":"ImageObject","inLanguage":"pt-BR","@id":"https:\/\/blogdofarnesio.com.br\/?p=67066#primaryimage","url":"http:\/\/www.quersaberpolitica.com.br\/2016\/wp-content\/uploads\/2013\/12\/DSC07574-300x225.jpg","contentUrl":"http:\/\/www.quersaberpolitica.com.br\/2016\/wp-content\/uploads\/2013\/12\/DSC07574-300x225.jpg"},{"@type":"BreadcrumbList","@id":"https:\/\/blogdofarnesio.com.br\/?p=67066#breadcrumb","itemListElement":[{"@type":"ListItem","position":1,"name":"In\u00edcio","item":"https:\/\/blogdofarnesio.com.br\/"},{"@type":"ListItem","position":2,"name":"SA\u00daDE DE PETROLINA APRESENTOU PRESTA\u00c7\u00c3O DE CONTAS NA C\u00c2MARA MUNICIPAL"}]},{"@type":"WebSite","@id":"https:\/\/blogdofarnesio.com.br\/#website","url":"https:\/\/blogdofarnesio.com.br\/","name":"Blog do Farn\u00e9sio","description":"Quer Saber Pol\u00edtica?","publisher":{"@id":"https:\/\/blogdofarnesio.com.br\/#organization"},"potentialAction":[{"@type":"SearchAction","target":{"@type":"EntryPoint","urlTemplate":"https:\/\/blogdofarnesio.com.br\/?s={search_term_string}"},"query-input":{"@type":"PropertyValueSpecification","valueRequired":true,"valueName":"search_term_string"}}],"inLanguage":"pt-BR"},{"@type":"Organization","@id":"https:\/\/blogdofarnesio.com.br\/#organization","name":"Blog do Farn\u00e9sio","url":"https:\/\/blogdofarnesio.com.br\/","logo":{"@type":"ImageObject","inLanguage":"pt-BR","@id":"https:\/\/blogdofarnesio.com.br\/#\/schema\/logo\/image\/","url":"https:\/\/blogdofarnesio.com.br\/wp-content\/uploads\/2026\/03\/cropped-logo_new-1.png","contentUrl":"https:\/\/blogdofarnesio.com.br\/wp-content\/uploads\/2026\/03\/cropped-logo_new-1.png","width":881,"height":685,"caption":"Blog do Farn\u00e9sio"},"image":{"@id":"https:\/\/blogdofarnesio.com.br\/#\/schema\/logo\/image\/"},"sameAs":["https:\/\/www.facebook.com\/BlogQuerSaberPolitica\/"]},{"@type":"Person","@id":"https:\/\/blogdofarnesio.com.br\/#\/schema\/person\/dd1bf5eba40b687199ba45ca6b97dff9","name":"teste","image":{"@type":"ImageObject","inLanguage":"pt-BR","@id":"https:\/\/secure.gravatar.com\/avatar\/2172498d4914b51e1d89a0f97957b035ac4938723a5cac208135d389b6972a6d?s=96&d=mm&r=g","url":"https:\/\/secure.gravatar.com\/avatar\/2172498d4914b51e1d89a0f97957b035ac4938723a5cac208135d389b6972a6d?s=96&d=mm&r=g","contentUrl":"https:\/\/secure.gravatar.com\/avatar\/2172498d4914b51e1d89a0f97957b035ac4938723a5cac208135d389b6972a6d?s=96&d=mm&r=g","caption":"teste"},"url":"https:\/\/blogdofarnesio.com.br\/?author=3"}]}},"_links":{"self":[{"href":"https:\/\/blogdofarnesio.com.br\/index.php?rest_route=\/wp\/v2\/posts\/67066","targetHints":{"allow":["GET"]}}],"collection":[{"href":"https:\/\/blogdofarnesio.com.br\/index.php?rest_route=\/wp\/v2\/posts"}],"about":[{"href":"https:\/\/blogdofarnesio.com.br\/index.php?rest_route=\/wp\/v2\/types\/post"}],"author":[{"embeddable":true,"href":"https:\/\/blogdofarnesio.com.br\/index.php?rest_route=\/wp\/v2\/users\/3"}],"replies":[{"embeddable":true,"href":"https:\/\/blogdofarnesio.com.br\/index.php?rest_route=%2Fwp%2Fv2%2Fcomments&post=67066"}],"version-history":[{"count":0,"href":"https:\/\/blogdofarnesio.com.br\/index.php?rest_route=\/wp\/v2\/posts\/67066\/revisions"}],"wp:attachment":[{"href":"https:\/\/blogdofarnesio.com.br\/index.php?rest_route=%2Fwp%2Fv2%2Fmedia&parent=67066"}],"wp:term":[{"taxonomy":"category","embeddable":true,"href":"https:\/\/blogdofarnesio.com.br\/index.php?rest_route=%2Fwp%2Fv2%2Fcategories&post=67066"},{"taxonomy":"post_tag","embeddable":true,"href":"https:\/\/blogdofarnesio.com.br\/index.php?rest_route=%2Fwp%2Fv2%2Ftags&post=67066"}],"curies":[{"name":"wp","href":"https:\/\/api.w.org\/{rel}","templated":true}]}}