{"id":67034,"date":"2013-12-13T17:04:15","date_gmt":"2013-12-13T20:04:15","guid":{"rendered":"http:\/\/www.quersaberpolitica.com.br\/?p=67034"},"modified":"2013-12-13T14:56:27","modified_gmt":"2013-12-13T17:56:27","slug":"sinpafjuazeiro-empossa-nova-diretoria","status":"publish","type":"post","link":"https:\/\/blogdofarnesio.com.br\/?p=67034","title":{"rendered":"SINPAF\/JUAZEIRO EMPOSSA NOVA DIRETORIA"},"content":{"rendered":"<p style=\"text-align: justify\"><a href=\"http:\/\/www.quersaberpolitica.com.br\/2016\/wp-content\/uploads\/2013\/12\/blogqspsinpafdiretoria.jpg\"><img loading=\"lazy\" decoding=\"async\" class=\"aligncenter  wp-image-67035\" alt=\"blogqspsinpafdiretoria\" src=\"http:\/\/www.quersaberpolitica.com.br\/2016\/wp-content\/uploads\/2013\/12\/blogqspsinpafdiretoria.jpg\" width=\"512\" height=\"239\" srcset=\"https:\/\/blogdofarnesio.com.br\/wp-content\/uploads\/2013\/12\/blogqspsinpafdiretoria.jpg 640w, https:\/\/blogdofarnesio.com.br\/wp-content\/uploads\/2013\/12\/blogqspsinpafdiretoria-300x140.jpg 300w, https:\/\/blogdofarnesio.com.br\/wp-content\/uploads\/2013\/12\/blogqspsinpafdiretoria-500x233.jpg 500w\" sizes=\"auto, (max-width: 512px) 100vw, 512px\" \/><\/a>Tomou posse hoje (13), a nova diretoria do Sindicato dos Trabalhadores de Pesquisa e Desenvolvimento Agropecu\u00e1rio (SINPAF), Se\u00e7\u00e3o Sindical Juazeiro\/BA.Na ocasi\u00e3o, o presidente eleito para o tri\u00eanio 2013\/2016, Jo\u00e3o Coimbra Neto, destacou a import\u00e2ncia da uni\u00e3o de todos em prol do fortalecimento profissional. &#8220;Todos juntos vamos lutar pela melhoria das condi\u00e7\u00f5es de trabalho, e isto envolve, incremento salarial, capacita\u00e7\u00e3o, entre outros&#8221;<\/p>\n<div>\n<p><strong>DIRETORIA:<\/strong><\/p>\n<p><b>JO\u00c3O<\/b>\u00a0Coimbra\u00a0<b>NETO<\/b>\u00a0(presidente),<\/p>\n<p><b>H\u00c9RCULES<\/b>\u00a0Silva de Moraes (vice-presidente)<\/p>\n<p><b>EXPEDITO<\/b>\u00a0Pereira Filho (secret\u00e1rio geral)<\/p>\n<p><b>JANE<\/b>\u00a0L\u00facia Almeida (secret\u00e1ria geral &#8211; suplente),\u00a0<!--more--><\/p>\n<p><b>F\u00c1BIO<\/b>\u00a0Alves Torres(diretor administrativo financeiro),\u00a0<b>JEAN<\/b>\u00a0Cordeiro dos Santos (diretor administrativo financeiro &#8211; suplente),\u00a0<b>EDILSON<\/b>\u00a0Ribeiro da Silva (representante em Mani\u00e7oba),\u00a0<b>REGINALDO<\/b>\u00a0Jos\u00e9 dos Santos (representante em Mani\u00e7oba &#8211; suplente),\u00a0<b>CIRO\u00a0<\/b>Petrere (representante no Salitre), Jos\u00e9\u00a0<b>GABRIEL<\/b>\u00a0Barbosa (representante no Salitre &#8211; suplente),\u00a0<b>SAVIGNY<\/b>\u00a0Machado Lima (diretor jur\u00eddico),\u00a0<b>VANESSA\u00a0<\/b>Vieira de Castro (diretor jur\u00eddico \u2013 suplente), Ricardo\u00a0<b>MULATINHO<\/b>\u00a0de Moraes (diretor de comunica\u00e7\u00e3o),\u00a0<b>ANDR\u00c9A<\/b>\u00a0Moreira Duarte Arraes (diretora de comunica\u00e7\u00e3o \u2013 suplente),<b>\u00a0LEOSMAR<\/b>Bispo Valido (diretor institucional),\u00a0<b>CL\u00c9SIO\u00a0<\/b>Lacerda Morgado (diretor institucional \u2013 suplente),\u00a0<b>A\u00c9CIO<\/b>\u00a0Galindo Jacques Filho (diretor de forma\u00e7\u00e3o sindical), Maria\u00a0<b>MADALENA<\/b>\u00a0da Concei\u00e7\u00e3o (diretora de forma\u00e7\u00e3o sindical \u2013 suplente),\u00a0<b>KEYLA<\/b>\u00a0Mascarenhas Ferraz (diretora de assist\u00eancia social e cidadania),\u00a0<b>EVERALDO<\/b>\u00a0de Andrade (diretor de assist\u00eancia social e cidadania \u2013 suplente),\u00a0<b>CL\u00c9BER<\/b>\u00a0Lacerda Morgado (diretor de sa\u00fade do trabalhador), Ant\u00f4nio\u00a0<b>TEODORO<\/b>\u00a0dos Santos (diretor de sa\u00fade do trabalhador \u2013 suplente).<\/p>\n<p><strong>CONSELHO FISCAL<\/strong><\/p>\n<p><b>\u00a0<\/b>Ant\u00f4nio Francisco de Matos<b>\u00a0NETO<\/b>\u00a0(titular),<b>JOAQUIM<\/b>\u00a0C\u00edcero de brito (titular),\u00a0<b>ST\u00c9LIO<\/b>\u00a0Guedes Guerra (titular), Osmar Fernandes da Silva\u00a0<b>\u201cPRIMO\u201d<\/b>\u00a0(suplente), Jos\u00e9\u00a0<b>LOBO<\/b>\u00a0de Menezes (suplente),\u00a0<b>LUCIANO<\/b>\u00a0Jo\u00e3o de\u00a0Lima (suplente).<\/p>\n<\/div>\n","protected":false},"excerpt":{"rendered":"<p>Tomou posse hoje (13), a nova diretoria do Sindicato dos Trabalhadores de Pesquisa e Desenvolvimento Agropecu\u00e1rio (SINPAF), Se\u00e7\u00e3o Sindical Juazeiro\/BA.Na ocasi\u00e3o, o presidente eleito para o tri\u00eanio 2013\/2016, Jo\u00e3o Coimbra Neto, destacou a import\u00e2ncia da uni\u00e3o de todos em prol do fortalecimento profissional. &#8220;Todos juntos vamos lutar pela melhoria das condi\u00e7\u00f5es de trabalho, e isto envolve, incremento salarial, capacita\u00e7\u00e3o, entre outros&#8221; DIRETORIA: JO\u00c3O\u00a0Coimbra\u00a0NETO\u00a0(presidente), H\u00c9RCULES\u00a0Silva de Moraes (vice-presidente) EXPEDITO\u00a0Pereira Filho (secret\u00e1rio geral) JANE\u00a0L\u00facia Almeida (secret\u00e1ria geral &#8211; suplente),\u00a0<\/p>\n","protected":false},"author":3,"featured_media":0,"comment_status":"open","ping_status":"open","sticky":false,"template":"","format":"standard","meta":{"_acf_changed":false,"footnotes":""},"categories":[19],"tags":[],"class_list":["post-67034","post","type-post","status-publish","format-standard","hentry","category-servidores"],"acf":[],"yoast_head":"<!-- This site is optimized with the Yoast SEO plugin v27.4 - https:\/\/yoast.com\/product\/yoast-seo-wordpress\/ -->\n<title>SINPAF\/JUAZEIRO EMPOSSA NOVA DIRETORIA - Blog do Farn\u00e9sio<\/title>\n<meta name=\"robots\" content=\"index, follow, max-snippet:-1, max-image-preview:large, max-video-preview:-1\" \/>\n<link rel=\"canonical\" href=\"https:\/\/blogdofarnesio.com.br\/?p=67034\" \/>\n<meta property=\"og:locale\" content=\"pt_BR\" \/>\n<meta property=\"og:type\" content=\"article\" \/>\n<meta property=\"og:title\" content=\"SINPAF\/JUAZEIRO EMPOSSA NOVA DIRETORIA - Blog do Farn\u00e9sio\" \/>\n<meta property=\"og:description\" content=\"Tomou posse hoje (13), a nova diretoria do Sindicato dos Trabalhadores de Pesquisa e Desenvolvimento Agropecu\u00e1rio (SINPAF), Se\u00e7\u00e3o Sindical Juazeiro\/BA.Na ocasi\u00e3o, o presidente eleito para o tri\u00eanio 2013\/2016, Jo\u00e3o Coimbra Neto, destacou a import\u00e2ncia da uni\u00e3o de todos em prol do fortalecimento profissional. &#8220;Todos juntos vamos lutar pela melhoria das condi\u00e7\u00f5es de trabalho, e isto envolve, incremento salarial, capacita\u00e7\u00e3o, entre outros&#8221; DIRETORIA: JO\u00c3O\u00a0Coimbra\u00a0NETO\u00a0(presidente), H\u00c9RCULES\u00a0Silva de Moraes (vice-presidente) EXPEDITO\u00a0Pereira Filho (secret\u00e1rio geral) JANE\u00a0L\u00facia Almeida (secret\u00e1ria geral &#8211; suplente),\u00a0\" \/>\n<meta property=\"og:url\" content=\"https:\/\/blogdofarnesio.com.br\/?p=67034\" \/>\n<meta property=\"og:site_name\" content=\"Blog do Farn\u00e9sio\" \/>\n<meta property=\"article:publisher\" content=\"https:\/\/www.facebook.com\/BlogQuerSaberPolitica\/\" \/>\n<meta property=\"article:published_time\" content=\"2013-12-13T20:04:15+00:00\" \/>\n<meta property=\"og:image\" content=\"http:\/\/www.quersaberpolitica.com.br\/2016\/wp-content\/uploads\/2013\/12\/blogqspsinpafdiretoria.jpg\" \/>\n<meta name=\"author\" content=\"teste\" \/>\n<meta name=\"twitter:card\" content=\"summary_large_image\" \/>\n<meta name=\"twitter:label1\" content=\"Escrito por\" \/>\n\t<meta name=\"twitter:data1\" content=\"teste\" \/>\n\t<meta name=\"twitter:label2\" content=\"Est. tempo de leitura\" \/>\n\t<meta name=\"twitter:data2\" content=\"1 minuto\" \/>\n<script type=\"application\/ld+json\" class=\"yoast-schema-graph\">{\"@context\":\"https:\\\/\\\/schema.org\",\"@graph\":[{\"@type\":\"Article\",\"@id\":\"https:\\\/\\\/blogdofarnesio.com.br\\\/?p=67034#article\",\"isPartOf\":{\"@id\":\"https:\\\/\\\/blogdofarnesio.com.br\\\/?p=67034\"},\"author\":{\"name\":\"teste\",\"@id\":\"https:\\\/\\\/blogdofarnesio.com.br\\\/#\\\/schema\\\/person\\\/dd1bf5eba40b687199ba45ca6b97dff9\"},\"headline\":\"SINPAF\\\/JUAZEIRO EMPOSSA NOVA DIRETORIA\",\"datePublished\":\"2013-12-13T20:04:15+00:00\",\"mainEntityOfPage\":{\"@id\":\"https:\\\/\\\/blogdofarnesio.com.br\\\/?p=67034\"},\"wordCount\":293,\"commentCount\":0,\"publisher\":{\"@id\":\"https:\\\/\\\/blogdofarnesio.com.br\\\/#organization\"},\"image\":{\"@id\":\"https:\\\/\\\/blogdofarnesio.com.br\\\/?p=67034#primaryimage\"},\"thumbnailUrl\":\"http:\\\/\\\/www.quersaberpolitica.com.br\\\/2016\\\/wp-content\\\/uploads\\\/2013\\\/12\\\/blogqspsinpafdiretoria.jpg\",\"articleSection\":[\"Servidores\"],\"inLanguage\":\"pt-BR\",\"potentialAction\":[{\"@type\":\"CommentAction\",\"name\":\"Comment\",\"target\":[\"https:\\\/\\\/blogdofarnesio.com.br\\\/?p=67034#respond\"]}]},{\"@type\":\"WebPage\",\"@id\":\"https:\\\/\\\/blogdofarnesio.com.br\\\/?p=67034\",\"url\":\"https:\\\/\\\/blogdofarnesio.com.br\\\/?p=67034\",\"name\":\"SINPAF\\\/JUAZEIRO EMPOSSA NOVA DIRETORIA - Blog do Farn\u00e9sio\",\"isPartOf\":{\"@id\":\"https:\\\/\\\/blogdofarnesio.com.br\\\/#website\"},\"primaryImageOfPage\":{\"@id\":\"https:\\\/\\\/blogdofarnesio.com.br\\\/?p=67034#primaryimage\"},\"image\":{\"@id\":\"https:\\\/\\\/blogdofarnesio.com.br\\\/?p=67034#primaryimage\"},\"thumbnailUrl\":\"http:\\\/\\\/www.quersaberpolitica.com.br\\\/2016\\\/wp-content\\\/uploads\\\/2013\\\/12\\\/blogqspsinpafdiretoria.jpg\",\"datePublished\":\"2013-12-13T20:04:15+00:00\",\"breadcrumb\":{\"@id\":\"https:\\\/\\\/blogdofarnesio.com.br\\\/?p=67034#breadcrumb\"},\"inLanguage\":\"pt-BR\",\"potentialAction\":[{\"@type\":\"ReadAction\",\"target\":[\"https:\\\/\\\/blogdofarnesio.com.br\\\/?p=67034\"]}]},{\"@type\":\"ImageObject\",\"inLanguage\":\"pt-BR\",\"@id\":\"https:\\\/\\\/blogdofarnesio.com.br\\\/?p=67034#primaryimage\",\"url\":\"http:\\\/\\\/www.quersaberpolitica.com.br\\\/2016\\\/wp-content\\\/uploads\\\/2013\\\/12\\\/blogqspsinpafdiretoria.jpg\",\"contentUrl\":\"http:\\\/\\\/www.quersaberpolitica.com.br\\\/2016\\\/wp-content\\\/uploads\\\/2013\\\/12\\\/blogqspsinpafdiretoria.jpg\"},{\"@type\":\"BreadcrumbList\",\"@id\":\"https:\\\/\\\/blogdofarnesio.com.br\\\/?p=67034#breadcrumb\",\"itemListElement\":[{\"@type\":\"ListItem\",\"position\":1,\"name\":\"In\u00edcio\",\"item\":\"https:\\\/\\\/blogdofarnesio.com.br\\\/\"},{\"@type\":\"ListItem\",\"position\":2,\"name\":\"SINPAF\\\/JUAZEIRO EMPOSSA NOVA DIRETORIA\"}]},{\"@type\":\"WebSite\",\"@id\":\"https:\\\/\\\/blogdofarnesio.com.br\\\/#website\",\"url\":\"https:\\\/\\\/blogdofarnesio.com.br\\\/\",\"name\":\"Blog do Farn\u00e9sio\",\"description\":\"Quer Saber Pol\u00edtica?\",\"publisher\":{\"@id\":\"https:\\\/\\\/blogdofarnesio.com.br\\\/#organization\"},\"potentialAction\":[{\"@type\":\"SearchAction\",\"target\":{\"@type\":\"EntryPoint\",\"urlTemplate\":\"https:\\\/\\\/blogdofarnesio.com.br\\\/?s={search_term_string}\"},\"query-input\":{\"@type\":\"PropertyValueSpecification\",\"valueRequired\":true,\"valueName\":\"search_term_string\"}}],\"inLanguage\":\"pt-BR\"},{\"@type\":\"Organization\",\"@id\":\"https:\\\/\\\/blogdofarnesio.com.br\\\/#organization\",\"name\":\"Blog do Farn\u00e9sio\",\"url\":\"https:\\\/\\\/blogdofarnesio.com.br\\\/\",\"logo\":{\"@type\":\"ImageObject\",\"inLanguage\":\"pt-BR\",\"@id\":\"https:\\\/\\\/blogdofarnesio.com.br\\\/#\\\/schema\\\/logo\\\/image\\\/\",\"url\":\"https:\\\/\\\/blogdofarnesio.com.br\\\/wp-content\\\/uploads\\\/2026\\\/03\\\/cropped-logo_new-1.png\",\"contentUrl\":\"https:\\\/\\\/blogdofarnesio.com.br\\\/wp-content\\\/uploads\\\/2026\\\/03\\\/cropped-logo_new-1.png\",\"width\":881,\"height\":685,\"caption\":\"Blog do Farn\u00e9sio\"},\"image\":{\"@id\":\"https:\\\/\\\/blogdofarnesio.com.br\\\/#\\\/schema\\\/logo\\\/image\\\/\"},\"sameAs\":[\"https:\\\/\\\/www.facebook.com\\\/BlogQuerSaberPolitica\\\/\"]},{\"@type\":\"Person\",\"@id\":\"https:\\\/\\\/blogdofarnesio.com.br\\\/#\\\/schema\\\/person\\\/dd1bf5eba40b687199ba45ca6b97dff9\",\"name\":\"teste\",\"image\":{\"@type\":\"ImageObject\",\"inLanguage\":\"pt-BR\",\"@id\":\"https:\\\/\\\/secure.gravatar.com\\\/avatar\\\/2172498d4914b51e1d89a0f97957b035ac4938723a5cac208135d389b6972a6d?s=96&d=mm&r=g\",\"url\":\"https:\\\/\\\/secure.gravatar.com\\\/avatar\\\/2172498d4914b51e1d89a0f97957b035ac4938723a5cac208135d389b6972a6d?s=96&d=mm&r=g\",\"contentUrl\":\"https:\\\/\\\/secure.gravatar.com\\\/avatar\\\/2172498d4914b51e1d89a0f97957b035ac4938723a5cac208135d389b6972a6d?s=96&d=mm&r=g\",\"caption\":\"teste\"},\"url\":\"https:\\\/\\\/blogdofarnesio.com.br\\\/?author=3\"}]}<\/script>\n<!-- \/ Yoast SEO plugin. -->","yoast_head_json":{"title":"SINPAF\/JUAZEIRO EMPOSSA NOVA DIRETORIA - Blog do Farn\u00e9sio","robots":{"index":"index","follow":"follow","max-snippet":"max-snippet:-1","max-image-preview":"max-image-preview:large","max-video-preview":"max-video-preview:-1"},"canonical":"https:\/\/blogdofarnesio.com.br\/?p=67034","og_locale":"pt_BR","og_type":"article","og_title":"SINPAF\/JUAZEIRO EMPOSSA NOVA DIRETORIA - Blog do Farn\u00e9sio","og_description":"Tomou posse hoje (13), a nova diretoria do Sindicato dos Trabalhadores de Pesquisa e Desenvolvimento Agropecu\u00e1rio (SINPAF), Se\u00e7\u00e3o Sindical Juazeiro\/BA.Na ocasi\u00e3o, o presidente eleito para o tri\u00eanio 2013\/2016, Jo\u00e3o Coimbra Neto, destacou a import\u00e2ncia da uni\u00e3o de todos em prol do fortalecimento profissional. &#8220;Todos juntos vamos lutar pela melhoria das condi\u00e7\u00f5es de trabalho, e isto envolve, incremento salarial, capacita\u00e7\u00e3o, entre outros&#8221; DIRETORIA: JO\u00c3O\u00a0Coimbra\u00a0NETO\u00a0(presidente), H\u00c9RCULES\u00a0Silva de Moraes (vice-presidente) EXPEDITO\u00a0Pereira Filho (secret\u00e1rio geral) JANE\u00a0L\u00facia Almeida (secret\u00e1ria geral &#8211; suplente),\u00a0","og_url":"https:\/\/blogdofarnesio.com.br\/?p=67034","og_site_name":"Blog do Farn\u00e9sio","article_publisher":"https:\/\/www.facebook.com\/BlogQuerSaberPolitica\/","article_published_time":"2013-12-13T20:04:15+00:00","og_image":[{"url":"http:\/\/www.quersaberpolitica.com.br\/2016\/wp-content\/uploads\/2013\/12\/blogqspsinpafdiretoria.jpg","type":"","width":"","height":""}],"author":"teste","twitter_card":"summary_large_image","twitter_misc":{"Escrito por":"teste","Est. tempo de leitura":"1 minuto"},"schema":{"@context":"https:\/\/schema.org","@graph":[{"@type":"Article","@id":"https:\/\/blogdofarnesio.com.br\/?p=67034#article","isPartOf":{"@id":"https:\/\/blogdofarnesio.com.br\/?p=67034"},"author":{"name":"teste","@id":"https:\/\/blogdofarnesio.com.br\/#\/schema\/person\/dd1bf5eba40b687199ba45ca6b97dff9"},"headline":"SINPAF\/JUAZEIRO EMPOSSA NOVA DIRETORIA","datePublished":"2013-12-13T20:04:15+00:00","mainEntityOfPage":{"@id":"https:\/\/blogdofarnesio.com.br\/?p=67034"},"wordCount":293,"commentCount":0,"publisher":{"@id":"https:\/\/blogdofarnesio.com.br\/#organization"},"image":{"@id":"https:\/\/blogdofarnesio.com.br\/?p=67034#primaryimage"},"thumbnailUrl":"http:\/\/www.quersaberpolitica.com.br\/2016\/wp-content\/uploads\/2013\/12\/blogqspsinpafdiretoria.jpg","articleSection":["Servidores"],"inLanguage":"pt-BR","potentialAction":[{"@type":"CommentAction","name":"Comment","target":["https:\/\/blogdofarnesio.com.br\/?p=67034#respond"]}]},{"@type":"WebPage","@id":"https:\/\/blogdofarnesio.com.br\/?p=67034","url":"https:\/\/blogdofarnesio.com.br\/?p=67034","name":"SINPAF\/JUAZEIRO EMPOSSA NOVA DIRETORIA - Blog do Farn\u00e9sio","isPartOf":{"@id":"https:\/\/blogdofarnesio.com.br\/#website"},"primaryImageOfPage":{"@id":"https:\/\/blogdofarnesio.com.br\/?p=67034#primaryimage"},"image":{"@id":"https:\/\/blogdofarnesio.com.br\/?p=67034#primaryimage"},"thumbnailUrl":"http:\/\/www.quersaberpolitica.com.br\/2016\/wp-content\/uploads\/2013\/12\/blogqspsinpafdiretoria.jpg","datePublished":"2013-12-13T20:04:15+00:00","breadcrumb":{"@id":"https:\/\/blogdofarnesio.com.br\/?p=67034#breadcrumb"},"inLanguage":"pt-BR","potentialAction":[{"@type":"ReadAction","target":["https:\/\/blogdofarnesio.com.br\/?p=67034"]}]},{"@type":"ImageObject","inLanguage":"pt-BR","@id":"https:\/\/blogdofarnesio.com.br\/?p=67034#primaryimage","url":"http:\/\/www.quersaberpolitica.com.br\/2016\/wp-content\/uploads\/2013\/12\/blogqspsinpafdiretoria.jpg","contentUrl":"http:\/\/www.quersaberpolitica.com.br\/2016\/wp-content\/uploads\/2013\/12\/blogqspsinpafdiretoria.jpg"},{"@type":"BreadcrumbList","@id":"https:\/\/blogdofarnesio.com.br\/?p=67034#breadcrumb","itemListElement":[{"@type":"ListItem","position":1,"name":"In\u00edcio","item":"https:\/\/blogdofarnesio.com.br\/"},{"@type":"ListItem","position":2,"name":"SINPAF\/JUAZEIRO EMPOSSA NOVA DIRETORIA"}]},{"@type":"WebSite","@id":"https:\/\/blogdofarnesio.com.br\/#website","url":"https:\/\/blogdofarnesio.com.br\/","name":"Blog do Farn\u00e9sio","description":"Quer Saber Pol\u00edtica?","publisher":{"@id":"https:\/\/blogdofarnesio.com.br\/#organization"},"potentialAction":[{"@type":"SearchAction","target":{"@type":"EntryPoint","urlTemplate":"https:\/\/blogdofarnesio.com.br\/?s={search_term_string}"},"query-input":{"@type":"PropertyValueSpecification","valueRequired":true,"valueName":"search_term_string"}}],"inLanguage":"pt-BR"},{"@type":"Organization","@id":"https:\/\/blogdofarnesio.com.br\/#organization","name":"Blog do Farn\u00e9sio","url":"https:\/\/blogdofarnesio.com.br\/","logo":{"@type":"ImageObject","inLanguage":"pt-BR","@id":"https:\/\/blogdofarnesio.com.br\/#\/schema\/logo\/image\/","url":"https:\/\/blogdofarnesio.com.br\/wp-content\/uploads\/2026\/03\/cropped-logo_new-1.png","contentUrl":"https:\/\/blogdofarnesio.com.br\/wp-content\/uploads\/2026\/03\/cropped-logo_new-1.png","width":881,"height":685,"caption":"Blog do Farn\u00e9sio"},"image":{"@id":"https:\/\/blogdofarnesio.com.br\/#\/schema\/logo\/image\/"},"sameAs":["https:\/\/www.facebook.com\/BlogQuerSaberPolitica\/"]},{"@type":"Person","@id":"https:\/\/blogdofarnesio.com.br\/#\/schema\/person\/dd1bf5eba40b687199ba45ca6b97dff9","name":"teste","image":{"@type":"ImageObject","inLanguage":"pt-BR","@id":"https:\/\/secure.gravatar.com\/avatar\/2172498d4914b51e1d89a0f97957b035ac4938723a5cac208135d389b6972a6d?s=96&d=mm&r=g","url":"https:\/\/secure.gravatar.com\/avatar\/2172498d4914b51e1d89a0f97957b035ac4938723a5cac208135d389b6972a6d?s=96&d=mm&r=g","contentUrl":"https:\/\/secure.gravatar.com\/avatar\/2172498d4914b51e1d89a0f97957b035ac4938723a5cac208135d389b6972a6d?s=96&d=mm&r=g","caption":"teste"},"url":"https:\/\/blogdofarnesio.com.br\/?author=3"}]}},"_links":{"self":[{"href":"https:\/\/blogdofarnesio.com.br\/index.php?rest_route=\/wp\/v2\/posts\/67034","targetHints":{"allow":["GET"]}}],"collection":[{"href":"https:\/\/blogdofarnesio.com.br\/index.php?rest_route=\/wp\/v2\/posts"}],"about":[{"href":"https:\/\/blogdofarnesio.com.br\/index.php?rest_route=\/wp\/v2\/types\/post"}],"author":[{"embeddable":true,"href":"https:\/\/blogdofarnesio.com.br\/index.php?rest_route=\/wp\/v2\/users\/3"}],"replies":[{"embeddable":true,"href":"https:\/\/blogdofarnesio.com.br\/index.php?rest_route=%2Fwp%2Fv2%2Fcomments&post=67034"}],"version-history":[{"count":0,"href":"https:\/\/blogdofarnesio.com.br\/index.php?rest_route=\/wp\/v2\/posts\/67034\/revisions"}],"wp:attachment":[{"href":"https:\/\/blogdofarnesio.com.br\/index.php?rest_route=%2Fwp%2Fv2%2Fmedia&parent=67034"}],"wp:term":[{"taxonomy":"category","embeddable":true,"href":"https:\/\/blogdofarnesio.com.br\/index.php?rest_route=%2Fwp%2Fv2%2Fcategories&post=67034"},{"taxonomy":"post_tag","embeddable":true,"href":"https:\/\/blogdofarnesio.com.br\/index.php?rest_route=%2Fwp%2Fv2%2Ftags&post=67034"}],"curies":[{"name":"wp","href":"https:\/\/api.w.org\/{rel}","templated":true}]}}