{"id":67023,"date":"2013-12-16T07:23:33","date_gmt":"2013-12-16T10:23:33","guid":{"rendered":"http:\/\/www.quersaberpolitica.com.br\/?p=67023"},"modified":"2013-12-15T17:07:07","modified_gmt":"2013-12-15T20:07:07","slug":"secretaria-de-acessibilidade-apresenta-balanco-das-atividades-em-2013","status":"publish","type":"post","link":"https:\/\/blogdofarnesio.com.br\/?p=67023","title":{"rendered":"SECRETARIA DE ACESSIBILIDADE APRESENTA BALAN\u00c7O DAS ATIVIDADES EM 2013"},"content":{"rendered":"<p style=\"text-align: justify\"><a href=\"http:\/\/www.quersaberpolitica.com.br\/2016\/wp-content\/uploads\/2013\/05\/blogqsp.acessibilidade.jpg\"><img loading=\"lazy\" decoding=\"async\" class=\"aligncenter size-medium wp-image-40638\" alt=\"blogqsp.acessibilidade\" src=\"http:\/\/www.quersaberpolitica.com.br\/2016\/wp-content\/uploads\/2013\/05\/blogqsp.acessibilidade-300x139.jpg\" width=\"300\" height=\"139\" srcset=\"https:\/\/blogdofarnesio.com.br\/wp-content\/uploads\/2013\/05\/blogqsp.acessibilidade-300x139.jpg 300w, https:\/\/blogdofarnesio.com.br\/wp-content\/uploads\/2013\/05\/blogqsp.acessibilidade.jpg 329w\" sizes=\"auto, (max-width: 300px) 100vw, 300px\" \/><\/a>Sempre com o intuito de trabalhar em prol dos direitos das pessoas com defici\u00eancia no munic\u00edpio de Petrolina, nos \u00faltimos doze meses, a secretaria de Acessibilidade conseguiu se destacar em diversos segmentos da sociedade, e isso atrav\u00e9s da implanta\u00e7\u00e3o de projetos voltados para o est\u00edmulo da pr\u00e1tica de atividades esportivas, mobilidade urbana, atendimento educacional especializado, gera\u00e7\u00e3o de empregos, entre outros.<\/p>\n<p style=\"text-align: justify\">Neste ano de 2013, em parceria com a secretaria de Educa\u00e7\u00e3o, foi realizada a Campanha de Sensibiliza\u00e7\u00e3o, buscando a amplia\u00e7\u00e3o do n\u00famero de matr\u00edculas para pessoas com defici\u00eancia, bem como a amplia\u00e7\u00e3o do\u00a0n\u00famero de profissionais do Atendimento Educacional Especializado\u00a0(AEE). Esta iniciativa ofereceu a crian\u00e7a, jovens e adultos uma educa\u00e7\u00e3o com mais qualidade.<\/p>\n<p style=\"text-align: justify\">Al\u00e9m disso, em conjunto com as demais secretarias, foi implantado o projeto Secretaria Itinerante, que levou diversos servi\u00e7os sociais as comunidades mais distantes de Petrolina.\u00a0A mobiliza\u00e7\u00e3o de 17 cidades para a ades\u00e3o ao Plano Nacional dos Direitos da Pessoa com Defici\u00eancia \u201cViver sem Limite\u201d, tamb\u00e9m foi uma das conquistas neste ano.<!--more--><\/p>\n<p style=\"text-align: justify\">No aspecto da mobilidade urbana, a secretaria de Acessibilidade recadastrou 1980 usu\u00e1rios para o acesso ao cart\u00e3o de gratuidade para transportes coletivos municipais. Campanhas no tr\u00e2nsito percorreram toda a cidade e contribu\u00edram para a conscientiza\u00e7\u00e3o da popula\u00e7\u00e3o quanto ao trato e respeito com as pessoas com defici\u00eancia.<\/p>\n<p style=\"text-align: justify\">Uma das grandes conquistas para o ano de 2013 foi o espa\u00e7o dado ao\u00a0futebol adaptado para cegos. O time da Associa\u00e7\u00e3o de Deficientes Visuais de Petrolina (ADVP) representou Petrolina no Campeonato Regional Nordeste e na Copa Brasil, sendo classificado em 3\u00ba lugar no Nordeste e 4\u00ba no rank nacional pela s\u00e9rie A. Na participa\u00e7\u00e3o do\u00a0Paraesporte Pernambuco Regional Petrolina e no Paraesporte Pernambuco, em Recife, Petrolina conquistou vinte e quatro medalhas de ouro, nove de prata e tr\u00eas de bronze. O munic\u00edpio tamb\u00e9m\u00a0conquistou a bolsa atleta Estadual e Federal para 3 paratletas nas Paralimp\u00edadas Escolares em S\u00e3o Paulo.<\/p>\n<p style=\"text-align: justify\">Quanto \u00e0 gera\u00e7\u00e3o de empregos, o munic\u00edpio, por meio do\u00a0Banco Municipal de\u00a0Empregos\u00a0para Pessoas com Defici\u00eancia (BAMEM), empregou mais de 300\u00a0pessoas das 400 cadastradas no \u00f3rg\u00e3o. Com o fomento da empregabilidade o Minist\u00e9rio do Trabalho e\u00a0Emprego\u00a0de Pernambuco (MTE), classificou Petrolina como o munic\u00edpio com maior percentual de\u00a0empresas que cumprem a cota exigida no Estado de Pernambuco,destinando vagas de\u00a0emprego\u00a0para pessoas com defici\u00eancia e reabilitadas.\u00a0A cidade ainda foi respons\u00e1vel pela empregabilidade de 10% de deficientes no estado,<\/p>\n<p style=\"text-align: justify\">\u201cAo longo do ano de 2013 conseguimos avan\u00e7ar em muitos patamares na luta em defesa da pessoa com defici\u00eancia. Desenvolvemos um bom trabalho, trouxemos melhorias para as pessoas e endossamos a conscientiza\u00e7\u00e3o da popula\u00e7\u00e3o quanto aos nossos direitos. Espero que mais frutos sejam gerados neste ano que se inicia\u201d, comenta a secret\u00e1ria de Acessibilidade de Petrolina, Rosemary Andrade.<\/p>\n","protected":false},"excerpt":{"rendered":"<p>Sempre com o intuito de trabalhar em prol dos direitos das pessoas com defici\u00eancia no munic\u00edpio de Petrolina, nos \u00faltimos doze meses, a secretaria de Acessibilidade conseguiu se destacar em diversos segmentos da sociedade, e isso atrav\u00e9s da implanta\u00e7\u00e3o de projetos voltados para o est\u00edmulo da pr\u00e1tica de atividades esportivas, mobilidade urbana, atendimento educacional especializado, gera\u00e7\u00e3o de empregos, entre outros. Neste ano de 2013, em parceria com a secretaria de Educa\u00e7\u00e3o, foi realizada a Campanha de Sensibiliza\u00e7\u00e3o, buscando a amplia\u00e7\u00e3o do n\u00famero de matr\u00edculas para pessoas com defici\u00eancia, bem como a amplia\u00e7\u00e3o do\u00a0n\u00famero de profissionais do Atendimento Educacional Especializado\u00a0(AEE). Esta iniciativa ofereceu a crian\u00e7a, jovens e adultos uma educa\u00e7\u00e3o com mais qualidade. Al\u00e9m disso, em conjunto com as demais secretarias,&hellip; <\/p>\n","protected":false},"author":3,"featured_media":0,"comment_status":"open","ping_status":"open","sticky":false,"template":"","format":"standard","meta":{"_acf_changed":false,"footnotes":""},"categories":[22],"tags":[],"class_list":["post-67023","post","type-post","status-publish","format-standard","hentry","category-acao-social"],"acf":[],"yoast_head":"<!-- This site is optimized with the Yoast SEO plugin v27.4 - https:\/\/yoast.com\/product\/yoast-seo-wordpress\/ -->\n<title>SECRETARIA DE ACESSIBILIDADE APRESENTA BALAN\u00c7O DAS ATIVIDADES EM 2013 - Blog do Farn\u00e9sio<\/title>\n<meta name=\"robots\" content=\"index, follow, max-snippet:-1, max-image-preview:large, max-video-preview:-1\" \/>\n<link rel=\"canonical\" href=\"https:\/\/blogdofarnesio.com.br\/?p=67023\" \/>\n<meta property=\"og:locale\" content=\"pt_BR\" \/>\n<meta property=\"og:type\" content=\"article\" \/>\n<meta property=\"og:title\" content=\"SECRETARIA DE ACESSIBILIDADE APRESENTA BALAN\u00c7O DAS ATIVIDADES EM 2013 - Blog do Farn\u00e9sio\" \/>\n<meta property=\"og:description\" content=\"Sempre com o intuito de trabalhar em prol dos direitos das pessoas com defici\u00eancia no munic\u00edpio de Petrolina, nos \u00faltimos doze meses, a secretaria de Acessibilidade conseguiu se destacar em diversos segmentos da sociedade, e isso atrav\u00e9s da implanta\u00e7\u00e3o de projetos voltados para o est\u00edmulo da pr\u00e1tica de atividades esportivas, mobilidade urbana, atendimento educacional especializado, gera\u00e7\u00e3o de empregos, entre outros. Neste ano de 2013, em parceria com a secretaria de Educa\u00e7\u00e3o, foi realizada a Campanha de Sensibiliza\u00e7\u00e3o, buscando a amplia\u00e7\u00e3o do n\u00famero de matr\u00edculas para pessoas com defici\u00eancia, bem como a amplia\u00e7\u00e3o do\u00a0n\u00famero de profissionais do Atendimento Educacional Especializado\u00a0(AEE). Esta iniciativa ofereceu a crian\u00e7a, jovens e adultos uma educa\u00e7\u00e3o com mais qualidade. Al\u00e9m disso, em conjunto com as demais secretarias,&hellip;\" \/>\n<meta property=\"og:url\" content=\"https:\/\/blogdofarnesio.com.br\/?p=67023\" \/>\n<meta property=\"og:site_name\" content=\"Blog do Farn\u00e9sio\" \/>\n<meta property=\"article:publisher\" content=\"https:\/\/www.facebook.com\/BlogQuerSaberPolitica\/\" \/>\n<meta property=\"article:published_time\" content=\"2013-12-16T10:23:33+00:00\" \/>\n<meta property=\"og:image\" content=\"http:\/\/www.quersaberpolitica.com.br\/2016\/wp-content\/uploads\/2013\/05\/blogqsp.acessibilidade-300x139.jpg\" \/>\n<meta name=\"author\" content=\"teste\" \/>\n<meta name=\"twitter:card\" content=\"summary_large_image\" \/>\n<meta name=\"twitter:label1\" content=\"Escrito por\" \/>\n\t<meta name=\"twitter:data1\" content=\"teste\" \/>\n\t<meta name=\"twitter:label2\" content=\"Est. tempo de leitura\" \/>\n\t<meta name=\"twitter:data2\" content=\"2 minutos\" \/>\n<script type=\"application\/ld+json\" class=\"yoast-schema-graph\">{\"@context\":\"https:\\\/\\\/schema.org\",\"@graph\":[{\"@type\":\"Article\",\"@id\":\"https:\\\/\\\/blogdofarnesio.com.br\\\/?p=67023#article\",\"isPartOf\":{\"@id\":\"https:\\\/\\\/blogdofarnesio.com.br\\\/?p=67023\"},\"author\":{\"name\":\"teste\",\"@id\":\"https:\\\/\\\/blogdofarnesio.com.br\\\/#\\\/schema\\\/person\\\/dd1bf5eba40b687199ba45ca6b97dff9\"},\"headline\":\"SECRETARIA DE ACESSIBILIDADE APRESENTA BALAN\u00c7O DAS ATIVIDADES EM 2013\",\"datePublished\":\"2013-12-16T10:23:33+00:00\",\"mainEntityOfPage\":{\"@id\":\"https:\\\/\\\/blogdofarnesio.com.br\\\/?p=67023\"},\"wordCount\":505,\"commentCount\":0,\"publisher\":{\"@id\":\"https:\\\/\\\/blogdofarnesio.com.br\\\/#organization\"},\"image\":{\"@id\":\"https:\\\/\\\/blogdofarnesio.com.br\\\/?p=67023#primaryimage\"},\"thumbnailUrl\":\"http:\\\/\\\/www.quersaberpolitica.com.br\\\/2016\\\/wp-content\\\/uploads\\\/2013\\\/05\\\/blogqsp.acessibilidade-300x139.jpg\",\"articleSection\":[\"A\u00e7\u00e3o Social\"],\"inLanguage\":\"pt-BR\",\"potentialAction\":[{\"@type\":\"CommentAction\",\"name\":\"Comment\",\"target\":[\"https:\\\/\\\/blogdofarnesio.com.br\\\/?p=67023#respond\"]}]},{\"@type\":\"WebPage\",\"@id\":\"https:\\\/\\\/blogdofarnesio.com.br\\\/?p=67023\",\"url\":\"https:\\\/\\\/blogdofarnesio.com.br\\\/?p=67023\",\"name\":\"SECRETARIA DE ACESSIBILIDADE APRESENTA BALAN\u00c7O DAS ATIVIDADES EM 2013 - Blog do Farn\u00e9sio\",\"isPartOf\":{\"@id\":\"https:\\\/\\\/blogdofarnesio.com.br\\\/#website\"},\"primaryImageOfPage\":{\"@id\":\"https:\\\/\\\/blogdofarnesio.com.br\\\/?p=67023#primaryimage\"},\"image\":{\"@id\":\"https:\\\/\\\/blogdofarnesio.com.br\\\/?p=67023#primaryimage\"},\"thumbnailUrl\":\"http:\\\/\\\/www.quersaberpolitica.com.br\\\/2016\\\/wp-content\\\/uploads\\\/2013\\\/05\\\/blogqsp.acessibilidade-300x139.jpg\",\"datePublished\":\"2013-12-16T10:23:33+00:00\",\"breadcrumb\":{\"@id\":\"https:\\\/\\\/blogdofarnesio.com.br\\\/?p=67023#breadcrumb\"},\"inLanguage\":\"pt-BR\",\"potentialAction\":[{\"@type\":\"ReadAction\",\"target\":[\"https:\\\/\\\/blogdofarnesio.com.br\\\/?p=67023\"]}]},{\"@type\":\"ImageObject\",\"inLanguage\":\"pt-BR\",\"@id\":\"https:\\\/\\\/blogdofarnesio.com.br\\\/?p=67023#primaryimage\",\"url\":\"http:\\\/\\\/www.quersaberpolitica.com.br\\\/2016\\\/wp-content\\\/uploads\\\/2013\\\/05\\\/blogqsp.acessibilidade-300x139.jpg\",\"contentUrl\":\"http:\\\/\\\/www.quersaberpolitica.com.br\\\/2016\\\/wp-content\\\/uploads\\\/2013\\\/05\\\/blogqsp.acessibilidade-300x139.jpg\"},{\"@type\":\"BreadcrumbList\",\"@id\":\"https:\\\/\\\/blogdofarnesio.com.br\\\/?p=67023#breadcrumb\",\"itemListElement\":[{\"@type\":\"ListItem\",\"position\":1,\"name\":\"In\u00edcio\",\"item\":\"https:\\\/\\\/blogdofarnesio.com.br\\\/\"},{\"@type\":\"ListItem\",\"position\":2,\"name\":\"SECRETARIA DE ACESSIBILIDADE APRESENTA BALAN\u00c7O DAS ATIVIDADES EM 2013\"}]},{\"@type\":\"WebSite\",\"@id\":\"https:\\\/\\\/blogdofarnesio.com.br\\\/#website\",\"url\":\"https:\\\/\\\/blogdofarnesio.com.br\\\/\",\"name\":\"Blog do Farn\u00e9sio\",\"description\":\"Quer Saber Pol\u00edtica?\",\"publisher\":{\"@id\":\"https:\\\/\\\/blogdofarnesio.com.br\\\/#organization\"},\"potentialAction\":[{\"@type\":\"SearchAction\",\"target\":{\"@type\":\"EntryPoint\",\"urlTemplate\":\"https:\\\/\\\/blogdofarnesio.com.br\\\/?s={search_term_string}\"},\"query-input\":{\"@type\":\"PropertyValueSpecification\",\"valueRequired\":true,\"valueName\":\"search_term_string\"}}],\"inLanguage\":\"pt-BR\"},{\"@type\":\"Organization\",\"@id\":\"https:\\\/\\\/blogdofarnesio.com.br\\\/#organization\",\"name\":\"Blog do Farn\u00e9sio\",\"url\":\"https:\\\/\\\/blogdofarnesio.com.br\\\/\",\"logo\":{\"@type\":\"ImageObject\",\"inLanguage\":\"pt-BR\",\"@id\":\"https:\\\/\\\/blogdofarnesio.com.br\\\/#\\\/schema\\\/logo\\\/image\\\/\",\"url\":\"https:\\\/\\\/blogdofarnesio.com.br\\\/wp-content\\\/uploads\\\/2026\\\/03\\\/cropped-logo_new-1.png\",\"contentUrl\":\"https:\\\/\\\/blogdofarnesio.com.br\\\/wp-content\\\/uploads\\\/2026\\\/03\\\/cropped-logo_new-1.png\",\"width\":881,\"height\":685,\"caption\":\"Blog do Farn\u00e9sio\"},\"image\":{\"@id\":\"https:\\\/\\\/blogdofarnesio.com.br\\\/#\\\/schema\\\/logo\\\/image\\\/\"},\"sameAs\":[\"https:\\\/\\\/www.facebook.com\\\/BlogQuerSaberPolitica\\\/\"]},{\"@type\":\"Person\",\"@id\":\"https:\\\/\\\/blogdofarnesio.com.br\\\/#\\\/schema\\\/person\\\/dd1bf5eba40b687199ba45ca6b97dff9\",\"name\":\"teste\",\"image\":{\"@type\":\"ImageObject\",\"inLanguage\":\"pt-BR\",\"@id\":\"https:\\\/\\\/secure.gravatar.com\\\/avatar\\\/2172498d4914b51e1d89a0f97957b035ac4938723a5cac208135d389b6972a6d?s=96&d=mm&r=g\",\"url\":\"https:\\\/\\\/secure.gravatar.com\\\/avatar\\\/2172498d4914b51e1d89a0f97957b035ac4938723a5cac208135d389b6972a6d?s=96&d=mm&r=g\",\"contentUrl\":\"https:\\\/\\\/secure.gravatar.com\\\/avatar\\\/2172498d4914b51e1d89a0f97957b035ac4938723a5cac208135d389b6972a6d?s=96&d=mm&r=g\",\"caption\":\"teste\"},\"url\":\"https:\\\/\\\/blogdofarnesio.com.br\\\/?author=3\"}]}<\/script>\n<!-- \/ Yoast SEO plugin. -->","yoast_head_json":{"title":"SECRETARIA DE ACESSIBILIDADE APRESENTA BALAN\u00c7O DAS ATIVIDADES EM 2013 - Blog do Farn\u00e9sio","robots":{"index":"index","follow":"follow","max-snippet":"max-snippet:-1","max-image-preview":"max-image-preview:large","max-video-preview":"max-video-preview:-1"},"canonical":"https:\/\/blogdofarnesio.com.br\/?p=67023","og_locale":"pt_BR","og_type":"article","og_title":"SECRETARIA DE ACESSIBILIDADE APRESENTA BALAN\u00c7O DAS ATIVIDADES EM 2013 - Blog do Farn\u00e9sio","og_description":"Sempre com o intuito de trabalhar em prol dos direitos das pessoas com defici\u00eancia no munic\u00edpio de Petrolina, nos \u00faltimos doze meses, a secretaria de Acessibilidade conseguiu se destacar em diversos segmentos da sociedade, e isso atrav\u00e9s da implanta\u00e7\u00e3o de projetos voltados para o est\u00edmulo da pr\u00e1tica de atividades esportivas, mobilidade urbana, atendimento educacional especializado, gera\u00e7\u00e3o de empregos, entre outros. Neste ano de 2013, em parceria com a secretaria de Educa\u00e7\u00e3o, foi realizada a Campanha de Sensibiliza\u00e7\u00e3o, buscando a amplia\u00e7\u00e3o do n\u00famero de matr\u00edculas para pessoas com defici\u00eancia, bem como a amplia\u00e7\u00e3o do\u00a0n\u00famero de profissionais do Atendimento Educacional Especializado\u00a0(AEE). Esta iniciativa ofereceu a crian\u00e7a, jovens e adultos uma educa\u00e7\u00e3o com mais qualidade. Al\u00e9m disso, em conjunto com as demais secretarias,&hellip;","og_url":"https:\/\/blogdofarnesio.com.br\/?p=67023","og_site_name":"Blog do Farn\u00e9sio","article_publisher":"https:\/\/www.facebook.com\/BlogQuerSaberPolitica\/","article_published_time":"2013-12-16T10:23:33+00:00","og_image":[{"url":"http:\/\/www.quersaberpolitica.com.br\/2016\/wp-content\/uploads\/2013\/05\/blogqsp.acessibilidade-300x139.jpg","type":"","width":"","height":""}],"author":"teste","twitter_card":"summary_large_image","twitter_misc":{"Escrito por":"teste","Est. tempo de leitura":"2 minutos"},"schema":{"@context":"https:\/\/schema.org","@graph":[{"@type":"Article","@id":"https:\/\/blogdofarnesio.com.br\/?p=67023#article","isPartOf":{"@id":"https:\/\/blogdofarnesio.com.br\/?p=67023"},"author":{"name":"teste","@id":"https:\/\/blogdofarnesio.com.br\/#\/schema\/person\/dd1bf5eba40b687199ba45ca6b97dff9"},"headline":"SECRETARIA DE ACESSIBILIDADE APRESENTA BALAN\u00c7O DAS ATIVIDADES EM 2013","datePublished":"2013-12-16T10:23:33+00:00","mainEntityOfPage":{"@id":"https:\/\/blogdofarnesio.com.br\/?p=67023"},"wordCount":505,"commentCount":0,"publisher":{"@id":"https:\/\/blogdofarnesio.com.br\/#organization"},"image":{"@id":"https:\/\/blogdofarnesio.com.br\/?p=67023#primaryimage"},"thumbnailUrl":"http:\/\/www.quersaberpolitica.com.br\/2016\/wp-content\/uploads\/2013\/05\/blogqsp.acessibilidade-300x139.jpg","articleSection":["A\u00e7\u00e3o Social"],"inLanguage":"pt-BR","potentialAction":[{"@type":"CommentAction","name":"Comment","target":["https:\/\/blogdofarnesio.com.br\/?p=67023#respond"]}]},{"@type":"WebPage","@id":"https:\/\/blogdofarnesio.com.br\/?p=67023","url":"https:\/\/blogdofarnesio.com.br\/?p=67023","name":"SECRETARIA DE ACESSIBILIDADE APRESENTA BALAN\u00c7O DAS ATIVIDADES EM 2013 - Blog do Farn\u00e9sio","isPartOf":{"@id":"https:\/\/blogdofarnesio.com.br\/#website"},"primaryImageOfPage":{"@id":"https:\/\/blogdofarnesio.com.br\/?p=67023#primaryimage"},"image":{"@id":"https:\/\/blogdofarnesio.com.br\/?p=67023#primaryimage"},"thumbnailUrl":"http:\/\/www.quersaberpolitica.com.br\/2016\/wp-content\/uploads\/2013\/05\/blogqsp.acessibilidade-300x139.jpg","datePublished":"2013-12-16T10:23:33+00:00","breadcrumb":{"@id":"https:\/\/blogdofarnesio.com.br\/?p=67023#breadcrumb"},"inLanguage":"pt-BR","potentialAction":[{"@type":"ReadAction","target":["https:\/\/blogdofarnesio.com.br\/?p=67023"]}]},{"@type":"ImageObject","inLanguage":"pt-BR","@id":"https:\/\/blogdofarnesio.com.br\/?p=67023#primaryimage","url":"http:\/\/www.quersaberpolitica.com.br\/2016\/wp-content\/uploads\/2013\/05\/blogqsp.acessibilidade-300x139.jpg","contentUrl":"http:\/\/www.quersaberpolitica.com.br\/2016\/wp-content\/uploads\/2013\/05\/blogqsp.acessibilidade-300x139.jpg"},{"@type":"BreadcrumbList","@id":"https:\/\/blogdofarnesio.com.br\/?p=67023#breadcrumb","itemListElement":[{"@type":"ListItem","position":1,"name":"In\u00edcio","item":"https:\/\/blogdofarnesio.com.br\/"},{"@type":"ListItem","position":2,"name":"SECRETARIA DE ACESSIBILIDADE APRESENTA BALAN\u00c7O DAS ATIVIDADES EM 2013"}]},{"@type":"WebSite","@id":"https:\/\/blogdofarnesio.com.br\/#website","url":"https:\/\/blogdofarnesio.com.br\/","name":"Blog do Farn\u00e9sio","description":"Quer Saber Pol\u00edtica?","publisher":{"@id":"https:\/\/blogdofarnesio.com.br\/#organization"},"potentialAction":[{"@type":"SearchAction","target":{"@type":"EntryPoint","urlTemplate":"https:\/\/blogdofarnesio.com.br\/?s={search_term_string}"},"query-input":{"@type":"PropertyValueSpecification","valueRequired":true,"valueName":"search_term_string"}}],"inLanguage":"pt-BR"},{"@type":"Organization","@id":"https:\/\/blogdofarnesio.com.br\/#organization","name":"Blog do Farn\u00e9sio","url":"https:\/\/blogdofarnesio.com.br\/","logo":{"@type":"ImageObject","inLanguage":"pt-BR","@id":"https:\/\/blogdofarnesio.com.br\/#\/schema\/logo\/image\/","url":"https:\/\/blogdofarnesio.com.br\/wp-content\/uploads\/2026\/03\/cropped-logo_new-1.png","contentUrl":"https:\/\/blogdofarnesio.com.br\/wp-content\/uploads\/2026\/03\/cropped-logo_new-1.png","width":881,"height":685,"caption":"Blog do Farn\u00e9sio"},"image":{"@id":"https:\/\/blogdofarnesio.com.br\/#\/schema\/logo\/image\/"},"sameAs":["https:\/\/www.facebook.com\/BlogQuerSaberPolitica\/"]},{"@type":"Person","@id":"https:\/\/blogdofarnesio.com.br\/#\/schema\/person\/dd1bf5eba40b687199ba45ca6b97dff9","name":"teste","image":{"@type":"ImageObject","inLanguage":"pt-BR","@id":"https:\/\/secure.gravatar.com\/avatar\/2172498d4914b51e1d89a0f97957b035ac4938723a5cac208135d389b6972a6d?s=96&d=mm&r=g","url":"https:\/\/secure.gravatar.com\/avatar\/2172498d4914b51e1d89a0f97957b035ac4938723a5cac208135d389b6972a6d?s=96&d=mm&r=g","contentUrl":"https:\/\/secure.gravatar.com\/avatar\/2172498d4914b51e1d89a0f97957b035ac4938723a5cac208135d389b6972a6d?s=96&d=mm&r=g","caption":"teste"},"url":"https:\/\/blogdofarnesio.com.br\/?author=3"}]}},"_links":{"self":[{"href":"https:\/\/blogdofarnesio.com.br\/index.php?rest_route=\/wp\/v2\/posts\/67023","targetHints":{"allow":["GET"]}}],"collection":[{"href":"https:\/\/blogdofarnesio.com.br\/index.php?rest_route=\/wp\/v2\/posts"}],"about":[{"href":"https:\/\/blogdofarnesio.com.br\/index.php?rest_route=\/wp\/v2\/types\/post"}],"author":[{"embeddable":true,"href":"https:\/\/blogdofarnesio.com.br\/index.php?rest_route=\/wp\/v2\/users\/3"}],"replies":[{"embeddable":true,"href":"https:\/\/blogdofarnesio.com.br\/index.php?rest_route=%2Fwp%2Fv2%2Fcomments&post=67023"}],"version-history":[{"count":0,"href":"https:\/\/blogdofarnesio.com.br\/index.php?rest_route=\/wp\/v2\/posts\/67023\/revisions"}],"wp:attachment":[{"href":"https:\/\/blogdofarnesio.com.br\/index.php?rest_route=%2Fwp%2Fv2%2Fmedia&parent=67023"}],"wp:term":[{"taxonomy":"category","embeddable":true,"href":"https:\/\/blogdofarnesio.com.br\/index.php?rest_route=%2Fwp%2Fv2%2Fcategories&post=67023"},{"taxonomy":"post_tag","embeddable":true,"href":"https:\/\/blogdofarnesio.com.br\/index.php?rest_route=%2Fwp%2Fv2%2Ftags&post=67023"}],"curies":[{"name":"wp","href":"https:\/\/api.w.org\/{rel}","templated":true}]}}