{"id":67020,"date":"2013-12-13T19:03:23","date_gmt":"2013-12-13T22:03:23","guid":{"rendered":"http:\/\/www.quersaberpolitica.com.br\/?p=67020"},"modified":"2013-12-13T15:26:05","modified_gmt":"2013-12-13T18:26:05","slug":"turma-de-jornalismo-promove-imprensaeu","status":"publish","type":"post","link":"https:\/\/blogdofarnesio.com.br\/?p=67020","title":{"rendered":"TURMA DE JORNALISMO PROMOVE IMPRENSAEU!"},"content":{"rendered":"<p style=\"text-align: justify\"><a href=\"http:\/\/www.quersaberpolitica.com.br\/2016\/wp-content\/uploads\/2013\/12\/1466304_690955724256708_1344869664_n.jpg\"><img loading=\"lazy\" decoding=\"async\" class=\"alignleft size-medium wp-image-67021\" alt=\"blogqspimprensaeu\" src=\"http:\/\/www.quersaberpolitica.com.br\/2016\/wp-content\/uploads\/2013\/12\/1466304_690955724256708_1344869664_n-300x201.jpg\" width=\"300\" height=\"201\" srcset=\"https:\/\/blogdofarnesio.com.br\/wp-content\/uploads\/2013\/12\/1466304_690955724256708_1344869664_n-300x201.jpg 300w, https:\/\/blogdofarnesio.com.br\/wp-content\/uploads\/2013\/12\/1466304_690955724256708_1344869664_n.jpg 400w\" sizes=\"auto, (max-width: 300px) 100vw, 300px\" \/><\/a>Os formandos da turma de Jornalismo da Universidade do Estado da Bahia (UNEB), em Juazeiro, promovem, neste s\u00e1bado (14), mais uma edi\u00e7\u00e3o do IMPRENSAEU!<\/p>\n<p style=\"text-align: justify\">A festa acontece no bar e petiscaria Quintal do Cajueiro, a partir das 20h com os shows do Forr\u00f3 Tio Chico e o samba envolvente de Clari Medeiros.<\/p>\n<p style=\"text-align: justify\">Diante da grande participa\u00e7\u00e3o do p\u00fablico interno e externo da faculdade nos eventos realizados pela turma, os formandos foram em busca de outros espa\u00e7os, onde o p\u00fablico tivesse mais conforto e seguran\u00e7a. Por isso, o Quintal do Cajueiro foi o local escolhido.<\/p>\n<p style=\"text-align: justify\">O propriet\u00e1rio do Quintal, Nadson Mota, diz que no que depender do local, o evento ir\u00e1 superar todas as expectativas. \u201cEstamos preparando algumas novidades em rela\u00e7\u00e3o \u00e0 estrutura de palco, luz, som, tudo para oferecer o melhor aos nossos clientes e ao p\u00fablico dessa que \u00e9 a primeira grande festa no Quintal do Cajueiro\u201d, adiantou Nadson.<!--more--><\/p>\n<p style=\"text-align: justify\">A presidente da Comiss\u00e3o de Formatura da turma de Jornalismo, Jacqueline Santos, promete muita anima\u00e7\u00e3o e cerveja gelada para quem comparecer. \u201cA nossa marca sempre foi a anima\u00e7\u00e3o e a presen\u00e7a marcante dos universit\u00e1rios e universit\u00e1rias da regi\u00e3o. Essa festa fecha um ciclo de muito sucesso em rela\u00e7\u00e3o aos nossos eventos. O IMPRENSAEU! \u00e9 para fechar com chave de ouro, n\u00e3o apenas o ano, mas uma fase inesquec\u00edvel em nossas vidas\u201d, garantiu a presidente.<\/p>\n<p style=\"text-align: justify\">O IMPRENSAEU! \u00e9 mais um evento realizado pela turma de Jornalismo 2009.2 da UNEB, que tem como objetivo arrecadar fundos para a formatura dos estudantes da turma. Os ingressos antecipados est\u00e3o sendo vendidos no Quintal do Cajueiro e diretamente com os formandos.<\/p>\n<p style=\"text-align: justify\">Contatos: (74) 8801-4830; (74) 8804-0110; (74) 8806-0087<\/p>\n<p style=\"text-align: justify\">O qu\u00ea: IMPRENSAEU!<\/p>\n<p style=\"text-align: justify\">Onde: Quintal do Cajueiro<\/p>\n<p style=\"text-align: justify\">Quando: 14 de dezembro, a partir das 20h.<\/p>\n<p style=\"text-align: justify\">Atra\u00e7\u00f5es: Tio Chico e Clari Medeiros<\/p>\n<p style=\"text-align: justify\">Quanto: R$ 10,00<\/p>\n","protected":false},"excerpt":{"rendered":"<p>Os formandos da turma de Jornalismo da Universidade do Estado da Bahia (UNEB), em Juazeiro, promovem, neste s\u00e1bado (14), mais uma edi\u00e7\u00e3o do IMPRENSAEU! A festa acontece no bar e petiscaria Quintal do Cajueiro, a partir das 20h com os shows do Forr\u00f3 Tio Chico e o samba envolvente de Clari Medeiros. Diante da grande participa\u00e7\u00e3o do p\u00fablico interno e externo da faculdade nos eventos realizados pela turma, os formandos foram em busca de outros espa\u00e7os, onde o p\u00fablico tivesse mais conforto e seguran\u00e7a. Por isso, o Quintal do Cajueiro foi o local escolhido. O propriet\u00e1rio do Quintal, Nadson Mota, diz que no que depender do local, o evento ir\u00e1 superar todas as expectativas. \u201cEstamos preparando algumas novidades em rela\u00e7\u00e3o&hellip; <\/p>\n","protected":false},"author":3,"featured_media":0,"comment_status":"open","ping_status":"open","sticky":false,"template":"","format":"standard","meta":{"_acf_changed":false,"footnotes":""},"categories":[3],"tags":[],"class_list":["post-67020","post","type-post","status-publish","format-standard","hentry","category-entretenimento"],"acf":[],"yoast_head":"<!-- This site is optimized with the Yoast SEO plugin v27.4 - https:\/\/yoast.com\/product\/yoast-seo-wordpress\/ -->\n<title>TURMA DE JORNALISMO PROMOVE IMPRENSAEU! - Blog do Farn\u00e9sio<\/title>\n<meta name=\"robots\" content=\"index, follow, max-snippet:-1, max-image-preview:large, max-video-preview:-1\" \/>\n<link rel=\"canonical\" href=\"https:\/\/blogdofarnesio.com.br\/?p=67020\" \/>\n<meta property=\"og:locale\" content=\"pt_BR\" \/>\n<meta property=\"og:type\" content=\"article\" \/>\n<meta property=\"og:title\" content=\"TURMA DE JORNALISMO PROMOVE IMPRENSAEU! - Blog do Farn\u00e9sio\" \/>\n<meta property=\"og:description\" content=\"Os formandos da turma de Jornalismo da Universidade do Estado da Bahia (UNEB), em Juazeiro, promovem, neste s\u00e1bado (14), mais uma edi\u00e7\u00e3o do IMPRENSAEU! A festa acontece no bar e petiscaria Quintal do Cajueiro, a partir das 20h com os shows do Forr\u00f3 Tio Chico e o samba envolvente de Clari Medeiros. Diante da grande participa\u00e7\u00e3o do p\u00fablico interno e externo da faculdade nos eventos realizados pela turma, os formandos foram em busca de outros espa\u00e7os, onde o p\u00fablico tivesse mais conforto e seguran\u00e7a. Por isso, o Quintal do Cajueiro foi o local escolhido. O propriet\u00e1rio do Quintal, Nadson Mota, diz que no que depender do local, o evento ir\u00e1 superar todas as expectativas. \u201cEstamos preparando algumas novidades em rela\u00e7\u00e3o&hellip;\" \/>\n<meta property=\"og:url\" content=\"https:\/\/blogdofarnesio.com.br\/?p=67020\" \/>\n<meta property=\"og:site_name\" content=\"Blog do Farn\u00e9sio\" \/>\n<meta property=\"article:publisher\" content=\"https:\/\/www.facebook.com\/BlogQuerSaberPolitica\/\" \/>\n<meta property=\"article:published_time\" content=\"2013-12-13T22:03:23+00:00\" \/>\n<meta property=\"og:image\" content=\"http:\/\/www.quersaberpolitica.com.br\/2016\/wp-content\/uploads\/2013\/12\/1466304_690955724256708_1344869664_n-300x201.jpg\" \/>\n<meta name=\"author\" content=\"teste\" \/>\n<meta name=\"twitter:card\" content=\"summary_large_image\" \/>\n<meta name=\"twitter:label1\" content=\"Escrito por\" \/>\n\t<meta name=\"twitter:data1\" content=\"teste\" \/>\n\t<meta name=\"twitter:label2\" content=\"Est. tempo de leitura\" \/>\n\t<meta name=\"twitter:data2\" content=\"2 minutos\" \/>\n<script type=\"application\/ld+json\" class=\"yoast-schema-graph\">{\"@context\":\"https:\\\/\\\/schema.org\",\"@graph\":[{\"@type\":\"Article\",\"@id\":\"https:\\\/\\\/blogdofarnesio.com.br\\\/?p=67020#article\",\"isPartOf\":{\"@id\":\"https:\\\/\\\/blogdofarnesio.com.br\\\/?p=67020\"},\"author\":{\"name\":\"teste\",\"@id\":\"https:\\\/\\\/blogdofarnesio.com.br\\\/#\\\/schema\\\/person\\\/dd1bf5eba40b687199ba45ca6b97dff9\"},\"headline\":\"TURMA DE JORNALISMO PROMOVE IMPRENSAEU!\",\"datePublished\":\"2013-12-13T22:03:23+00:00\",\"mainEntityOfPage\":{\"@id\":\"https:\\\/\\\/blogdofarnesio.com.br\\\/?p=67020\"},\"wordCount\":313,\"commentCount\":1,\"publisher\":{\"@id\":\"https:\\\/\\\/blogdofarnesio.com.br\\\/#organization\"},\"image\":{\"@id\":\"https:\\\/\\\/blogdofarnesio.com.br\\\/?p=67020#primaryimage\"},\"thumbnailUrl\":\"http:\\\/\\\/www.quersaberpolitica.com.br\\\/2016\\\/wp-content\\\/uploads\\\/2013\\\/12\\\/1466304_690955724256708_1344869664_n-300x201.jpg\",\"articleSection\":[\"Entretenimento\"],\"inLanguage\":\"pt-BR\",\"potentialAction\":[{\"@type\":\"CommentAction\",\"name\":\"Comment\",\"target\":[\"https:\\\/\\\/blogdofarnesio.com.br\\\/?p=67020#respond\"]}]},{\"@type\":\"WebPage\",\"@id\":\"https:\\\/\\\/blogdofarnesio.com.br\\\/?p=67020\",\"url\":\"https:\\\/\\\/blogdofarnesio.com.br\\\/?p=67020\",\"name\":\"TURMA DE JORNALISMO PROMOVE IMPRENSAEU! - Blog do Farn\u00e9sio\",\"isPartOf\":{\"@id\":\"https:\\\/\\\/blogdofarnesio.com.br\\\/#website\"},\"primaryImageOfPage\":{\"@id\":\"https:\\\/\\\/blogdofarnesio.com.br\\\/?p=67020#primaryimage\"},\"image\":{\"@id\":\"https:\\\/\\\/blogdofarnesio.com.br\\\/?p=67020#primaryimage\"},\"thumbnailUrl\":\"http:\\\/\\\/www.quersaberpolitica.com.br\\\/2016\\\/wp-content\\\/uploads\\\/2013\\\/12\\\/1466304_690955724256708_1344869664_n-300x201.jpg\",\"datePublished\":\"2013-12-13T22:03:23+00:00\",\"breadcrumb\":{\"@id\":\"https:\\\/\\\/blogdofarnesio.com.br\\\/?p=67020#breadcrumb\"},\"inLanguage\":\"pt-BR\",\"potentialAction\":[{\"@type\":\"ReadAction\",\"target\":[\"https:\\\/\\\/blogdofarnesio.com.br\\\/?p=67020\"]}]},{\"@type\":\"ImageObject\",\"inLanguage\":\"pt-BR\",\"@id\":\"https:\\\/\\\/blogdofarnesio.com.br\\\/?p=67020#primaryimage\",\"url\":\"http:\\\/\\\/www.quersaberpolitica.com.br\\\/2016\\\/wp-content\\\/uploads\\\/2013\\\/12\\\/1466304_690955724256708_1344869664_n-300x201.jpg\",\"contentUrl\":\"http:\\\/\\\/www.quersaberpolitica.com.br\\\/2016\\\/wp-content\\\/uploads\\\/2013\\\/12\\\/1466304_690955724256708_1344869664_n-300x201.jpg\"},{\"@type\":\"BreadcrumbList\",\"@id\":\"https:\\\/\\\/blogdofarnesio.com.br\\\/?p=67020#breadcrumb\",\"itemListElement\":[{\"@type\":\"ListItem\",\"position\":1,\"name\":\"In\u00edcio\",\"item\":\"https:\\\/\\\/blogdofarnesio.com.br\\\/\"},{\"@type\":\"ListItem\",\"position\":2,\"name\":\"TURMA DE JORNALISMO PROMOVE IMPRENSAEU!\"}]},{\"@type\":\"WebSite\",\"@id\":\"https:\\\/\\\/blogdofarnesio.com.br\\\/#website\",\"url\":\"https:\\\/\\\/blogdofarnesio.com.br\\\/\",\"name\":\"Blog do Farn\u00e9sio\",\"description\":\"Quer Saber Pol\u00edtica?\",\"publisher\":{\"@id\":\"https:\\\/\\\/blogdofarnesio.com.br\\\/#organization\"},\"potentialAction\":[{\"@type\":\"SearchAction\",\"target\":{\"@type\":\"EntryPoint\",\"urlTemplate\":\"https:\\\/\\\/blogdofarnesio.com.br\\\/?s={search_term_string}\"},\"query-input\":{\"@type\":\"PropertyValueSpecification\",\"valueRequired\":true,\"valueName\":\"search_term_string\"}}],\"inLanguage\":\"pt-BR\"},{\"@type\":\"Organization\",\"@id\":\"https:\\\/\\\/blogdofarnesio.com.br\\\/#organization\",\"name\":\"Blog do Farn\u00e9sio\",\"url\":\"https:\\\/\\\/blogdofarnesio.com.br\\\/\",\"logo\":{\"@type\":\"ImageObject\",\"inLanguage\":\"pt-BR\",\"@id\":\"https:\\\/\\\/blogdofarnesio.com.br\\\/#\\\/schema\\\/logo\\\/image\\\/\",\"url\":\"https:\\\/\\\/blogdofarnesio.com.br\\\/wp-content\\\/uploads\\\/2026\\\/03\\\/cropped-logo_new-1.png\",\"contentUrl\":\"https:\\\/\\\/blogdofarnesio.com.br\\\/wp-content\\\/uploads\\\/2026\\\/03\\\/cropped-logo_new-1.png\",\"width\":881,\"height\":685,\"caption\":\"Blog do Farn\u00e9sio\"},\"image\":{\"@id\":\"https:\\\/\\\/blogdofarnesio.com.br\\\/#\\\/schema\\\/logo\\\/image\\\/\"},\"sameAs\":[\"https:\\\/\\\/www.facebook.com\\\/BlogQuerSaberPolitica\\\/\"]},{\"@type\":\"Person\",\"@id\":\"https:\\\/\\\/blogdofarnesio.com.br\\\/#\\\/schema\\\/person\\\/dd1bf5eba40b687199ba45ca6b97dff9\",\"name\":\"teste\",\"image\":{\"@type\":\"ImageObject\",\"inLanguage\":\"pt-BR\",\"@id\":\"https:\\\/\\\/secure.gravatar.com\\\/avatar\\\/2172498d4914b51e1d89a0f97957b035ac4938723a5cac208135d389b6972a6d?s=96&d=mm&r=g\",\"url\":\"https:\\\/\\\/secure.gravatar.com\\\/avatar\\\/2172498d4914b51e1d89a0f97957b035ac4938723a5cac208135d389b6972a6d?s=96&d=mm&r=g\",\"contentUrl\":\"https:\\\/\\\/secure.gravatar.com\\\/avatar\\\/2172498d4914b51e1d89a0f97957b035ac4938723a5cac208135d389b6972a6d?s=96&d=mm&r=g\",\"caption\":\"teste\"},\"url\":\"https:\\\/\\\/blogdofarnesio.com.br\\\/?author=3\"}]}<\/script>\n<!-- \/ Yoast SEO plugin. -->","yoast_head_json":{"title":"TURMA DE JORNALISMO PROMOVE IMPRENSAEU! - Blog do Farn\u00e9sio","robots":{"index":"index","follow":"follow","max-snippet":"max-snippet:-1","max-image-preview":"max-image-preview:large","max-video-preview":"max-video-preview:-1"},"canonical":"https:\/\/blogdofarnesio.com.br\/?p=67020","og_locale":"pt_BR","og_type":"article","og_title":"TURMA DE JORNALISMO PROMOVE IMPRENSAEU! - Blog do Farn\u00e9sio","og_description":"Os formandos da turma de Jornalismo da Universidade do Estado da Bahia (UNEB), em Juazeiro, promovem, neste s\u00e1bado (14), mais uma edi\u00e7\u00e3o do IMPRENSAEU! A festa acontece no bar e petiscaria Quintal do Cajueiro, a partir das 20h com os shows do Forr\u00f3 Tio Chico e o samba envolvente de Clari Medeiros. Diante da grande participa\u00e7\u00e3o do p\u00fablico interno e externo da faculdade nos eventos realizados pela turma, os formandos foram em busca de outros espa\u00e7os, onde o p\u00fablico tivesse mais conforto e seguran\u00e7a. Por isso, o Quintal do Cajueiro foi o local escolhido. O propriet\u00e1rio do Quintal, Nadson Mota, diz que no que depender do local, o evento ir\u00e1 superar todas as expectativas. \u201cEstamos preparando algumas novidades em rela\u00e7\u00e3o&hellip;","og_url":"https:\/\/blogdofarnesio.com.br\/?p=67020","og_site_name":"Blog do Farn\u00e9sio","article_publisher":"https:\/\/www.facebook.com\/BlogQuerSaberPolitica\/","article_published_time":"2013-12-13T22:03:23+00:00","og_image":[{"url":"http:\/\/www.quersaberpolitica.com.br\/2016\/wp-content\/uploads\/2013\/12\/1466304_690955724256708_1344869664_n-300x201.jpg","type":"","width":"","height":""}],"author":"teste","twitter_card":"summary_large_image","twitter_misc":{"Escrito por":"teste","Est. tempo de leitura":"2 minutos"},"schema":{"@context":"https:\/\/schema.org","@graph":[{"@type":"Article","@id":"https:\/\/blogdofarnesio.com.br\/?p=67020#article","isPartOf":{"@id":"https:\/\/blogdofarnesio.com.br\/?p=67020"},"author":{"name":"teste","@id":"https:\/\/blogdofarnesio.com.br\/#\/schema\/person\/dd1bf5eba40b687199ba45ca6b97dff9"},"headline":"TURMA DE JORNALISMO PROMOVE IMPRENSAEU!","datePublished":"2013-12-13T22:03:23+00:00","mainEntityOfPage":{"@id":"https:\/\/blogdofarnesio.com.br\/?p=67020"},"wordCount":313,"commentCount":1,"publisher":{"@id":"https:\/\/blogdofarnesio.com.br\/#organization"},"image":{"@id":"https:\/\/blogdofarnesio.com.br\/?p=67020#primaryimage"},"thumbnailUrl":"http:\/\/www.quersaberpolitica.com.br\/2016\/wp-content\/uploads\/2013\/12\/1466304_690955724256708_1344869664_n-300x201.jpg","articleSection":["Entretenimento"],"inLanguage":"pt-BR","potentialAction":[{"@type":"CommentAction","name":"Comment","target":["https:\/\/blogdofarnesio.com.br\/?p=67020#respond"]}]},{"@type":"WebPage","@id":"https:\/\/blogdofarnesio.com.br\/?p=67020","url":"https:\/\/blogdofarnesio.com.br\/?p=67020","name":"TURMA DE JORNALISMO PROMOVE IMPRENSAEU! - Blog do Farn\u00e9sio","isPartOf":{"@id":"https:\/\/blogdofarnesio.com.br\/#website"},"primaryImageOfPage":{"@id":"https:\/\/blogdofarnesio.com.br\/?p=67020#primaryimage"},"image":{"@id":"https:\/\/blogdofarnesio.com.br\/?p=67020#primaryimage"},"thumbnailUrl":"http:\/\/www.quersaberpolitica.com.br\/2016\/wp-content\/uploads\/2013\/12\/1466304_690955724256708_1344869664_n-300x201.jpg","datePublished":"2013-12-13T22:03:23+00:00","breadcrumb":{"@id":"https:\/\/blogdofarnesio.com.br\/?p=67020#breadcrumb"},"inLanguage":"pt-BR","potentialAction":[{"@type":"ReadAction","target":["https:\/\/blogdofarnesio.com.br\/?p=67020"]}]},{"@type":"ImageObject","inLanguage":"pt-BR","@id":"https:\/\/blogdofarnesio.com.br\/?p=67020#primaryimage","url":"http:\/\/www.quersaberpolitica.com.br\/2016\/wp-content\/uploads\/2013\/12\/1466304_690955724256708_1344869664_n-300x201.jpg","contentUrl":"http:\/\/www.quersaberpolitica.com.br\/2016\/wp-content\/uploads\/2013\/12\/1466304_690955724256708_1344869664_n-300x201.jpg"},{"@type":"BreadcrumbList","@id":"https:\/\/blogdofarnesio.com.br\/?p=67020#breadcrumb","itemListElement":[{"@type":"ListItem","position":1,"name":"In\u00edcio","item":"https:\/\/blogdofarnesio.com.br\/"},{"@type":"ListItem","position":2,"name":"TURMA DE JORNALISMO PROMOVE IMPRENSAEU!"}]},{"@type":"WebSite","@id":"https:\/\/blogdofarnesio.com.br\/#website","url":"https:\/\/blogdofarnesio.com.br\/","name":"Blog do Farn\u00e9sio","description":"Quer Saber Pol\u00edtica?","publisher":{"@id":"https:\/\/blogdofarnesio.com.br\/#organization"},"potentialAction":[{"@type":"SearchAction","target":{"@type":"EntryPoint","urlTemplate":"https:\/\/blogdofarnesio.com.br\/?s={search_term_string}"},"query-input":{"@type":"PropertyValueSpecification","valueRequired":true,"valueName":"search_term_string"}}],"inLanguage":"pt-BR"},{"@type":"Organization","@id":"https:\/\/blogdofarnesio.com.br\/#organization","name":"Blog do Farn\u00e9sio","url":"https:\/\/blogdofarnesio.com.br\/","logo":{"@type":"ImageObject","inLanguage":"pt-BR","@id":"https:\/\/blogdofarnesio.com.br\/#\/schema\/logo\/image\/","url":"https:\/\/blogdofarnesio.com.br\/wp-content\/uploads\/2026\/03\/cropped-logo_new-1.png","contentUrl":"https:\/\/blogdofarnesio.com.br\/wp-content\/uploads\/2026\/03\/cropped-logo_new-1.png","width":881,"height":685,"caption":"Blog do Farn\u00e9sio"},"image":{"@id":"https:\/\/blogdofarnesio.com.br\/#\/schema\/logo\/image\/"},"sameAs":["https:\/\/www.facebook.com\/BlogQuerSaberPolitica\/"]},{"@type":"Person","@id":"https:\/\/blogdofarnesio.com.br\/#\/schema\/person\/dd1bf5eba40b687199ba45ca6b97dff9","name":"teste","image":{"@type":"ImageObject","inLanguage":"pt-BR","@id":"https:\/\/secure.gravatar.com\/avatar\/2172498d4914b51e1d89a0f97957b035ac4938723a5cac208135d389b6972a6d?s=96&d=mm&r=g","url":"https:\/\/secure.gravatar.com\/avatar\/2172498d4914b51e1d89a0f97957b035ac4938723a5cac208135d389b6972a6d?s=96&d=mm&r=g","contentUrl":"https:\/\/secure.gravatar.com\/avatar\/2172498d4914b51e1d89a0f97957b035ac4938723a5cac208135d389b6972a6d?s=96&d=mm&r=g","caption":"teste"},"url":"https:\/\/blogdofarnesio.com.br\/?author=3"}]}},"_links":{"self":[{"href":"https:\/\/blogdofarnesio.com.br\/index.php?rest_route=\/wp\/v2\/posts\/67020","targetHints":{"allow":["GET"]}}],"collection":[{"href":"https:\/\/blogdofarnesio.com.br\/index.php?rest_route=\/wp\/v2\/posts"}],"about":[{"href":"https:\/\/blogdofarnesio.com.br\/index.php?rest_route=\/wp\/v2\/types\/post"}],"author":[{"embeddable":true,"href":"https:\/\/blogdofarnesio.com.br\/index.php?rest_route=\/wp\/v2\/users\/3"}],"replies":[{"embeddable":true,"href":"https:\/\/blogdofarnesio.com.br\/index.php?rest_route=%2Fwp%2Fv2%2Fcomments&post=67020"}],"version-history":[{"count":0,"href":"https:\/\/blogdofarnesio.com.br\/index.php?rest_route=\/wp\/v2\/posts\/67020\/revisions"}],"wp:attachment":[{"href":"https:\/\/blogdofarnesio.com.br\/index.php?rest_route=%2Fwp%2Fv2%2Fmedia&parent=67020"}],"wp:term":[{"taxonomy":"category","embeddable":true,"href":"https:\/\/blogdofarnesio.com.br\/index.php?rest_route=%2Fwp%2Fv2%2Fcategories&post=67020"},{"taxonomy":"post_tag","embeddable":true,"href":"https:\/\/blogdofarnesio.com.br\/index.php?rest_route=%2Fwp%2Fv2%2Ftags&post=67020"}],"curies":[{"name":"wp","href":"https:\/\/api.w.org\/{rel}","templated":true}]}}