{"id":66977,"date":"2013-12-16T07:01:12","date_gmt":"2013-12-16T10:01:12","guid":{"rendered":"http:\/\/www.quersaberpolitica.com.br\/?p=66977"},"modified":"2013-12-15T17:14:01","modified_gmt":"2013-12-15T20:14:01","slug":"receita-abre-hoje-consulta-para-o-ultimo-lote-regular-de-restituicao-2013","status":"publish","type":"post","link":"https:\/\/blogdofarnesio.com.br\/?p=66977","title":{"rendered":"RECEITA ABRE HOJE, CONSULTA PARA O \u00daLTIMO LOTE REGULAR DE RESTITUI\u00c7\u00c3O 2013"},"content":{"rendered":"<div style=\"text-align: justify\">\n<h2><a href=\"http:\/\/www.quersaberpolitica.com.br\/2016\/wp-content\/uploads\/2012\/12\/blogqspleao-ir12.jpg\"><img loading=\"lazy\" decoding=\"async\" class=\"alignleft size-full wp-image-20609\" alt=\"blogqspleao-ir1\" src=\"http:\/\/www.quersaberpolitica.com.br\/2016\/wp-content\/uploads\/2012\/12\/blogqspleao-ir12.jpg\" width=\"291\" height=\"218\" \/><\/a><\/h2>\n<\/div>\n<div style=\"text-align: justify\">\n<p style=\"text-align: justify\">Ag\u00eancia Brasil (Bras\u00edlia) \u2013 A Receita Federal abre nesta segunda-feira (16) a consulta ao s\u00e9timo e \u00faltimo lote regular de restitui\u00e7\u00f5es do Imposto de Renda PF do exerc\u00edcio de 2013.<\/p>\n<p style=\"text-align: justify\">O contribuinte que ainda n\u00e3o recebeu a restitui\u00e7\u00e3o e n\u00e3o est\u00e1 neste lote caiu na malha fina. Segundo o secret\u00e1rio da Receita Federal, Carlos Alberto Barreto, pela primeira vez, a consulta e o pagamento ocorrer\u00e3o no mesmo dia.<\/p>\n<p>O atraso na libera\u00e7\u00e3o do lote ocorreru porque a Receita procurou consolidar o maior n\u00famero poss\u00edvel de restitui\u00e7\u00f5es na \u00faltima rela\u00e7\u00e3o de contribuintes, disse o secret\u00e1rio.<\/p>\n<p>Nesta segunda-feira, ser\u00e3o tamb\u00e9m liberados da malha fina lotes residuais referentes aos exerc\u00edcios de 2008 a 2012.<!--more--> De acordo com a Receita, 711.309 declara\u00e7\u00f5es com expectativa de imposto a restituir ficaram na malha fina deste ano. Barreto disse que o n\u00famero \u00e9 normal e est\u00e1 dentro das expectativas.<\/p>\n<p>Para fazer a consulta, o contribuinte pode acessar o endere\u00e7o\u00a0<a href=\"http:\/\/www.receita.fazenda.gov.br\/\">www.receita.fazenda.gov.br<\/a>, ligar para o Receitafone, no n\u00famero 146, ou verificar se o dinheiro entrou na sua conta.<\/p>\n<\/div>\n","protected":false},"excerpt":{"rendered":"<p>Ag\u00eancia Brasil (Bras\u00edlia) \u2013 A Receita Federal abre nesta segunda-feira (16) a consulta ao s\u00e9timo e \u00faltimo lote regular de restitui\u00e7\u00f5es do Imposto de Renda PF do exerc\u00edcio de 2013. O contribuinte que ainda n\u00e3o recebeu a restitui\u00e7\u00e3o e n\u00e3o est\u00e1 neste lote caiu na malha fina. Segundo o secret\u00e1rio da Receita Federal, Carlos Alberto Barreto, pela primeira vez, a consulta e o pagamento ocorrer\u00e3o no mesmo dia. O atraso na libera\u00e7\u00e3o do lote ocorreru porque a Receita procurou consolidar o maior n\u00famero poss\u00edvel de restitui\u00e7\u00f5es na \u00faltima rela\u00e7\u00e3o de contribuintes, disse o secret\u00e1rio. Nesta segunda-feira, ser\u00e3o tamb\u00e9m liberados da malha fina lotes residuais referentes aos exerc\u00edcios de 2008 a 2012.<\/p>\n","protected":false},"author":3,"featured_media":0,"comment_status":"open","ping_status":"open","sticky":false,"template":"","format":"standard","meta":{"_acf_changed":false,"footnotes":""},"categories":[20],"tags":[],"class_list":["post-66977","post","type-post","status-publish","format-standard","hentry","category-economia"],"acf":[],"yoast_head":"<!-- This site is optimized with the Yoast SEO plugin v27.4 - https:\/\/yoast.com\/product\/yoast-seo-wordpress\/ -->\n<title>RECEITA ABRE HOJE, CONSULTA PARA O \u00daLTIMO LOTE REGULAR DE RESTITUI\u00c7\u00c3O 2013 - Blog do Farn\u00e9sio<\/title>\n<meta name=\"robots\" content=\"index, follow, max-snippet:-1, max-image-preview:large, max-video-preview:-1\" \/>\n<link rel=\"canonical\" href=\"https:\/\/blogdofarnesio.com.br\/?p=66977\" \/>\n<meta property=\"og:locale\" content=\"pt_BR\" \/>\n<meta property=\"og:type\" content=\"article\" \/>\n<meta property=\"og:title\" content=\"RECEITA ABRE HOJE, CONSULTA PARA O \u00daLTIMO LOTE REGULAR DE RESTITUI\u00c7\u00c3O 2013 - Blog do Farn\u00e9sio\" \/>\n<meta property=\"og:description\" content=\"Ag\u00eancia Brasil (Bras\u00edlia) \u2013 A Receita Federal abre nesta segunda-feira (16) a consulta ao s\u00e9timo e \u00faltimo lote regular de restitui\u00e7\u00f5es do Imposto de Renda PF do exerc\u00edcio de 2013. O contribuinte que ainda n\u00e3o recebeu a restitui\u00e7\u00e3o e n\u00e3o est\u00e1 neste lote caiu na malha fina. Segundo o secret\u00e1rio da Receita Federal, Carlos Alberto Barreto, pela primeira vez, a consulta e o pagamento ocorrer\u00e3o no mesmo dia. O atraso na libera\u00e7\u00e3o do lote ocorreru porque a Receita procurou consolidar o maior n\u00famero poss\u00edvel de restitui\u00e7\u00f5es na \u00faltima rela\u00e7\u00e3o de contribuintes, disse o secret\u00e1rio. Nesta segunda-feira, ser\u00e3o tamb\u00e9m liberados da malha fina lotes residuais referentes aos exerc\u00edcios de 2008 a 2012.\" \/>\n<meta property=\"og:url\" content=\"https:\/\/blogdofarnesio.com.br\/?p=66977\" \/>\n<meta property=\"og:site_name\" content=\"Blog do Farn\u00e9sio\" \/>\n<meta property=\"article:publisher\" content=\"https:\/\/www.facebook.com\/BlogQuerSaberPolitica\/\" \/>\n<meta property=\"article:published_time\" content=\"2013-12-16T10:01:12+00:00\" \/>\n<meta property=\"og:image\" content=\"http:\/\/www.quersaberpolitica.com.br\/2016\/wp-content\/uploads\/2012\/12\/blogqspleao-ir12.jpg\" \/>\n<meta name=\"author\" content=\"teste\" \/>\n<meta name=\"twitter:card\" content=\"summary_large_image\" \/>\n<meta name=\"twitter:label1\" content=\"Escrito por\" \/>\n\t<meta name=\"twitter:data1\" content=\"teste\" \/>\n\t<meta name=\"twitter:label2\" content=\"Est. tempo de leitura\" \/>\n\t<meta name=\"twitter:data2\" content=\"1 minuto\" \/>\n<script type=\"application\/ld+json\" class=\"yoast-schema-graph\">{\"@context\":\"https:\\\/\\\/schema.org\",\"@graph\":[{\"@type\":\"Article\",\"@id\":\"https:\\\/\\\/blogdofarnesio.com.br\\\/?p=66977#article\",\"isPartOf\":{\"@id\":\"https:\\\/\\\/blogdofarnesio.com.br\\\/?p=66977\"},\"author\":{\"name\":\"teste\",\"@id\":\"https:\\\/\\\/blogdofarnesio.com.br\\\/#\\\/schema\\\/person\\\/dd1bf5eba40b687199ba45ca6b97dff9\"},\"headline\":\"RECEITA ABRE HOJE, CONSULTA PARA O \u00daLTIMO LOTE REGULAR DE RESTITUI\u00c7\u00c3O 2013\",\"datePublished\":\"2013-12-16T10:01:12+00:00\",\"mainEntityOfPage\":{\"@id\":\"https:\\\/\\\/blogdofarnesio.com.br\\\/?p=66977\"},\"wordCount\":200,\"commentCount\":0,\"publisher\":{\"@id\":\"https:\\\/\\\/blogdofarnesio.com.br\\\/#organization\"},\"image\":{\"@id\":\"https:\\\/\\\/blogdofarnesio.com.br\\\/?p=66977#primaryimage\"},\"thumbnailUrl\":\"http:\\\/\\\/www.quersaberpolitica.com.br\\\/2016\\\/wp-content\\\/uploads\\\/2012\\\/12\\\/blogqspleao-ir12.jpg\",\"articleSection\":[\"Economia\"],\"inLanguage\":\"pt-BR\",\"potentialAction\":[{\"@type\":\"CommentAction\",\"name\":\"Comment\",\"target\":[\"https:\\\/\\\/blogdofarnesio.com.br\\\/?p=66977#respond\"]}]},{\"@type\":\"WebPage\",\"@id\":\"https:\\\/\\\/blogdofarnesio.com.br\\\/?p=66977\",\"url\":\"https:\\\/\\\/blogdofarnesio.com.br\\\/?p=66977\",\"name\":\"RECEITA ABRE HOJE, CONSULTA PARA O \u00daLTIMO LOTE REGULAR DE RESTITUI\u00c7\u00c3O 2013 - Blog do Farn\u00e9sio\",\"isPartOf\":{\"@id\":\"https:\\\/\\\/blogdofarnesio.com.br\\\/#website\"},\"primaryImageOfPage\":{\"@id\":\"https:\\\/\\\/blogdofarnesio.com.br\\\/?p=66977#primaryimage\"},\"image\":{\"@id\":\"https:\\\/\\\/blogdofarnesio.com.br\\\/?p=66977#primaryimage\"},\"thumbnailUrl\":\"http:\\\/\\\/www.quersaberpolitica.com.br\\\/2016\\\/wp-content\\\/uploads\\\/2012\\\/12\\\/blogqspleao-ir12.jpg\",\"datePublished\":\"2013-12-16T10:01:12+00:00\",\"breadcrumb\":{\"@id\":\"https:\\\/\\\/blogdofarnesio.com.br\\\/?p=66977#breadcrumb\"},\"inLanguage\":\"pt-BR\",\"potentialAction\":[{\"@type\":\"ReadAction\",\"target\":[\"https:\\\/\\\/blogdofarnesio.com.br\\\/?p=66977\"]}]},{\"@type\":\"ImageObject\",\"inLanguage\":\"pt-BR\",\"@id\":\"https:\\\/\\\/blogdofarnesio.com.br\\\/?p=66977#primaryimage\",\"url\":\"http:\\\/\\\/www.quersaberpolitica.com.br\\\/2016\\\/wp-content\\\/uploads\\\/2012\\\/12\\\/blogqspleao-ir12.jpg\",\"contentUrl\":\"http:\\\/\\\/www.quersaberpolitica.com.br\\\/2016\\\/wp-content\\\/uploads\\\/2012\\\/12\\\/blogqspleao-ir12.jpg\"},{\"@type\":\"BreadcrumbList\",\"@id\":\"https:\\\/\\\/blogdofarnesio.com.br\\\/?p=66977#breadcrumb\",\"itemListElement\":[{\"@type\":\"ListItem\",\"position\":1,\"name\":\"In\u00edcio\",\"item\":\"https:\\\/\\\/blogdofarnesio.com.br\\\/\"},{\"@type\":\"ListItem\",\"position\":2,\"name\":\"RECEITA ABRE HOJE, CONSULTA PARA O \u00daLTIMO LOTE REGULAR DE RESTITUI\u00c7\u00c3O 2013\"}]},{\"@type\":\"WebSite\",\"@id\":\"https:\\\/\\\/blogdofarnesio.com.br\\\/#website\",\"url\":\"https:\\\/\\\/blogdofarnesio.com.br\\\/\",\"name\":\"Blog do Farn\u00e9sio\",\"description\":\"Quer Saber Pol\u00edtica?\",\"publisher\":{\"@id\":\"https:\\\/\\\/blogdofarnesio.com.br\\\/#organization\"},\"potentialAction\":[{\"@type\":\"SearchAction\",\"target\":{\"@type\":\"EntryPoint\",\"urlTemplate\":\"https:\\\/\\\/blogdofarnesio.com.br\\\/?s={search_term_string}\"},\"query-input\":{\"@type\":\"PropertyValueSpecification\",\"valueRequired\":true,\"valueName\":\"search_term_string\"}}],\"inLanguage\":\"pt-BR\"},{\"@type\":\"Organization\",\"@id\":\"https:\\\/\\\/blogdofarnesio.com.br\\\/#organization\",\"name\":\"Blog do Farn\u00e9sio\",\"url\":\"https:\\\/\\\/blogdofarnesio.com.br\\\/\",\"logo\":{\"@type\":\"ImageObject\",\"inLanguage\":\"pt-BR\",\"@id\":\"https:\\\/\\\/blogdofarnesio.com.br\\\/#\\\/schema\\\/logo\\\/image\\\/\",\"url\":\"https:\\\/\\\/blogdofarnesio.com.br\\\/wp-content\\\/uploads\\\/2026\\\/03\\\/cropped-logo_new-1.png\",\"contentUrl\":\"https:\\\/\\\/blogdofarnesio.com.br\\\/wp-content\\\/uploads\\\/2026\\\/03\\\/cropped-logo_new-1.png\",\"width\":881,\"height\":685,\"caption\":\"Blog do Farn\u00e9sio\"},\"image\":{\"@id\":\"https:\\\/\\\/blogdofarnesio.com.br\\\/#\\\/schema\\\/logo\\\/image\\\/\"},\"sameAs\":[\"https:\\\/\\\/www.facebook.com\\\/BlogQuerSaberPolitica\\\/\"]},{\"@type\":\"Person\",\"@id\":\"https:\\\/\\\/blogdofarnesio.com.br\\\/#\\\/schema\\\/person\\\/dd1bf5eba40b687199ba45ca6b97dff9\",\"name\":\"teste\",\"image\":{\"@type\":\"ImageObject\",\"inLanguage\":\"pt-BR\",\"@id\":\"https:\\\/\\\/secure.gravatar.com\\\/avatar\\\/2172498d4914b51e1d89a0f97957b035ac4938723a5cac208135d389b6972a6d?s=96&d=mm&r=g\",\"url\":\"https:\\\/\\\/secure.gravatar.com\\\/avatar\\\/2172498d4914b51e1d89a0f97957b035ac4938723a5cac208135d389b6972a6d?s=96&d=mm&r=g\",\"contentUrl\":\"https:\\\/\\\/secure.gravatar.com\\\/avatar\\\/2172498d4914b51e1d89a0f97957b035ac4938723a5cac208135d389b6972a6d?s=96&d=mm&r=g\",\"caption\":\"teste\"},\"url\":\"https:\\\/\\\/blogdofarnesio.com.br\\\/?author=3\"}]}<\/script>\n<!-- \/ Yoast SEO plugin. -->","yoast_head_json":{"title":"RECEITA ABRE HOJE, CONSULTA PARA O \u00daLTIMO LOTE REGULAR DE RESTITUI\u00c7\u00c3O 2013 - Blog do Farn\u00e9sio","robots":{"index":"index","follow":"follow","max-snippet":"max-snippet:-1","max-image-preview":"max-image-preview:large","max-video-preview":"max-video-preview:-1"},"canonical":"https:\/\/blogdofarnesio.com.br\/?p=66977","og_locale":"pt_BR","og_type":"article","og_title":"RECEITA ABRE HOJE, CONSULTA PARA O \u00daLTIMO LOTE REGULAR DE RESTITUI\u00c7\u00c3O 2013 - Blog do Farn\u00e9sio","og_description":"Ag\u00eancia Brasil (Bras\u00edlia) \u2013 A Receita Federal abre nesta segunda-feira (16) a consulta ao s\u00e9timo e \u00faltimo lote regular de restitui\u00e7\u00f5es do Imposto de Renda PF do exerc\u00edcio de 2013. O contribuinte que ainda n\u00e3o recebeu a restitui\u00e7\u00e3o e n\u00e3o est\u00e1 neste lote caiu na malha fina. Segundo o secret\u00e1rio da Receita Federal, Carlos Alberto Barreto, pela primeira vez, a consulta e o pagamento ocorrer\u00e3o no mesmo dia. O atraso na libera\u00e7\u00e3o do lote ocorreru porque a Receita procurou consolidar o maior n\u00famero poss\u00edvel de restitui\u00e7\u00f5es na \u00faltima rela\u00e7\u00e3o de contribuintes, disse o secret\u00e1rio. Nesta segunda-feira, ser\u00e3o tamb\u00e9m liberados da malha fina lotes residuais referentes aos exerc\u00edcios de 2008 a 2012.","og_url":"https:\/\/blogdofarnesio.com.br\/?p=66977","og_site_name":"Blog do Farn\u00e9sio","article_publisher":"https:\/\/www.facebook.com\/BlogQuerSaberPolitica\/","article_published_time":"2013-12-16T10:01:12+00:00","og_image":[{"url":"http:\/\/www.quersaberpolitica.com.br\/2016\/wp-content\/uploads\/2012\/12\/blogqspleao-ir12.jpg","type":"","width":"","height":""}],"author":"teste","twitter_card":"summary_large_image","twitter_misc":{"Escrito por":"teste","Est. tempo de leitura":"1 minuto"},"schema":{"@context":"https:\/\/schema.org","@graph":[{"@type":"Article","@id":"https:\/\/blogdofarnesio.com.br\/?p=66977#article","isPartOf":{"@id":"https:\/\/blogdofarnesio.com.br\/?p=66977"},"author":{"name":"teste","@id":"https:\/\/blogdofarnesio.com.br\/#\/schema\/person\/dd1bf5eba40b687199ba45ca6b97dff9"},"headline":"RECEITA ABRE HOJE, CONSULTA PARA O \u00daLTIMO LOTE REGULAR DE RESTITUI\u00c7\u00c3O 2013","datePublished":"2013-12-16T10:01:12+00:00","mainEntityOfPage":{"@id":"https:\/\/blogdofarnesio.com.br\/?p=66977"},"wordCount":200,"commentCount":0,"publisher":{"@id":"https:\/\/blogdofarnesio.com.br\/#organization"},"image":{"@id":"https:\/\/blogdofarnesio.com.br\/?p=66977#primaryimage"},"thumbnailUrl":"http:\/\/www.quersaberpolitica.com.br\/2016\/wp-content\/uploads\/2012\/12\/blogqspleao-ir12.jpg","articleSection":["Economia"],"inLanguage":"pt-BR","potentialAction":[{"@type":"CommentAction","name":"Comment","target":["https:\/\/blogdofarnesio.com.br\/?p=66977#respond"]}]},{"@type":"WebPage","@id":"https:\/\/blogdofarnesio.com.br\/?p=66977","url":"https:\/\/blogdofarnesio.com.br\/?p=66977","name":"RECEITA ABRE HOJE, CONSULTA PARA O \u00daLTIMO LOTE REGULAR DE RESTITUI\u00c7\u00c3O 2013 - Blog do Farn\u00e9sio","isPartOf":{"@id":"https:\/\/blogdofarnesio.com.br\/#website"},"primaryImageOfPage":{"@id":"https:\/\/blogdofarnesio.com.br\/?p=66977#primaryimage"},"image":{"@id":"https:\/\/blogdofarnesio.com.br\/?p=66977#primaryimage"},"thumbnailUrl":"http:\/\/www.quersaberpolitica.com.br\/2016\/wp-content\/uploads\/2012\/12\/blogqspleao-ir12.jpg","datePublished":"2013-12-16T10:01:12+00:00","breadcrumb":{"@id":"https:\/\/blogdofarnesio.com.br\/?p=66977#breadcrumb"},"inLanguage":"pt-BR","potentialAction":[{"@type":"ReadAction","target":["https:\/\/blogdofarnesio.com.br\/?p=66977"]}]},{"@type":"ImageObject","inLanguage":"pt-BR","@id":"https:\/\/blogdofarnesio.com.br\/?p=66977#primaryimage","url":"http:\/\/www.quersaberpolitica.com.br\/2016\/wp-content\/uploads\/2012\/12\/blogqspleao-ir12.jpg","contentUrl":"http:\/\/www.quersaberpolitica.com.br\/2016\/wp-content\/uploads\/2012\/12\/blogqspleao-ir12.jpg"},{"@type":"BreadcrumbList","@id":"https:\/\/blogdofarnesio.com.br\/?p=66977#breadcrumb","itemListElement":[{"@type":"ListItem","position":1,"name":"In\u00edcio","item":"https:\/\/blogdofarnesio.com.br\/"},{"@type":"ListItem","position":2,"name":"RECEITA ABRE HOJE, CONSULTA PARA O \u00daLTIMO LOTE REGULAR DE RESTITUI\u00c7\u00c3O 2013"}]},{"@type":"WebSite","@id":"https:\/\/blogdofarnesio.com.br\/#website","url":"https:\/\/blogdofarnesio.com.br\/","name":"Blog do Farn\u00e9sio","description":"Quer Saber Pol\u00edtica?","publisher":{"@id":"https:\/\/blogdofarnesio.com.br\/#organization"},"potentialAction":[{"@type":"SearchAction","target":{"@type":"EntryPoint","urlTemplate":"https:\/\/blogdofarnesio.com.br\/?s={search_term_string}"},"query-input":{"@type":"PropertyValueSpecification","valueRequired":true,"valueName":"search_term_string"}}],"inLanguage":"pt-BR"},{"@type":"Organization","@id":"https:\/\/blogdofarnesio.com.br\/#organization","name":"Blog do Farn\u00e9sio","url":"https:\/\/blogdofarnesio.com.br\/","logo":{"@type":"ImageObject","inLanguage":"pt-BR","@id":"https:\/\/blogdofarnesio.com.br\/#\/schema\/logo\/image\/","url":"https:\/\/blogdofarnesio.com.br\/wp-content\/uploads\/2026\/03\/cropped-logo_new-1.png","contentUrl":"https:\/\/blogdofarnesio.com.br\/wp-content\/uploads\/2026\/03\/cropped-logo_new-1.png","width":881,"height":685,"caption":"Blog do Farn\u00e9sio"},"image":{"@id":"https:\/\/blogdofarnesio.com.br\/#\/schema\/logo\/image\/"},"sameAs":["https:\/\/www.facebook.com\/BlogQuerSaberPolitica\/"]},{"@type":"Person","@id":"https:\/\/blogdofarnesio.com.br\/#\/schema\/person\/dd1bf5eba40b687199ba45ca6b97dff9","name":"teste","image":{"@type":"ImageObject","inLanguage":"pt-BR","@id":"https:\/\/secure.gravatar.com\/avatar\/2172498d4914b51e1d89a0f97957b035ac4938723a5cac208135d389b6972a6d?s=96&d=mm&r=g","url":"https:\/\/secure.gravatar.com\/avatar\/2172498d4914b51e1d89a0f97957b035ac4938723a5cac208135d389b6972a6d?s=96&d=mm&r=g","contentUrl":"https:\/\/secure.gravatar.com\/avatar\/2172498d4914b51e1d89a0f97957b035ac4938723a5cac208135d389b6972a6d?s=96&d=mm&r=g","caption":"teste"},"url":"https:\/\/blogdofarnesio.com.br\/?author=3"}]}},"_links":{"self":[{"href":"https:\/\/blogdofarnesio.com.br\/index.php?rest_route=\/wp\/v2\/posts\/66977","targetHints":{"allow":["GET"]}}],"collection":[{"href":"https:\/\/blogdofarnesio.com.br\/index.php?rest_route=\/wp\/v2\/posts"}],"about":[{"href":"https:\/\/blogdofarnesio.com.br\/index.php?rest_route=\/wp\/v2\/types\/post"}],"author":[{"embeddable":true,"href":"https:\/\/blogdofarnesio.com.br\/index.php?rest_route=\/wp\/v2\/users\/3"}],"replies":[{"embeddable":true,"href":"https:\/\/blogdofarnesio.com.br\/index.php?rest_route=%2Fwp%2Fv2%2Fcomments&post=66977"}],"version-history":[{"count":0,"href":"https:\/\/blogdofarnesio.com.br\/index.php?rest_route=\/wp\/v2\/posts\/66977\/revisions"}],"wp:attachment":[{"href":"https:\/\/blogdofarnesio.com.br\/index.php?rest_route=%2Fwp%2Fv2%2Fmedia&parent=66977"}],"wp:term":[{"taxonomy":"category","embeddable":true,"href":"https:\/\/blogdofarnesio.com.br\/index.php?rest_route=%2Fwp%2Fv2%2Fcategories&post=66977"},{"taxonomy":"post_tag","embeddable":true,"href":"https:\/\/blogdofarnesio.com.br\/index.php?rest_route=%2Fwp%2Fv2%2Ftags&post=66977"}],"curies":[{"name":"wp","href":"https:\/\/api.w.org\/{rel}","templated":true}]}}