{"id":66406,"date":"2013-12-09T14:43:36","date_gmt":"2013-12-09T17:43:36","guid":{"rendered":"http:\/\/www.quersaberpolitica.com.br\/?p=66406"},"modified":"2013-12-09T10:54:21","modified_gmt":"2013-12-09T13:54:21","slug":"umbuzada-sonora-encerra-2013-com-chave-de-ouro-em-juazeiro","status":"publish","type":"post","link":"https:\/\/blogdofarnesio.com.br\/?p=66406","title":{"rendered":"UMBUZADA SONORA ENCERRA 2013 COM CHAVE DE OURO EM JUAZEIRO"},"content":{"rendered":"<p style=\"text-align: justify\"><a href=\"http:\/\/www.quersaberpolitica.com.br\/2016\/wp-content\/uploads\/2013\/12\/blogqspumbuzada.jpg\"><img loading=\"lazy\" decoding=\"async\" class=\"alignleft size-full wp-image-66409\" alt=\"blogqspumbuzada\" src=\"http:\/\/www.quersaberpolitica.com.br\/2016\/wp-content\/uploads\/2013\/12\/blogqspumbuzada.jpg\" width=\"283\" height=\"283\" srcset=\"https:\/\/blogdofarnesio.com.br\/wp-content\/uploads\/2013\/12\/blogqspumbuzada.jpg 283w, https:\/\/blogdofarnesio.com.br\/wp-content\/uploads\/2013\/12\/blogqspumbuzada-150x150.jpg 150w\" sizes=\"auto, (max-width: 283px) 100vw, 283px\" \/><\/a>A m\u00fasica independente encerra o ano de 2013 em grande estilo na regi\u00e3o do Vale do S\u00e3o Francisco.<\/p>\n<p style=\"text-align: justify\">\u00c9 o Festival Umbuzada Sonora em sua quarta edi\u00e7\u00e3o, mantendo a tradi\u00e7\u00e3o de alta qualidade e diversidade de estilos, unindo grandes nomes da m\u00fasica independente brasileira com bandas que v\u00eam se destacando na cena local.<\/p>\n<p style=\"text-align: justify\">O Umbuzada Sonora acontece em Juazeiro desde 2010 e \u00e9 um dos principais festivais de m\u00fasica independente do interior nordestino, com ades\u00e3o crescente de p\u00fablico e da m\u00eddia regional. O festival \u00e9 um evento estruturante para inser\u00e7\u00e3o da cena local no atual mercado nacional da m\u00fasica e foi incubado atrav\u00e9s de projetos anteriores da Maquin\u00e1rio Produ\u00e7\u00f5es, Rede Motiva e IFEM, na Rede Conex\u00e3o.<\/p>\n<p style=\"text-align: justify\">Depois da terceira edi\u00e7\u00e3o, o projeto foi selecionado pela Secretaria de Cultura da Bahia, dentro do Edital de Eventos Calendarizados 2013, o que garante a realiza\u00e7\u00e3o da edi\u00e7\u00e3o deste ano, al\u00e9m da quinta edi\u00e7\u00e3o em 2014 e da sexta edi\u00e7\u00e3o em 2015.<!--more--><\/p>\n<p style=\"text-align: justify\">Este ano tamb\u00e9m marca a entrada da Conspiradoria Projetos e Produ\u00e7\u00f5es, dirigida por Celso de Carvalho e Luciana Carvalho, como realizadora do evento, em parceria com a Maquin\u00e1rio Produ\u00e7\u00f5es, de Vince Athayde. O Coletivo Colet\u00e2nea, grupo bastante atuante nos eventos da regi\u00e3o, formado por Cristiano Lima, J\u00fanior Rocha, Joc\u00e9lio Bello de Carvalho e J\u00fanior Souza, completam a equipe de produ\u00e7\u00e3o.<!--more--><\/p>\n<p style=\"text-align: justify\">A Curadoria, a cargo de Vince Athayde e Celso de Carvalho, prop\u00f5e-se a criar um mosaico de atra\u00e7\u00f5es locais e nacionais, com prioridade para artistas baianos, que representem as tend\u00eancias musicais que est\u00e3o sendo produzidas no pa\u00eds e que estejam circulando pelas capitais brasileiras, mas que dificilmente vem para as cidades do interior nordestino. Contrap\u00f5e estes shows que vem de fora com o que h\u00e1 de mais relevante em trabalhos musicais recentes de Juazeiro e Petrolina.<\/p>\n<p style=\"text-align: justify\">O Festival Umbuzada Sonora sempre vai al\u00e9m dos shows musicais e do interc\u00e2mbio entre artistas e produtores. Sempre h\u00e1 atividades formativas e\/ou de discuss\u00e3o de temas relacionados \u00e0 m\u00fasica independente.<\/p>\n<p style=\"text-align: justify\">Nesta quarta edi\u00e7\u00e3o, consolida-se o formato de 2 (duas) noites de shows e mais um dia voltado para a forma\u00e7\u00e3o art\u00edstica, atrav\u00e9s de uma mesa redonda musical. Visando fortalecer a mesa redonda, esta edi\u00e7\u00e3o traz uma inova\u00e7\u00e3o: esta atividade ser\u00e1 uma mostra de pocket shows de m\u00fasica instrumental, em formato de jam session com m\u00fasicos locais, numa esp\u00e9cie de celebra\u00e7\u00e3o de abertura das atividades.<\/p>\n<p style=\"text-align: justify\">Os ingressos estar\u00e3o \u00e0 venda a pre\u00e7os populares &#8211; R$10,00 (inteira) e R$5 (meia) &#8211; na Loja Mundo Verde, no River Shopping (a partir de 20\/12, e no Centro de Cultura Jo\u00e3o Gilberto (a partir de 26\/12) .<\/p>\n<p style=\"text-align: justify\">REALIZA\u00c7\u00c3O: Maquin\u00e1rio Produ\u00e7\u00f5es e Conspiradoria Projetos e Produ\u00e7\u00f5es<\/p>\n<p style=\"text-align: justify\">PRODU\u00c7\u00c3O: Colet\u00e2nea Coletivo<\/p>\n<p style=\"text-align: justify\">APOIO: Rede Conex\u00e3o e Mundo Verde Petrolina<\/p>\n<p style=\"text-align: justify\">APOIO FINANCEIRO: Secretaria da Fazenda, Secretaria de Cultura, Governo da Bahia, atrav\u00e9s do Fundo de Cultura da Bahia<\/p>\n<p style=\"text-align: justify\">Programa\u00e7\u00e3o:<\/p>\n<p style=\"text-align: justify\">Atividade formativa: Laborat\u00f3rio Instrumental, exclusivo para m\u00fasicos: dia 26\/12\/2013, Sala Principal do Centro de Cultura Jo\u00e3o Gilberto, das 9h \u00e0s 12h e das 14h \u00e0s 17h. Inscri\u00e7\u00f5es atrav\u00e9s do e-mail umbuzada@conspiradoria.com.br . Gratuito.<\/p>\n<p style=\"text-align: justify\">Abertura Oficial dia 26\/12\/2013, com o evento M\u00daSICA SEM PALAVRA COM PALAVRA SEM M\u00daSICA \u2013 Poesia e M\u00fasica Instrumental, Sala Principal do Centro de Cultura Jo\u00e3o Gilberto, \u00e0s 19h. Participa\u00e7\u00f5es de Luiz Galv\u00e3o, Camerata Matingueiros, Juazz\u00eara 4 e Ed\u00e9sio C\u00e9sar e banda. Gratuito.<\/p>\n<p style=\"text-align: justify\">Shows musicais: dias 27 e 28\/12\/2013, Arena do Centro de Cultura Jo\u00e3o Gilberto, a partir das 20h. Ingressos R$ 10,00 (inteira) e R$ 5,00 (meia e antecipado).<\/p>\n<p style=\"text-align: justify\">Atra\u00e7\u00f5es convidadas:<\/p>\n<p style=\"text-align: justify\">27\/12: Mal de Dois (Juazeiro-BA), Cobaias (Petrolina-PE), Maglore (Salvador-BA) e Ad\u00e3o Negro (Salvador-BA)<\/p>\n<p style=\"text-align: justify\">28\/12: Sanit\u00e1rio Sexy (Juazeiro-BA), S\u00f3da Solta (Juazeiro-BA), Magary Lord (Salvador-BA) e Pirigulino Babilake (Salvador-BA) canta Novos Baianos, com participa\u00e7\u00e3o de Luiz Galv\u00e3o (Juazeiro-BA)<\/p>\n<p>&nbsp;<\/p>\n","protected":false},"excerpt":{"rendered":"<p>A m\u00fasica independente encerra o ano de 2013 em grande estilo na regi\u00e3o do Vale do S\u00e3o Francisco. \u00c9 o Festival Umbuzada Sonora em sua quarta edi\u00e7\u00e3o, mantendo a tradi\u00e7\u00e3o de alta qualidade e diversidade de estilos, unindo grandes nomes da m\u00fasica independente brasileira com bandas que v\u00eam se destacando na cena local. O Umbuzada Sonora acontece em Juazeiro desde 2010 e \u00e9 um dos principais festivais de m\u00fasica independente do interior nordestino, com ades\u00e3o crescente de p\u00fablico e da m\u00eddia regional. O festival \u00e9 um evento estruturante para inser\u00e7\u00e3o da cena local no atual mercado nacional da m\u00fasica e foi incubado atrav\u00e9s de projetos anteriores da Maquin\u00e1rio Produ\u00e7\u00f5es, Rede Motiva e IFEM, na Rede Conex\u00e3o. Depois da terceira edi\u00e7\u00e3o,&hellip; <\/p>\n","protected":false},"author":3,"featured_media":0,"comment_status":"open","ping_status":"open","sticky":false,"template":"","format":"standard","meta":{"_acf_changed":false,"footnotes":""},"categories":[10],"tags":[],"class_list":["post-66406","post","type-post","status-publish","format-standard","hentry","category-cultura"],"acf":[],"yoast_head":"<!-- This site is optimized with the Yoast SEO plugin v27.4 - https:\/\/yoast.com\/product\/yoast-seo-wordpress\/ -->\n<title>UMBUZADA SONORA ENCERRA 2013 COM CHAVE DE OURO EM JUAZEIRO - Blog do Farn\u00e9sio<\/title>\n<meta name=\"robots\" content=\"index, follow, max-snippet:-1, max-image-preview:large, max-video-preview:-1\" \/>\n<link rel=\"canonical\" href=\"https:\/\/blogdofarnesio.com.br\/?p=66406\" \/>\n<meta property=\"og:locale\" content=\"pt_BR\" \/>\n<meta property=\"og:type\" content=\"article\" \/>\n<meta property=\"og:title\" content=\"UMBUZADA SONORA ENCERRA 2013 COM CHAVE DE OURO EM JUAZEIRO - Blog do Farn\u00e9sio\" \/>\n<meta property=\"og:description\" content=\"A m\u00fasica independente encerra o ano de 2013 em grande estilo na regi\u00e3o do Vale do S\u00e3o Francisco. \u00c9 o Festival Umbuzada Sonora em sua quarta edi\u00e7\u00e3o, mantendo a tradi\u00e7\u00e3o de alta qualidade e diversidade de estilos, unindo grandes nomes da m\u00fasica independente brasileira com bandas que v\u00eam se destacando na cena local. O Umbuzada Sonora acontece em Juazeiro desde 2010 e \u00e9 um dos principais festivais de m\u00fasica independente do interior nordestino, com ades\u00e3o crescente de p\u00fablico e da m\u00eddia regional. O festival \u00e9 um evento estruturante para inser\u00e7\u00e3o da cena local no atual mercado nacional da m\u00fasica e foi incubado atrav\u00e9s de projetos anteriores da Maquin\u00e1rio Produ\u00e7\u00f5es, Rede Motiva e IFEM, na Rede Conex\u00e3o. Depois da terceira edi\u00e7\u00e3o,&hellip;\" \/>\n<meta property=\"og:url\" content=\"https:\/\/blogdofarnesio.com.br\/?p=66406\" \/>\n<meta property=\"og:site_name\" content=\"Blog do Farn\u00e9sio\" \/>\n<meta property=\"article:publisher\" content=\"https:\/\/www.facebook.com\/BlogQuerSaberPolitica\/\" \/>\n<meta property=\"article:published_time\" content=\"2013-12-09T17:43:36+00:00\" \/>\n<meta property=\"og:image\" content=\"http:\/\/www.quersaberpolitica.com.br\/2016\/wp-content\/uploads\/2013\/12\/blogqspumbuzada.jpg\" \/>\n<meta name=\"author\" content=\"teste\" \/>\n<meta name=\"twitter:card\" content=\"summary_large_image\" \/>\n<meta name=\"twitter:label1\" content=\"Escrito por\" \/>\n\t<meta name=\"twitter:data1\" content=\"teste\" \/>\n\t<meta name=\"twitter:label2\" content=\"Est. tempo de leitura\" \/>\n\t<meta name=\"twitter:data2\" content=\"3 minutos\" \/>\n<script type=\"application\/ld+json\" class=\"yoast-schema-graph\">{\"@context\":\"https:\\\/\\\/schema.org\",\"@graph\":[{\"@type\":\"Article\",\"@id\":\"https:\\\/\\\/blogdofarnesio.com.br\\\/?p=66406#article\",\"isPartOf\":{\"@id\":\"https:\\\/\\\/blogdofarnesio.com.br\\\/?p=66406\"},\"author\":{\"name\":\"teste\",\"@id\":\"https:\\\/\\\/blogdofarnesio.com.br\\\/#\\\/schema\\\/person\\\/dd1bf5eba40b687199ba45ca6b97dff9\"},\"headline\":\"UMBUZADA SONORA ENCERRA 2013 COM CHAVE DE OURO EM JUAZEIRO\",\"datePublished\":\"2013-12-09T17:43:36+00:00\",\"mainEntityOfPage\":{\"@id\":\"https:\\\/\\\/blogdofarnesio.com.br\\\/?p=66406\"},\"wordCount\":679,\"commentCount\":0,\"publisher\":{\"@id\":\"https:\\\/\\\/blogdofarnesio.com.br\\\/#organization\"},\"image\":{\"@id\":\"https:\\\/\\\/blogdofarnesio.com.br\\\/?p=66406#primaryimage\"},\"thumbnailUrl\":\"http:\\\/\\\/www.quersaberpolitica.com.br\\\/2016\\\/wp-content\\\/uploads\\\/2013\\\/12\\\/blogqspumbuzada.jpg\",\"articleSection\":[\"Cultura\"],\"inLanguage\":\"pt-BR\",\"potentialAction\":[{\"@type\":\"CommentAction\",\"name\":\"Comment\",\"target\":[\"https:\\\/\\\/blogdofarnesio.com.br\\\/?p=66406#respond\"]}]},{\"@type\":\"WebPage\",\"@id\":\"https:\\\/\\\/blogdofarnesio.com.br\\\/?p=66406\",\"url\":\"https:\\\/\\\/blogdofarnesio.com.br\\\/?p=66406\",\"name\":\"UMBUZADA SONORA ENCERRA 2013 COM CHAVE DE OURO EM JUAZEIRO - Blog do Farn\u00e9sio\",\"isPartOf\":{\"@id\":\"https:\\\/\\\/blogdofarnesio.com.br\\\/#website\"},\"primaryImageOfPage\":{\"@id\":\"https:\\\/\\\/blogdofarnesio.com.br\\\/?p=66406#primaryimage\"},\"image\":{\"@id\":\"https:\\\/\\\/blogdofarnesio.com.br\\\/?p=66406#primaryimage\"},\"thumbnailUrl\":\"http:\\\/\\\/www.quersaberpolitica.com.br\\\/2016\\\/wp-content\\\/uploads\\\/2013\\\/12\\\/blogqspumbuzada.jpg\",\"datePublished\":\"2013-12-09T17:43:36+00:00\",\"breadcrumb\":{\"@id\":\"https:\\\/\\\/blogdofarnesio.com.br\\\/?p=66406#breadcrumb\"},\"inLanguage\":\"pt-BR\",\"potentialAction\":[{\"@type\":\"ReadAction\",\"target\":[\"https:\\\/\\\/blogdofarnesio.com.br\\\/?p=66406\"]}]},{\"@type\":\"ImageObject\",\"inLanguage\":\"pt-BR\",\"@id\":\"https:\\\/\\\/blogdofarnesio.com.br\\\/?p=66406#primaryimage\",\"url\":\"http:\\\/\\\/www.quersaberpolitica.com.br\\\/2016\\\/wp-content\\\/uploads\\\/2013\\\/12\\\/blogqspumbuzada.jpg\",\"contentUrl\":\"http:\\\/\\\/www.quersaberpolitica.com.br\\\/2016\\\/wp-content\\\/uploads\\\/2013\\\/12\\\/blogqspumbuzada.jpg\"},{\"@type\":\"BreadcrumbList\",\"@id\":\"https:\\\/\\\/blogdofarnesio.com.br\\\/?p=66406#breadcrumb\",\"itemListElement\":[{\"@type\":\"ListItem\",\"position\":1,\"name\":\"In\u00edcio\",\"item\":\"https:\\\/\\\/blogdofarnesio.com.br\\\/\"},{\"@type\":\"ListItem\",\"position\":2,\"name\":\"UMBUZADA SONORA ENCERRA 2013 COM CHAVE DE OURO EM JUAZEIRO\"}]},{\"@type\":\"WebSite\",\"@id\":\"https:\\\/\\\/blogdofarnesio.com.br\\\/#website\",\"url\":\"https:\\\/\\\/blogdofarnesio.com.br\\\/\",\"name\":\"Blog do Farn\u00e9sio\",\"description\":\"Quer Saber Pol\u00edtica?\",\"publisher\":{\"@id\":\"https:\\\/\\\/blogdofarnesio.com.br\\\/#organization\"},\"potentialAction\":[{\"@type\":\"SearchAction\",\"target\":{\"@type\":\"EntryPoint\",\"urlTemplate\":\"https:\\\/\\\/blogdofarnesio.com.br\\\/?s={search_term_string}\"},\"query-input\":{\"@type\":\"PropertyValueSpecification\",\"valueRequired\":true,\"valueName\":\"search_term_string\"}}],\"inLanguage\":\"pt-BR\"},{\"@type\":\"Organization\",\"@id\":\"https:\\\/\\\/blogdofarnesio.com.br\\\/#organization\",\"name\":\"Blog do Farn\u00e9sio\",\"url\":\"https:\\\/\\\/blogdofarnesio.com.br\\\/\",\"logo\":{\"@type\":\"ImageObject\",\"inLanguage\":\"pt-BR\",\"@id\":\"https:\\\/\\\/blogdofarnesio.com.br\\\/#\\\/schema\\\/logo\\\/image\\\/\",\"url\":\"https:\\\/\\\/blogdofarnesio.com.br\\\/wp-content\\\/uploads\\\/2026\\\/03\\\/cropped-logo_new-1.png\",\"contentUrl\":\"https:\\\/\\\/blogdofarnesio.com.br\\\/wp-content\\\/uploads\\\/2026\\\/03\\\/cropped-logo_new-1.png\",\"width\":881,\"height\":685,\"caption\":\"Blog do Farn\u00e9sio\"},\"image\":{\"@id\":\"https:\\\/\\\/blogdofarnesio.com.br\\\/#\\\/schema\\\/logo\\\/image\\\/\"},\"sameAs\":[\"https:\\\/\\\/www.facebook.com\\\/BlogQuerSaberPolitica\\\/\"]},{\"@type\":\"Person\",\"@id\":\"https:\\\/\\\/blogdofarnesio.com.br\\\/#\\\/schema\\\/person\\\/dd1bf5eba40b687199ba45ca6b97dff9\",\"name\":\"teste\",\"image\":{\"@type\":\"ImageObject\",\"inLanguage\":\"pt-BR\",\"@id\":\"https:\\\/\\\/secure.gravatar.com\\\/avatar\\\/2172498d4914b51e1d89a0f97957b035ac4938723a5cac208135d389b6972a6d?s=96&d=mm&r=g\",\"url\":\"https:\\\/\\\/secure.gravatar.com\\\/avatar\\\/2172498d4914b51e1d89a0f97957b035ac4938723a5cac208135d389b6972a6d?s=96&d=mm&r=g\",\"contentUrl\":\"https:\\\/\\\/secure.gravatar.com\\\/avatar\\\/2172498d4914b51e1d89a0f97957b035ac4938723a5cac208135d389b6972a6d?s=96&d=mm&r=g\",\"caption\":\"teste\"},\"url\":\"https:\\\/\\\/blogdofarnesio.com.br\\\/?author=3\"}]}<\/script>\n<!-- \/ Yoast SEO plugin. -->","yoast_head_json":{"title":"UMBUZADA SONORA ENCERRA 2013 COM CHAVE DE OURO EM JUAZEIRO - Blog do Farn\u00e9sio","robots":{"index":"index","follow":"follow","max-snippet":"max-snippet:-1","max-image-preview":"max-image-preview:large","max-video-preview":"max-video-preview:-1"},"canonical":"https:\/\/blogdofarnesio.com.br\/?p=66406","og_locale":"pt_BR","og_type":"article","og_title":"UMBUZADA SONORA ENCERRA 2013 COM CHAVE DE OURO EM JUAZEIRO - Blog do Farn\u00e9sio","og_description":"A m\u00fasica independente encerra o ano de 2013 em grande estilo na regi\u00e3o do Vale do S\u00e3o Francisco. \u00c9 o Festival Umbuzada Sonora em sua quarta edi\u00e7\u00e3o, mantendo a tradi\u00e7\u00e3o de alta qualidade e diversidade de estilos, unindo grandes nomes da m\u00fasica independente brasileira com bandas que v\u00eam se destacando na cena local. O Umbuzada Sonora acontece em Juazeiro desde 2010 e \u00e9 um dos principais festivais de m\u00fasica independente do interior nordestino, com ades\u00e3o crescente de p\u00fablico e da m\u00eddia regional. O festival \u00e9 um evento estruturante para inser\u00e7\u00e3o da cena local no atual mercado nacional da m\u00fasica e foi incubado atrav\u00e9s de projetos anteriores da Maquin\u00e1rio Produ\u00e7\u00f5es, Rede Motiva e IFEM, na Rede Conex\u00e3o. Depois da terceira edi\u00e7\u00e3o,&hellip;","og_url":"https:\/\/blogdofarnesio.com.br\/?p=66406","og_site_name":"Blog do Farn\u00e9sio","article_publisher":"https:\/\/www.facebook.com\/BlogQuerSaberPolitica\/","article_published_time":"2013-12-09T17:43:36+00:00","og_image":[{"url":"http:\/\/www.quersaberpolitica.com.br\/2016\/wp-content\/uploads\/2013\/12\/blogqspumbuzada.jpg","type":"","width":"","height":""}],"author":"teste","twitter_card":"summary_large_image","twitter_misc":{"Escrito por":"teste","Est. tempo de leitura":"3 minutos"},"schema":{"@context":"https:\/\/schema.org","@graph":[{"@type":"Article","@id":"https:\/\/blogdofarnesio.com.br\/?p=66406#article","isPartOf":{"@id":"https:\/\/blogdofarnesio.com.br\/?p=66406"},"author":{"name":"teste","@id":"https:\/\/blogdofarnesio.com.br\/#\/schema\/person\/dd1bf5eba40b687199ba45ca6b97dff9"},"headline":"UMBUZADA SONORA ENCERRA 2013 COM CHAVE DE OURO EM JUAZEIRO","datePublished":"2013-12-09T17:43:36+00:00","mainEntityOfPage":{"@id":"https:\/\/blogdofarnesio.com.br\/?p=66406"},"wordCount":679,"commentCount":0,"publisher":{"@id":"https:\/\/blogdofarnesio.com.br\/#organization"},"image":{"@id":"https:\/\/blogdofarnesio.com.br\/?p=66406#primaryimage"},"thumbnailUrl":"http:\/\/www.quersaberpolitica.com.br\/2016\/wp-content\/uploads\/2013\/12\/blogqspumbuzada.jpg","articleSection":["Cultura"],"inLanguage":"pt-BR","potentialAction":[{"@type":"CommentAction","name":"Comment","target":["https:\/\/blogdofarnesio.com.br\/?p=66406#respond"]}]},{"@type":"WebPage","@id":"https:\/\/blogdofarnesio.com.br\/?p=66406","url":"https:\/\/blogdofarnesio.com.br\/?p=66406","name":"UMBUZADA SONORA ENCERRA 2013 COM CHAVE DE OURO EM JUAZEIRO - Blog do Farn\u00e9sio","isPartOf":{"@id":"https:\/\/blogdofarnesio.com.br\/#website"},"primaryImageOfPage":{"@id":"https:\/\/blogdofarnesio.com.br\/?p=66406#primaryimage"},"image":{"@id":"https:\/\/blogdofarnesio.com.br\/?p=66406#primaryimage"},"thumbnailUrl":"http:\/\/www.quersaberpolitica.com.br\/2016\/wp-content\/uploads\/2013\/12\/blogqspumbuzada.jpg","datePublished":"2013-12-09T17:43:36+00:00","breadcrumb":{"@id":"https:\/\/blogdofarnesio.com.br\/?p=66406#breadcrumb"},"inLanguage":"pt-BR","potentialAction":[{"@type":"ReadAction","target":["https:\/\/blogdofarnesio.com.br\/?p=66406"]}]},{"@type":"ImageObject","inLanguage":"pt-BR","@id":"https:\/\/blogdofarnesio.com.br\/?p=66406#primaryimage","url":"http:\/\/www.quersaberpolitica.com.br\/2016\/wp-content\/uploads\/2013\/12\/blogqspumbuzada.jpg","contentUrl":"http:\/\/www.quersaberpolitica.com.br\/2016\/wp-content\/uploads\/2013\/12\/blogqspumbuzada.jpg"},{"@type":"BreadcrumbList","@id":"https:\/\/blogdofarnesio.com.br\/?p=66406#breadcrumb","itemListElement":[{"@type":"ListItem","position":1,"name":"In\u00edcio","item":"https:\/\/blogdofarnesio.com.br\/"},{"@type":"ListItem","position":2,"name":"UMBUZADA SONORA ENCERRA 2013 COM CHAVE DE OURO EM JUAZEIRO"}]},{"@type":"WebSite","@id":"https:\/\/blogdofarnesio.com.br\/#website","url":"https:\/\/blogdofarnesio.com.br\/","name":"Blog do Farn\u00e9sio","description":"Quer Saber Pol\u00edtica?","publisher":{"@id":"https:\/\/blogdofarnesio.com.br\/#organization"},"potentialAction":[{"@type":"SearchAction","target":{"@type":"EntryPoint","urlTemplate":"https:\/\/blogdofarnesio.com.br\/?s={search_term_string}"},"query-input":{"@type":"PropertyValueSpecification","valueRequired":true,"valueName":"search_term_string"}}],"inLanguage":"pt-BR"},{"@type":"Organization","@id":"https:\/\/blogdofarnesio.com.br\/#organization","name":"Blog do Farn\u00e9sio","url":"https:\/\/blogdofarnesio.com.br\/","logo":{"@type":"ImageObject","inLanguage":"pt-BR","@id":"https:\/\/blogdofarnesio.com.br\/#\/schema\/logo\/image\/","url":"https:\/\/blogdofarnesio.com.br\/wp-content\/uploads\/2026\/03\/cropped-logo_new-1.png","contentUrl":"https:\/\/blogdofarnesio.com.br\/wp-content\/uploads\/2026\/03\/cropped-logo_new-1.png","width":881,"height":685,"caption":"Blog do Farn\u00e9sio"},"image":{"@id":"https:\/\/blogdofarnesio.com.br\/#\/schema\/logo\/image\/"},"sameAs":["https:\/\/www.facebook.com\/BlogQuerSaberPolitica\/"]},{"@type":"Person","@id":"https:\/\/blogdofarnesio.com.br\/#\/schema\/person\/dd1bf5eba40b687199ba45ca6b97dff9","name":"teste","image":{"@type":"ImageObject","inLanguage":"pt-BR","@id":"https:\/\/secure.gravatar.com\/avatar\/2172498d4914b51e1d89a0f97957b035ac4938723a5cac208135d389b6972a6d?s=96&d=mm&r=g","url":"https:\/\/secure.gravatar.com\/avatar\/2172498d4914b51e1d89a0f97957b035ac4938723a5cac208135d389b6972a6d?s=96&d=mm&r=g","contentUrl":"https:\/\/secure.gravatar.com\/avatar\/2172498d4914b51e1d89a0f97957b035ac4938723a5cac208135d389b6972a6d?s=96&d=mm&r=g","caption":"teste"},"url":"https:\/\/blogdofarnesio.com.br\/?author=3"}]}},"_links":{"self":[{"href":"https:\/\/blogdofarnesio.com.br\/index.php?rest_route=\/wp\/v2\/posts\/66406","targetHints":{"allow":["GET"]}}],"collection":[{"href":"https:\/\/blogdofarnesio.com.br\/index.php?rest_route=\/wp\/v2\/posts"}],"about":[{"href":"https:\/\/blogdofarnesio.com.br\/index.php?rest_route=\/wp\/v2\/types\/post"}],"author":[{"embeddable":true,"href":"https:\/\/blogdofarnesio.com.br\/index.php?rest_route=\/wp\/v2\/users\/3"}],"replies":[{"embeddable":true,"href":"https:\/\/blogdofarnesio.com.br\/index.php?rest_route=%2Fwp%2Fv2%2Fcomments&post=66406"}],"version-history":[{"count":0,"href":"https:\/\/blogdofarnesio.com.br\/index.php?rest_route=\/wp\/v2\/posts\/66406\/revisions"}],"wp:attachment":[{"href":"https:\/\/blogdofarnesio.com.br\/index.php?rest_route=%2Fwp%2Fv2%2Fmedia&parent=66406"}],"wp:term":[{"taxonomy":"category","embeddable":true,"href":"https:\/\/blogdofarnesio.com.br\/index.php?rest_route=%2Fwp%2Fv2%2Fcategories&post=66406"},{"taxonomy":"post_tag","embeddable":true,"href":"https:\/\/blogdofarnesio.com.br\/index.php?rest_route=%2Fwp%2Fv2%2Ftags&post=66406"}],"curies":[{"name":"wp","href":"https:\/\/api.w.org\/{rel}","templated":true}]}}