{"id":66339,"date":"2013-12-07T19:09:53","date_gmt":"2013-12-07T22:09:53","guid":{"rendered":"http:\/\/www.quersaberpolitica.com.br\/?p=66339"},"modified":"2013-12-07T19:09:53","modified_gmt":"2013-12-07T22:09:53","slug":"bezerra-coelho-entra-em-campo-e-mira-2014","status":"publish","type":"post","link":"https:\/\/blogdofarnesio.com.br\/?p=66339","title":{"rendered":"BEZERRA COELHO ENTRA EM CAMPO E MIRA 2014"},"content":{"rendered":"<div style=\"text-align: justify\"><img loading=\"lazy\" decoding=\"async\" class=\"aligncenter\" title=\"ELZA FIUZA AGENCIABRASIL-ABr    \" alt=\"ELZA FIUZA AGENCIABRASIL-ABr    : \" src=\"http:\/\/www.brasil247.com\/images\/cache\/1000x357\/crop_0_136_1280_593\/images%7Ccms-image-000347066.jpg\" width=\"480\" height=\"171\" \/>\u00a0No mesmo dia em que viu o prefeito de Jaboat\u00e3o dos Guararapes, Elias Gomes (PSDB), declarar apoio \u00e0 sua eventual candidatura ao governo de Pernambuco, o ex-ministro da Integra\u00e7\u00e3o Nacional Fernando Bezerra Coelho (PSB) obteve o apoio do seu correligion\u00e1rio e prefeito de Escada (Grande Recife), Lucr\u00e9cio Gomes. Mais uma manifesta\u00e7\u00e3o de apoio reflete o in\u00edcio das articula\u00e7\u00f5es de FBC rumo ao Pal\u00e1cio do Campo das Princesas, independentemente do que esteja sendo pavimentado dentro da c\u00fapula socialista.<\/p>\n<\/div>\n<div style=\"text-align: justify\">\n<section>Mesmo com a estrat\u00e9gia do PSB em deixar para discutir o quadro eleitoral apenas no pr\u00f3ximo ano, Bezerra j\u00e1 come\u00e7a a pavimentar a sua poss\u00edvel candidatura e viu mais um nome jogar ao seu lado. &#8220;Gostaria de lhe ter como candidato e depois como governador de Pernambuco, dando continuidade ao trabalho que vem sendo realizado por Eduardo Campos&#8221;, disse Lucr\u00e9cio Gomes. Por sua vez, FBC agradeceu o apoio e disse que tem ouvido manifesta\u00e7\u00f5es id\u00eanticas em apoio a sua eventual postula\u00e7\u00e3o.<!--more--><\/p>\n<p>O ministro FBC n\u00e3o estaria na lista de prioridades do presidenci\u00e1vel e governador de Pernambuco, Eduardo Campos (PSB), de acordo com os bastidores. Em tese, os secret\u00e1rios Paulo C\u00e2mara (Fazenda), Tadeu Alencar (Casa Civil) e o vice-governador Jo\u00e3o Lyra Neto, que, neste segundo semestre deixou o PDT para ingressar na legenda socialista, seriam os nomes priorit\u00e1rios.<\/p>\n<p>Mas, na \u00faltima quinta-feira (5), Campos adiantou, ap\u00f3s encontro com o secretariado cujo objetivo foi definir metas para a reta final da sua gest\u00e3o, que a escolha do nome que disputar\u00e1 o governo estadual ser\u00e1 t\u00e9cnica. E lembrou a escolha do prefeito do Recife, Geraldo J\u00falio (PSB), para concorrer \u00e0 elei\u00e7\u00e3o municipal no ano passado. O atual chefe do Executivo pernambucano nunca tinha disputado uma elei\u00e7\u00e3o e venceu no primeiro turno.<\/p>\n<p>&#8220;Quando fui tomar a decis\u00e3o para o Recife (a escolha de Geraldo) foi sentindo esse sentimento de mudan\u00e7a, foi tendo essa leitura de que o povo pernambucano queria renova\u00e7\u00e3o na pol\u00edtica. Fiz tr\u00eas pesquisas e ouvi todas as pessoas para tomar a decis\u00e3o (por Geraldo)&#8221;, declarou no evento.<br \/>\n<strong><\/strong><\/p>\n<p><strong>Fator Jarbas<\/strong><\/p>\n<p>N\u00e3o se sabe at\u00e9 que ponto o posicionamento de Campos \u00e9 ben\u00e9fico para Coelho. Mas o fato \u00e9 que a situa\u00e7\u00e3o, aparentemente, n\u00e3o est\u00e1 f\u00e1cil. Embora tenham surgido especula\u00e7\u00f5es de que o seu nome poderia ser indicado para o Senado, como uma esp\u00e9cie de &#8220;consola\u00e7\u00e3o&#8221;, entra a\u00ed outro componente pol\u00edtico: o atual senador e ex-governador de Pernambuco Jarbas Vasconcelos (PMDB).<\/p>\n<p>Num encontro da c\u00fapula peemedebista no estado, realizado no \u00faltimo dia 1, em Vit\u00f3ria de Santo Ant\u00e3o, Zona da Mata Sul, o PMDB deixou claro que a prioridade do partido ser\u00e1 reeleger o senador Jarbas Vasconcelos. Na ocasi\u00e3o, o deputado federal Raul Henry, que, inclusive, \u00e9 cotado para ser vice numa chapa com o PSB em Pernambuco, disse que a legenda vai &#8220;trabalhar na reelei\u00e7\u00e3o do melhor senador do Brasil, um nome respeitado no Pa\u00eds inteiro&#8221;.<\/p>\n<p>A l\u00f3gica do quadro eleitoral pernambucano \u00e9 simples. O PSB apoiaria Jarbas na elei\u00e7\u00e3o para o Senado e teria o apoio dos peemedebistas no projeto presidencial de Campos, at\u00e9 porque o senador, anti-PT declarado, \u00e9 um dos principais nomes da legenda em n\u00edvel nacional, sendo um nome de peso para estar ao lado do governador pernambucano na elei\u00e7\u00e3o presidencial.<\/p>\n<p>Al\u00e9m disso, levando em considera\u00e7\u00e3o a possiblidade cada mais vez concreta de PTB e PT formarem uma chapa, tendo o senador petebista Armando Monteiro como candidato e um petista na vice, o PSB daria prefer\u00eancia para uma alian\u00e7a com o PMDB, at\u00e9 para n\u00e3o correr o risco de ver os peemedebistas lan\u00e7arem candidato pr\u00f3prio. Uma postula\u00e7\u00e3o do PMDB fragmentaria os votos e, por consequ\u00eancia, aumentaria a chance de haver segundo turno na disputa pelo governo do estado.<\/p>\n<p>De fato, o ministro FBC encontra-se numa saia justa. Se existe ou n\u00e3o rela\u00e7\u00e3o entre a escolha t\u00e9cnica mencionada por Campos e as articula\u00e7\u00f5es de Bezerra Coelho \u00e9 algo que o PSB vai esperar o seu presidenci\u00e1vel bater o martelo. Mas s\u00f3 em 2014.<\/p>\n<\/section>\n<\/div>\n","protected":false},"excerpt":{"rendered":"<p>\u00a0No mesmo dia em que viu o prefeito de Jaboat\u00e3o dos Guararapes, Elias Gomes (PSDB), declarar apoio \u00e0 sua eventual candidatura ao governo de Pernambuco, o ex-ministro da Integra\u00e7\u00e3o Nacional Fernando Bezerra Coelho (PSB) obteve o apoio do seu correligion\u00e1rio e prefeito de Escada (Grande Recife), Lucr\u00e9cio Gomes. Mais uma manifesta\u00e7\u00e3o de apoio reflete o in\u00edcio das articula\u00e7\u00f5es de FBC rumo ao Pal\u00e1cio do Campo das Princesas, independentemente do que esteja sendo pavimentado dentro da c\u00fapula socialista. Mesmo com a estrat\u00e9gia do PSB em deixar para discutir o quadro eleitoral apenas no pr\u00f3ximo ano, Bezerra j\u00e1 come\u00e7a a pavimentar a sua poss\u00edvel candidatura e viu mais um nome jogar ao seu lado. &#8220;Gostaria de lhe ter como candidato e depois&hellip; <\/p>\n","protected":false},"author":3,"featured_media":0,"comment_status":"open","ping_status":"open","sticky":false,"template":"","format":"standard","meta":{"_acf_changed":false,"footnotes":""},"categories":[34],"tags":[],"class_list":["post-66339","post","type-post","status-publish","format-standard","hentry","category-eleicoes"],"acf":[],"yoast_head":"<!-- This site is optimized with the Yoast SEO plugin v27.4 - https:\/\/yoast.com\/product\/yoast-seo-wordpress\/ -->\n<title>BEZERRA COELHO ENTRA EM CAMPO E MIRA 2014 - Blog do Farn\u00e9sio<\/title>\n<meta name=\"robots\" content=\"index, follow, max-snippet:-1, max-image-preview:large, max-video-preview:-1\" \/>\n<link rel=\"canonical\" href=\"https:\/\/blogdofarnesio.com.br\/?p=66339\" \/>\n<meta property=\"og:locale\" content=\"pt_BR\" \/>\n<meta property=\"og:type\" content=\"article\" \/>\n<meta property=\"og:title\" content=\"BEZERRA COELHO ENTRA EM CAMPO E MIRA 2014 - Blog do Farn\u00e9sio\" \/>\n<meta property=\"og:description\" content=\"\u00a0No mesmo dia em que viu o prefeito de Jaboat\u00e3o dos Guararapes, Elias Gomes (PSDB), declarar apoio \u00e0 sua eventual candidatura ao governo de Pernambuco, o ex-ministro da Integra\u00e7\u00e3o Nacional Fernando Bezerra Coelho (PSB) obteve o apoio do seu correligion\u00e1rio e prefeito de Escada (Grande Recife), Lucr\u00e9cio Gomes. Mais uma manifesta\u00e7\u00e3o de apoio reflete o in\u00edcio das articula\u00e7\u00f5es de FBC rumo ao Pal\u00e1cio do Campo das Princesas, independentemente do que esteja sendo pavimentado dentro da c\u00fapula socialista. Mesmo com a estrat\u00e9gia do PSB em deixar para discutir o quadro eleitoral apenas no pr\u00f3ximo ano, Bezerra j\u00e1 come\u00e7a a pavimentar a sua poss\u00edvel candidatura e viu mais um nome jogar ao seu lado. &#8220;Gostaria de lhe ter como candidato e depois&hellip;\" \/>\n<meta property=\"og:url\" content=\"https:\/\/blogdofarnesio.com.br\/?p=66339\" \/>\n<meta property=\"og:site_name\" content=\"Blog do Farn\u00e9sio\" \/>\n<meta property=\"article:publisher\" content=\"https:\/\/www.facebook.com\/BlogQuerSaberPolitica\/\" \/>\n<meta property=\"article:published_time\" content=\"2013-12-07T22:09:53+00:00\" \/>\n<meta property=\"og:image\" content=\"http:\/\/www.brasil247.com\/images\/cache\/1000x357\/crop_0_136_1280_593\/images%7Ccms-image-000347066.jpg\" \/>\n<meta name=\"author\" content=\"teste\" \/>\n<meta name=\"twitter:card\" content=\"summary_large_image\" \/>\n<meta name=\"twitter:label1\" content=\"Escrito por\" \/>\n\t<meta name=\"twitter:data1\" content=\"teste\" \/>\n\t<meta name=\"twitter:label2\" content=\"Est. tempo de leitura\" \/>\n\t<meta name=\"twitter:data2\" content=\"4 minutos\" \/>\n<script type=\"application\/ld+json\" class=\"yoast-schema-graph\">{\"@context\":\"https:\\\/\\\/schema.org\",\"@graph\":[{\"@type\":\"Article\",\"@id\":\"https:\\\/\\\/blogdofarnesio.com.br\\\/?p=66339#article\",\"isPartOf\":{\"@id\":\"https:\\\/\\\/blogdofarnesio.com.br\\\/?p=66339\"},\"author\":{\"name\":\"teste\",\"@id\":\"https:\\\/\\\/blogdofarnesio.com.br\\\/#\\\/schema\\\/person\\\/dd1bf5eba40b687199ba45ca6b97dff9\"},\"headline\":\"BEZERRA COELHO ENTRA EM CAMPO E MIRA 2014\",\"datePublished\":\"2013-12-07T22:09:53+00:00\",\"mainEntityOfPage\":{\"@id\":\"https:\\\/\\\/blogdofarnesio.com.br\\\/?p=66339\"},\"wordCount\":715,\"commentCount\":0,\"publisher\":{\"@id\":\"https:\\\/\\\/blogdofarnesio.com.br\\\/#organization\"},\"image\":{\"@id\":\"https:\\\/\\\/blogdofarnesio.com.br\\\/?p=66339#primaryimage\"},\"thumbnailUrl\":\"http:\\\/\\\/www.brasil247.com\\\/images\\\/cache\\\/1000x357\\\/crop_0_136_1280_593\\\/images%7Ccms-image-000347066.jpg\",\"articleSection\":[\"Elei\u00e7\u00f5es\"],\"inLanguage\":\"pt-BR\",\"potentialAction\":[{\"@type\":\"CommentAction\",\"name\":\"Comment\",\"target\":[\"https:\\\/\\\/blogdofarnesio.com.br\\\/?p=66339#respond\"]}]},{\"@type\":\"WebPage\",\"@id\":\"https:\\\/\\\/blogdofarnesio.com.br\\\/?p=66339\",\"url\":\"https:\\\/\\\/blogdofarnesio.com.br\\\/?p=66339\",\"name\":\"BEZERRA COELHO ENTRA EM CAMPO E MIRA 2014 - Blog do Farn\u00e9sio\",\"isPartOf\":{\"@id\":\"https:\\\/\\\/blogdofarnesio.com.br\\\/#website\"},\"primaryImageOfPage\":{\"@id\":\"https:\\\/\\\/blogdofarnesio.com.br\\\/?p=66339#primaryimage\"},\"image\":{\"@id\":\"https:\\\/\\\/blogdofarnesio.com.br\\\/?p=66339#primaryimage\"},\"thumbnailUrl\":\"http:\\\/\\\/www.brasil247.com\\\/images\\\/cache\\\/1000x357\\\/crop_0_136_1280_593\\\/images%7Ccms-image-000347066.jpg\",\"datePublished\":\"2013-12-07T22:09:53+00:00\",\"breadcrumb\":{\"@id\":\"https:\\\/\\\/blogdofarnesio.com.br\\\/?p=66339#breadcrumb\"},\"inLanguage\":\"pt-BR\",\"potentialAction\":[{\"@type\":\"ReadAction\",\"target\":[\"https:\\\/\\\/blogdofarnesio.com.br\\\/?p=66339\"]}]},{\"@type\":\"ImageObject\",\"inLanguage\":\"pt-BR\",\"@id\":\"https:\\\/\\\/blogdofarnesio.com.br\\\/?p=66339#primaryimage\",\"url\":\"http:\\\/\\\/www.brasil247.com\\\/images\\\/cache\\\/1000x357\\\/crop_0_136_1280_593\\\/images%7Ccms-image-000347066.jpg\",\"contentUrl\":\"http:\\\/\\\/www.brasil247.com\\\/images\\\/cache\\\/1000x357\\\/crop_0_136_1280_593\\\/images%7Ccms-image-000347066.jpg\"},{\"@type\":\"BreadcrumbList\",\"@id\":\"https:\\\/\\\/blogdofarnesio.com.br\\\/?p=66339#breadcrumb\",\"itemListElement\":[{\"@type\":\"ListItem\",\"position\":1,\"name\":\"In\u00edcio\",\"item\":\"https:\\\/\\\/blogdofarnesio.com.br\\\/\"},{\"@type\":\"ListItem\",\"position\":2,\"name\":\"BEZERRA COELHO ENTRA EM CAMPO E MIRA 2014\"}]},{\"@type\":\"WebSite\",\"@id\":\"https:\\\/\\\/blogdofarnesio.com.br\\\/#website\",\"url\":\"https:\\\/\\\/blogdofarnesio.com.br\\\/\",\"name\":\"Blog do Farn\u00e9sio\",\"description\":\"Quer Saber Pol\u00edtica?\",\"publisher\":{\"@id\":\"https:\\\/\\\/blogdofarnesio.com.br\\\/#organization\"},\"potentialAction\":[{\"@type\":\"SearchAction\",\"target\":{\"@type\":\"EntryPoint\",\"urlTemplate\":\"https:\\\/\\\/blogdofarnesio.com.br\\\/?s={search_term_string}\"},\"query-input\":{\"@type\":\"PropertyValueSpecification\",\"valueRequired\":true,\"valueName\":\"search_term_string\"}}],\"inLanguage\":\"pt-BR\"},{\"@type\":\"Organization\",\"@id\":\"https:\\\/\\\/blogdofarnesio.com.br\\\/#organization\",\"name\":\"Blog do Farn\u00e9sio\",\"url\":\"https:\\\/\\\/blogdofarnesio.com.br\\\/\",\"logo\":{\"@type\":\"ImageObject\",\"inLanguage\":\"pt-BR\",\"@id\":\"https:\\\/\\\/blogdofarnesio.com.br\\\/#\\\/schema\\\/logo\\\/image\\\/\",\"url\":\"https:\\\/\\\/blogdofarnesio.com.br\\\/wp-content\\\/uploads\\\/2026\\\/03\\\/cropped-logo_new-1.png\",\"contentUrl\":\"https:\\\/\\\/blogdofarnesio.com.br\\\/wp-content\\\/uploads\\\/2026\\\/03\\\/cropped-logo_new-1.png\",\"width\":881,\"height\":685,\"caption\":\"Blog do Farn\u00e9sio\"},\"image\":{\"@id\":\"https:\\\/\\\/blogdofarnesio.com.br\\\/#\\\/schema\\\/logo\\\/image\\\/\"},\"sameAs\":[\"https:\\\/\\\/www.facebook.com\\\/BlogQuerSaberPolitica\\\/\"]},{\"@type\":\"Person\",\"@id\":\"https:\\\/\\\/blogdofarnesio.com.br\\\/#\\\/schema\\\/person\\\/dd1bf5eba40b687199ba45ca6b97dff9\",\"name\":\"teste\",\"image\":{\"@type\":\"ImageObject\",\"inLanguage\":\"pt-BR\",\"@id\":\"https:\\\/\\\/secure.gravatar.com\\\/avatar\\\/2172498d4914b51e1d89a0f97957b035ac4938723a5cac208135d389b6972a6d?s=96&d=mm&r=g\",\"url\":\"https:\\\/\\\/secure.gravatar.com\\\/avatar\\\/2172498d4914b51e1d89a0f97957b035ac4938723a5cac208135d389b6972a6d?s=96&d=mm&r=g\",\"contentUrl\":\"https:\\\/\\\/secure.gravatar.com\\\/avatar\\\/2172498d4914b51e1d89a0f97957b035ac4938723a5cac208135d389b6972a6d?s=96&d=mm&r=g\",\"caption\":\"teste\"},\"url\":\"https:\\\/\\\/blogdofarnesio.com.br\\\/?author=3\"}]}<\/script>\n<!-- \/ Yoast SEO plugin. -->","yoast_head_json":{"title":"BEZERRA COELHO ENTRA EM CAMPO E MIRA 2014 - Blog do Farn\u00e9sio","robots":{"index":"index","follow":"follow","max-snippet":"max-snippet:-1","max-image-preview":"max-image-preview:large","max-video-preview":"max-video-preview:-1"},"canonical":"https:\/\/blogdofarnesio.com.br\/?p=66339","og_locale":"pt_BR","og_type":"article","og_title":"BEZERRA COELHO ENTRA EM CAMPO E MIRA 2014 - Blog do Farn\u00e9sio","og_description":"\u00a0No mesmo dia em que viu o prefeito de Jaboat\u00e3o dos Guararapes, Elias Gomes (PSDB), declarar apoio \u00e0 sua eventual candidatura ao governo de Pernambuco, o ex-ministro da Integra\u00e7\u00e3o Nacional Fernando Bezerra Coelho (PSB) obteve o apoio do seu correligion\u00e1rio e prefeito de Escada (Grande Recife), Lucr\u00e9cio Gomes. Mais uma manifesta\u00e7\u00e3o de apoio reflete o in\u00edcio das articula\u00e7\u00f5es de FBC rumo ao Pal\u00e1cio do Campo das Princesas, independentemente do que esteja sendo pavimentado dentro da c\u00fapula socialista. Mesmo com a estrat\u00e9gia do PSB em deixar para discutir o quadro eleitoral apenas no pr\u00f3ximo ano, Bezerra j\u00e1 come\u00e7a a pavimentar a sua poss\u00edvel candidatura e viu mais um nome jogar ao seu lado. &#8220;Gostaria de lhe ter como candidato e depois&hellip;","og_url":"https:\/\/blogdofarnesio.com.br\/?p=66339","og_site_name":"Blog do Farn\u00e9sio","article_publisher":"https:\/\/www.facebook.com\/BlogQuerSaberPolitica\/","article_published_time":"2013-12-07T22:09:53+00:00","og_image":[{"url":"http:\/\/www.brasil247.com\/images\/cache\/1000x357\/crop_0_136_1280_593\/images%7Ccms-image-000347066.jpg","type":"","width":"","height":""}],"author":"teste","twitter_card":"summary_large_image","twitter_misc":{"Escrito por":"teste","Est. tempo de leitura":"4 minutos"},"schema":{"@context":"https:\/\/schema.org","@graph":[{"@type":"Article","@id":"https:\/\/blogdofarnesio.com.br\/?p=66339#article","isPartOf":{"@id":"https:\/\/blogdofarnesio.com.br\/?p=66339"},"author":{"name":"teste","@id":"https:\/\/blogdofarnesio.com.br\/#\/schema\/person\/dd1bf5eba40b687199ba45ca6b97dff9"},"headline":"BEZERRA COELHO ENTRA EM CAMPO E MIRA 2014","datePublished":"2013-12-07T22:09:53+00:00","mainEntityOfPage":{"@id":"https:\/\/blogdofarnesio.com.br\/?p=66339"},"wordCount":715,"commentCount":0,"publisher":{"@id":"https:\/\/blogdofarnesio.com.br\/#organization"},"image":{"@id":"https:\/\/blogdofarnesio.com.br\/?p=66339#primaryimage"},"thumbnailUrl":"http:\/\/www.brasil247.com\/images\/cache\/1000x357\/crop_0_136_1280_593\/images%7Ccms-image-000347066.jpg","articleSection":["Elei\u00e7\u00f5es"],"inLanguage":"pt-BR","potentialAction":[{"@type":"CommentAction","name":"Comment","target":["https:\/\/blogdofarnesio.com.br\/?p=66339#respond"]}]},{"@type":"WebPage","@id":"https:\/\/blogdofarnesio.com.br\/?p=66339","url":"https:\/\/blogdofarnesio.com.br\/?p=66339","name":"BEZERRA COELHO ENTRA EM CAMPO E MIRA 2014 - Blog do Farn\u00e9sio","isPartOf":{"@id":"https:\/\/blogdofarnesio.com.br\/#website"},"primaryImageOfPage":{"@id":"https:\/\/blogdofarnesio.com.br\/?p=66339#primaryimage"},"image":{"@id":"https:\/\/blogdofarnesio.com.br\/?p=66339#primaryimage"},"thumbnailUrl":"http:\/\/www.brasil247.com\/images\/cache\/1000x357\/crop_0_136_1280_593\/images%7Ccms-image-000347066.jpg","datePublished":"2013-12-07T22:09:53+00:00","breadcrumb":{"@id":"https:\/\/blogdofarnesio.com.br\/?p=66339#breadcrumb"},"inLanguage":"pt-BR","potentialAction":[{"@type":"ReadAction","target":["https:\/\/blogdofarnesio.com.br\/?p=66339"]}]},{"@type":"ImageObject","inLanguage":"pt-BR","@id":"https:\/\/blogdofarnesio.com.br\/?p=66339#primaryimage","url":"http:\/\/www.brasil247.com\/images\/cache\/1000x357\/crop_0_136_1280_593\/images%7Ccms-image-000347066.jpg","contentUrl":"http:\/\/www.brasil247.com\/images\/cache\/1000x357\/crop_0_136_1280_593\/images%7Ccms-image-000347066.jpg"},{"@type":"BreadcrumbList","@id":"https:\/\/blogdofarnesio.com.br\/?p=66339#breadcrumb","itemListElement":[{"@type":"ListItem","position":1,"name":"In\u00edcio","item":"https:\/\/blogdofarnesio.com.br\/"},{"@type":"ListItem","position":2,"name":"BEZERRA COELHO ENTRA EM CAMPO E MIRA 2014"}]},{"@type":"WebSite","@id":"https:\/\/blogdofarnesio.com.br\/#website","url":"https:\/\/blogdofarnesio.com.br\/","name":"Blog do Farn\u00e9sio","description":"Quer Saber Pol\u00edtica?","publisher":{"@id":"https:\/\/blogdofarnesio.com.br\/#organization"},"potentialAction":[{"@type":"SearchAction","target":{"@type":"EntryPoint","urlTemplate":"https:\/\/blogdofarnesio.com.br\/?s={search_term_string}"},"query-input":{"@type":"PropertyValueSpecification","valueRequired":true,"valueName":"search_term_string"}}],"inLanguage":"pt-BR"},{"@type":"Organization","@id":"https:\/\/blogdofarnesio.com.br\/#organization","name":"Blog do Farn\u00e9sio","url":"https:\/\/blogdofarnesio.com.br\/","logo":{"@type":"ImageObject","inLanguage":"pt-BR","@id":"https:\/\/blogdofarnesio.com.br\/#\/schema\/logo\/image\/","url":"https:\/\/blogdofarnesio.com.br\/wp-content\/uploads\/2026\/03\/cropped-logo_new-1.png","contentUrl":"https:\/\/blogdofarnesio.com.br\/wp-content\/uploads\/2026\/03\/cropped-logo_new-1.png","width":881,"height":685,"caption":"Blog do Farn\u00e9sio"},"image":{"@id":"https:\/\/blogdofarnesio.com.br\/#\/schema\/logo\/image\/"},"sameAs":["https:\/\/www.facebook.com\/BlogQuerSaberPolitica\/"]},{"@type":"Person","@id":"https:\/\/blogdofarnesio.com.br\/#\/schema\/person\/dd1bf5eba40b687199ba45ca6b97dff9","name":"teste","image":{"@type":"ImageObject","inLanguage":"pt-BR","@id":"https:\/\/secure.gravatar.com\/avatar\/2172498d4914b51e1d89a0f97957b035ac4938723a5cac208135d389b6972a6d?s=96&d=mm&r=g","url":"https:\/\/secure.gravatar.com\/avatar\/2172498d4914b51e1d89a0f97957b035ac4938723a5cac208135d389b6972a6d?s=96&d=mm&r=g","contentUrl":"https:\/\/secure.gravatar.com\/avatar\/2172498d4914b51e1d89a0f97957b035ac4938723a5cac208135d389b6972a6d?s=96&d=mm&r=g","caption":"teste"},"url":"https:\/\/blogdofarnesio.com.br\/?author=3"}]}},"_links":{"self":[{"href":"https:\/\/blogdofarnesio.com.br\/index.php?rest_route=\/wp\/v2\/posts\/66339","targetHints":{"allow":["GET"]}}],"collection":[{"href":"https:\/\/blogdofarnesio.com.br\/index.php?rest_route=\/wp\/v2\/posts"}],"about":[{"href":"https:\/\/blogdofarnesio.com.br\/index.php?rest_route=\/wp\/v2\/types\/post"}],"author":[{"embeddable":true,"href":"https:\/\/blogdofarnesio.com.br\/index.php?rest_route=\/wp\/v2\/users\/3"}],"replies":[{"embeddable":true,"href":"https:\/\/blogdofarnesio.com.br\/index.php?rest_route=%2Fwp%2Fv2%2Fcomments&post=66339"}],"version-history":[{"count":0,"href":"https:\/\/blogdofarnesio.com.br\/index.php?rest_route=\/wp\/v2\/posts\/66339\/revisions"}],"wp:attachment":[{"href":"https:\/\/blogdofarnesio.com.br\/index.php?rest_route=%2Fwp%2Fv2%2Fmedia&parent=66339"}],"wp:term":[{"taxonomy":"category","embeddable":true,"href":"https:\/\/blogdofarnesio.com.br\/index.php?rest_route=%2Fwp%2Fv2%2Fcategories&post=66339"},{"taxonomy":"post_tag","embeddable":true,"href":"https:\/\/blogdofarnesio.com.br\/index.php?rest_route=%2Fwp%2Fv2%2Ftags&post=66339"}],"curies":[{"name":"wp","href":"https:\/\/api.w.org\/{rel}","templated":true}]}}