{"id":66325,"date":"2013-12-07T11:00:10","date_gmt":"2013-12-07T14:00:10","guid":{"rendered":"http:\/\/www.quersaberpolitica.com.br\/?p=66325"},"modified":"2013-12-07T09:01:24","modified_gmt":"2013-12-07T12:01:24","slug":"tuma-o-novo-heroi-de-veja-na-cacada-a-lula-e-ao-pt","status":"publish","type":"post","link":"https:\/\/blogdofarnesio.com.br\/?p=66325","title":{"rendered":"TUMA: O NOVO HER\u00d3I DE VEJA NA CA\u00c7ADA A LULA E AO PT"},"content":{"rendered":"<div style=\"text-align: justify\"><img loading=\"lazy\" decoding=\"async\" class=\"aligncenter\" title=\"Edi\u00e7\u00e3o 247\" alt=\"Edi\u00e7\u00e3o 247: \" src=\"http:\/\/www.brasil247.com\/images\/cache\/1000x357\/crop\/images%7Ccms-image-000347020.jpg\" width=\"480\" height=\"171\" \/><\/div>\n<div style=\"text-align: justify\">\n<section>\n<div>\n<p><strong>247 &#8211;<\/strong>\u00a0Personagem pol\u00eamico, de uma fam\u00edlia tamb\u00e9m bastante pol\u00eamica, o delegado Romeu Tuma J\u00fanior, defenestrado da Secretaria Nacional de Justi\u00e7a em 2010, quando seu nome foi vinculado \u00e0 m\u00e1fia de contrabandistas chineses (leia\u00a0<a href=\"http:\/\/www.estadao.com.br\/noticias\/nacional,pf-liga-tuma-junior-secretario-nacional-de-justica-a-chefe-da-mafia-chinesa,547000,0.htm\" target=\"_blank\">aqui<\/a>\u00a0reportagem da \u00e9poca publicada pelo Estado de S. Paulo), \u00e9 o novo her\u00f3i da revista Veja, em sua ca\u00e7ada permanente ao Partido dos Trabalhadores e ao ex-presidente Lula.<\/p>\n<p>Nesta semana, a revista da Abril anuncia a chegada do &#8220;livro bomba&#8221;, assinado por Romeu Tuma J\u00fanior, mas escrito pelo jornalista Claudio Julio Tognolli, que tamb\u00e9m atuou em &#8220;50 anos a mil&#8221;, do cantor e compositor Lob\u00e3o. Trata-se de &#8220;Assassinato de reputa\u00e7\u00f5es &#8211; um crime de Estado&#8221;.<\/p>\n<p>Em seu livro, Tuma J\u00fanior denuncia que, sob o comando de Tarso Genro, hoje governador do Rio Grande do Sul, o governo patrocinava a produ\u00e7\u00e3o de dossi\u00eas contra advers\u00e1rios pol\u00edticos. Um dos alvos foi Marconi Perillo, governador de Goi\u00e1s. &#8220;S\u00f3 porque ele avisou o Lula da exist\u00eancia do mensal\u00e3o&#8221;, diz Tuma. Outro alvo, segundo o delegado, teria sido o ex-senador cearense Tasso Jereissati, tamb\u00e9m advers\u00e1rio do ex-presidente. Tuma J\u00fanior afirma que o pedido partiu do hoje ministro Aloizio Mercadante.<\/p>\n<p>Em rela\u00e7\u00e3o a Lula, Tuma J\u00fanior faz uma acusa\u00e7\u00e3o mais grave. Afirma que ele foi &#8220;informante da ditadura&#8221;. &#8220;Eu e o Lula vivemos juntos esse momento. Ningu\u00e9m me contou. Eu vi o Lula dormir na sala do meu pai. Presenciei tudo&#8221;, diz o delegado.<!--more--><\/p>\n<p>Jos\u00e9 Dirceu tamb\u00e9m \u00e9 alvo de chumbo grosso. Tuma afirma que caiu do governo n\u00e3o em raz\u00e3o dos supostos v\u00ednculos com a m\u00e1fia chinesa, mas por ter descoberto a &#8220;conta do mensal\u00e3o&#8221; no exterior. Ela teria sido criada nas Ilhas Cayman e seria operada pelo ex-ministro da Casa Civil, hoje preso na Papuda. &#8220;Mandei c\u00f3pia para o ministro Tarso Genro apurar isso, e espero resposta at\u00e9 hoje&#8230; Ser\u00e1 que fui defenestrado por ter chegado \u00e0 conta caribenha do mensal\u00e3o?&#8221;<\/p>\n<p>Tuma J\u00fanior afirma ainda que Celso Daniel foi alvo de um assassinato pol\u00edtico e que recursos desviados na prefeitura de Santo Andr\u00e9 alimentavam campanhas do PT. Diz que isso foi dito a ele pelo ministro Gilberto Carvalho. &#8220;Quando saiu aquela hist\u00f3ria de que havia desvios na prefeitura, eu, na maior boa f\u00e9, procurei a fam\u00edlia dele para levar um conforto. Fui dizer a eles que o Celso nunca desviou um centavo para o bolso dele, e que todo recurso que arrecad\u00e1vamos eu levava para o Z\u00e9 Dirceu, pois era para ajudar o partido nas elei\u00e7\u00f5es&#8221;, teria dito Gilberto Carvalho numa conversa com o delegado.<\/p>\n<p>O livro relata ainda que todos os ministros do Supremo Tribunal foram grampeados, na \u00e9poca da Opera\u00e7\u00e3o Satiagraha, contra o banqueiro Daniel Dantas. &#8220;Segue a verdade do caso: n\u00e3o s\u00f3 Gilmar Mendes foi grampeado como tamb\u00e9m todos os ministros do STF. O grampo foi feito com uma maleta francesa&#8221;.<\/p>\n<p>Tuma J\u00fanior disse que n\u00e3o est\u00e1 publicando seu livro em raz\u00e3o de m\u00e1goas ou ressentimentos, mas apenas porque, segundo ele, teria se tornado v\u00edtima da mesma m\u00e1quina de &#8220;assassinato de reputa\u00e7\u00e3o&#8221;. &#8220;Meu bem mais valioso \u00e9 a minha honra&#8221;, afirma.<\/p>\n<\/div>\n<\/section>\n<\/div>\n","protected":false},"excerpt":{"rendered":"<p>247 &#8211;\u00a0Personagem pol\u00eamico, de uma fam\u00edlia tamb\u00e9m bastante pol\u00eamica, o delegado Romeu Tuma J\u00fanior, defenestrado da Secretaria Nacional de Justi\u00e7a em 2010, quando seu nome foi vinculado \u00e0 m\u00e1fia de contrabandistas chineses (leia\u00a0aqui\u00a0reportagem da \u00e9poca publicada pelo Estado de S. Paulo), \u00e9 o novo her\u00f3i da revista Veja, em sua ca\u00e7ada permanente ao Partido dos Trabalhadores e ao ex-presidente Lula. Nesta semana, a revista da Abril anuncia a chegada do &#8220;livro bomba&#8221;, assinado por Romeu Tuma J\u00fanior, mas escrito pelo jornalista Claudio Julio Tognolli, que tamb\u00e9m atuou em &#8220;50 anos a mil&#8221;, do cantor e compositor Lob\u00e3o. Trata-se de &#8220;Assassinato de reputa\u00e7\u00f5es &#8211; um crime de Estado&#8221;. Em seu livro, Tuma J\u00fanior denuncia que, sob o comando de Tarso Genro,&hellip; <\/p>\n","protected":false},"author":3,"featured_media":0,"comment_status":"open","ping_status":"open","sticky":false,"template":"","format":"standard","meta":{"_acf_changed":false,"footnotes":""},"categories":[1],"tags":[],"class_list":["post-66325","post","type-post","status-publish","format-standard","hentry","category-politica"],"acf":[],"yoast_head":"<!-- This site is optimized with the Yoast SEO plugin v27.4 - https:\/\/yoast.com\/product\/yoast-seo-wordpress\/ -->\n<title>TUMA: O NOVO HER\u00d3I DE VEJA NA CA\u00c7ADA A LULA E AO PT - Blog do Farn\u00e9sio<\/title>\n<meta name=\"robots\" content=\"index, follow, max-snippet:-1, max-image-preview:large, max-video-preview:-1\" \/>\n<link rel=\"canonical\" href=\"https:\/\/blogdofarnesio.com.br\/?p=66325\" \/>\n<meta property=\"og:locale\" content=\"pt_BR\" \/>\n<meta property=\"og:type\" content=\"article\" \/>\n<meta property=\"og:title\" content=\"TUMA: O NOVO HER\u00d3I DE VEJA NA CA\u00c7ADA A LULA E AO PT - Blog do Farn\u00e9sio\" \/>\n<meta property=\"og:description\" content=\"247 &#8211;\u00a0Personagem pol\u00eamico, de uma fam\u00edlia tamb\u00e9m bastante pol\u00eamica, o delegado Romeu Tuma J\u00fanior, defenestrado da Secretaria Nacional de Justi\u00e7a em 2010, quando seu nome foi vinculado \u00e0 m\u00e1fia de contrabandistas chineses (leia\u00a0aqui\u00a0reportagem da \u00e9poca publicada pelo Estado de S. Paulo), \u00e9 o novo her\u00f3i da revista Veja, em sua ca\u00e7ada permanente ao Partido dos Trabalhadores e ao ex-presidente Lula. Nesta semana, a revista da Abril anuncia a chegada do &#8220;livro bomba&#8221;, assinado por Romeu Tuma J\u00fanior, mas escrito pelo jornalista Claudio Julio Tognolli, que tamb\u00e9m atuou em &#8220;50 anos a mil&#8221;, do cantor e compositor Lob\u00e3o. Trata-se de &#8220;Assassinato de reputa\u00e7\u00f5es &#8211; um crime de Estado&#8221;. Em seu livro, Tuma J\u00fanior denuncia que, sob o comando de Tarso Genro,&hellip;\" \/>\n<meta property=\"og:url\" content=\"https:\/\/blogdofarnesio.com.br\/?p=66325\" \/>\n<meta property=\"og:site_name\" content=\"Blog do Farn\u00e9sio\" \/>\n<meta property=\"article:publisher\" content=\"https:\/\/www.facebook.com\/BlogQuerSaberPolitica\/\" \/>\n<meta property=\"article:published_time\" content=\"2013-12-07T14:00:10+00:00\" \/>\n<meta property=\"og:image\" content=\"http:\/\/www.brasil247.com\/images\/cache\/1000x357\/crop\/images%7Ccms-image-000347020.jpg\" \/>\n<meta name=\"author\" content=\"teste\" \/>\n<meta name=\"twitter:card\" content=\"summary_large_image\" \/>\n<meta name=\"twitter:label1\" content=\"Escrito por\" \/>\n\t<meta name=\"twitter:data1\" content=\"teste\" \/>\n\t<meta name=\"twitter:label2\" content=\"Est. tempo de leitura\" \/>\n\t<meta name=\"twitter:data2\" content=\"3 minutos\" \/>\n<script type=\"application\/ld+json\" class=\"yoast-schema-graph\">{\"@context\":\"https:\\\/\\\/schema.org\",\"@graph\":[{\"@type\":\"Article\",\"@id\":\"https:\\\/\\\/blogdofarnesio.com.br\\\/?p=66325#article\",\"isPartOf\":{\"@id\":\"https:\\\/\\\/blogdofarnesio.com.br\\\/?p=66325\"},\"author\":{\"name\":\"teste\",\"@id\":\"https:\\\/\\\/blogdofarnesio.com.br\\\/#\\\/schema\\\/person\\\/dd1bf5eba40b687199ba45ca6b97dff9\"},\"headline\":\"TUMA: O NOVO HER\u00d3I DE VEJA NA CA\u00c7ADA A LULA E AO PT\",\"datePublished\":\"2013-12-07T14:00:10+00:00\",\"mainEntityOfPage\":{\"@id\":\"https:\\\/\\\/blogdofarnesio.com.br\\\/?p=66325\"},\"wordCount\":564,\"commentCount\":1,\"publisher\":{\"@id\":\"https:\\\/\\\/blogdofarnesio.com.br\\\/#organization\"},\"image\":{\"@id\":\"https:\\\/\\\/blogdofarnesio.com.br\\\/?p=66325#primaryimage\"},\"thumbnailUrl\":\"http:\\\/\\\/www.brasil247.com\\\/images\\\/cache\\\/1000x357\\\/crop\\\/images%7Ccms-image-000347020.jpg\",\"articleSection\":[\"Pol\u00edtica\"],\"inLanguage\":\"pt-BR\",\"potentialAction\":[{\"@type\":\"CommentAction\",\"name\":\"Comment\",\"target\":[\"https:\\\/\\\/blogdofarnesio.com.br\\\/?p=66325#respond\"]}]},{\"@type\":\"WebPage\",\"@id\":\"https:\\\/\\\/blogdofarnesio.com.br\\\/?p=66325\",\"url\":\"https:\\\/\\\/blogdofarnesio.com.br\\\/?p=66325\",\"name\":\"TUMA: O NOVO HER\u00d3I DE VEJA NA CA\u00c7ADA A LULA E AO PT - Blog do Farn\u00e9sio\",\"isPartOf\":{\"@id\":\"https:\\\/\\\/blogdofarnesio.com.br\\\/#website\"},\"primaryImageOfPage\":{\"@id\":\"https:\\\/\\\/blogdofarnesio.com.br\\\/?p=66325#primaryimage\"},\"image\":{\"@id\":\"https:\\\/\\\/blogdofarnesio.com.br\\\/?p=66325#primaryimage\"},\"thumbnailUrl\":\"http:\\\/\\\/www.brasil247.com\\\/images\\\/cache\\\/1000x357\\\/crop\\\/images%7Ccms-image-000347020.jpg\",\"datePublished\":\"2013-12-07T14:00:10+00:00\",\"breadcrumb\":{\"@id\":\"https:\\\/\\\/blogdofarnesio.com.br\\\/?p=66325#breadcrumb\"},\"inLanguage\":\"pt-BR\",\"potentialAction\":[{\"@type\":\"ReadAction\",\"target\":[\"https:\\\/\\\/blogdofarnesio.com.br\\\/?p=66325\"]}]},{\"@type\":\"ImageObject\",\"inLanguage\":\"pt-BR\",\"@id\":\"https:\\\/\\\/blogdofarnesio.com.br\\\/?p=66325#primaryimage\",\"url\":\"http:\\\/\\\/www.brasil247.com\\\/images\\\/cache\\\/1000x357\\\/crop\\\/images%7Ccms-image-000347020.jpg\",\"contentUrl\":\"http:\\\/\\\/www.brasil247.com\\\/images\\\/cache\\\/1000x357\\\/crop\\\/images%7Ccms-image-000347020.jpg\"},{\"@type\":\"BreadcrumbList\",\"@id\":\"https:\\\/\\\/blogdofarnesio.com.br\\\/?p=66325#breadcrumb\",\"itemListElement\":[{\"@type\":\"ListItem\",\"position\":1,\"name\":\"In\u00edcio\",\"item\":\"https:\\\/\\\/blogdofarnesio.com.br\\\/\"},{\"@type\":\"ListItem\",\"position\":2,\"name\":\"TUMA: O NOVO HER\u00d3I DE VEJA NA CA\u00c7ADA A LULA E AO PT\"}]},{\"@type\":\"WebSite\",\"@id\":\"https:\\\/\\\/blogdofarnesio.com.br\\\/#website\",\"url\":\"https:\\\/\\\/blogdofarnesio.com.br\\\/\",\"name\":\"Blog do Farn\u00e9sio\",\"description\":\"Quer Saber Pol\u00edtica?\",\"publisher\":{\"@id\":\"https:\\\/\\\/blogdofarnesio.com.br\\\/#organization\"},\"potentialAction\":[{\"@type\":\"SearchAction\",\"target\":{\"@type\":\"EntryPoint\",\"urlTemplate\":\"https:\\\/\\\/blogdofarnesio.com.br\\\/?s={search_term_string}\"},\"query-input\":{\"@type\":\"PropertyValueSpecification\",\"valueRequired\":true,\"valueName\":\"search_term_string\"}}],\"inLanguage\":\"pt-BR\"},{\"@type\":\"Organization\",\"@id\":\"https:\\\/\\\/blogdofarnesio.com.br\\\/#organization\",\"name\":\"Blog do Farn\u00e9sio\",\"url\":\"https:\\\/\\\/blogdofarnesio.com.br\\\/\",\"logo\":{\"@type\":\"ImageObject\",\"inLanguage\":\"pt-BR\",\"@id\":\"https:\\\/\\\/blogdofarnesio.com.br\\\/#\\\/schema\\\/logo\\\/image\\\/\",\"url\":\"https:\\\/\\\/blogdofarnesio.com.br\\\/wp-content\\\/uploads\\\/2026\\\/03\\\/cropped-logo_new-1.png\",\"contentUrl\":\"https:\\\/\\\/blogdofarnesio.com.br\\\/wp-content\\\/uploads\\\/2026\\\/03\\\/cropped-logo_new-1.png\",\"width\":881,\"height\":685,\"caption\":\"Blog do Farn\u00e9sio\"},\"image\":{\"@id\":\"https:\\\/\\\/blogdofarnesio.com.br\\\/#\\\/schema\\\/logo\\\/image\\\/\"},\"sameAs\":[\"https:\\\/\\\/www.facebook.com\\\/BlogQuerSaberPolitica\\\/\"]},{\"@type\":\"Person\",\"@id\":\"https:\\\/\\\/blogdofarnesio.com.br\\\/#\\\/schema\\\/person\\\/dd1bf5eba40b687199ba45ca6b97dff9\",\"name\":\"teste\",\"image\":{\"@type\":\"ImageObject\",\"inLanguage\":\"pt-BR\",\"@id\":\"https:\\\/\\\/secure.gravatar.com\\\/avatar\\\/2172498d4914b51e1d89a0f97957b035ac4938723a5cac208135d389b6972a6d?s=96&d=mm&r=g\",\"url\":\"https:\\\/\\\/secure.gravatar.com\\\/avatar\\\/2172498d4914b51e1d89a0f97957b035ac4938723a5cac208135d389b6972a6d?s=96&d=mm&r=g\",\"contentUrl\":\"https:\\\/\\\/secure.gravatar.com\\\/avatar\\\/2172498d4914b51e1d89a0f97957b035ac4938723a5cac208135d389b6972a6d?s=96&d=mm&r=g\",\"caption\":\"teste\"},\"url\":\"https:\\\/\\\/blogdofarnesio.com.br\\\/?author=3\"}]}<\/script>\n<!-- \/ Yoast SEO plugin. -->","yoast_head_json":{"title":"TUMA: O NOVO HER\u00d3I DE VEJA NA CA\u00c7ADA A LULA E AO PT - Blog do Farn\u00e9sio","robots":{"index":"index","follow":"follow","max-snippet":"max-snippet:-1","max-image-preview":"max-image-preview:large","max-video-preview":"max-video-preview:-1"},"canonical":"https:\/\/blogdofarnesio.com.br\/?p=66325","og_locale":"pt_BR","og_type":"article","og_title":"TUMA: O NOVO HER\u00d3I DE VEJA NA CA\u00c7ADA A LULA E AO PT - Blog do Farn\u00e9sio","og_description":"247 &#8211;\u00a0Personagem pol\u00eamico, de uma fam\u00edlia tamb\u00e9m bastante pol\u00eamica, o delegado Romeu Tuma J\u00fanior, defenestrado da Secretaria Nacional de Justi\u00e7a em 2010, quando seu nome foi vinculado \u00e0 m\u00e1fia de contrabandistas chineses (leia\u00a0aqui\u00a0reportagem da \u00e9poca publicada pelo Estado de S. Paulo), \u00e9 o novo her\u00f3i da revista Veja, em sua ca\u00e7ada permanente ao Partido dos Trabalhadores e ao ex-presidente Lula. Nesta semana, a revista da Abril anuncia a chegada do &#8220;livro bomba&#8221;, assinado por Romeu Tuma J\u00fanior, mas escrito pelo jornalista Claudio Julio Tognolli, que tamb\u00e9m atuou em &#8220;50 anos a mil&#8221;, do cantor e compositor Lob\u00e3o. Trata-se de &#8220;Assassinato de reputa\u00e7\u00f5es &#8211; um crime de Estado&#8221;. Em seu livro, Tuma J\u00fanior denuncia que, sob o comando de Tarso Genro,&hellip;","og_url":"https:\/\/blogdofarnesio.com.br\/?p=66325","og_site_name":"Blog do Farn\u00e9sio","article_publisher":"https:\/\/www.facebook.com\/BlogQuerSaberPolitica\/","article_published_time":"2013-12-07T14:00:10+00:00","og_image":[{"url":"http:\/\/www.brasil247.com\/images\/cache\/1000x357\/crop\/images%7Ccms-image-000347020.jpg","type":"","width":"","height":""}],"author":"teste","twitter_card":"summary_large_image","twitter_misc":{"Escrito por":"teste","Est. tempo de leitura":"3 minutos"},"schema":{"@context":"https:\/\/schema.org","@graph":[{"@type":"Article","@id":"https:\/\/blogdofarnesio.com.br\/?p=66325#article","isPartOf":{"@id":"https:\/\/blogdofarnesio.com.br\/?p=66325"},"author":{"name":"teste","@id":"https:\/\/blogdofarnesio.com.br\/#\/schema\/person\/dd1bf5eba40b687199ba45ca6b97dff9"},"headline":"TUMA: O NOVO HER\u00d3I DE VEJA NA CA\u00c7ADA A LULA E AO PT","datePublished":"2013-12-07T14:00:10+00:00","mainEntityOfPage":{"@id":"https:\/\/blogdofarnesio.com.br\/?p=66325"},"wordCount":564,"commentCount":1,"publisher":{"@id":"https:\/\/blogdofarnesio.com.br\/#organization"},"image":{"@id":"https:\/\/blogdofarnesio.com.br\/?p=66325#primaryimage"},"thumbnailUrl":"http:\/\/www.brasil247.com\/images\/cache\/1000x357\/crop\/images%7Ccms-image-000347020.jpg","articleSection":["Pol\u00edtica"],"inLanguage":"pt-BR","potentialAction":[{"@type":"CommentAction","name":"Comment","target":["https:\/\/blogdofarnesio.com.br\/?p=66325#respond"]}]},{"@type":"WebPage","@id":"https:\/\/blogdofarnesio.com.br\/?p=66325","url":"https:\/\/blogdofarnesio.com.br\/?p=66325","name":"TUMA: O NOVO HER\u00d3I DE VEJA NA CA\u00c7ADA A LULA E AO PT - Blog do Farn\u00e9sio","isPartOf":{"@id":"https:\/\/blogdofarnesio.com.br\/#website"},"primaryImageOfPage":{"@id":"https:\/\/blogdofarnesio.com.br\/?p=66325#primaryimage"},"image":{"@id":"https:\/\/blogdofarnesio.com.br\/?p=66325#primaryimage"},"thumbnailUrl":"http:\/\/www.brasil247.com\/images\/cache\/1000x357\/crop\/images%7Ccms-image-000347020.jpg","datePublished":"2013-12-07T14:00:10+00:00","breadcrumb":{"@id":"https:\/\/blogdofarnesio.com.br\/?p=66325#breadcrumb"},"inLanguage":"pt-BR","potentialAction":[{"@type":"ReadAction","target":["https:\/\/blogdofarnesio.com.br\/?p=66325"]}]},{"@type":"ImageObject","inLanguage":"pt-BR","@id":"https:\/\/blogdofarnesio.com.br\/?p=66325#primaryimage","url":"http:\/\/www.brasil247.com\/images\/cache\/1000x357\/crop\/images%7Ccms-image-000347020.jpg","contentUrl":"http:\/\/www.brasil247.com\/images\/cache\/1000x357\/crop\/images%7Ccms-image-000347020.jpg"},{"@type":"BreadcrumbList","@id":"https:\/\/blogdofarnesio.com.br\/?p=66325#breadcrumb","itemListElement":[{"@type":"ListItem","position":1,"name":"In\u00edcio","item":"https:\/\/blogdofarnesio.com.br\/"},{"@type":"ListItem","position":2,"name":"TUMA: O NOVO HER\u00d3I DE VEJA NA CA\u00c7ADA A LULA E AO PT"}]},{"@type":"WebSite","@id":"https:\/\/blogdofarnesio.com.br\/#website","url":"https:\/\/blogdofarnesio.com.br\/","name":"Blog do Farn\u00e9sio","description":"Quer Saber Pol\u00edtica?","publisher":{"@id":"https:\/\/blogdofarnesio.com.br\/#organization"},"potentialAction":[{"@type":"SearchAction","target":{"@type":"EntryPoint","urlTemplate":"https:\/\/blogdofarnesio.com.br\/?s={search_term_string}"},"query-input":{"@type":"PropertyValueSpecification","valueRequired":true,"valueName":"search_term_string"}}],"inLanguage":"pt-BR"},{"@type":"Organization","@id":"https:\/\/blogdofarnesio.com.br\/#organization","name":"Blog do Farn\u00e9sio","url":"https:\/\/blogdofarnesio.com.br\/","logo":{"@type":"ImageObject","inLanguage":"pt-BR","@id":"https:\/\/blogdofarnesio.com.br\/#\/schema\/logo\/image\/","url":"https:\/\/blogdofarnesio.com.br\/wp-content\/uploads\/2026\/03\/cropped-logo_new-1.png","contentUrl":"https:\/\/blogdofarnesio.com.br\/wp-content\/uploads\/2026\/03\/cropped-logo_new-1.png","width":881,"height":685,"caption":"Blog do Farn\u00e9sio"},"image":{"@id":"https:\/\/blogdofarnesio.com.br\/#\/schema\/logo\/image\/"},"sameAs":["https:\/\/www.facebook.com\/BlogQuerSaberPolitica\/"]},{"@type":"Person","@id":"https:\/\/blogdofarnesio.com.br\/#\/schema\/person\/dd1bf5eba40b687199ba45ca6b97dff9","name":"teste","image":{"@type":"ImageObject","inLanguage":"pt-BR","@id":"https:\/\/secure.gravatar.com\/avatar\/2172498d4914b51e1d89a0f97957b035ac4938723a5cac208135d389b6972a6d?s=96&d=mm&r=g","url":"https:\/\/secure.gravatar.com\/avatar\/2172498d4914b51e1d89a0f97957b035ac4938723a5cac208135d389b6972a6d?s=96&d=mm&r=g","contentUrl":"https:\/\/secure.gravatar.com\/avatar\/2172498d4914b51e1d89a0f97957b035ac4938723a5cac208135d389b6972a6d?s=96&d=mm&r=g","caption":"teste"},"url":"https:\/\/blogdofarnesio.com.br\/?author=3"}]}},"_links":{"self":[{"href":"https:\/\/blogdofarnesio.com.br\/index.php?rest_route=\/wp\/v2\/posts\/66325","targetHints":{"allow":["GET"]}}],"collection":[{"href":"https:\/\/blogdofarnesio.com.br\/index.php?rest_route=\/wp\/v2\/posts"}],"about":[{"href":"https:\/\/blogdofarnesio.com.br\/index.php?rest_route=\/wp\/v2\/types\/post"}],"author":[{"embeddable":true,"href":"https:\/\/blogdofarnesio.com.br\/index.php?rest_route=\/wp\/v2\/users\/3"}],"replies":[{"embeddable":true,"href":"https:\/\/blogdofarnesio.com.br\/index.php?rest_route=%2Fwp%2Fv2%2Fcomments&post=66325"}],"version-history":[{"count":0,"href":"https:\/\/blogdofarnesio.com.br\/index.php?rest_route=\/wp\/v2\/posts\/66325\/revisions"}],"wp:attachment":[{"href":"https:\/\/blogdofarnesio.com.br\/index.php?rest_route=%2Fwp%2Fv2%2Fmedia&parent=66325"}],"wp:term":[{"taxonomy":"category","embeddable":true,"href":"https:\/\/blogdofarnesio.com.br\/index.php?rest_route=%2Fwp%2Fv2%2Fcategories&post=66325"},{"taxonomy":"post_tag","embeddable":true,"href":"https:\/\/blogdofarnesio.com.br\/index.php?rest_route=%2Fwp%2Fv2%2Ftags&post=66325"}],"curies":[{"name":"wp","href":"https:\/\/api.w.org\/{rel}","templated":true}]}}