{"id":66272,"date":"2013-12-06T16:44:34","date_gmt":"2013-12-06T19:44:34","guid":{"rendered":"http:\/\/www.quersaberpolitica.com.br\/?p=66272"},"modified":"2013-12-06T16:59:18","modified_gmt":"2013-12-06T19:59:18","slug":"regiao-ganha-vaporzinho-restaurado-e-balcao-de-informacoes-turisticas","status":"publish","type":"post","link":"https:\/\/blogdofarnesio.com.br\/?p=66272","title":{"rendered":"REGI\u00c3O GANHA VAPORZINHO RESTAURADO E BALC\u00c3O DE INFORMA\u00c7\u00d5ES TUR\u00cdSTICAS"},"content":{"rendered":"<p style=\"text-align: center\" align=\"center\"><a href=\"http:\/\/www.quersaberpolitica.com.br\/2016\/wp-content\/uploads\/2013\/12\/blogqsp-vaporzinho-Foto-Farn\u00e9sio-Silva04.jpg\"><img loading=\"lazy\" decoding=\"async\" class=\"aligncenter  wp-image-66276\" title=\"Foto Farn\u00e9sio Silva1\" alt=\"blogqsp vaporzinho Foto Farn\u00e9sio Silva04\" src=\"http:\/\/www.quersaberpolitica.com.br\/2016\/wp-content\/uploads\/2013\/12\/blogqsp-vaporzinho-Foto-Farn\u00e9sio-Silva04.jpg\" width=\"512\" height=\"258\" srcset=\"https:\/\/blogdofarnesio.com.br\/wp-content\/uploads\/2013\/12\/blogqsp-vaporzinho-Foto-Farn\u00e9sio-Silva04.jpg 640w, https:\/\/blogdofarnesio.com.br\/wp-content\/uploads\/2013\/12\/blogqsp-vaporzinho-Foto-Farn\u00e9sio-Silva04-300x151.jpg 300w, https:\/\/blogdofarnesio.com.br\/wp-content\/uploads\/2013\/12\/blogqsp-vaporzinho-Foto-Farn\u00e9sio-Silva04-500x252.jpg 500w\" sizes=\"auto, (max-width: 512px) 100vw, 512px\" \/><\/a><\/p>\n<p style=\"text-align: justify\">A partir desta sexta-feira, 6 de dezembro, turistas locais e de outros estados do Brasil ser\u00e3o recepcionados por um dos mais antigos e importantes s\u00edmbolos da hist\u00f3ria de Juazeiro e do Rio S\u00e3o Francisco, o Vapor Saldanha Marinha que ap\u00f3s passar por ampla reforma foi entregue nesta manh\u00e3 como Centro de Informa\u00e7\u00f5es Tur\u00edsticas.<\/p>\n<p style=\"text-align: justify\"><a href=\"http:\/\/www.quersaberpolitica.com.br\/2016\/wp-content\/uploads\/2013\/12\/blogqsp-vaporzinho-Foto-Farn\u00e9sio-Silva14.jpg\"><img loading=\"lazy\" decoding=\"async\" class=\"alignleft  wp-image-66280\" title=\"Foto Farn\u00e9sio Silva2\" alt=\"blogqsp vaporzinho Foto Farn\u00e9sio Silva14\" src=\"http:\/\/www.quersaberpolitica.com.br\/2016\/wp-content\/uploads\/2013\/12\/blogqsp-vaporzinho-Foto-Farn\u00e9sio-Silva14-300x168.jpg\" width=\"240\" height=\"134\" srcset=\"https:\/\/blogdofarnesio.com.br\/wp-content\/uploads\/2013\/12\/blogqsp-vaporzinho-Foto-Farn\u00e9sio-Silva14-300x168.jpg 300w, https:\/\/blogdofarnesio.com.br\/wp-content\/uploads\/2013\/12\/blogqsp-vaporzinho-Foto-Farn\u00e9sio-Silva14.jpg 448w\" sizes=\"auto, (max-width: 240px) 100vw, 240px\" \/><\/a>Com a presen\u00e7a do prefeito Isaac Carvalho, secret\u00e1rios, vereadores, da sociedade civil, representantes do Trade Tur\u00edstico, \u00f3rg\u00e3os de seguran\u00e7a p\u00fablica, a solenidade de inaugura\u00e7\u00e3o foi aberta com uma bela cerim\u00f4nia da Marinha Mercante que protagonizou o ritual com o hasteamento da bandeira nacional e o ressoar do apito por sete vezes \u2013 uma tradi\u00e7\u00e3o entre os marinheiros.<\/p>\n<p style=\"text-align: justify\"><a href=\"http:\/\/www.quersaberpolitica.com.br\/2016\/wp-content\/uploads\/2013\/12\/blogqsp-vaporzinho-Foto-Farn\u00e9sio-Silva21.jpg\"><img loading=\"lazy\" decoding=\"async\" class=\"alignright  wp-image-66278\" title=\"Foto Farn\u00e9sio Silva21\" alt=\"blogqsp vaporzinho Foto Farn\u00e9sio Silva21\" src=\"http:\/\/www.quersaberpolitica.com.br\/2016\/wp-content\/uploads\/2013\/12\/blogqsp-vaporzinho-Foto-Farn\u00e9sio-Silva21-300x168.jpg\" width=\"240\" height=\"134\" srcset=\"https:\/\/blogdofarnesio.com.br\/wp-content\/uploads\/2013\/12\/blogqsp-vaporzinho-Foto-Farn\u00e9sio-Silva21-300x168.jpg 300w, https:\/\/blogdofarnesio.com.br\/wp-content\/uploads\/2013\/12\/blogqsp-vaporzinho-Foto-Farn\u00e9sio-Silva21.jpg 448w\" sizes=\"auto, (max-width: 240px) 100vw, 240px\" \/><\/a>Para a C\u00e2mara de Turismo do Vale, o resgate do Vaporzinho como Centro de Informa\u00e7\u00f5es Tur\u00edsticas, revela o crescimento do turismo na regi\u00e3o que tem como porta de entrada o enoturismo. \u201cA iniciativa est\u00e1 de parab\u00e9ns. A C\u00e2mara vem alimentando essa proposta, que \u00e9 a de disseminar todas as informa\u00e7\u00f5es tur\u00edsticas n\u00e3o s\u00f3 de Juazeiro, mas de todas as cidades que comp\u00f5em a nossa regi\u00e3o, porque acreditamos no potencial econ\u00f4mico e tur\u00edstico dessas cidades\u201d, disse o coordenador da C\u00e2mara, Luciano Correia.<!--more--><\/p>\n<p style=\"text-align: justify\">Situado na Orla II da Cidade, tendo a sua frente o S\u00e3o Francisco, o Centro de Informa\u00e7\u00f5es oferecer\u00e1, al\u00e9m da presen\u00e7a permanente da Ger\u00eancia de Turismo do munic\u00edpio que ficar\u00e1 respons\u00e1vel por informar ao visitante sobre todo o roteiro de atrativos que a cidade de regi\u00e3o disp\u00f5e, contar\u00e1 ainda com o balc\u00e3o do Vapor do Vinho \u2013 principal roteiro enotur\u00edstico do Nordeste. \u201cQuero agradecer ao prefeito Isaac Carvalho pela parceria e por tornar esse desejo poss\u00edvel\u201d, disse Luiz Rog\u00e9rio Rocha, empres\u00e1rio e idealizador do Vapor do Vinho.<\/p>\n<p style=\"text-align: justify\">Durante a inaugura\u00e7\u00e3o do novo servi\u00e7o, a administra\u00e7\u00e3o municipal prestou uma homenagem a antigos funcion\u00e1rios da Franave \u2013 Companhia de Navega\u00e7\u00e3o do S\u00e3o Francisco: Jos\u00e9 Celso da Cunha \u2013 \u00faltimo comandante da Franave; Benedito Lima \u2013 Pr\u00e1tico da embarca\u00e7\u00e3o; Jos\u00e9 Evidal \u2013 gerente administrativo; Ant\u00f4nio Alves de Souza \u2013 Fuguista; Sizaltino Brito Monteiro \u2013 Foguista e Jo\u00e3o Ferreira Lima \u2013 Segundo Maquinista.<\/p>\n<p style=\"text-align: justify\">Ressaltando os investimentos que tem chegado \u00e0 regi\u00e3o, seja pela parceria com o Governo do Estado ou com a Uni\u00e3o, o prefeito Isaac Carvalho agradeceu o apoio dos empres\u00e1rios que movimentam o setor tur\u00edstico e lembrou que a soma desse trabalho colocou Juazeiro mais uma vez em destaque na gera\u00e7\u00e3o de empregos no Estado. \u201cJ\u00e1 temos recursos assegurados para a recupera\u00e7\u00e3o da Hidrovia do S\u00e3o Francisco e conseguimos incluir Juazeiro no projeto da Transnordestina, que ir\u00e1 potencializar n\u00e3o s\u00f3 a nossa economia como tamb\u00e9m o turismo, melhorando a qualidade de vida do nosso povo e tornando nossa cidade mais atrativa. A\u00e7\u00f5es como essa sempre ter\u00e3o o apoio e a presen\u00e7a do governo porque quem ganha \u00e9 a popula\u00e7\u00e3o\u201d, encerrou o prefeito.<\/p>\n","protected":false},"excerpt":{"rendered":"<p>A partir desta sexta-feira, 6 de dezembro, turistas locais e de outros estados do Brasil ser\u00e3o recepcionados por um dos mais antigos e importantes s\u00edmbolos da hist\u00f3ria de Juazeiro e do Rio S\u00e3o Francisco, o Vapor Saldanha Marinha que ap\u00f3s passar por ampla reforma foi entregue nesta manh\u00e3 como Centro de Informa\u00e7\u00f5es Tur\u00edsticas. Com a presen\u00e7a do prefeito Isaac Carvalho, secret\u00e1rios, vereadores, da sociedade civil, representantes do Trade Tur\u00edstico, \u00f3rg\u00e3os de seguran\u00e7a p\u00fablica, a solenidade de inaugura\u00e7\u00e3o foi aberta com uma bela cerim\u00f4nia da Marinha Mercante que protagonizou o ritual com o hasteamento da bandeira nacional e o ressoar do apito por sete vezes \u2013 uma tradi\u00e7\u00e3o entre os marinheiros. Para a C\u00e2mara de Turismo do Vale, o resgate do&hellip; <\/p>\n","protected":false},"author":3,"featured_media":0,"comment_status":"open","ping_status":"open","sticky":false,"template":"","format":"standard","meta":{"_acf_changed":false,"footnotes":""},"categories":[1],"tags":[],"class_list":["post-66272","post","type-post","status-publish","format-standard","hentry","category-politica"],"acf":[],"yoast_head":"<!-- This site is optimized with the Yoast SEO plugin v27.4 - https:\/\/yoast.com\/product\/yoast-seo-wordpress\/ -->\n<title>REGI\u00c3O GANHA VAPORZINHO RESTAURADO E BALC\u00c3O DE INFORMA\u00c7\u00d5ES TUR\u00cdSTICAS - Blog do Farn\u00e9sio<\/title>\n<meta name=\"robots\" content=\"index, follow, max-snippet:-1, max-image-preview:large, max-video-preview:-1\" \/>\n<link rel=\"canonical\" href=\"https:\/\/blogdofarnesio.com.br\/?p=66272\" \/>\n<meta property=\"og:locale\" content=\"pt_BR\" \/>\n<meta property=\"og:type\" content=\"article\" \/>\n<meta property=\"og:title\" content=\"REGI\u00c3O GANHA VAPORZINHO RESTAURADO E BALC\u00c3O DE INFORMA\u00c7\u00d5ES TUR\u00cdSTICAS - Blog do Farn\u00e9sio\" \/>\n<meta property=\"og:description\" content=\"A partir desta sexta-feira, 6 de dezembro, turistas locais e de outros estados do Brasil ser\u00e3o recepcionados por um dos mais antigos e importantes s\u00edmbolos da hist\u00f3ria de Juazeiro e do Rio S\u00e3o Francisco, o Vapor Saldanha Marinha que ap\u00f3s passar por ampla reforma foi entregue nesta manh\u00e3 como Centro de Informa\u00e7\u00f5es Tur\u00edsticas. Com a presen\u00e7a do prefeito Isaac Carvalho, secret\u00e1rios, vereadores, da sociedade civil, representantes do Trade Tur\u00edstico, \u00f3rg\u00e3os de seguran\u00e7a p\u00fablica, a solenidade de inaugura\u00e7\u00e3o foi aberta com uma bela cerim\u00f4nia da Marinha Mercante que protagonizou o ritual com o hasteamento da bandeira nacional e o ressoar do apito por sete vezes \u2013 uma tradi\u00e7\u00e3o entre os marinheiros. Para a C\u00e2mara de Turismo do Vale, o resgate do&hellip;\" \/>\n<meta property=\"og:url\" content=\"https:\/\/blogdofarnesio.com.br\/?p=66272\" \/>\n<meta property=\"og:site_name\" content=\"Blog do Farn\u00e9sio\" \/>\n<meta property=\"article:publisher\" content=\"https:\/\/www.facebook.com\/BlogQuerSaberPolitica\/\" \/>\n<meta property=\"article:published_time\" content=\"2013-12-06T19:44:34+00:00\" \/>\n<meta property=\"article:modified_time\" content=\"2013-12-06T19:59:18+00:00\" \/>\n<meta name=\"author\" content=\"teste\" \/>\n<meta name=\"twitter:card\" content=\"summary_large_image\" \/>\n<meta name=\"twitter:label1\" content=\"Escrito por\" \/>\n\t<meta name=\"twitter:data1\" content=\"teste\" \/>\n\t<meta name=\"twitter:label2\" content=\"Est. tempo de leitura\" \/>\n\t<meta name=\"twitter:data2\" content=\"3 minutos\" \/>\n<script type=\"application\/ld+json\" class=\"yoast-schema-graph\">{\"@context\":\"https:\\\/\\\/schema.org\",\"@graph\":[{\"@type\":\"Article\",\"@id\":\"https:\\\/\\\/blogdofarnesio.com.br\\\/?p=66272#article\",\"isPartOf\":{\"@id\":\"https:\\\/\\\/blogdofarnesio.com.br\\\/?p=66272\"},\"author\":{\"name\":\"teste\",\"@id\":\"https:\\\/\\\/blogdofarnesio.com.br\\\/#\\\/schema\\\/person\\\/dd1bf5eba40b687199ba45ca6b97dff9\"},\"headline\":\"REGI\u00c3O GANHA VAPORZINHO RESTAURADO E BALC\u00c3O DE INFORMA\u00c7\u00d5ES TUR\u00cdSTICAS\",\"datePublished\":\"2013-12-06T19:44:34+00:00\",\"dateModified\":\"2013-12-06T19:59:18+00:00\",\"mainEntityOfPage\":{\"@id\":\"https:\\\/\\\/blogdofarnesio.com.br\\\/?p=66272\"},\"wordCount\":528,\"commentCount\":0,\"publisher\":{\"@id\":\"https:\\\/\\\/blogdofarnesio.com.br\\\/#organization\"},\"articleSection\":[\"Pol\u00edtica\"],\"inLanguage\":\"pt-BR\",\"potentialAction\":[{\"@type\":\"CommentAction\",\"name\":\"Comment\",\"target\":[\"https:\\\/\\\/blogdofarnesio.com.br\\\/?p=66272#respond\"]}]},{\"@type\":\"WebPage\",\"@id\":\"https:\\\/\\\/blogdofarnesio.com.br\\\/?p=66272\",\"url\":\"https:\\\/\\\/blogdofarnesio.com.br\\\/?p=66272\",\"name\":\"REGI\u00c3O GANHA VAPORZINHO RESTAURADO E BALC\u00c3O DE INFORMA\u00c7\u00d5ES TUR\u00cdSTICAS - Blog do Farn\u00e9sio\",\"isPartOf\":{\"@id\":\"https:\\\/\\\/blogdofarnesio.com.br\\\/#website\"},\"datePublished\":\"2013-12-06T19:44:34+00:00\",\"dateModified\":\"2013-12-06T19:59:18+00:00\",\"breadcrumb\":{\"@id\":\"https:\\\/\\\/blogdofarnesio.com.br\\\/?p=66272#breadcrumb\"},\"inLanguage\":\"pt-BR\",\"potentialAction\":[{\"@type\":\"ReadAction\",\"target\":[\"https:\\\/\\\/blogdofarnesio.com.br\\\/?p=66272\"]}]},{\"@type\":\"BreadcrumbList\",\"@id\":\"https:\\\/\\\/blogdofarnesio.com.br\\\/?p=66272#breadcrumb\",\"itemListElement\":[{\"@type\":\"ListItem\",\"position\":1,\"name\":\"In\u00edcio\",\"item\":\"https:\\\/\\\/blogdofarnesio.com.br\\\/\"},{\"@type\":\"ListItem\",\"position\":2,\"name\":\"REGI\u00c3O GANHA VAPORZINHO RESTAURADO E BALC\u00c3O DE INFORMA\u00c7\u00d5ES TUR\u00cdSTICAS\"}]},{\"@type\":\"WebSite\",\"@id\":\"https:\\\/\\\/blogdofarnesio.com.br\\\/#website\",\"url\":\"https:\\\/\\\/blogdofarnesio.com.br\\\/\",\"name\":\"Blog do Farn\u00e9sio\",\"description\":\"Quer Saber Pol\u00edtica?\",\"publisher\":{\"@id\":\"https:\\\/\\\/blogdofarnesio.com.br\\\/#organization\"},\"potentialAction\":[{\"@type\":\"SearchAction\",\"target\":{\"@type\":\"EntryPoint\",\"urlTemplate\":\"https:\\\/\\\/blogdofarnesio.com.br\\\/?s={search_term_string}\"},\"query-input\":{\"@type\":\"PropertyValueSpecification\",\"valueRequired\":true,\"valueName\":\"search_term_string\"}}],\"inLanguage\":\"pt-BR\"},{\"@type\":\"Organization\",\"@id\":\"https:\\\/\\\/blogdofarnesio.com.br\\\/#organization\",\"name\":\"Blog do Farn\u00e9sio\",\"url\":\"https:\\\/\\\/blogdofarnesio.com.br\\\/\",\"logo\":{\"@type\":\"ImageObject\",\"inLanguage\":\"pt-BR\",\"@id\":\"https:\\\/\\\/blogdofarnesio.com.br\\\/#\\\/schema\\\/logo\\\/image\\\/\",\"url\":\"https:\\\/\\\/blogdofarnesio.com.br\\\/wp-content\\\/uploads\\\/2026\\\/03\\\/cropped-logo_new-1.png\",\"contentUrl\":\"https:\\\/\\\/blogdofarnesio.com.br\\\/wp-content\\\/uploads\\\/2026\\\/03\\\/cropped-logo_new-1.png\",\"width\":881,\"height\":685,\"caption\":\"Blog do Farn\u00e9sio\"},\"image\":{\"@id\":\"https:\\\/\\\/blogdofarnesio.com.br\\\/#\\\/schema\\\/logo\\\/image\\\/\"},\"sameAs\":[\"https:\\\/\\\/www.facebook.com\\\/BlogQuerSaberPolitica\\\/\"]},{\"@type\":\"Person\",\"@id\":\"https:\\\/\\\/blogdofarnesio.com.br\\\/#\\\/schema\\\/person\\\/dd1bf5eba40b687199ba45ca6b97dff9\",\"name\":\"teste\",\"image\":{\"@type\":\"ImageObject\",\"inLanguage\":\"pt-BR\",\"@id\":\"https:\\\/\\\/secure.gravatar.com\\\/avatar\\\/2172498d4914b51e1d89a0f97957b035ac4938723a5cac208135d389b6972a6d?s=96&d=mm&r=g\",\"url\":\"https:\\\/\\\/secure.gravatar.com\\\/avatar\\\/2172498d4914b51e1d89a0f97957b035ac4938723a5cac208135d389b6972a6d?s=96&d=mm&r=g\",\"contentUrl\":\"https:\\\/\\\/secure.gravatar.com\\\/avatar\\\/2172498d4914b51e1d89a0f97957b035ac4938723a5cac208135d389b6972a6d?s=96&d=mm&r=g\",\"caption\":\"teste\"},\"url\":\"https:\\\/\\\/blogdofarnesio.com.br\\\/?author=3\"}]}<\/script>\n<!-- \/ Yoast SEO plugin. -->","yoast_head_json":{"title":"REGI\u00c3O GANHA VAPORZINHO RESTAURADO E BALC\u00c3O DE INFORMA\u00c7\u00d5ES TUR\u00cdSTICAS - Blog do Farn\u00e9sio","robots":{"index":"index","follow":"follow","max-snippet":"max-snippet:-1","max-image-preview":"max-image-preview:large","max-video-preview":"max-video-preview:-1"},"canonical":"https:\/\/blogdofarnesio.com.br\/?p=66272","og_locale":"pt_BR","og_type":"article","og_title":"REGI\u00c3O GANHA VAPORZINHO RESTAURADO E BALC\u00c3O DE INFORMA\u00c7\u00d5ES TUR\u00cdSTICAS - Blog do Farn\u00e9sio","og_description":"A partir desta sexta-feira, 6 de dezembro, turistas locais e de outros estados do Brasil ser\u00e3o recepcionados por um dos mais antigos e importantes s\u00edmbolos da hist\u00f3ria de Juazeiro e do Rio S\u00e3o Francisco, o Vapor Saldanha Marinha que ap\u00f3s passar por ampla reforma foi entregue nesta manh\u00e3 como Centro de Informa\u00e7\u00f5es Tur\u00edsticas. Com a presen\u00e7a do prefeito Isaac Carvalho, secret\u00e1rios, vereadores, da sociedade civil, representantes do Trade Tur\u00edstico, \u00f3rg\u00e3os de seguran\u00e7a p\u00fablica, a solenidade de inaugura\u00e7\u00e3o foi aberta com uma bela cerim\u00f4nia da Marinha Mercante que protagonizou o ritual com o hasteamento da bandeira nacional e o ressoar do apito por sete vezes \u2013 uma tradi\u00e7\u00e3o entre os marinheiros. Para a C\u00e2mara de Turismo do Vale, o resgate do&hellip;","og_url":"https:\/\/blogdofarnesio.com.br\/?p=66272","og_site_name":"Blog do Farn\u00e9sio","article_publisher":"https:\/\/www.facebook.com\/BlogQuerSaberPolitica\/","article_published_time":"2013-12-06T19:44:34+00:00","article_modified_time":"2013-12-06T19:59:18+00:00","author":"teste","twitter_card":"summary_large_image","twitter_misc":{"Escrito por":"teste","Est. tempo de leitura":"3 minutos"},"schema":{"@context":"https:\/\/schema.org","@graph":[{"@type":"Article","@id":"https:\/\/blogdofarnesio.com.br\/?p=66272#article","isPartOf":{"@id":"https:\/\/blogdofarnesio.com.br\/?p=66272"},"author":{"name":"teste","@id":"https:\/\/blogdofarnesio.com.br\/#\/schema\/person\/dd1bf5eba40b687199ba45ca6b97dff9"},"headline":"REGI\u00c3O GANHA VAPORZINHO RESTAURADO E BALC\u00c3O DE INFORMA\u00c7\u00d5ES TUR\u00cdSTICAS","datePublished":"2013-12-06T19:44:34+00:00","dateModified":"2013-12-06T19:59:18+00:00","mainEntityOfPage":{"@id":"https:\/\/blogdofarnesio.com.br\/?p=66272"},"wordCount":528,"commentCount":0,"publisher":{"@id":"https:\/\/blogdofarnesio.com.br\/#organization"},"articleSection":["Pol\u00edtica"],"inLanguage":"pt-BR","potentialAction":[{"@type":"CommentAction","name":"Comment","target":["https:\/\/blogdofarnesio.com.br\/?p=66272#respond"]}]},{"@type":"WebPage","@id":"https:\/\/blogdofarnesio.com.br\/?p=66272","url":"https:\/\/blogdofarnesio.com.br\/?p=66272","name":"REGI\u00c3O GANHA VAPORZINHO RESTAURADO E BALC\u00c3O DE INFORMA\u00c7\u00d5ES TUR\u00cdSTICAS - Blog do Farn\u00e9sio","isPartOf":{"@id":"https:\/\/blogdofarnesio.com.br\/#website"},"datePublished":"2013-12-06T19:44:34+00:00","dateModified":"2013-12-06T19:59:18+00:00","breadcrumb":{"@id":"https:\/\/blogdofarnesio.com.br\/?p=66272#breadcrumb"},"inLanguage":"pt-BR","potentialAction":[{"@type":"ReadAction","target":["https:\/\/blogdofarnesio.com.br\/?p=66272"]}]},{"@type":"BreadcrumbList","@id":"https:\/\/blogdofarnesio.com.br\/?p=66272#breadcrumb","itemListElement":[{"@type":"ListItem","position":1,"name":"In\u00edcio","item":"https:\/\/blogdofarnesio.com.br\/"},{"@type":"ListItem","position":2,"name":"REGI\u00c3O GANHA VAPORZINHO RESTAURADO E BALC\u00c3O DE INFORMA\u00c7\u00d5ES TUR\u00cdSTICAS"}]},{"@type":"WebSite","@id":"https:\/\/blogdofarnesio.com.br\/#website","url":"https:\/\/blogdofarnesio.com.br\/","name":"Blog do Farn\u00e9sio","description":"Quer Saber Pol\u00edtica?","publisher":{"@id":"https:\/\/blogdofarnesio.com.br\/#organization"},"potentialAction":[{"@type":"SearchAction","target":{"@type":"EntryPoint","urlTemplate":"https:\/\/blogdofarnesio.com.br\/?s={search_term_string}"},"query-input":{"@type":"PropertyValueSpecification","valueRequired":true,"valueName":"search_term_string"}}],"inLanguage":"pt-BR"},{"@type":"Organization","@id":"https:\/\/blogdofarnesio.com.br\/#organization","name":"Blog do Farn\u00e9sio","url":"https:\/\/blogdofarnesio.com.br\/","logo":{"@type":"ImageObject","inLanguage":"pt-BR","@id":"https:\/\/blogdofarnesio.com.br\/#\/schema\/logo\/image\/","url":"https:\/\/blogdofarnesio.com.br\/wp-content\/uploads\/2026\/03\/cropped-logo_new-1.png","contentUrl":"https:\/\/blogdofarnesio.com.br\/wp-content\/uploads\/2026\/03\/cropped-logo_new-1.png","width":881,"height":685,"caption":"Blog do Farn\u00e9sio"},"image":{"@id":"https:\/\/blogdofarnesio.com.br\/#\/schema\/logo\/image\/"},"sameAs":["https:\/\/www.facebook.com\/BlogQuerSaberPolitica\/"]},{"@type":"Person","@id":"https:\/\/blogdofarnesio.com.br\/#\/schema\/person\/dd1bf5eba40b687199ba45ca6b97dff9","name":"teste","image":{"@type":"ImageObject","inLanguage":"pt-BR","@id":"https:\/\/secure.gravatar.com\/avatar\/2172498d4914b51e1d89a0f97957b035ac4938723a5cac208135d389b6972a6d?s=96&d=mm&r=g","url":"https:\/\/secure.gravatar.com\/avatar\/2172498d4914b51e1d89a0f97957b035ac4938723a5cac208135d389b6972a6d?s=96&d=mm&r=g","contentUrl":"https:\/\/secure.gravatar.com\/avatar\/2172498d4914b51e1d89a0f97957b035ac4938723a5cac208135d389b6972a6d?s=96&d=mm&r=g","caption":"teste"},"url":"https:\/\/blogdofarnesio.com.br\/?author=3"}]}},"_links":{"self":[{"href":"https:\/\/blogdofarnesio.com.br\/index.php?rest_route=\/wp\/v2\/posts\/66272","targetHints":{"allow":["GET"]}}],"collection":[{"href":"https:\/\/blogdofarnesio.com.br\/index.php?rest_route=\/wp\/v2\/posts"}],"about":[{"href":"https:\/\/blogdofarnesio.com.br\/index.php?rest_route=\/wp\/v2\/types\/post"}],"author":[{"embeddable":true,"href":"https:\/\/blogdofarnesio.com.br\/index.php?rest_route=\/wp\/v2\/users\/3"}],"replies":[{"embeddable":true,"href":"https:\/\/blogdofarnesio.com.br\/index.php?rest_route=%2Fwp%2Fv2%2Fcomments&post=66272"}],"version-history":[{"count":0,"href":"https:\/\/blogdofarnesio.com.br\/index.php?rest_route=\/wp\/v2\/posts\/66272\/revisions"}],"wp:attachment":[{"href":"https:\/\/blogdofarnesio.com.br\/index.php?rest_route=%2Fwp%2Fv2%2Fmedia&parent=66272"}],"wp:term":[{"taxonomy":"category","embeddable":true,"href":"https:\/\/blogdofarnesio.com.br\/index.php?rest_route=%2Fwp%2Fv2%2Fcategories&post=66272"},{"taxonomy":"post_tag","embeddable":true,"href":"https:\/\/blogdofarnesio.com.br\/index.php?rest_route=%2Fwp%2Fv2%2Ftags&post=66272"}],"curies":[{"name":"wp","href":"https:\/\/api.w.org\/{rel}","templated":true}]}}