{"id":66260,"date":"2013-12-07T12:03:54","date_gmt":"2013-12-07T15:03:54","guid":{"rendered":"http:\/\/www.quersaberpolitica.com.br\/?p=66260"},"modified":"2013-12-07T09:04:30","modified_gmt":"2013-12-07T12:04:30","slug":"vereador-elismar-goncalves-da-demonstracao-de-insatisfacao-com-o-governo-lossio","status":"publish","type":"post","link":"https:\/\/blogdofarnesio.com.br\/?p=66260","title":{"rendered":"VEREADOR ELISMAR GON\u00c7ALVES D\u00c1 DEMONSTRA\u00c7\u00c3O DE INSATISFA\u00c7\u00c3O COM O GOVERNO LOSSIO"},"content":{"rendered":"<p style=\"text-align: justify\"><a href=\"http:\/\/www.quersaberpolitica.com.br\/2016\/wp-content\/uploads\/2013\/12\/ELISMAR.jpg\"><img loading=\"lazy\" decoding=\"async\" class=\"alignleft size-medium wp-image-66261\" alt=\"blogqspELISMAR\" src=\"http:\/\/www.quersaberpolitica.com.br\/2016\/wp-content\/uploads\/2013\/12\/ELISMAR-300x225.jpg\" width=\"300\" height=\"225\" srcset=\"https:\/\/blogdofarnesio.com.br\/wp-content\/uploads\/2013\/12\/ELISMAR-300x225.jpg 300w, https:\/\/blogdofarnesio.com.br\/wp-content\/uploads\/2013\/12\/ELISMAR.jpg 400w\" sizes=\"auto, (max-width: 300px) 100vw, 300px\" \/><\/a>A v\u00e1lvula de conten\u00e7\u00e3o d\u00e1 sinais que a qualquer momento vai explodir dentro do grupo do prefeito Julio Lossio. Pelo menos \u00e9 o que est\u00e1 deixando transparecer o L\u00edder na casa Pl\u00ednio Amorim, Elismar Gon\u00e7alves (PMDB).<\/p>\n<p style=\"text-align: justify\">Foram duas vezes somente esta semana em que o vereador deixou claro que est\u00e1 insatisfeito com o seu grupo pol\u00edtico e principalmente com a administra\u00e7\u00e3o municipal.<\/p>\n<p style=\"text-align: justify\">A primeira demonstra\u00e7\u00e3o de que n\u00e3o est\u00e1 pra dizer am\u00e9m a tudo, foi na ter\u00e7a feira 03, quando seguiu P\u00e9rsio Antunes (PMDB), ex-l\u00edder do governo, no entanto o vereador nega que tenha votado contra o prefeito.<\/p>\n<p style=\"text-align: justify\">Mas apesar dessas claras demonstra\u00e7\u00f5es de descontentamento, Elismar assegura que seu relacionamento com o prefeito Julio Lossio continua sem ranhuras. \u201cNosso relacionamento continua bem, como bons parceiros\u201d, refor\u00e7a, mas faz cr\u00edticas a alguns secret\u00e1rios da administra\u00e7\u00e3o municipal. \u201cO que eu n\u00e3o posso concordar com algumas pessoas que n\u00e3o entenderam. Ou est\u00e3o no lugar errado, ou n\u00e3o entenderam que tem a miss\u00e3o dada pelo nosso l\u00edder maior, o nosso prefeito\u201d, alfineta.<!--more--><\/p>\n<p style=\"text-align: justify\">Entretanto quando se trata de a\u00e7\u00f5es, a m\u00e1quina tem deixado a desejar segundo o pr\u00f3prio l\u00edder. \u201cAs a\u00e7\u00f5es n\u00e3o est\u00e3o chegando tanto na cidade quanto no interior; patrolamento das estradas, quadras cobertas, pra\u00e7as, e quando eu coloco isso estou repercutindo o reflexo do sentimento da popula\u00e7\u00e3o. Mas algumas poucas a\u00e7\u00f5es que est\u00e3o sendo desenvolvidas, n\u00e3o est\u00e3o dando publicidade e a partir do momento que isso acontecer, a avalia\u00e7\u00e3o do prefeito Julio Lossio vai melhorar, e eu falo das minhas bases que n\u00e3o foram contempladas\u201d, cobra.<\/p>\n<p style=\"text-align: justify\">\u201cEspero que com essa reforma administrativa que o prefeito vai promover, seja dado um choque de gest\u00e3o. Ent\u00e3o quando me refiro a um choque de gest\u00e3o as pessoas possam entender e servir. \u00c9 uma critica construtiva, n\u00e3o estou na Camara Municipal s\u00f3 para dizer am\u00e9m, e estou sendo muito amigo. J\u00e1 tenho colocado isso tamb\u00e9m para o prefeito, ele sabe disso\u201d.<\/p>\n<p style=\"text-align: justify\">Elismar faz quest\u00e3o de lembrar que Petrolina est\u00e1 acostumada a ter grandes a\u00e7\u00f5es. \u201cEstamos acostumados com a hist\u00f3ria de Petrolina com grandes obras, e as pessoas precisam entender que elas t\u00eam um cargo para servir n\u00e3o s\u00f3 ao l\u00edder Julio Lossio, mas servir principalmente ao povo de nossa terra\u201d, adverte.<\/p>\n<p style=\"text-align: justify\">As reclama\u00e7\u00f5es do vereador v\u00e3o al\u00e9m da falta de aten\u00e7\u00e3o com seus pedidos para suas bases. Segundo fontes muito pr\u00f3ximas do vereador, at\u00e9 agora ele n\u00e3o foi contemplado com um cargo sequer para seu povo, e isso o tem deixado insatisfeito. Quanto ao cargo de L\u00edder do Governo, ele disse que s\u00f3 est\u00e1 at\u00e9 o momento que o prefeito quiser. \u201cO cargo de L\u00edder foi confiado a mim pelo prefeito, permane\u00e7o at\u00e9 o dia que ele achar que \u00e9 conveniente \u00e0 bancada e ao grupo pol\u00edtico, mas n\u00e3o deixo a bancada, permanecerei fiel\u201d assegura.<\/p>\n<p style=\"text-align: justify\"><strong>ASCOM<\/strong><\/p>\n","protected":false},"excerpt":{"rendered":"<p>A v\u00e1lvula de conten\u00e7\u00e3o d\u00e1 sinais que a qualquer momento vai explodir dentro do grupo do prefeito Julio Lossio. Pelo menos \u00e9 o que est\u00e1 deixando transparecer o L\u00edder na casa Pl\u00ednio Amorim, Elismar Gon\u00e7alves (PMDB). Foram duas vezes somente esta semana em que o vereador deixou claro que est\u00e1 insatisfeito com o seu grupo pol\u00edtico e principalmente com a administra\u00e7\u00e3o municipal. A primeira demonstra\u00e7\u00e3o de que n\u00e3o est\u00e1 pra dizer am\u00e9m a tudo, foi na ter\u00e7a feira 03, quando seguiu P\u00e9rsio Antunes (PMDB), ex-l\u00edder do governo, no entanto o vereador nega que tenha votado contra o prefeito. Mas apesar dessas claras demonstra\u00e7\u00f5es de descontentamento, Elismar assegura que seu relacionamento com o prefeito Julio Lossio continua sem ranhuras. \u201cNosso relacionamento&hellip; <\/p>\n","protected":false},"author":3,"featured_media":0,"comment_status":"open","ping_status":"open","sticky":false,"template":"","format":"standard","meta":{"_acf_changed":false,"footnotes":""},"categories":[1],"tags":[],"class_list":["post-66260","post","type-post","status-publish","format-standard","hentry","category-politica"],"acf":[],"yoast_head":"<!-- This site is optimized with the Yoast SEO plugin v27.4 - https:\/\/yoast.com\/product\/yoast-seo-wordpress\/ -->\n<title>VEREADOR ELISMAR GON\u00c7ALVES D\u00c1 DEMONSTRA\u00c7\u00c3O DE INSATISFA\u00c7\u00c3O COM O GOVERNO LOSSIO - Blog do Farn\u00e9sio<\/title>\n<meta name=\"robots\" content=\"index, follow, max-snippet:-1, max-image-preview:large, max-video-preview:-1\" \/>\n<link rel=\"canonical\" href=\"https:\/\/blogdofarnesio.com.br\/?p=66260\" \/>\n<meta property=\"og:locale\" content=\"pt_BR\" \/>\n<meta property=\"og:type\" content=\"article\" \/>\n<meta property=\"og:title\" content=\"VEREADOR ELISMAR GON\u00c7ALVES D\u00c1 DEMONSTRA\u00c7\u00c3O DE INSATISFA\u00c7\u00c3O COM O GOVERNO LOSSIO - Blog do Farn\u00e9sio\" \/>\n<meta property=\"og:description\" content=\"A v\u00e1lvula de conten\u00e7\u00e3o d\u00e1 sinais que a qualquer momento vai explodir dentro do grupo do prefeito Julio Lossio. Pelo menos \u00e9 o que est\u00e1 deixando transparecer o L\u00edder na casa Pl\u00ednio Amorim, Elismar Gon\u00e7alves (PMDB). Foram duas vezes somente esta semana em que o vereador deixou claro que est\u00e1 insatisfeito com o seu grupo pol\u00edtico e principalmente com a administra\u00e7\u00e3o municipal. A primeira demonstra\u00e7\u00e3o de que n\u00e3o est\u00e1 pra dizer am\u00e9m a tudo, foi na ter\u00e7a feira 03, quando seguiu P\u00e9rsio Antunes (PMDB), ex-l\u00edder do governo, no entanto o vereador nega que tenha votado contra o prefeito. Mas apesar dessas claras demonstra\u00e7\u00f5es de descontentamento, Elismar assegura que seu relacionamento com o prefeito Julio Lossio continua sem ranhuras. \u201cNosso relacionamento&hellip;\" \/>\n<meta property=\"og:url\" content=\"https:\/\/blogdofarnesio.com.br\/?p=66260\" \/>\n<meta property=\"og:site_name\" content=\"Blog do Farn\u00e9sio\" \/>\n<meta property=\"article:publisher\" content=\"https:\/\/www.facebook.com\/BlogQuerSaberPolitica\/\" \/>\n<meta property=\"article:published_time\" content=\"2013-12-07T15:03:54+00:00\" \/>\n<meta property=\"og:image\" content=\"http:\/\/www.quersaberpolitica.com.br\/2016\/wp-content\/uploads\/2013\/12\/ELISMAR-300x225.jpg\" \/>\n<meta name=\"author\" content=\"teste\" \/>\n<meta name=\"twitter:card\" content=\"summary_large_image\" \/>\n<meta name=\"twitter:label1\" content=\"Escrito por\" \/>\n\t<meta name=\"twitter:data1\" content=\"teste\" \/>\n\t<meta name=\"twitter:label2\" content=\"Est. tempo de leitura\" \/>\n\t<meta name=\"twitter:data2\" content=\"3 minutos\" \/>\n<script type=\"application\/ld+json\" class=\"yoast-schema-graph\">{\"@context\":\"https:\\\/\\\/schema.org\",\"@graph\":[{\"@type\":\"Article\",\"@id\":\"https:\\\/\\\/blogdofarnesio.com.br\\\/?p=66260#article\",\"isPartOf\":{\"@id\":\"https:\\\/\\\/blogdofarnesio.com.br\\\/?p=66260\"},\"author\":{\"name\":\"teste\",\"@id\":\"https:\\\/\\\/blogdofarnesio.com.br\\\/#\\\/schema\\\/person\\\/dd1bf5eba40b687199ba45ca6b97dff9\"},\"headline\":\"VEREADOR ELISMAR GON\u00c7ALVES D\u00c1 DEMONSTRA\u00c7\u00c3O DE INSATISFA\u00c7\u00c3O COM O GOVERNO LOSSIO\",\"datePublished\":\"2013-12-07T15:03:54+00:00\",\"mainEntityOfPage\":{\"@id\":\"https:\\\/\\\/blogdofarnesio.com.br\\\/?p=66260\"},\"wordCount\":530,\"commentCount\":0,\"publisher\":{\"@id\":\"https:\\\/\\\/blogdofarnesio.com.br\\\/#organization\"},\"image\":{\"@id\":\"https:\\\/\\\/blogdofarnesio.com.br\\\/?p=66260#primaryimage\"},\"thumbnailUrl\":\"http:\\\/\\\/www.quersaberpolitica.com.br\\\/2016\\\/wp-content\\\/uploads\\\/2013\\\/12\\\/ELISMAR-300x225.jpg\",\"articleSection\":[\"Pol\u00edtica\"],\"inLanguage\":\"pt-BR\",\"potentialAction\":[{\"@type\":\"CommentAction\",\"name\":\"Comment\",\"target\":[\"https:\\\/\\\/blogdofarnesio.com.br\\\/?p=66260#respond\"]}]},{\"@type\":\"WebPage\",\"@id\":\"https:\\\/\\\/blogdofarnesio.com.br\\\/?p=66260\",\"url\":\"https:\\\/\\\/blogdofarnesio.com.br\\\/?p=66260\",\"name\":\"VEREADOR ELISMAR GON\u00c7ALVES D\u00c1 DEMONSTRA\u00c7\u00c3O DE INSATISFA\u00c7\u00c3O COM O GOVERNO LOSSIO - Blog do Farn\u00e9sio\",\"isPartOf\":{\"@id\":\"https:\\\/\\\/blogdofarnesio.com.br\\\/#website\"},\"primaryImageOfPage\":{\"@id\":\"https:\\\/\\\/blogdofarnesio.com.br\\\/?p=66260#primaryimage\"},\"image\":{\"@id\":\"https:\\\/\\\/blogdofarnesio.com.br\\\/?p=66260#primaryimage\"},\"thumbnailUrl\":\"http:\\\/\\\/www.quersaberpolitica.com.br\\\/2016\\\/wp-content\\\/uploads\\\/2013\\\/12\\\/ELISMAR-300x225.jpg\",\"datePublished\":\"2013-12-07T15:03:54+00:00\",\"breadcrumb\":{\"@id\":\"https:\\\/\\\/blogdofarnesio.com.br\\\/?p=66260#breadcrumb\"},\"inLanguage\":\"pt-BR\",\"potentialAction\":[{\"@type\":\"ReadAction\",\"target\":[\"https:\\\/\\\/blogdofarnesio.com.br\\\/?p=66260\"]}]},{\"@type\":\"ImageObject\",\"inLanguage\":\"pt-BR\",\"@id\":\"https:\\\/\\\/blogdofarnesio.com.br\\\/?p=66260#primaryimage\",\"url\":\"http:\\\/\\\/www.quersaberpolitica.com.br\\\/2016\\\/wp-content\\\/uploads\\\/2013\\\/12\\\/ELISMAR-300x225.jpg\",\"contentUrl\":\"http:\\\/\\\/www.quersaberpolitica.com.br\\\/2016\\\/wp-content\\\/uploads\\\/2013\\\/12\\\/ELISMAR-300x225.jpg\"},{\"@type\":\"BreadcrumbList\",\"@id\":\"https:\\\/\\\/blogdofarnesio.com.br\\\/?p=66260#breadcrumb\",\"itemListElement\":[{\"@type\":\"ListItem\",\"position\":1,\"name\":\"In\u00edcio\",\"item\":\"https:\\\/\\\/blogdofarnesio.com.br\\\/\"},{\"@type\":\"ListItem\",\"position\":2,\"name\":\"VEREADOR ELISMAR GON\u00c7ALVES D\u00c1 DEMONSTRA\u00c7\u00c3O DE INSATISFA\u00c7\u00c3O COM O GOVERNO LOSSIO\"}]},{\"@type\":\"WebSite\",\"@id\":\"https:\\\/\\\/blogdofarnesio.com.br\\\/#website\",\"url\":\"https:\\\/\\\/blogdofarnesio.com.br\\\/\",\"name\":\"Blog do Farn\u00e9sio\",\"description\":\"Quer Saber Pol\u00edtica?\",\"publisher\":{\"@id\":\"https:\\\/\\\/blogdofarnesio.com.br\\\/#organization\"},\"potentialAction\":[{\"@type\":\"SearchAction\",\"target\":{\"@type\":\"EntryPoint\",\"urlTemplate\":\"https:\\\/\\\/blogdofarnesio.com.br\\\/?s={search_term_string}\"},\"query-input\":{\"@type\":\"PropertyValueSpecification\",\"valueRequired\":true,\"valueName\":\"search_term_string\"}}],\"inLanguage\":\"pt-BR\"},{\"@type\":\"Organization\",\"@id\":\"https:\\\/\\\/blogdofarnesio.com.br\\\/#organization\",\"name\":\"Blog do Farn\u00e9sio\",\"url\":\"https:\\\/\\\/blogdofarnesio.com.br\\\/\",\"logo\":{\"@type\":\"ImageObject\",\"inLanguage\":\"pt-BR\",\"@id\":\"https:\\\/\\\/blogdofarnesio.com.br\\\/#\\\/schema\\\/logo\\\/image\\\/\",\"url\":\"https:\\\/\\\/blogdofarnesio.com.br\\\/wp-content\\\/uploads\\\/2026\\\/03\\\/cropped-logo_new-1.png\",\"contentUrl\":\"https:\\\/\\\/blogdofarnesio.com.br\\\/wp-content\\\/uploads\\\/2026\\\/03\\\/cropped-logo_new-1.png\",\"width\":881,\"height\":685,\"caption\":\"Blog do Farn\u00e9sio\"},\"image\":{\"@id\":\"https:\\\/\\\/blogdofarnesio.com.br\\\/#\\\/schema\\\/logo\\\/image\\\/\"},\"sameAs\":[\"https:\\\/\\\/www.facebook.com\\\/BlogQuerSaberPolitica\\\/\"]},{\"@type\":\"Person\",\"@id\":\"https:\\\/\\\/blogdofarnesio.com.br\\\/#\\\/schema\\\/person\\\/dd1bf5eba40b687199ba45ca6b97dff9\",\"name\":\"teste\",\"image\":{\"@type\":\"ImageObject\",\"inLanguage\":\"pt-BR\",\"@id\":\"https:\\\/\\\/secure.gravatar.com\\\/avatar\\\/2172498d4914b51e1d89a0f97957b035ac4938723a5cac208135d389b6972a6d?s=96&d=mm&r=g\",\"url\":\"https:\\\/\\\/secure.gravatar.com\\\/avatar\\\/2172498d4914b51e1d89a0f97957b035ac4938723a5cac208135d389b6972a6d?s=96&d=mm&r=g\",\"contentUrl\":\"https:\\\/\\\/secure.gravatar.com\\\/avatar\\\/2172498d4914b51e1d89a0f97957b035ac4938723a5cac208135d389b6972a6d?s=96&d=mm&r=g\",\"caption\":\"teste\"},\"url\":\"https:\\\/\\\/blogdofarnesio.com.br\\\/?author=3\"}]}<\/script>\n<!-- \/ Yoast SEO plugin. -->","yoast_head_json":{"title":"VEREADOR ELISMAR GON\u00c7ALVES D\u00c1 DEMONSTRA\u00c7\u00c3O DE INSATISFA\u00c7\u00c3O COM O GOVERNO LOSSIO - Blog do Farn\u00e9sio","robots":{"index":"index","follow":"follow","max-snippet":"max-snippet:-1","max-image-preview":"max-image-preview:large","max-video-preview":"max-video-preview:-1"},"canonical":"https:\/\/blogdofarnesio.com.br\/?p=66260","og_locale":"pt_BR","og_type":"article","og_title":"VEREADOR ELISMAR GON\u00c7ALVES D\u00c1 DEMONSTRA\u00c7\u00c3O DE INSATISFA\u00c7\u00c3O COM O GOVERNO LOSSIO - Blog do Farn\u00e9sio","og_description":"A v\u00e1lvula de conten\u00e7\u00e3o d\u00e1 sinais que a qualquer momento vai explodir dentro do grupo do prefeito Julio Lossio. Pelo menos \u00e9 o que est\u00e1 deixando transparecer o L\u00edder na casa Pl\u00ednio Amorim, Elismar Gon\u00e7alves (PMDB). Foram duas vezes somente esta semana em que o vereador deixou claro que est\u00e1 insatisfeito com o seu grupo pol\u00edtico e principalmente com a administra\u00e7\u00e3o municipal. A primeira demonstra\u00e7\u00e3o de que n\u00e3o est\u00e1 pra dizer am\u00e9m a tudo, foi na ter\u00e7a feira 03, quando seguiu P\u00e9rsio Antunes (PMDB), ex-l\u00edder do governo, no entanto o vereador nega que tenha votado contra o prefeito. Mas apesar dessas claras demonstra\u00e7\u00f5es de descontentamento, Elismar assegura que seu relacionamento com o prefeito Julio Lossio continua sem ranhuras. \u201cNosso relacionamento&hellip;","og_url":"https:\/\/blogdofarnesio.com.br\/?p=66260","og_site_name":"Blog do Farn\u00e9sio","article_publisher":"https:\/\/www.facebook.com\/BlogQuerSaberPolitica\/","article_published_time":"2013-12-07T15:03:54+00:00","og_image":[{"url":"http:\/\/www.quersaberpolitica.com.br\/2016\/wp-content\/uploads\/2013\/12\/ELISMAR-300x225.jpg","type":"","width":"","height":""}],"author":"teste","twitter_card":"summary_large_image","twitter_misc":{"Escrito por":"teste","Est. tempo de leitura":"3 minutos"},"schema":{"@context":"https:\/\/schema.org","@graph":[{"@type":"Article","@id":"https:\/\/blogdofarnesio.com.br\/?p=66260#article","isPartOf":{"@id":"https:\/\/blogdofarnesio.com.br\/?p=66260"},"author":{"name":"teste","@id":"https:\/\/blogdofarnesio.com.br\/#\/schema\/person\/dd1bf5eba40b687199ba45ca6b97dff9"},"headline":"VEREADOR ELISMAR GON\u00c7ALVES D\u00c1 DEMONSTRA\u00c7\u00c3O DE INSATISFA\u00c7\u00c3O COM O GOVERNO LOSSIO","datePublished":"2013-12-07T15:03:54+00:00","mainEntityOfPage":{"@id":"https:\/\/blogdofarnesio.com.br\/?p=66260"},"wordCount":530,"commentCount":0,"publisher":{"@id":"https:\/\/blogdofarnesio.com.br\/#organization"},"image":{"@id":"https:\/\/blogdofarnesio.com.br\/?p=66260#primaryimage"},"thumbnailUrl":"http:\/\/www.quersaberpolitica.com.br\/2016\/wp-content\/uploads\/2013\/12\/ELISMAR-300x225.jpg","articleSection":["Pol\u00edtica"],"inLanguage":"pt-BR","potentialAction":[{"@type":"CommentAction","name":"Comment","target":["https:\/\/blogdofarnesio.com.br\/?p=66260#respond"]}]},{"@type":"WebPage","@id":"https:\/\/blogdofarnesio.com.br\/?p=66260","url":"https:\/\/blogdofarnesio.com.br\/?p=66260","name":"VEREADOR ELISMAR GON\u00c7ALVES D\u00c1 DEMONSTRA\u00c7\u00c3O DE INSATISFA\u00c7\u00c3O COM O GOVERNO LOSSIO - Blog do Farn\u00e9sio","isPartOf":{"@id":"https:\/\/blogdofarnesio.com.br\/#website"},"primaryImageOfPage":{"@id":"https:\/\/blogdofarnesio.com.br\/?p=66260#primaryimage"},"image":{"@id":"https:\/\/blogdofarnesio.com.br\/?p=66260#primaryimage"},"thumbnailUrl":"http:\/\/www.quersaberpolitica.com.br\/2016\/wp-content\/uploads\/2013\/12\/ELISMAR-300x225.jpg","datePublished":"2013-12-07T15:03:54+00:00","breadcrumb":{"@id":"https:\/\/blogdofarnesio.com.br\/?p=66260#breadcrumb"},"inLanguage":"pt-BR","potentialAction":[{"@type":"ReadAction","target":["https:\/\/blogdofarnesio.com.br\/?p=66260"]}]},{"@type":"ImageObject","inLanguage":"pt-BR","@id":"https:\/\/blogdofarnesio.com.br\/?p=66260#primaryimage","url":"http:\/\/www.quersaberpolitica.com.br\/2016\/wp-content\/uploads\/2013\/12\/ELISMAR-300x225.jpg","contentUrl":"http:\/\/www.quersaberpolitica.com.br\/2016\/wp-content\/uploads\/2013\/12\/ELISMAR-300x225.jpg"},{"@type":"BreadcrumbList","@id":"https:\/\/blogdofarnesio.com.br\/?p=66260#breadcrumb","itemListElement":[{"@type":"ListItem","position":1,"name":"In\u00edcio","item":"https:\/\/blogdofarnesio.com.br\/"},{"@type":"ListItem","position":2,"name":"VEREADOR ELISMAR GON\u00c7ALVES D\u00c1 DEMONSTRA\u00c7\u00c3O DE INSATISFA\u00c7\u00c3O COM O GOVERNO LOSSIO"}]},{"@type":"WebSite","@id":"https:\/\/blogdofarnesio.com.br\/#website","url":"https:\/\/blogdofarnesio.com.br\/","name":"Blog do Farn\u00e9sio","description":"Quer Saber Pol\u00edtica?","publisher":{"@id":"https:\/\/blogdofarnesio.com.br\/#organization"},"potentialAction":[{"@type":"SearchAction","target":{"@type":"EntryPoint","urlTemplate":"https:\/\/blogdofarnesio.com.br\/?s={search_term_string}"},"query-input":{"@type":"PropertyValueSpecification","valueRequired":true,"valueName":"search_term_string"}}],"inLanguage":"pt-BR"},{"@type":"Organization","@id":"https:\/\/blogdofarnesio.com.br\/#organization","name":"Blog do Farn\u00e9sio","url":"https:\/\/blogdofarnesio.com.br\/","logo":{"@type":"ImageObject","inLanguage":"pt-BR","@id":"https:\/\/blogdofarnesio.com.br\/#\/schema\/logo\/image\/","url":"https:\/\/blogdofarnesio.com.br\/wp-content\/uploads\/2026\/03\/cropped-logo_new-1.png","contentUrl":"https:\/\/blogdofarnesio.com.br\/wp-content\/uploads\/2026\/03\/cropped-logo_new-1.png","width":881,"height":685,"caption":"Blog do Farn\u00e9sio"},"image":{"@id":"https:\/\/blogdofarnesio.com.br\/#\/schema\/logo\/image\/"},"sameAs":["https:\/\/www.facebook.com\/BlogQuerSaberPolitica\/"]},{"@type":"Person","@id":"https:\/\/blogdofarnesio.com.br\/#\/schema\/person\/dd1bf5eba40b687199ba45ca6b97dff9","name":"teste","image":{"@type":"ImageObject","inLanguage":"pt-BR","@id":"https:\/\/secure.gravatar.com\/avatar\/2172498d4914b51e1d89a0f97957b035ac4938723a5cac208135d389b6972a6d?s=96&d=mm&r=g","url":"https:\/\/secure.gravatar.com\/avatar\/2172498d4914b51e1d89a0f97957b035ac4938723a5cac208135d389b6972a6d?s=96&d=mm&r=g","contentUrl":"https:\/\/secure.gravatar.com\/avatar\/2172498d4914b51e1d89a0f97957b035ac4938723a5cac208135d389b6972a6d?s=96&d=mm&r=g","caption":"teste"},"url":"https:\/\/blogdofarnesio.com.br\/?author=3"}]}},"_links":{"self":[{"href":"https:\/\/blogdofarnesio.com.br\/index.php?rest_route=\/wp\/v2\/posts\/66260","targetHints":{"allow":["GET"]}}],"collection":[{"href":"https:\/\/blogdofarnesio.com.br\/index.php?rest_route=\/wp\/v2\/posts"}],"about":[{"href":"https:\/\/blogdofarnesio.com.br\/index.php?rest_route=\/wp\/v2\/types\/post"}],"author":[{"embeddable":true,"href":"https:\/\/blogdofarnesio.com.br\/index.php?rest_route=\/wp\/v2\/users\/3"}],"replies":[{"embeddable":true,"href":"https:\/\/blogdofarnesio.com.br\/index.php?rest_route=%2Fwp%2Fv2%2Fcomments&post=66260"}],"version-history":[{"count":0,"href":"https:\/\/blogdofarnesio.com.br\/index.php?rest_route=\/wp\/v2\/posts\/66260\/revisions"}],"wp:attachment":[{"href":"https:\/\/blogdofarnesio.com.br\/index.php?rest_route=%2Fwp%2Fv2%2Fmedia&parent=66260"}],"wp:term":[{"taxonomy":"category","embeddable":true,"href":"https:\/\/blogdofarnesio.com.br\/index.php?rest_route=%2Fwp%2Fv2%2Fcategories&post=66260"},{"taxonomy":"post_tag","embeddable":true,"href":"https:\/\/blogdofarnesio.com.br\/index.php?rest_route=%2Fwp%2Fv2%2Ftags&post=66260"}],"curies":[{"name":"wp","href":"https:\/\/api.w.org\/{rel}","templated":true}]}}