{"id":66242,"date":"2013-12-06T16:06:49","date_gmt":"2013-12-06T19:06:49","guid":{"rendered":"http:\/\/www.quersaberpolitica.com.br\/?p=66242"},"modified":"2013-12-06T13:20:10","modified_gmt":"2013-12-06T16:20:10","slug":"petrolina-estende-a-campanha-de-vacinacao-contra-sarampo-ate-amanha","status":"publish","type":"post","link":"https:\/\/blogdofarnesio.com.br\/?p=66242","title":{"rendered":"PETROLINA ESTENDE A CAMPANHA DE VACINA\u00c7\u00c3O CONTRA SARAMPO AT\u00c9 AMANH\u00c3"},"content":{"rendered":"<p style=\"text-align: justify\"><a href=\"http:\/\/www.quersaberpolitica.com.br\/2016\/wp-content\/uploads\/2013\/04\/blogqspvacina.jpg\"><img loading=\"lazy\" decoding=\"async\" class=\"alignleft size-full wp-image-37353\" alt=\"blogqspvacina\" src=\"http:\/\/www.quersaberpolitica.com.br\/2016\/wp-content\/uploads\/2013\/04\/blogqspvacina.jpg\" width=\"237\" height=\"185\" \/><\/a>Devido ao baixo n\u00famero de crian\u00e7as vacinadas no munic\u00edpio, a Secretaria Municipal de Sa\u00fade de Petrolina (SMS), decidiu realizar mais um dia \u2018D\u2019 da Campanha de Vacina\u00e7\u00e3o contra Sarampo. As vacinas ser\u00e3o disponibilizadas apenas nas AME\u2019s da zona urbana, neste s\u00e1bado (07), das 8h \u00e0s 17h.<\/p>\n<p style=\"text-align: justify\">\u201cO munic\u00edpio est\u00e1 dando mais um dia para que os pais levem seus filhos (de seis meses a menores de cinco anos) a AME mais pr\u00f3xima da sua resid\u00eancia para que tomem o refor\u00e7o da tr\u00edplice viral. Temos a vacina, basta que pais levem seus filhos para serem vacinados\u201d, alerta a coordenadora do Programa Nacional de Imuniza\u00e7\u00e3o, Jeane Moraes.<!--more--><\/p>\n<p style=\"text-align: justify\">A meta municipal \u00e9 vacinar 24.829 crian\u00e7as de seis meses a menores de cinco anos, por\u00e9m apenas 12.555 crian\u00e7as foram imunizadas, o que corresponde a 50% do p\u00fablico alvo vacinado. \u201cO Minist\u00e9rio da Sa\u00fade preconizou esta faixa et\u00e1ria por ser a mais sens\u00edvel e vulner\u00e1vel a contrair a doen\u00e7a. Lembrando que o sarampo \u00e9 contagioso, ou seja, altamente transmiss\u00edvel e, se, o caso sofrer agravo pode levar ao \u00f3bito\u201d, afirmou Jeane.<\/p>\n<p style=\"text-align: justify\">As unidades de Atendimento Multiprofissional Especializado (AME) est\u00e3o localizadas nos bairros Jos\u00e9 e Maria, Vila Eduardo, Dom Avelar, Areia Branca e Henrique Leite.<\/p>\n<p style=\"text-align: justify\"><strong>Texto: Gabriela Moura<\/strong><\/p>\n","protected":false},"excerpt":{"rendered":"<p>Devido ao baixo n\u00famero de crian\u00e7as vacinadas no munic\u00edpio, a Secretaria Municipal de Sa\u00fade de Petrolina (SMS), decidiu realizar mais um dia \u2018D\u2019 da Campanha de Vacina\u00e7\u00e3o contra Sarampo. As vacinas ser\u00e3o disponibilizadas apenas nas AME\u2019s da zona urbana, neste s\u00e1bado (07), das 8h \u00e0s 17h. \u201cO munic\u00edpio est\u00e1 dando mais um dia para que os pais levem seus filhos (de seis meses a menores de cinco anos) a AME mais pr\u00f3xima da sua resid\u00eancia para que tomem o refor\u00e7o da tr\u00edplice viral. Temos a vacina, basta que pais levem seus filhos para serem vacinados\u201d, alerta a coordenadora do Programa Nacional de Imuniza\u00e7\u00e3o, Jeane Moraes.<\/p>\n","protected":false},"author":3,"featured_media":0,"comment_status":"open","ping_status":"open","sticky":false,"template":"","format":"standard","meta":{"_acf_changed":false,"footnotes":""},"categories":[4],"tags":[],"class_list":["post-66242","post","type-post","status-publish","format-standard","hentry","category-saude"],"acf":[],"yoast_head":"<!-- This site is optimized with the Yoast SEO plugin v27.4 - https:\/\/yoast.com\/product\/yoast-seo-wordpress\/ -->\n<title>PETROLINA ESTENDE A CAMPANHA DE VACINA\u00c7\u00c3O CONTRA SARAMPO AT\u00c9 AMANH\u00c3 - Blog do Farn\u00e9sio<\/title>\n<meta name=\"robots\" content=\"index, follow, max-snippet:-1, max-image-preview:large, max-video-preview:-1\" \/>\n<link rel=\"canonical\" href=\"https:\/\/blogdofarnesio.com.br\/?p=66242\" \/>\n<meta property=\"og:locale\" content=\"pt_BR\" \/>\n<meta property=\"og:type\" content=\"article\" \/>\n<meta property=\"og:title\" content=\"PETROLINA ESTENDE A CAMPANHA DE VACINA\u00c7\u00c3O CONTRA SARAMPO AT\u00c9 AMANH\u00c3 - Blog do Farn\u00e9sio\" \/>\n<meta property=\"og:description\" content=\"Devido ao baixo n\u00famero de crian\u00e7as vacinadas no munic\u00edpio, a Secretaria Municipal de Sa\u00fade de Petrolina (SMS), decidiu realizar mais um dia \u2018D\u2019 da Campanha de Vacina\u00e7\u00e3o contra Sarampo. As vacinas ser\u00e3o disponibilizadas apenas nas AME\u2019s da zona urbana, neste s\u00e1bado (07), das 8h \u00e0s 17h. \u201cO munic\u00edpio est\u00e1 dando mais um dia para que os pais levem seus filhos (de seis meses a menores de cinco anos) a AME mais pr\u00f3xima da sua resid\u00eancia para que tomem o refor\u00e7o da tr\u00edplice viral. Temos a vacina, basta que pais levem seus filhos para serem vacinados\u201d, alerta a coordenadora do Programa Nacional de Imuniza\u00e7\u00e3o, Jeane Moraes.\" \/>\n<meta property=\"og:url\" content=\"https:\/\/blogdofarnesio.com.br\/?p=66242\" \/>\n<meta property=\"og:site_name\" content=\"Blog do Farn\u00e9sio\" \/>\n<meta property=\"article:publisher\" content=\"https:\/\/www.facebook.com\/BlogQuerSaberPolitica\/\" \/>\n<meta property=\"article:published_time\" content=\"2013-12-06T19:06:49+00:00\" \/>\n<meta property=\"og:image\" content=\"http:\/\/www.quersaberpolitica.com.br\/2016\/wp-content\/uploads\/2013\/04\/blogqspvacina.jpg\" \/>\n<meta name=\"author\" content=\"teste\" \/>\n<meta name=\"twitter:card\" content=\"summary_large_image\" \/>\n<meta name=\"twitter:label1\" content=\"Escrito por\" \/>\n\t<meta name=\"twitter:data1\" content=\"teste\" \/>\n\t<meta name=\"twitter:label2\" content=\"Est. tempo de leitura\" \/>\n\t<meta name=\"twitter:data2\" content=\"1 minuto\" \/>\n<script type=\"application\/ld+json\" class=\"yoast-schema-graph\">{\"@context\":\"https:\\\/\\\/schema.org\",\"@graph\":[{\"@type\":\"Article\",\"@id\":\"https:\\\/\\\/blogdofarnesio.com.br\\\/?p=66242#article\",\"isPartOf\":{\"@id\":\"https:\\\/\\\/blogdofarnesio.com.br\\\/?p=66242\"},\"author\":{\"name\":\"teste\",\"@id\":\"https:\\\/\\\/blogdofarnesio.com.br\\\/#\\\/schema\\\/person\\\/dd1bf5eba40b687199ba45ca6b97dff9\"},\"headline\":\"PETROLINA ESTENDE A CAMPANHA DE VACINA\u00c7\u00c3O CONTRA SARAMPO AT\u00c9 AMANH\u00c3\",\"datePublished\":\"2013-12-06T19:06:49+00:00\",\"mainEntityOfPage\":{\"@id\":\"https:\\\/\\\/blogdofarnesio.com.br\\\/?p=66242\"},\"wordCount\":233,\"commentCount\":0,\"publisher\":{\"@id\":\"https:\\\/\\\/blogdofarnesio.com.br\\\/#organization\"},\"image\":{\"@id\":\"https:\\\/\\\/blogdofarnesio.com.br\\\/?p=66242#primaryimage\"},\"thumbnailUrl\":\"http:\\\/\\\/www.quersaberpolitica.com.br\\\/2016\\\/wp-content\\\/uploads\\\/2013\\\/04\\\/blogqspvacina.jpg\",\"articleSection\":[\"Sa\u00fade\"],\"inLanguage\":\"pt-BR\",\"potentialAction\":[{\"@type\":\"CommentAction\",\"name\":\"Comment\",\"target\":[\"https:\\\/\\\/blogdofarnesio.com.br\\\/?p=66242#respond\"]}]},{\"@type\":\"WebPage\",\"@id\":\"https:\\\/\\\/blogdofarnesio.com.br\\\/?p=66242\",\"url\":\"https:\\\/\\\/blogdofarnesio.com.br\\\/?p=66242\",\"name\":\"PETROLINA ESTENDE A CAMPANHA DE VACINA\u00c7\u00c3O CONTRA SARAMPO AT\u00c9 AMANH\u00c3 - Blog do Farn\u00e9sio\",\"isPartOf\":{\"@id\":\"https:\\\/\\\/blogdofarnesio.com.br\\\/#website\"},\"primaryImageOfPage\":{\"@id\":\"https:\\\/\\\/blogdofarnesio.com.br\\\/?p=66242#primaryimage\"},\"image\":{\"@id\":\"https:\\\/\\\/blogdofarnesio.com.br\\\/?p=66242#primaryimage\"},\"thumbnailUrl\":\"http:\\\/\\\/www.quersaberpolitica.com.br\\\/2016\\\/wp-content\\\/uploads\\\/2013\\\/04\\\/blogqspvacina.jpg\",\"datePublished\":\"2013-12-06T19:06:49+00:00\",\"breadcrumb\":{\"@id\":\"https:\\\/\\\/blogdofarnesio.com.br\\\/?p=66242#breadcrumb\"},\"inLanguage\":\"pt-BR\",\"potentialAction\":[{\"@type\":\"ReadAction\",\"target\":[\"https:\\\/\\\/blogdofarnesio.com.br\\\/?p=66242\"]}]},{\"@type\":\"ImageObject\",\"inLanguage\":\"pt-BR\",\"@id\":\"https:\\\/\\\/blogdofarnesio.com.br\\\/?p=66242#primaryimage\",\"url\":\"http:\\\/\\\/www.quersaberpolitica.com.br\\\/2016\\\/wp-content\\\/uploads\\\/2013\\\/04\\\/blogqspvacina.jpg\",\"contentUrl\":\"http:\\\/\\\/www.quersaberpolitica.com.br\\\/2016\\\/wp-content\\\/uploads\\\/2013\\\/04\\\/blogqspvacina.jpg\"},{\"@type\":\"BreadcrumbList\",\"@id\":\"https:\\\/\\\/blogdofarnesio.com.br\\\/?p=66242#breadcrumb\",\"itemListElement\":[{\"@type\":\"ListItem\",\"position\":1,\"name\":\"In\u00edcio\",\"item\":\"https:\\\/\\\/blogdofarnesio.com.br\\\/\"},{\"@type\":\"ListItem\",\"position\":2,\"name\":\"PETROLINA ESTENDE A CAMPANHA DE VACINA\u00c7\u00c3O CONTRA SARAMPO AT\u00c9 AMANH\u00c3\"}]},{\"@type\":\"WebSite\",\"@id\":\"https:\\\/\\\/blogdofarnesio.com.br\\\/#website\",\"url\":\"https:\\\/\\\/blogdofarnesio.com.br\\\/\",\"name\":\"Blog do Farn\u00e9sio\",\"description\":\"Quer Saber Pol\u00edtica?\",\"publisher\":{\"@id\":\"https:\\\/\\\/blogdofarnesio.com.br\\\/#organization\"},\"potentialAction\":[{\"@type\":\"SearchAction\",\"target\":{\"@type\":\"EntryPoint\",\"urlTemplate\":\"https:\\\/\\\/blogdofarnesio.com.br\\\/?s={search_term_string}\"},\"query-input\":{\"@type\":\"PropertyValueSpecification\",\"valueRequired\":true,\"valueName\":\"search_term_string\"}}],\"inLanguage\":\"pt-BR\"},{\"@type\":\"Organization\",\"@id\":\"https:\\\/\\\/blogdofarnesio.com.br\\\/#organization\",\"name\":\"Blog do Farn\u00e9sio\",\"url\":\"https:\\\/\\\/blogdofarnesio.com.br\\\/\",\"logo\":{\"@type\":\"ImageObject\",\"inLanguage\":\"pt-BR\",\"@id\":\"https:\\\/\\\/blogdofarnesio.com.br\\\/#\\\/schema\\\/logo\\\/image\\\/\",\"url\":\"https:\\\/\\\/blogdofarnesio.com.br\\\/wp-content\\\/uploads\\\/2026\\\/03\\\/cropped-logo_new-1.png\",\"contentUrl\":\"https:\\\/\\\/blogdofarnesio.com.br\\\/wp-content\\\/uploads\\\/2026\\\/03\\\/cropped-logo_new-1.png\",\"width\":881,\"height\":685,\"caption\":\"Blog do Farn\u00e9sio\"},\"image\":{\"@id\":\"https:\\\/\\\/blogdofarnesio.com.br\\\/#\\\/schema\\\/logo\\\/image\\\/\"},\"sameAs\":[\"https:\\\/\\\/www.facebook.com\\\/BlogQuerSaberPolitica\\\/\"]},{\"@type\":\"Person\",\"@id\":\"https:\\\/\\\/blogdofarnesio.com.br\\\/#\\\/schema\\\/person\\\/dd1bf5eba40b687199ba45ca6b97dff9\",\"name\":\"teste\",\"image\":{\"@type\":\"ImageObject\",\"inLanguage\":\"pt-BR\",\"@id\":\"https:\\\/\\\/secure.gravatar.com\\\/avatar\\\/2172498d4914b51e1d89a0f97957b035ac4938723a5cac208135d389b6972a6d?s=96&d=mm&r=g\",\"url\":\"https:\\\/\\\/secure.gravatar.com\\\/avatar\\\/2172498d4914b51e1d89a0f97957b035ac4938723a5cac208135d389b6972a6d?s=96&d=mm&r=g\",\"contentUrl\":\"https:\\\/\\\/secure.gravatar.com\\\/avatar\\\/2172498d4914b51e1d89a0f97957b035ac4938723a5cac208135d389b6972a6d?s=96&d=mm&r=g\",\"caption\":\"teste\"},\"url\":\"https:\\\/\\\/blogdofarnesio.com.br\\\/?author=3\"}]}<\/script>\n<!-- \/ Yoast SEO plugin. -->","yoast_head_json":{"title":"PETROLINA ESTENDE A CAMPANHA DE VACINA\u00c7\u00c3O CONTRA SARAMPO AT\u00c9 AMANH\u00c3 - Blog do Farn\u00e9sio","robots":{"index":"index","follow":"follow","max-snippet":"max-snippet:-1","max-image-preview":"max-image-preview:large","max-video-preview":"max-video-preview:-1"},"canonical":"https:\/\/blogdofarnesio.com.br\/?p=66242","og_locale":"pt_BR","og_type":"article","og_title":"PETROLINA ESTENDE A CAMPANHA DE VACINA\u00c7\u00c3O CONTRA SARAMPO AT\u00c9 AMANH\u00c3 - Blog do Farn\u00e9sio","og_description":"Devido ao baixo n\u00famero de crian\u00e7as vacinadas no munic\u00edpio, a Secretaria Municipal de Sa\u00fade de Petrolina (SMS), decidiu realizar mais um dia \u2018D\u2019 da Campanha de Vacina\u00e7\u00e3o contra Sarampo. As vacinas ser\u00e3o disponibilizadas apenas nas AME\u2019s da zona urbana, neste s\u00e1bado (07), das 8h \u00e0s 17h. \u201cO munic\u00edpio est\u00e1 dando mais um dia para que os pais levem seus filhos (de seis meses a menores de cinco anos) a AME mais pr\u00f3xima da sua resid\u00eancia para que tomem o refor\u00e7o da tr\u00edplice viral. Temos a vacina, basta que pais levem seus filhos para serem vacinados\u201d, alerta a coordenadora do Programa Nacional de Imuniza\u00e7\u00e3o, Jeane Moraes.","og_url":"https:\/\/blogdofarnesio.com.br\/?p=66242","og_site_name":"Blog do Farn\u00e9sio","article_publisher":"https:\/\/www.facebook.com\/BlogQuerSaberPolitica\/","article_published_time":"2013-12-06T19:06:49+00:00","og_image":[{"url":"http:\/\/www.quersaberpolitica.com.br\/2016\/wp-content\/uploads\/2013\/04\/blogqspvacina.jpg","type":"","width":"","height":""}],"author":"teste","twitter_card":"summary_large_image","twitter_misc":{"Escrito por":"teste","Est. tempo de leitura":"1 minuto"},"schema":{"@context":"https:\/\/schema.org","@graph":[{"@type":"Article","@id":"https:\/\/blogdofarnesio.com.br\/?p=66242#article","isPartOf":{"@id":"https:\/\/blogdofarnesio.com.br\/?p=66242"},"author":{"name":"teste","@id":"https:\/\/blogdofarnesio.com.br\/#\/schema\/person\/dd1bf5eba40b687199ba45ca6b97dff9"},"headline":"PETROLINA ESTENDE A CAMPANHA DE VACINA\u00c7\u00c3O CONTRA SARAMPO AT\u00c9 AMANH\u00c3","datePublished":"2013-12-06T19:06:49+00:00","mainEntityOfPage":{"@id":"https:\/\/blogdofarnesio.com.br\/?p=66242"},"wordCount":233,"commentCount":0,"publisher":{"@id":"https:\/\/blogdofarnesio.com.br\/#organization"},"image":{"@id":"https:\/\/blogdofarnesio.com.br\/?p=66242#primaryimage"},"thumbnailUrl":"http:\/\/www.quersaberpolitica.com.br\/2016\/wp-content\/uploads\/2013\/04\/blogqspvacina.jpg","articleSection":["Sa\u00fade"],"inLanguage":"pt-BR","potentialAction":[{"@type":"CommentAction","name":"Comment","target":["https:\/\/blogdofarnesio.com.br\/?p=66242#respond"]}]},{"@type":"WebPage","@id":"https:\/\/blogdofarnesio.com.br\/?p=66242","url":"https:\/\/blogdofarnesio.com.br\/?p=66242","name":"PETROLINA ESTENDE A CAMPANHA DE VACINA\u00c7\u00c3O CONTRA SARAMPO AT\u00c9 AMANH\u00c3 - Blog do Farn\u00e9sio","isPartOf":{"@id":"https:\/\/blogdofarnesio.com.br\/#website"},"primaryImageOfPage":{"@id":"https:\/\/blogdofarnesio.com.br\/?p=66242#primaryimage"},"image":{"@id":"https:\/\/blogdofarnesio.com.br\/?p=66242#primaryimage"},"thumbnailUrl":"http:\/\/www.quersaberpolitica.com.br\/2016\/wp-content\/uploads\/2013\/04\/blogqspvacina.jpg","datePublished":"2013-12-06T19:06:49+00:00","breadcrumb":{"@id":"https:\/\/blogdofarnesio.com.br\/?p=66242#breadcrumb"},"inLanguage":"pt-BR","potentialAction":[{"@type":"ReadAction","target":["https:\/\/blogdofarnesio.com.br\/?p=66242"]}]},{"@type":"ImageObject","inLanguage":"pt-BR","@id":"https:\/\/blogdofarnesio.com.br\/?p=66242#primaryimage","url":"http:\/\/www.quersaberpolitica.com.br\/2016\/wp-content\/uploads\/2013\/04\/blogqspvacina.jpg","contentUrl":"http:\/\/www.quersaberpolitica.com.br\/2016\/wp-content\/uploads\/2013\/04\/blogqspvacina.jpg"},{"@type":"BreadcrumbList","@id":"https:\/\/blogdofarnesio.com.br\/?p=66242#breadcrumb","itemListElement":[{"@type":"ListItem","position":1,"name":"In\u00edcio","item":"https:\/\/blogdofarnesio.com.br\/"},{"@type":"ListItem","position":2,"name":"PETROLINA ESTENDE A CAMPANHA DE VACINA\u00c7\u00c3O CONTRA SARAMPO AT\u00c9 AMANH\u00c3"}]},{"@type":"WebSite","@id":"https:\/\/blogdofarnesio.com.br\/#website","url":"https:\/\/blogdofarnesio.com.br\/","name":"Blog do Farn\u00e9sio","description":"Quer Saber Pol\u00edtica?","publisher":{"@id":"https:\/\/blogdofarnesio.com.br\/#organization"},"potentialAction":[{"@type":"SearchAction","target":{"@type":"EntryPoint","urlTemplate":"https:\/\/blogdofarnesio.com.br\/?s={search_term_string}"},"query-input":{"@type":"PropertyValueSpecification","valueRequired":true,"valueName":"search_term_string"}}],"inLanguage":"pt-BR"},{"@type":"Organization","@id":"https:\/\/blogdofarnesio.com.br\/#organization","name":"Blog do Farn\u00e9sio","url":"https:\/\/blogdofarnesio.com.br\/","logo":{"@type":"ImageObject","inLanguage":"pt-BR","@id":"https:\/\/blogdofarnesio.com.br\/#\/schema\/logo\/image\/","url":"https:\/\/blogdofarnesio.com.br\/wp-content\/uploads\/2026\/03\/cropped-logo_new-1.png","contentUrl":"https:\/\/blogdofarnesio.com.br\/wp-content\/uploads\/2026\/03\/cropped-logo_new-1.png","width":881,"height":685,"caption":"Blog do Farn\u00e9sio"},"image":{"@id":"https:\/\/blogdofarnesio.com.br\/#\/schema\/logo\/image\/"},"sameAs":["https:\/\/www.facebook.com\/BlogQuerSaberPolitica\/"]},{"@type":"Person","@id":"https:\/\/blogdofarnesio.com.br\/#\/schema\/person\/dd1bf5eba40b687199ba45ca6b97dff9","name":"teste","image":{"@type":"ImageObject","inLanguage":"pt-BR","@id":"https:\/\/secure.gravatar.com\/avatar\/2172498d4914b51e1d89a0f97957b035ac4938723a5cac208135d389b6972a6d?s=96&d=mm&r=g","url":"https:\/\/secure.gravatar.com\/avatar\/2172498d4914b51e1d89a0f97957b035ac4938723a5cac208135d389b6972a6d?s=96&d=mm&r=g","contentUrl":"https:\/\/secure.gravatar.com\/avatar\/2172498d4914b51e1d89a0f97957b035ac4938723a5cac208135d389b6972a6d?s=96&d=mm&r=g","caption":"teste"},"url":"https:\/\/blogdofarnesio.com.br\/?author=3"}]}},"_links":{"self":[{"href":"https:\/\/blogdofarnesio.com.br\/index.php?rest_route=\/wp\/v2\/posts\/66242","targetHints":{"allow":["GET"]}}],"collection":[{"href":"https:\/\/blogdofarnesio.com.br\/index.php?rest_route=\/wp\/v2\/posts"}],"about":[{"href":"https:\/\/blogdofarnesio.com.br\/index.php?rest_route=\/wp\/v2\/types\/post"}],"author":[{"embeddable":true,"href":"https:\/\/blogdofarnesio.com.br\/index.php?rest_route=\/wp\/v2\/users\/3"}],"replies":[{"embeddable":true,"href":"https:\/\/blogdofarnesio.com.br\/index.php?rest_route=%2Fwp%2Fv2%2Fcomments&post=66242"}],"version-history":[{"count":0,"href":"https:\/\/blogdofarnesio.com.br\/index.php?rest_route=\/wp\/v2\/posts\/66242\/revisions"}],"wp:attachment":[{"href":"https:\/\/blogdofarnesio.com.br\/index.php?rest_route=%2Fwp%2Fv2%2Fmedia&parent=66242"}],"wp:term":[{"taxonomy":"category","embeddable":true,"href":"https:\/\/blogdofarnesio.com.br\/index.php?rest_route=%2Fwp%2Fv2%2Fcategories&post=66242"},{"taxonomy":"post_tag","embeddable":true,"href":"https:\/\/blogdofarnesio.com.br\/index.php?rest_route=%2Fwp%2Fv2%2Ftags&post=66242"}],"curies":[{"name":"wp","href":"https:\/\/api.w.org\/{rel}","templated":true}]}}