{"id":66239,"date":"2013-12-06T16:24:31","date_gmt":"2013-12-06T19:24:31","guid":{"rendered":"http:\/\/www.quersaberpolitica.com.br\/?p=66239"},"modified":"2013-12-06T14:19:50","modified_gmt":"2013-12-06T17:19:50","slug":"horta-comunitaria-do-bairro-joao-paulo-ii-produz-alimentos-organicos","status":"publish","type":"post","link":"https:\/\/blogdofarnesio.com.br\/?p=66239","title":{"rendered":"HORTA COMUNIT\u00c1RIA DO BAIRRO JO\u00c3O PAULO II PRODUZ ALIMENTOS ORG\u00c2NICOS"},"content":{"rendered":"<p style=\"text-align: justify\"><a href=\"http:\/\/www.quersaberpolitica.com.br\/2016\/wp-content\/uploads\/2013\/12\/horta.jpg\"><img loading=\"lazy\" decoding=\"async\" class=\"alignleft size-medium wp-image-66240\" alt=\"blogqsphorta\" src=\"http:\/\/www.quersaberpolitica.com.br\/2016\/wp-content\/uploads\/2013\/12\/horta-300x225.jpg\" width=\"300\" height=\"225\" srcset=\"https:\/\/blogdofarnesio.com.br\/wp-content\/uploads\/2013\/12\/horta-300x225.jpg 300w, https:\/\/blogdofarnesio.com.br\/wp-content\/uploads\/2013\/12\/horta.jpg 346w\" sizes=\"auto, (max-width: 300px) 100vw, 300px\" \/><\/a>Devido a busca di\u00e1ria por uma vida saud\u00e1vel, as discuss\u00f5es acerca de alimentos com agrot\u00f3xicos e org\u00e2nicos cresceram nos \u00faltimos anos. Em meio a debates, a produ\u00e7\u00e3o de org\u00e2nicos cresceu no Brasil afora e, tamb\u00e9m, no Vale do S\u00e3o Francisco.<\/p>\n<p style=\"text-align: justify\">Em Juazeiro, uma horta comunit\u00e1ria, localizada no bairro Jo\u00e3o Paulo II, se destaca na produ\u00e7\u00e3o e na comercializa\u00e7\u00e3o dos produtos saud\u00e1veis. A horta criada em 1987, foi idealizada por uma irm\u00e3 italiana, chamada Redenta, com o apoio do bispo, Dom Jos\u00e9 Rodrigues. Atualmente, a horta conta com 70 fam\u00edlias trabalhando, cada uma com o equivalente de 100 metros quadrado de terra para a produ\u00e7\u00e3o de suas verduras e hortali\u00e7as.<\/p>\n<p style=\"text-align: justify\">Os produtos que saem da horta s\u00e3o classificados como org\u00e2nicos e cont\u00e9m o Selo Ch\u00e3o Vivo, que comprova que o alimento \u00e9 livre de agrot\u00f3xicos. Para isso, as fam\u00edlias passaram por capacita\u00e7\u00f5es realizadas pelo sistema S e s\u00e3o acompanhadas pela Companhia de Desenvolvimento Econ\u00f4mico dos Vale do S\u00e3o Francisco e da Parna\u00edba (Codevasf).<!--more--><\/p>\n<p style=\"text-align: justify\">De acordo com o presidente da horta, Jo\u00e3o Soares, o selo se fez essencial para a comercializa\u00e7\u00e3o dos produtos. \u201cCom o selo conseguimos vender mais, fornecemos os legumes e as hortali\u00e7as para alguns supermercados e tamb\u00e9m foi a partir do selo que passamos a vender em um local especifico para org\u00e2nicos em Petrolina\u201d, explica.<\/p>\n<p style=\"text-align: justify\">A feira do bairro Areia Branca, na cidade vizinha, Petrolina, existe um espa\u00e7o apenas para comercializa\u00e7\u00e3o dos produtos org\u00e2nicos. Esse \u00e9 o local onde v\u00e1rios produtores de org\u00e2nicos da regi\u00e3o e as fam\u00edlias da horta do Jo\u00e3o Paulo II vendem os alimentos. Soares conta que sente falta de um espa\u00e7o como esse em Juazeiro. \u201cNossa maior dificuldade em comercializar aqui na cidade \u00e9 porque n\u00e3o tem um ambiente pr\u00f3prio para o com\u00e9rcio de org\u00e2nicos, assim fica dif\u00edcil dos juazeirenses nos conhecerem\u201d, conta.<\/p>\n<p style=\"text-align: justify\"><strong>Texto: Fernanda Marins-Fotos: Divulga\u00e7\u00e3o<\/strong><\/p>\n","protected":false},"excerpt":{"rendered":"<p>Devido a busca di\u00e1ria por uma vida saud\u00e1vel, as discuss\u00f5es acerca de alimentos com agrot\u00f3xicos e org\u00e2nicos cresceram nos \u00faltimos anos. Em meio a debates, a produ\u00e7\u00e3o de org\u00e2nicos cresceu no Brasil afora e, tamb\u00e9m, no Vale do S\u00e3o Francisco. Em Juazeiro, uma horta comunit\u00e1ria, localizada no bairro Jo\u00e3o Paulo II, se destaca na produ\u00e7\u00e3o e na comercializa\u00e7\u00e3o dos produtos saud\u00e1veis. A horta criada em 1987, foi idealizada por uma irm\u00e3 italiana, chamada Redenta, com o apoio do bispo, Dom Jos\u00e9 Rodrigues. Atualmente, a horta conta com 70 fam\u00edlias trabalhando, cada uma com o equivalente de 100 metros quadrado de terra para a produ\u00e7\u00e3o de suas verduras e hortali\u00e7as. Os produtos que saem da horta s\u00e3o classificados como org\u00e2nicos e&hellip; <\/p>\n","protected":false},"author":3,"featured_media":0,"comment_status":"open","ping_status":"open","sticky":false,"template":"","format":"standard","meta":{"_acf_changed":false,"footnotes":""},"categories":[26],"tags":[],"class_list":["post-66239","post","type-post","status-publish","format-standard","hentry","category-agricultura"],"acf":[],"yoast_head":"<!-- This site is optimized with the Yoast SEO plugin v27.4 - https:\/\/yoast.com\/product\/yoast-seo-wordpress\/ -->\n<title>HORTA COMUNIT\u00c1RIA DO BAIRRO JO\u00c3O PAULO II PRODUZ ALIMENTOS ORG\u00c2NICOS - Blog do Farn\u00e9sio<\/title>\n<meta name=\"robots\" content=\"index, follow, max-snippet:-1, max-image-preview:large, max-video-preview:-1\" \/>\n<link rel=\"canonical\" href=\"https:\/\/blogdofarnesio.com.br\/?p=66239\" \/>\n<meta property=\"og:locale\" content=\"pt_BR\" \/>\n<meta property=\"og:type\" content=\"article\" \/>\n<meta property=\"og:title\" content=\"HORTA COMUNIT\u00c1RIA DO BAIRRO JO\u00c3O PAULO II PRODUZ ALIMENTOS ORG\u00c2NICOS - Blog do Farn\u00e9sio\" \/>\n<meta property=\"og:description\" content=\"Devido a busca di\u00e1ria por uma vida saud\u00e1vel, as discuss\u00f5es acerca de alimentos com agrot\u00f3xicos e org\u00e2nicos cresceram nos \u00faltimos anos. Em meio a debates, a produ\u00e7\u00e3o de org\u00e2nicos cresceu no Brasil afora e, tamb\u00e9m, no Vale do S\u00e3o Francisco. Em Juazeiro, uma horta comunit\u00e1ria, localizada no bairro Jo\u00e3o Paulo II, se destaca na produ\u00e7\u00e3o e na comercializa\u00e7\u00e3o dos produtos saud\u00e1veis. A horta criada em 1987, foi idealizada por uma irm\u00e3 italiana, chamada Redenta, com o apoio do bispo, Dom Jos\u00e9 Rodrigues. Atualmente, a horta conta com 70 fam\u00edlias trabalhando, cada uma com o equivalente de 100 metros quadrado de terra para a produ\u00e7\u00e3o de suas verduras e hortali\u00e7as. Os produtos que saem da horta s\u00e3o classificados como org\u00e2nicos e&hellip;\" \/>\n<meta property=\"og:url\" content=\"https:\/\/blogdofarnesio.com.br\/?p=66239\" \/>\n<meta property=\"og:site_name\" content=\"Blog do Farn\u00e9sio\" \/>\n<meta property=\"article:publisher\" content=\"https:\/\/www.facebook.com\/BlogQuerSaberPolitica\/\" \/>\n<meta property=\"article:published_time\" content=\"2013-12-06T19:24:31+00:00\" \/>\n<meta property=\"og:image\" content=\"http:\/\/www.quersaberpolitica.com.br\/2016\/wp-content\/uploads\/2013\/12\/horta-300x225.jpg\" \/>\n<meta name=\"author\" content=\"teste\" \/>\n<meta name=\"twitter:card\" content=\"summary_large_image\" \/>\n<meta name=\"twitter:label1\" content=\"Escrito por\" \/>\n\t<meta name=\"twitter:data1\" content=\"teste\" \/>\n\t<meta name=\"twitter:label2\" content=\"Est. tempo de leitura\" \/>\n\t<meta name=\"twitter:data2\" content=\"2 minutos\" \/>\n<script type=\"application\/ld+json\" class=\"yoast-schema-graph\">{\"@context\":\"https:\\\/\\\/schema.org\",\"@graph\":[{\"@type\":\"Article\",\"@id\":\"https:\\\/\\\/blogdofarnesio.com.br\\\/?p=66239#article\",\"isPartOf\":{\"@id\":\"https:\\\/\\\/blogdofarnesio.com.br\\\/?p=66239\"},\"author\":{\"name\":\"teste\",\"@id\":\"https:\\\/\\\/blogdofarnesio.com.br\\\/#\\\/schema\\\/person\\\/dd1bf5eba40b687199ba45ca6b97dff9\"},\"headline\":\"HORTA COMUNIT\u00c1RIA DO BAIRRO JO\u00c3O PAULO II PRODUZ ALIMENTOS ORG\u00c2NICOS\",\"datePublished\":\"2013-12-06T19:24:31+00:00\",\"mainEntityOfPage\":{\"@id\":\"https:\\\/\\\/blogdofarnesio.com.br\\\/?p=66239\"},\"wordCount\":357,\"commentCount\":1,\"publisher\":{\"@id\":\"https:\\\/\\\/blogdofarnesio.com.br\\\/#organization\"},\"image\":{\"@id\":\"https:\\\/\\\/blogdofarnesio.com.br\\\/?p=66239#primaryimage\"},\"thumbnailUrl\":\"http:\\\/\\\/www.quersaberpolitica.com.br\\\/2016\\\/wp-content\\\/uploads\\\/2013\\\/12\\\/horta-300x225.jpg\",\"articleSection\":[\"Agricultura\"],\"inLanguage\":\"pt-BR\",\"potentialAction\":[{\"@type\":\"CommentAction\",\"name\":\"Comment\",\"target\":[\"https:\\\/\\\/blogdofarnesio.com.br\\\/?p=66239#respond\"]}]},{\"@type\":\"WebPage\",\"@id\":\"https:\\\/\\\/blogdofarnesio.com.br\\\/?p=66239\",\"url\":\"https:\\\/\\\/blogdofarnesio.com.br\\\/?p=66239\",\"name\":\"HORTA COMUNIT\u00c1RIA DO BAIRRO JO\u00c3O PAULO II PRODUZ ALIMENTOS ORG\u00c2NICOS - Blog do Farn\u00e9sio\",\"isPartOf\":{\"@id\":\"https:\\\/\\\/blogdofarnesio.com.br\\\/#website\"},\"primaryImageOfPage\":{\"@id\":\"https:\\\/\\\/blogdofarnesio.com.br\\\/?p=66239#primaryimage\"},\"image\":{\"@id\":\"https:\\\/\\\/blogdofarnesio.com.br\\\/?p=66239#primaryimage\"},\"thumbnailUrl\":\"http:\\\/\\\/www.quersaberpolitica.com.br\\\/2016\\\/wp-content\\\/uploads\\\/2013\\\/12\\\/horta-300x225.jpg\",\"datePublished\":\"2013-12-06T19:24:31+00:00\",\"breadcrumb\":{\"@id\":\"https:\\\/\\\/blogdofarnesio.com.br\\\/?p=66239#breadcrumb\"},\"inLanguage\":\"pt-BR\",\"potentialAction\":[{\"@type\":\"ReadAction\",\"target\":[\"https:\\\/\\\/blogdofarnesio.com.br\\\/?p=66239\"]}]},{\"@type\":\"ImageObject\",\"inLanguage\":\"pt-BR\",\"@id\":\"https:\\\/\\\/blogdofarnesio.com.br\\\/?p=66239#primaryimage\",\"url\":\"http:\\\/\\\/www.quersaberpolitica.com.br\\\/2016\\\/wp-content\\\/uploads\\\/2013\\\/12\\\/horta-300x225.jpg\",\"contentUrl\":\"http:\\\/\\\/www.quersaberpolitica.com.br\\\/2016\\\/wp-content\\\/uploads\\\/2013\\\/12\\\/horta-300x225.jpg\"},{\"@type\":\"BreadcrumbList\",\"@id\":\"https:\\\/\\\/blogdofarnesio.com.br\\\/?p=66239#breadcrumb\",\"itemListElement\":[{\"@type\":\"ListItem\",\"position\":1,\"name\":\"In\u00edcio\",\"item\":\"https:\\\/\\\/blogdofarnesio.com.br\\\/\"},{\"@type\":\"ListItem\",\"position\":2,\"name\":\"HORTA COMUNIT\u00c1RIA DO BAIRRO JO\u00c3O PAULO II PRODUZ ALIMENTOS ORG\u00c2NICOS\"}]},{\"@type\":\"WebSite\",\"@id\":\"https:\\\/\\\/blogdofarnesio.com.br\\\/#website\",\"url\":\"https:\\\/\\\/blogdofarnesio.com.br\\\/\",\"name\":\"Blog do Farn\u00e9sio\",\"description\":\"Quer Saber Pol\u00edtica?\",\"publisher\":{\"@id\":\"https:\\\/\\\/blogdofarnesio.com.br\\\/#organization\"},\"potentialAction\":[{\"@type\":\"SearchAction\",\"target\":{\"@type\":\"EntryPoint\",\"urlTemplate\":\"https:\\\/\\\/blogdofarnesio.com.br\\\/?s={search_term_string}\"},\"query-input\":{\"@type\":\"PropertyValueSpecification\",\"valueRequired\":true,\"valueName\":\"search_term_string\"}}],\"inLanguage\":\"pt-BR\"},{\"@type\":\"Organization\",\"@id\":\"https:\\\/\\\/blogdofarnesio.com.br\\\/#organization\",\"name\":\"Blog do Farn\u00e9sio\",\"url\":\"https:\\\/\\\/blogdofarnesio.com.br\\\/\",\"logo\":{\"@type\":\"ImageObject\",\"inLanguage\":\"pt-BR\",\"@id\":\"https:\\\/\\\/blogdofarnesio.com.br\\\/#\\\/schema\\\/logo\\\/image\\\/\",\"url\":\"https:\\\/\\\/blogdofarnesio.com.br\\\/wp-content\\\/uploads\\\/2026\\\/03\\\/cropped-logo_new-1.png\",\"contentUrl\":\"https:\\\/\\\/blogdofarnesio.com.br\\\/wp-content\\\/uploads\\\/2026\\\/03\\\/cropped-logo_new-1.png\",\"width\":881,\"height\":685,\"caption\":\"Blog do Farn\u00e9sio\"},\"image\":{\"@id\":\"https:\\\/\\\/blogdofarnesio.com.br\\\/#\\\/schema\\\/logo\\\/image\\\/\"},\"sameAs\":[\"https:\\\/\\\/www.facebook.com\\\/BlogQuerSaberPolitica\\\/\"]},{\"@type\":\"Person\",\"@id\":\"https:\\\/\\\/blogdofarnesio.com.br\\\/#\\\/schema\\\/person\\\/dd1bf5eba40b687199ba45ca6b97dff9\",\"name\":\"teste\",\"image\":{\"@type\":\"ImageObject\",\"inLanguage\":\"pt-BR\",\"@id\":\"https:\\\/\\\/secure.gravatar.com\\\/avatar\\\/2172498d4914b51e1d89a0f97957b035ac4938723a5cac208135d389b6972a6d?s=96&d=mm&r=g\",\"url\":\"https:\\\/\\\/secure.gravatar.com\\\/avatar\\\/2172498d4914b51e1d89a0f97957b035ac4938723a5cac208135d389b6972a6d?s=96&d=mm&r=g\",\"contentUrl\":\"https:\\\/\\\/secure.gravatar.com\\\/avatar\\\/2172498d4914b51e1d89a0f97957b035ac4938723a5cac208135d389b6972a6d?s=96&d=mm&r=g\",\"caption\":\"teste\"},\"url\":\"https:\\\/\\\/blogdofarnesio.com.br\\\/?author=3\"}]}<\/script>\n<!-- \/ Yoast SEO plugin. -->","yoast_head_json":{"title":"HORTA COMUNIT\u00c1RIA DO BAIRRO JO\u00c3O PAULO II PRODUZ ALIMENTOS ORG\u00c2NICOS - Blog do Farn\u00e9sio","robots":{"index":"index","follow":"follow","max-snippet":"max-snippet:-1","max-image-preview":"max-image-preview:large","max-video-preview":"max-video-preview:-1"},"canonical":"https:\/\/blogdofarnesio.com.br\/?p=66239","og_locale":"pt_BR","og_type":"article","og_title":"HORTA COMUNIT\u00c1RIA DO BAIRRO JO\u00c3O PAULO II PRODUZ ALIMENTOS ORG\u00c2NICOS - Blog do Farn\u00e9sio","og_description":"Devido a busca di\u00e1ria por uma vida saud\u00e1vel, as discuss\u00f5es acerca de alimentos com agrot\u00f3xicos e org\u00e2nicos cresceram nos \u00faltimos anos. Em meio a debates, a produ\u00e7\u00e3o de org\u00e2nicos cresceu no Brasil afora e, tamb\u00e9m, no Vale do S\u00e3o Francisco. Em Juazeiro, uma horta comunit\u00e1ria, localizada no bairro Jo\u00e3o Paulo II, se destaca na produ\u00e7\u00e3o e na comercializa\u00e7\u00e3o dos produtos saud\u00e1veis. A horta criada em 1987, foi idealizada por uma irm\u00e3 italiana, chamada Redenta, com o apoio do bispo, Dom Jos\u00e9 Rodrigues. Atualmente, a horta conta com 70 fam\u00edlias trabalhando, cada uma com o equivalente de 100 metros quadrado de terra para a produ\u00e7\u00e3o de suas verduras e hortali\u00e7as. Os produtos que saem da horta s\u00e3o classificados como org\u00e2nicos e&hellip;","og_url":"https:\/\/blogdofarnesio.com.br\/?p=66239","og_site_name":"Blog do Farn\u00e9sio","article_publisher":"https:\/\/www.facebook.com\/BlogQuerSaberPolitica\/","article_published_time":"2013-12-06T19:24:31+00:00","og_image":[{"url":"http:\/\/www.quersaberpolitica.com.br\/2016\/wp-content\/uploads\/2013\/12\/horta-300x225.jpg","type":"","width":"","height":""}],"author":"teste","twitter_card":"summary_large_image","twitter_misc":{"Escrito por":"teste","Est. tempo de leitura":"2 minutos"},"schema":{"@context":"https:\/\/schema.org","@graph":[{"@type":"Article","@id":"https:\/\/blogdofarnesio.com.br\/?p=66239#article","isPartOf":{"@id":"https:\/\/blogdofarnesio.com.br\/?p=66239"},"author":{"name":"teste","@id":"https:\/\/blogdofarnesio.com.br\/#\/schema\/person\/dd1bf5eba40b687199ba45ca6b97dff9"},"headline":"HORTA COMUNIT\u00c1RIA DO BAIRRO JO\u00c3O PAULO II PRODUZ ALIMENTOS ORG\u00c2NICOS","datePublished":"2013-12-06T19:24:31+00:00","mainEntityOfPage":{"@id":"https:\/\/blogdofarnesio.com.br\/?p=66239"},"wordCount":357,"commentCount":1,"publisher":{"@id":"https:\/\/blogdofarnesio.com.br\/#organization"},"image":{"@id":"https:\/\/blogdofarnesio.com.br\/?p=66239#primaryimage"},"thumbnailUrl":"http:\/\/www.quersaberpolitica.com.br\/2016\/wp-content\/uploads\/2013\/12\/horta-300x225.jpg","articleSection":["Agricultura"],"inLanguage":"pt-BR","potentialAction":[{"@type":"CommentAction","name":"Comment","target":["https:\/\/blogdofarnesio.com.br\/?p=66239#respond"]}]},{"@type":"WebPage","@id":"https:\/\/blogdofarnesio.com.br\/?p=66239","url":"https:\/\/blogdofarnesio.com.br\/?p=66239","name":"HORTA COMUNIT\u00c1RIA DO BAIRRO JO\u00c3O PAULO II PRODUZ ALIMENTOS ORG\u00c2NICOS - Blog do Farn\u00e9sio","isPartOf":{"@id":"https:\/\/blogdofarnesio.com.br\/#website"},"primaryImageOfPage":{"@id":"https:\/\/blogdofarnesio.com.br\/?p=66239#primaryimage"},"image":{"@id":"https:\/\/blogdofarnesio.com.br\/?p=66239#primaryimage"},"thumbnailUrl":"http:\/\/www.quersaberpolitica.com.br\/2016\/wp-content\/uploads\/2013\/12\/horta-300x225.jpg","datePublished":"2013-12-06T19:24:31+00:00","breadcrumb":{"@id":"https:\/\/blogdofarnesio.com.br\/?p=66239#breadcrumb"},"inLanguage":"pt-BR","potentialAction":[{"@type":"ReadAction","target":["https:\/\/blogdofarnesio.com.br\/?p=66239"]}]},{"@type":"ImageObject","inLanguage":"pt-BR","@id":"https:\/\/blogdofarnesio.com.br\/?p=66239#primaryimage","url":"http:\/\/www.quersaberpolitica.com.br\/2016\/wp-content\/uploads\/2013\/12\/horta-300x225.jpg","contentUrl":"http:\/\/www.quersaberpolitica.com.br\/2016\/wp-content\/uploads\/2013\/12\/horta-300x225.jpg"},{"@type":"BreadcrumbList","@id":"https:\/\/blogdofarnesio.com.br\/?p=66239#breadcrumb","itemListElement":[{"@type":"ListItem","position":1,"name":"In\u00edcio","item":"https:\/\/blogdofarnesio.com.br\/"},{"@type":"ListItem","position":2,"name":"HORTA COMUNIT\u00c1RIA DO BAIRRO JO\u00c3O PAULO II PRODUZ ALIMENTOS ORG\u00c2NICOS"}]},{"@type":"WebSite","@id":"https:\/\/blogdofarnesio.com.br\/#website","url":"https:\/\/blogdofarnesio.com.br\/","name":"Blog do Farn\u00e9sio","description":"Quer Saber Pol\u00edtica?","publisher":{"@id":"https:\/\/blogdofarnesio.com.br\/#organization"},"potentialAction":[{"@type":"SearchAction","target":{"@type":"EntryPoint","urlTemplate":"https:\/\/blogdofarnesio.com.br\/?s={search_term_string}"},"query-input":{"@type":"PropertyValueSpecification","valueRequired":true,"valueName":"search_term_string"}}],"inLanguage":"pt-BR"},{"@type":"Organization","@id":"https:\/\/blogdofarnesio.com.br\/#organization","name":"Blog do Farn\u00e9sio","url":"https:\/\/blogdofarnesio.com.br\/","logo":{"@type":"ImageObject","inLanguage":"pt-BR","@id":"https:\/\/blogdofarnesio.com.br\/#\/schema\/logo\/image\/","url":"https:\/\/blogdofarnesio.com.br\/wp-content\/uploads\/2026\/03\/cropped-logo_new-1.png","contentUrl":"https:\/\/blogdofarnesio.com.br\/wp-content\/uploads\/2026\/03\/cropped-logo_new-1.png","width":881,"height":685,"caption":"Blog do Farn\u00e9sio"},"image":{"@id":"https:\/\/blogdofarnesio.com.br\/#\/schema\/logo\/image\/"},"sameAs":["https:\/\/www.facebook.com\/BlogQuerSaberPolitica\/"]},{"@type":"Person","@id":"https:\/\/blogdofarnesio.com.br\/#\/schema\/person\/dd1bf5eba40b687199ba45ca6b97dff9","name":"teste","image":{"@type":"ImageObject","inLanguage":"pt-BR","@id":"https:\/\/secure.gravatar.com\/avatar\/2172498d4914b51e1d89a0f97957b035ac4938723a5cac208135d389b6972a6d?s=96&d=mm&r=g","url":"https:\/\/secure.gravatar.com\/avatar\/2172498d4914b51e1d89a0f97957b035ac4938723a5cac208135d389b6972a6d?s=96&d=mm&r=g","contentUrl":"https:\/\/secure.gravatar.com\/avatar\/2172498d4914b51e1d89a0f97957b035ac4938723a5cac208135d389b6972a6d?s=96&d=mm&r=g","caption":"teste"},"url":"https:\/\/blogdofarnesio.com.br\/?author=3"}]}},"_links":{"self":[{"href":"https:\/\/blogdofarnesio.com.br\/index.php?rest_route=\/wp\/v2\/posts\/66239","targetHints":{"allow":["GET"]}}],"collection":[{"href":"https:\/\/blogdofarnesio.com.br\/index.php?rest_route=\/wp\/v2\/posts"}],"about":[{"href":"https:\/\/blogdofarnesio.com.br\/index.php?rest_route=\/wp\/v2\/types\/post"}],"author":[{"embeddable":true,"href":"https:\/\/blogdofarnesio.com.br\/index.php?rest_route=\/wp\/v2\/users\/3"}],"replies":[{"embeddable":true,"href":"https:\/\/blogdofarnesio.com.br\/index.php?rest_route=%2Fwp%2Fv2%2Fcomments&post=66239"}],"version-history":[{"count":0,"href":"https:\/\/blogdofarnesio.com.br\/index.php?rest_route=\/wp\/v2\/posts\/66239\/revisions"}],"wp:attachment":[{"href":"https:\/\/blogdofarnesio.com.br\/index.php?rest_route=%2Fwp%2Fv2%2Fmedia&parent=66239"}],"wp:term":[{"taxonomy":"category","embeddable":true,"href":"https:\/\/blogdofarnesio.com.br\/index.php?rest_route=%2Fwp%2Fv2%2Fcategories&post=66239"},{"taxonomy":"post_tag","embeddable":true,"href":"https:\/\/blogdofarnesio.com.br\/index.php?rest_route=%2Fwp%2Fv2%2Ftags&post=66239"}],"curies":[{"name":"wp","href":"https:\/\/api.w.org\/{rel}","templated":true}]}}