{"id":66118,"date":"2013-12-05T11:33:33","date_gmt":"2013-12-05T14:33:33","guid":{"rendered":"http:\/\/www.quersaberpolitica.com.br\/?p=66118"},"modified":"2013-12-05T09:51:02","modified_gmt":"2013-12-05T12:51:02","slug":"ana-autoriza-continuidade-de-vazao-baixa-nas-barragens-por-mais-30-dias","status":"publish","type":"post","link":"https:\/\/blogdofarnesio.com.br\/?p=66118","title":{"rendered":"ANA AUTORIZA CONTINUIDADE DE VAZ\u00c3O BAIXA NAS BARRAGENS, POR MAIS 30 DIAS"},"content":{"rendered":"<figure id=\"attachment_22145\" aria-describedby=\"caption-attachment-22145\" style=\"width: 512px\" class=\"wp-caption aligncenter\"><a href=\"http:\/\/www.quersaberpolitica.com.br\/2016\/wp-content\/uploads\/2013\/01\/blogqspbarragemsobradinho01-foto-Farn\u00e9sio-Silva09.jpg\"><img loading=\"lazy\" decoding=\"async\" class=\" wp-image-22145 \" alt=\"blogqspbarragemsobradinho01 foto Farn\u00e9sio Silva09\" src=\"http:\/\/www.quersaberpolitica.com.br\/2016\/wp-content\/uploads\/2013\/01\/blogqspbarragemsobradinho01-foto-Farn\u00e9sio-Silva09.jpg\" width=\"512\" height=\"384\" srcset=\"https:\/\/blogdofarnesio.com.br\/wp-content\/uploads\/2013\/01\/blogqspbarragemsobradinho01-foto-Farn\u00e9sio-Silva09.jpg 640w, https:\/\/blogdofarnesio.com.br\/wp-content\/uploads\/2013\/01\/blogqspbarragemsobradinho01-foto-Farn\u00e9sio-Silva09-300x225.jpg 300w, https:\/\/blogdofarnesio.com.br\/wp-content\/uploads\/2013\/01\/blogqspbarragemsobradinho01-foto-Farn\u00e9sio-Silva09-400x300.jpg 400w\" sizes=\"auto, (max-width: 512px) 100vw, 512px\" \/><\/a><figcaption id=\"caption-attachment-22145\" class=\"wp-caption-text\">Hidreletrica de Sobradinho-BA Foto Farn\u00e9sio Silva<\/figcaption><\/figure>\n<p style=\"text-align: justify\">A Ag\u00eancia Nacional de \u00c1guas \u2013 ANA resolveu conceder, \u201cem car\u00e1ter excepcional\u201d, a prorroga\u00e7\u00e3o por mais 30 dias da vaz\u00e3o reduzida de at\u00e9 1.100m3 nos reservat\u00f3rios de Sobradinho, na Bahia, e Xing\u00f3, em Sergipe. A medida, segundo of\u00edcio assinado pelo presidente da ANA, Vicente Andreu, visa a atender ao quadro problem\u00e1tico vivido atualmente pela regi\u00e3o nordestina, com precipita\u00e7\u00f5es pluviom\u00e9tricas entre a m\u00e9dia ou abaixo da m\u00e9dia e reservat\u00f3rios com reduzido padr\u00e3o de armazenamento.<\/p>\n<p style=\"text-align: justify\">O of\u00edcio foi encaminhado em primeira m\u00e3o pela ANA ao presidente do Comit\u00ea da Bacia Hidrogr\u00e1fica do Rio S\u00e3o Francisco, Anivaldo Miranda, na noite desta ter\u00e7a-feira (04.12), e revela respeito \u00e0 luta do CBHSF em estar inserido nas discuss\u00f5es relacionadas com o fluxo das \u00e1guas do S\u00e3o Francisco, mesmo quando as altera\u00e7\u00f5es ocorram por necessidades justificadas. O assunto ser\u00e1 inclusive alvo dos debates durante plen\u00e1ria do Comit\u00ea do S\u00e3o Francisco, que ser\u00e1 realizada nestas quinta e sexta-feira (05 e 06.12) no audit\u00f3rio do Hotel Dorisol, na cidade de Recife.<!--more--><\/p>\n<p style=\"text-align: justify\">Segundo Andreu, esta ser\u00e1 a \u00faltima autoriza\u00e7\u00e3o concedida pela ANA para a pr\u00e1tica de vaz\u00e3o reduzida. \u201cFinalizado o novo prazo (concedido at\u00e9 o dia 31 de dezembro de 2013), somente ser\u00e1 permitida autoriza\u00e7\u00e3o para a pr\u00e1tica de vaz\u00f5es defluentes inferiores a 1.300m3 em Sobradinho e Xing\u00f3, ap\u00f3s encaminhamento do ONS (Operador Nacional do Sistema El\u00e9trico) e aprecia\u00e7\u00e3o pela ANA de proposta de estabelecimento de regras gerais de opera\u00e7\u00e3o de reservat\u00f3rio da cascata do rio S\u00e3o Francisco em situa\u00e7\u00e3o de baixo armazenamento\u201d, diz o documento, lembrando que a Chesf dever\u00e1 promover ampla divulga\u00e7\u00e3o da medida, sobretudo nas cidades do M\u00e9dio e Subm\u00e9dio S\u00e3o Francisco.<\/p>\n<p style=\"text-align: justify\">Al\u00e9m disso, a ANA, em carta dirigida ao secret\u00e1rio de Energia El\u00e9trica do Minist\u00e9rio de Minas e Energia, Wilson Grudtner, registrou a necessidade de que demandas dessa natureza \u201csejam feitas com a anteced\u00eancia que o assunto requer\u201d, lembrando que o pedido de prorroga\u00e7\u00e3o somente foi encaminhado \u00e0 institui\u00e7\u00e3o no final do \u00faltimo dia \u00fatil de vig\u00eancia da atual resolu\u00e7\u00e3o (442\/2013), que vem permitindo a vaz\u00e3o reduzida desde abril deste ano, atendendo a pedido do setor el\u00e9trico.<\/p>\n<p style=\"text-align: justify\">A vaz\u00e3o reduzida, desde ent\u00e3o, tem causado diversos problemas tanto \u00e0s popula\u00e7\u00f5es ribeirinhas do rio Velho Chico, localizadas ap\u00f3s as barragens de Sobradinho e Xing\u00f3 (especialmente no Baixo e no Subm\u00e9dio S\u00e3o Francisco, nos estados de Bahia, Sergipe, Alagoas e Pernambuco) que dependem do rio tanto para abastecimento humano como para o desenvolvimento de atividades produtivas, como pesca, agricultura e navega\u00e7\u00e3o. A proposta do CBHSF \u00e9 que o governo federal e o setor el\u00e9trico arquem com esses preju\u00edzos e compensem as pessoas e segmentos prejudicados, mas n\u00e3o h\u00e1 at\u00e9 agora, concretamente, qualquer tipo de resposta \u00e0 reivindica\u00e7\u00e3o.<\/p>\n<p style=\"text-align: justify\" align=\"center\">Assessoria de Comunica\u00e7\u00e3o<\/p>\n<p style=\"text-align: justify\" align=\"center\">05.12.2013<\/p>\n<p style=\"text-align: justify\" align=\"center\">Tel: 8892-1119 (Ant\u00f4nio Moreno)<\/p>\n","protected":false},"excerpt":{"rendered":"<p>A Ag\u00eancia Nacional de \u00c1guas \u2013 ANA resolveu conceder, \u201cem car\u00e1ter excepcional\u201d, a prorroga\u00e7\u00e3o por mais 30 dias da vaz\u00e3o reduzida de at\u00e9 1.100m3 nos reservat\u00f3rios de Sobradinho, na Bahia, e Xing\u00f3, em Sergipe. A medida, segundo of\u00edcio assinado pelo presidente da ANA, Vicente Andreu, visa a atender ao quadro problem\u00e1tico vivido atualmente pela regi\u00e3o nordestina, com precipita\u00e7\u00f5es pluviom\u00e9tricas entre a m\u00e9dia ou abaixo da m\u00e9dia e reservat\u00f3rios com reduzido padr\u00e3o de armazenamento. O of\u00edcio foi encaminhado em primeira m\u00e3o pela ANA ao presidente do Comit\u00ea da Bacia Hidrogr\u00e1fica do Rio S\u00e3o Francisco, Anivaldo Miranda, na noite desta ter\u00e7a-feira (04.12), e revela respeito \u00e0 luta do CBHSF em estar inserido nas discuss\u00f5es relacionadas com o fluxo das \u00e1guas do S\u00e3o&hellip; <\/p>\n","protected":false},"author":3,"featured_media":0,"comment_status":"open","ping_status":"open","sticky":false,"template":"","format":"standard","meta":{"_acf_changed":false,"footnotes":""},"categories":[20,29],"tags":[],"class_list":["post-66118","post","type-post","status-publish","format-standard","hentry","category-economia","category-meio-ambiente"],"acf":[],"yoast_head":"<!-- This site is optimized with the Yoast SEO plugin v27.4 - https:\/\/yoast.com\/product\/yoast-seo-wordpress\/ -->\n<title>ANA AUTORIZA CONTINUIDADE DE VAZ\u00c3O BAIXA NAS BARRAGENS, POR MAIS 30 DIAS - Blog do Farn\u00e9sio<\/title>\n<meta name=\"robots\" content=\"index, follow, max-snippet:-1, max-image-preview:large, max-video-preview:-1\" \/>\n<link rel=\"canonical\" href=\"https:\/\/blogdofarnesio.com.br\/?p=66118\" \/>\n<meta property=\"og:locale\" content=\"pt_BR\" \/>\n<meta property=\"og:type\" content=\"article\" \/>\n<meta property=\"og:title\" content=\"ANA AUTORIZA CONTINUIDADE DE VAZ\u00c3O BAIXA NAS BARRAGENS, POR MAIS 30 DIAS - Blog do Farn\u00e9sio\" \/>\n<meta property=\"og:description\" content=\"A Ag\u00eancia Nacional de \u00c1guas \u2013 ANA resolveu conceder, \u201cem car\u00e1ter excepcional\u201d, a prorroga\u00e7\u00e3o por mais 30 dias da vaz\u00e3o reduzida de at\u00e9 1.100m3 nos reservat\u00f3rios de Sobradinho, na Bahia, e Xing\u00f3, em Sergipe. A medida, segundo of\u00edcio assinado pelo presidente da ANA, Vicente Andreu, visa a atender ao quadro problem\u00e1tico vivido atualmente pela regi\u00e3o nordestina, com precipita\u00e7\u00f5es pluviom\u00e9tricas entre a m\u00e9dia ou abaixo da m\u00e9dia e reservat\u00f3rios com reduzido padr\u00e3o de armazenamento. O of\u00edcio foi encaminhado em primeira m\u00e3o pela ANA ao presidente do Comit\u00ea da Bacia Hidrogr\u00e1fica do Rio S\u00e3o Francisco, Anivaldo Miranda, na noite desta ter\u00e7a-feira (04.12), e revela respeito \u00e0 luta do CBHSF em estar inserido nas discuss\u00f5es relacionadas com o fluxo das \u00e1guas do S\u00e3o&hellip;\" \/>\n<meta property=\"og:url\" content=\"https:\/\/blogdofarnesio.com.br\/?p=66118\" \/>\n<meta property=\"og:site_name\" content=\"Blog do Farn\u00e9sio\" \/>\n<meta property=\"article:publisher\" content=\"https:\/\/www.facebook.com\/BlogQuerSaberPolitica\/\" \/>\n<meta property=\"article:published_time\" content=\"2013-12-05T14:33:33+00:00\" \/>\n<meta name=\"author\" content=\"teste\" \/>\n<meta name=\"twitter:card\" content=\"summary_large_image\" \/>\n<meta name=\"twitter:label1\" content=\"Escrito por\" \/>\n\t<meta name=\"twitter:data1\" content=\"teste\" \/>\n\t<meta name=\"twitter:label2\" content=\"Est. tempo de leitura\" \/>\n\t<meta name=\"twitter:data2\" content=\"3 minutos\" \/>\n<script type=\"application\/ld+json\" class=\"yoast-schema-graph\">{\"@context\":\"https:\\\/\\\/schema.org\",\"@graph\":[{\"@type\":\"Article\",\"@id\":\"https:\\\/\\\/blogdofarnesio.com.br\\\/?p=66118#article\",\"isPartOf\":{\"@id\":\"https:\\\/\\\/blogdofarnesio.com.br\\\/?p=66118\"},\"author\":{\"name\":\"teste\",\"@id\":\"https:\\\/\\\/blogdofarnesio.com.br\\\/#\\\/schema\\\/person\\\/dd1bf5eba40b687199ba45ca6b97dff9\"},\"headline\":\"ANA AUTORIZA CONTINUIDADE DE VAZ\u00c3O BAIXA NAS BARRAGENS, POR MAIS 30 DIAS\",\"datePublished\":\"2013-12-05T14:33:33+00:00\",\"mainEntityOfPage\":{\"@id\":\"https:\\\/\\\/blogdofarnesio.com.br\\\/?p=66118\"},\"wordCount\":525,\"commentCount\":0,\"publisher\":{\"@id\":\"https:\\\/\\\/blogdofarnesio.com.br\\\/#organization\"},\"articleSection\":[\"Economia\",\"Meio Ambiente\"],\"inLanguage\":\"pt-BR\",\"potentialAction\":[{\"@type\":\"CommentAction\",\"name\":\"Comment\",\"target\":[\"https:\\\/\\\/blogdofarnesio.com.br\\\/?p=66118#respond\"]}]},{\"@type\":\"WebPage\",\"@id\":\"https:\\\/\\\/blogdofarnesio.com.br\\\/?p=66118\",\"url\":\"https:\\\/\\\/blogdofarnesio.com.br\\\/?p=66118\",\"name\":\"ANA AUTORIZA CONTINUIDADE DE VAZ\u00c3O BAIXA NAS BARRAGENS, POR MAIS 30 DIAS - Blog do Farn\u00e9sio\",\"isPartOf\":{\"@id\":\"https:\\\/\\\/blogdofarnesio.com.br\\\/#website\"},\"datePublished\":\"2013-12-05T14:33:33+00:00\",\"breadcrumb\":{\"@id\":\"https:\\\/\\\/blogdofarnesio.com.br\\\/?p=66118#breadcrumb\"},\"inLanguage\":\"pt-BR\",\"potentialAction\":[{\"@type\":\"ReadAction\",\"target\":[\"https:\\\/\\\/blogdofarnesio.com.br\\\/?p=66118\"]}]},{\"@type\":\"BreadcrumbList\",\"@id\":\"https:\\\/\\\/blogdofarnesio.com.br\\\/?p=66118#breadcrumb\",\"itemListElement\":[{\"@type\":\"ListItem\",\"position\":1,\"name\":\"In\u00edcio\",\"item\":\"https:\\\/\\\/blogdofarnesio.com.br\\\/\"},{\"@type\":\"ListItem\",\"position\":2,\"name\":\"ANA AUTORIZA CONTINUIDADE DE VAZ\u00c3O BAIXA NAS BARRAGENS, POR MAIS 30 DIAS\"}]},{\"@type\":\"WebSite\",\"@id\":\"https:\\\/\\\/blogdofarnesio.com.br\\\/#website\",\"url\":\"https:\\\/\\\/blogdofarnesio.com.br\\\/\",\"name\":\"Blog do Farn\u00e9sio\",\"description\":\"Quer Saber Pol\u00edtica?\",\"publisher\":{\"@id\":\"https:\\\/\\\/blogdofarnesio.com.br\\\/#organization\"},\"potentialAction\":[{\"@type\":\"SearchAction\",\"target\":{\"@type\":\"EntryPoint\",\"urlTemplate\":\"https:\\\/\\\/blogdofarnesio.com.br\\\/?s={search_term_string}\"},\"query-input\":{\"@type\":\"PropertyValueSpecification\",\"valueRequired\":true,\"valueName\":\"search_term_string\"}}],\"inLanguage\":\"pt-BR\"},{\"@type\":\"Organization\",\"@id\":\"https:\\\/\\\/blogdofarnesio.com.br\\\/#organization\",\"name\":\"Blog do Farn\u00e9sio\",\"url\":\"https:\\\/\\\/blogdofarnesio.com.br\\\/\",\"logo\":{\"@type\":\"ImageObject\",\"inLanguage\":\"pt-BR\",\"@id\":\"https:\\\/\\\/blogdofarnesio.com.br\\\/#\\\/schema\\\/logo\\\/image\\\/\",\"url\":\"https:\\\/\\\/blogdofarnesio.com.br\\\/wp-content\\\/uploads\\\/2026\\\/03\\\/cropped-logo_new-1.png\",\"contentUrl\":\"https:\\\/\\\/blogdofarnesio.com.br\\\/wp-content\\\/uploads\\\/2026\\\/03\\\/cropped-logo_new-1.png\",\"width\":881,\"height\":685,\"caption\":\"Blog do Farn\u00e9sio\"},\"image\":{\"@id\":\"https:\\\/\\\/blogdofarnesio.com.br\\\/#\\\/schema\\\/logo\\\/image\\\/\"},\"sameAs\":[\"https:\\\/\\\/www.facebook.com\\\/BlogQuerSaberPolitica\\\/\"]},{\"@type\":\"Person\",\"@id\":\"https:\\\/\\\/blogdofarnesio.com.br\\\/#\\\/schema\\\/person\\\/dd1bf5eba40b687199ba45ca6b97dff9\",\"name\":\"teste\",\"image\":{\"@type\":\"ImageObject\",\"inLanguage\":\"pt-BR\",\"@id\":\"https:\\\/\\\/secure.gravatar.com\\\/avatar\\\/2172498d4914b51e1d89a0f97957b035ac4938723a5cac208135d389b6972a6d?s=96&d=mm&r=g\",\"url\":\"https:\\\/\\\/secure.gravatar.com\\\/avatar\\\/2172498d4914b51e1d89a0f97957b035ac4938723a5cac208135d389b6972a6d?s=96&d=mm&r=g\",\"contentUrl\":\"https:\\\/\\\/secure.gravatar.com\\\/avatar\\\/2172498d4914b51e1d89a0f97957b035ac4938723a5cac208135d389b6972a6d?s=96&d=mm&r=g\",\"caption\":\"teste\"},\"url\":\"https:\\\/\\\/blogdofarnesio.com.br\\\/?author=3\"}]}<\/script>\n<!-- \/ Yoast SEO plugin. -->","yoast_head_json":{"title":"ANA AUTORIZA CONTINUIDADE DE VAZ\u00c3O BAIXA NAS BARRAGENS, POR MAIS 30 DIAS - Blog do Farn\u00e9sio","robots":{"index":"index","follow":"follow","max-snippet":"max-snippet:-1","max-image-preview":"max-image-preview:large","max-video-preview":"max-video-preview:-1"},"canonical":"https:\/\/blogdofarnesio.com.br\/?p=66118","og_locale":"pt_BR","og_type":"article","og_title":"ANA AUTORIZA CONTINUIDADE DE VAZ\u00c3O BAIXA NAS BARRAGENS, POR MAIS 30 DIAS - Blog do Farn\u00e9sio","og_description":"A Ag\u00eancia Nacional de \u00c1guas \u2013 ANA resolveu conceder, \u201cem car\u00e1ter excepcional\u201d, a prorroga\u00e7\u00e3o por mais 30 dias da vaz\u00e3o reduzida de at\u00e9 1.100m3 nos reservat\u00f3rios de Sobradinho, na Bahia, e Xing\u00f3, em Sergipe. A medida, segundo of\u00edcio assinado pelo presidente da ANA, Vicente Andreu, visa a atender ao quadro problem\u00e1tico vivido atualmente pela regi\u00e3o nordestina, com precipita\u00e7\u00f5es pluviom\u00e9tricas entre a m\u00e9dia ou abaixo da m\u00e9dia e reservat\u00f3rios com reduzido padr\u00e3o de armazenamento. O of\u00edcio foi encaminhado em primeira m\u00e3o pela ANA ao presidente do Comit\u00ea da Bacia Hidrogr\u00e1fica do Rio S\u00e3o Francisco, Anivaldo Miranda, na noite desta ter\u00e7a-feira (04.12), e revela respeito \u00e0 luta do CBHSF em estar inserido nas discuss\u00f5es relacionadas com o fluxo das \u00e1guas do S\u00e3o&hellip;","og_url":"https:\/\/blogdofarnesio.com.br\/?p=66118","og_site_name":"Blog do Farn\u00e9sio","article_publisher":"https:\/\/www.facebook.com\/BlogQuerSaberPolitica\/","article_published_time":"2013-12-05T14:33:33+00:00","author":"teste","twitter_card":"summary_large_image","twitter_misc":{"Escrito por":"teste","Est. tempo de leitura":"3 minutos"},"schema":{"@context":"https:\/\/schema.org","@graph":[{"@type":"Article","@id":"https:\/\/blogdofarnesio.com.br\/?p=66118#article","isPartOf":{"@id":"https:\/\/blogdofarnesio.com.br\/?p=66118"},"author":{"name":"teste","@id":"https:\/\/blogdofarnesio.com.br\/#\/schema\/person\/dd1bf5eba40b687199ba45ca6b97dff9"},"headline":"ANA AUTORIZA CONTINUIDADE DE VAZ\u00c3O BAIXA NAS BARRAGENS, POR MAIS 30 DIAS","datePublished":"2013-12-05T14:33:33+00:00","mainEntityOfPage":{"@id":"https:\/\/blogdofarnesio.com.br\/?p=66118"},"wordCount":525,"commentCount":0,"publisher":{"@id":"https:\/\/blogdofarnesio.com.br\/#organization"},"articleSection":["Economia","Meio Ambiente"],"inLanguage":"pt-BR","potentialAction":[{"@type":"CommentAction","name":"Comment","target":["https:\/\/blogdofarnesio.com.br\/?p=66118#respond"]}]},{"@type":"WebPage","@id":"https:\/\/blogdofarnesio.com.br\/?p=66118","url":"https:\/\/blogdofarnesio.com.br\/?p=66118","name":"ANA AUTORIZA CONTINUIDADE DE VAZ\u00c3O BAIXA NAS BARRAGENS, POR MAIS 30 DIAS - Blog do Farn\u00e9sio","isPartOf":{"@id":"https:\/\/blogdofarnesio.com.br\/#website"},"datePublished":"2013-12-05T14:33:33+00:00","breadcrumb":{"@id":"https:\/\/blogdofarnesio.com.br\/?p=66118#breadcrumb"},"inLanguage":"pt-BR","potentialAction":[{"@type":"ReadAction","target":["https:\/\/blogdofarnesio.com.br\/?p=66118"]}]},{"@type":"BreadcrumbList","@id":"https:\/\/blogdofarnesio.com.br\/?p=66118#breadcrumb","itemListElement":[{"@type":"ListItem","position":1,"name":"In\u00edcio","item":"https:\/\/blogdofarnesio.com.br\/"},{"@type":"ListItem","position":2,"name":"ANA AUTORIZA CONTINUIDADE DE VAZ\u00c3O BAIXA NAS BARRAGENS, POR MAIS 30 DIAS"}]},{"@type":"WebSite","@id":"https:\/\/blogdofarnesio.com.br\/#website","url":"https:\/\/blogdofarnesio.com.br\/","name":"Blog do Farn\u00e9sio","description":"Quer Saber Pol\u00edtica?","publisher":{"@id":"https:\/\/blogdofarnesio.com.br\/#organization"},"potentialAction":[{"@type":"SearchAction","target":{"@type":"EntryPoint","urlTemplate":"https:\/\/blogdofarnesio.com.br\/?s={search_term_string}"},"query-input":{"@type":"PropertyValueSpecification","valueRequired":true,"valueName":"search_term_string"}}],"inLanguage":"pt-BR"},{"@type":"Organization","@id":"https:\/\/blogdofarnesio.com.br\/#organization","name":"Blog do Farn\u00e9sio","url":"https:\/\/blogdofarnesio.com.br\/","logo":{"@type":"ImageObject","inLanguage":"pt-BR","@id":"https:\/\/blogdofarnesio.com.br\/#\/schema\/logo\/image\/","url":"https:\/\/blogdofarnesio.com.br\/wp-content\/uploads\/2026\/03\/cropped-logo_new-1.png","contentUrl":"https:\/\/blogdofarnesio.com.br\/wp-content\/uploads\/2026\/03\/cropped-logo_new-1.png","width":881,"height":685,"caption":"Blog do Farn\u00e9sio"},"image":{"@id":"https:\/\/blogdofarnesio.com.br\/#\/schema\/logo\/image\/"},"sameAs":["https:\/\/www.facebook.com\/BlogQuerSaberPolitica\/"]},{"@type":"Person","@id":"https:\/\/blogdofarnesio.com.br\/#\/schema\/person\/dd1bf5eba40b687199ba45ca6b97dff9","name":"teste","image":{"@type":"ImageObject","inLanguage":"pt-BR","@id":"https:\/\/secure.gravatar.com\/avatar\/2172498d4914b51e1d89a0f97957b035ac4938723a5cac208135d389b6972a6d?s=96&d=mm&r=g","url":"https:\/\/secure.gravatar.com\/avatar\/2172498d4914b51e1d89a0f97957b035ac4938723a5cac208135d389b6972a6d?s=96&d=mm&r=g","contentUrl":"https:\/\/secure.gravatar.com\/avatar\/2172498d4914b51e1d89a0f97957b035ac4938723a5cac208135d389b6972a6d?s=96&d=mm&r=g","caption":"teste"},"url":"https:\/\/blogdofarnesio.com.br\/?author=3"}]}},"_links":{"self":[{"href":"https:\/\/blogdofarnesio.com.br\/index.php?rest_route=\/wp\/v2\/posts\/66118","targetHints":{"allow":["GET"]}}],"collection":[{"href":"https:\/\/blogdofarnesio.com.br\/index.php?rest_route=\/wp\/v2\/posts"}],"about":[{"href":"https:\/\/blogdofarnesio.com.br\/index.php?rest_route=\/wp\/v2\/types\/post"}],"author":[{"embeddable":true,"href":"https:\/\/blogdofarnesio.com.br\/index.php?rest_route=\/wp\/v2\/users\/3"}],"replies":[{"embeddable":true,"href":"https:\/\/blogdofarnesio.com.br\/index.php?rest_route=%2Fwp%2Fv2%2Fcomments&post=66118"}],"version-history":[{"count":0,"href":"https:\/\/blogdofarnesio.com.br\/index.php?rest_route=\/wp\/v2\/posts\/66118\/revisions"}],"wp:attachment":[{"href":"https:\/\/blogdofarnesio.com.br\/index.php?rest_route=%2Fwp%2Fv2%2Fmedia&parent=66118"}],"wp:term":[{"taxonomy":"category","embeddable":true,"href":"https:\/\/blogdofarnesio.com.br\/index.php?rest_route=%2Fwp%2Fv2%2Fcategories&post=66118"},{"taxonomy":"post_tag","embeddable":true,"href":"https:\/\/blogdofarnesio.com.br\/index.php?rest_route=%2Fwp%2Fv2%2Ftags&post=66118"}],"curies":[{"name":"wp","href":"https:\/\/api.w.org\/{rel}","templated":true}]}}