{"id":6593,"date":"2011-09-15T08:03:10","date_gmt":"2011-09-15T08:03:10","guid":{"rendered":"http:\/\/www.quersaberpolitica.com.br?p=6593"},"modified":"-0001-11-30T00:00:00","modified_gmt":"-0001-11-30T03:00:00","slug":"uneb-promove-encontro-de-comunicacao-em-juazeiro","status":"publish","type":"post","link":"https:\/\/blogdofarnesio.com.br\/?p=6593","title":{"rendered":"UNEB promove Encontro de Comunica\u00e7\u00e3o em Juazeiro"},"content":{"rendered":"<p style=\"text-align: justify;\"><span style=\"font-size: small;\"><span style=\"font-family: arial, helvetica, sans-serif;\"><a rel=\"lightbox\" href=\"http:\/\/www.quersaberpolitica.com.br\/2016\/wp-content\/uploads\/2012\/12\/blogqsp_unebo9_(3).jpg\"><img loading=\"lazy\" decoding=\"async\" style=\"float: left; margin-left: 10px; margin-right: 10px; margin-top: 5px; margin-bottom: 5px;\" src=\"http:\/\/www.quersaberpolitica.com.br\/2016\/wp-content\/uploads\/2012\/12\/blogqsp_unebo9_(3).jpg\" alt=\"\" width=\"200\" height=\"133\" \/><\/a>O II ECOVALE &#8211; Encontro de Comunica&ccedil;&atilde;o do Vale do S&atilde;o Francisco ter&aacute; como tema &#8220;200 anos de Imprensa na Bahia&#8221;. O evento, que acontecer&aacute; entre os dias 16 e 19 de novembro, na cidade de Juazeiro (BA), pretende receber 600 participantes, entre professores, estudantes, profissionais de comunica&ccedil;&atilde;o e de &aacute;reas afins.  Organizado pelo Curso de Comunica&ccedil;&atilde;o Social &#8211; Jornalismo em Multimeios, da Universidade do Estado da Bahia (UNEB), Departamento de Ci&ecirc;ncias Humanas &#8211; Campus III, o II ECOVALE traz esse ano algumas novidades, como a inscri&ccedil;&atilde;o de artigos cient&iacute;ficos, as sess&otilde;es tem&aacute;ticas, com depoimentos de profissionais da regi&atilde;o e o EXPOVALE, que reunir&aacute; produtos experimentais em comunica&ccedil;&atilde;o e artes. O Ecovale &eacute; um momento importante de discuss&atilde;o da comunica&ccedil;&atilde;o na regi&atilde;o, oportunizando para estudantes, professores e pesquisadores de outras institui&ccedil;&otilde;es de ensino superior um debate acad&ecirc;mico de alto n&iacute;vel e o contato com profissionais de outros p&oacute;los acad&ecirc;micos e do mercado de comunica&ccedil;&atilde;o. A realiza&ccedil;&atilde;o anual do ECOVALE favorece a compreens&atilde;o e o desenvolvimento da comunica&ccedil;&atilde;o no Vale do S&atilde;o Francisco, gra&ccedil;as &agrave; troca de experi&ecirc;ncia com profissionais e pensadores de outras regi&otilde;es do pa&iacute;s. A inscri&ccedil;&atilde;o de artigos para as comunica&ccedil;&otilde;es cient&iacute;ficas podem ser feitas at&eacute; o dia 30 de setembro com o envio do resumo do trabalho para o e-mailecovale2@gmail.com. O prazo m&aacute;ximo para envio do trabalho completo &eacute; 15 de outubro.<br \/> Mais informa&ccedil;&otilde;es: http:\/\/www.uneb.br\/ecovale<\/span><\/span><\/p>\n","protected":false},"excerpt":{"rendered":"<p>O II ECOVALE &#8211; Encontro de Comunica&ccedil;&atilde;o do Vale do S&atilde;o Francisco ter&aacute; como tema &#8220;200 anos de Imprensa na Bahia&#8221;. O evento, que acontecer&aacute; entre os dias 16 e 19 de novembro, na cidade de Juazeiro (BA), pretende receber 600 participantes, entre professores, estudantes, profissionais de comunica&ccedil;&atilde;o e de &aacute;reas afins. Organizado pelo Curso de Comunica&ccedil;&atilde;o Social &#8211; Jornalismo em Multimeios, da Universidade do Estado da Bahia (UNEB), Departamento de Ci&ecirc;ncias Humanas &#8211; Campus III, o II ECOVALE traz esse ano algumas novidades, como a inscri&ccedil;&atilde;o de artigos cient&iacute;ficos, as sess&otilde;es tem&aacute;ticas, com depoimentos de profissionais da regi&atilde;o e o EXPOVALE, que reunir&aacute; produtos experimentais em comunica&ccedil;&atilde;o e artes. O Ecovale &eacute; um momento importante de discuss&atilde;o da comunica&ccedil;&atilde;o&hellip; <\/p>\n","protected":false},"author":0,"featured_media":0,"comment_status":"open","ping_status":"open","sticky":false,"template":"","format":"standard","meta":{"_acf_changed":false,"footnotes":""},"categories":[5],"tags":[],"class_list":["post-6593","post","type-post","status-publish","format-standard","hentry","category-seguranca"],"acf":[],"yoast_head":"<!-- This site is optimized with the Yoast SEO plugin v27.4 - https:\/\/yoast.com\/product\/yoast-seo-wordpress\/ -->\n<title>UNEB promove Encontro de Comunica\u00e7\u00e3o em Juazeiro  - Blog do Farn\u00e9sio<\/title>\n<meta name=\"robots\" content=\"index, follow, max-snippet:-1, max-image-preview:large, max-video-preview:-1\" \/>\n<link rel=\"canonical\" href=\"https:\/\/blogdofarnesio.com.br\/?p=6593\" \/>\n<meta property=\"og:locale\" content=\"pt_BR\" \/>\n<meta property=\"og:type\" content=\"article\" \/>\n<meta property=\"og:title\" content=\"UNEB promove Encontro de Comunica\u00e7\u00e3o em Juazeiro  - Blog do Farn\u00e9sio\" \/>\n<meta property=\"og:description\" content=\"O II ECOVALE &#8211; Encontro de Comunica&ccedil;&atilde;o do Vale do S&atilde;o Francisco ter&aacute; como tema &#8220;200 anos de Imprensa na Bahia&#8221;. O evento, que acontecer&aacute; entre os dias 16 e 19 de novembro, na cidade de Juazeiro (BA), pretende receber 600 participantes, entre professores, estudantes, profissionais de comunica&ccedil;&atilde;o e de &aacute;reas afins. Organizado pelo Curso de Comunica&ccedil;&atilde;o Social &#8211; Jornalismo em Multimeios, da Universidade do Estado da Bahia (UNEB), Departamento de Ci&ecirc;ncias Humanas &#8211; Campus III, o II ECOVALE traz esse ano algumas novidades, como a inscri&ccedil;&atilde;o de artigos cient&iacute;ficos, as sess&otilde;es tem&aacute;ticas, com depoimentos de profissionais da regi&atilde;o e o EXPOVALE, que reunir&aacute; produtos experimentais em comunica&ccedil;&atilde;o e artes. O Ecovale &eacute; um momento importante de discuss&atilde;o da comunica&ccedil;&atilde;o&hellip;\" \/>\n<meta property=\"og:url\" content=\"https:\/\/blogdofarnesio.com.br\/?p=6593\" \/>\n<meta property=\"og:site_name\" content=\"Blog do Farn\u00e9sio\" \/>\n<meta property=\"article:publisher\" content=\"https:\/\/www.facebook.com\/BlogQuerSaberPolitica\/\" \/>\n<meta property=\"article:published_time\" content=\"2011-09-15T08:03:10+00:00\" \/>\n<meta property=\"og:image\" content=\"http:\/\/www.quersaberpolitica.com.br\/2016\/wp-content\/uploads\/2012\/12\/blogqsp_unebo9_(3).jpg\" \/>\n<meta name=\"twitter:card\" content=\"summary_large_image\" \/>\n<meta name=\"twitter:label1\" content=\"Est. tempo de leitura\" \/>\n\t<meta name=\"twitter:data1\" content=\"2 minutos\" \/>\n<script type=\"application\/ld+json\" class=\"yoast-schema-graph\">{\"@context\":\"https:\\\/\\\/schema.org\",\"@graph\":[{\"@type\":\"Article\",\"@id\":\"https:\\\/\\\/blogdofarnesio.com.br\\\/?p=6593#article\",\"isPartOf\":{\"@id\":\"https:\\\/\\\/blogdofarnesio.com.br\\\/?p=6593\"},\"author\":{\"name\":\"\",\"@id\":\"\"},\"headline\":\"UNEB promove Encontro de Comunica\u00e7\u00e3o em Juazeiro\",\"datePublished\":\"2011-09-15T08:03:10+00:00\",\"mainEntityOfPage\":{\"@id\":\"https:\\\/\\\/blogdofarnesio.com.br\\\/?p=6593\"},\"wordCount\":320,\"commentCount\":0,\"publisher\":{\"@id\":\"https:\\\/\\\/blogdofarnesio.com.br\\\/#organization\"},\"image\":{\"@id\":\"https:\\\/\\\/blogdofarnesio.com.br\\\/?p=6593#primaryimage\"},\"thumbnailUrl\":\"http:\\\/\\\/www.quersaberpolitica.com.br\\\/2016\\\/wp-content\\\/uploads\\\/2012\\\/12\\\/blogqsp_unebo9_(3).jpg\",\"articleSection\":[\"Seguran\u00e7a\"],\"inLanguage\":\"pt-BR\",\"potentialAction\":[{\"@type\":\"CommentAction\",\"name\":\"Comment\",\"target\":[\"https:\\\/\\\/blogdofarnesio.com.br\\\/?p=6593#respond\"]}]},{\"@type\":\"WebPage\",\"@id\":\"https:\\\/\\\/blogdofarnesio.com.br\\\/?p=6593\",\"url\":\"https:\\\/\\\/blogdofarnesio.com.br\\\/?p=6593\",\"name\":\"UNEB promove Encontro de Comunica\u00e7\u00e3o em Juazeiro - Blog do Farn\u00e9sio\",\"isPartOf\":{\"@id\":\"https:\\\/\\\/blogdofarnesio.com.br\\\/#website\"},\"primaryImageOfPage\":{\"@id\":\"https:\\\/\\\/blogdofarnesio.com.br\\\/?p=6593#primaryimage\"},\"image\":{\"@id\":\"https:\\\/\\\/blogdofarnesio.com.br\\\/?p=6593#primaryimage\"},\"thumbnailUrl\":\"http:\\\/\\\/www.quersaberpolitica.com.br\\\/2016\\\/wp-content\\\/uploads\\\/2012\\\/12\\\/blogqsp_unebo9_(3).jpg\",\"datePublished\":\"2011-09-15T08:03:10+00:00\",\"breadcrumb\":{\"@id\":\"https:\\\/\\\/blogdofarnesio.com.br\\\/?p=6593#breadcrumb\"},\"inLanguage\":\"pt-BR\",\"potentialAction\":[{\"@type\":\"ReadAction\",\"target\":[\"https:\\\/\\\/blogdofarnesio.com.br\\\/?p=6593\"]}]},{\"@type\":\"ImageObject\",\"inLanguage\":\"pt-BR\",\"@id\":\"https:\\\/\\\/blogdofarnesio.com.br\\\/?p=6593#primaryimage\",\"url\":\"http:\\\/\\\/www.quersaberpolitica.com.br\\\/2016\\\/wp-content\\\/uploads\\\/2012\\\/12\\\/blogqsp_unebo9_(3).jpg\",\"contentUrl\":\"http:\\\/\\\/www.quersaberpolitica.com.br\\\/2016\\\/wp-content\\\/uploads\\\/2012\\\/12\\\/blogqsp_unebo9_(3).jpg\"},{\"@type\":\"BreadcrumbList\",\"@id\":\"https:\\\/\\\/blogdofarnesio.com.br\\\/?p=6593#breadcrumb\",\"itemListElement\":[{\"@type\":\"ListItem\",\"position\":1,\"name\":\"In\u00edcio\",\"item\":\"https:\\\/\\\/blogdofarnesio.com.br\\\/\"},{\"@type\":\"ListItem\",\"position\":2,\"name\":\"UNEB promove Encontro de Comunica\u00e7\u00e3o em Juazeiro\"}]},{\"@type\":\"WebSite\",\"@id\":\"https:\\\/\\\/blogdofarnesio.com.br\\\/#website\",\"url\":\"https:\\\/\\\/blogdofarnesio.com.br\\\/\",\"name\":\"Blog do Farn\u00e9sio\",\"description\":\"Quer Saber Pol\u00edtica?\",\"publisher\":{\"@id\":\"https:\\\/\\\/blogdofarnesio.com.br\\\/#organization\"},\"potentialAction\":[{\"@type\":\"SearchAction\",\"target\":{\"@type\":\"EntryPoint\",\"urlTemplate\":\"https:\\\/\\\/blogdofarnesio.com.br\\\/?s={search_term_string}\"},\"query-input\":{\"@type\":\"PropertyValueSpecification\",\"valueRequired\":true,\"valueName\":\"search_term_string\"}}],\"inLanguage\":\"pt-BR\"},{\"@type\":\"Organization\",\"@id\":\"https:\\\/\\\/blogdofarnesio.com.br\\\/#organization\",\"name\":\"Blog do Farn\u00e9sio\",\"url\":\"https:\\\/\\\/blogdofarnesio.com.br\\\/\",\"logo\":{\"@type\":\"ImageObject\",\"inLanguage\":\"pt-BR\",\"@id\":\"https:\\\/\\\/blogdofarnesio.com.br\\\/#\\\/schema\\\/logo\\\/image\\\/\",\"url\":\"https:\\\/\\\/blogdofarnesio.com.br\\\/wp-content\\\/uploads\\\/2026\\\/03\\\/cropped-logo_new-1.png\",\"contentUrl\":\"https:\\\/\\\/blogdofarnesio.com.br\\\/wp-content\\\/uploads\\\/2026\\\/03\\\/cropped-logo_new-1.png\",\"width\":881,\"height\":685,\"caption\":\"Blog do Farn\u00e9sio\"},\"image\":{\"@id\":\"https:\\\/\\\/blogdofarnesio.com.br\\\/#\\\/schema\\\/logo\\\/image\\\/\"},\"sameAs\":[\"https:\\\/\\\/www.facebook.com\\\/BlogQuerSaberPolitica\\\/\"]}]}<\/script>\n<!-- \/ Yoast SEO plugin. -->","yoast_head_json":{"title":"UNEB promove Encontro de Comunica\u00e7\u00e3o em Juazeiro  - Blog do Farn\u00e9sio","robots":{"index":"index","follow":"follow","max-snippet":"max-snippet:-1","max-image-preview":"max-image-preview:large","max-video-preview":"max-video-preview:-1"},"canonical":"https:\/\/blogdofarnesio.com.br\/?p=6593","og_locale":"pt_BR","og_type":"article","og_title":"UNEB promove Encontro de Comunica\u00e7\u00e3o em Juazeiro  - Blog do Farn\u00e9sio","og_description":"O II ECOVALE &#8211; Encontro de Comunica&ccedil;&atilde;o do Vale do S&atilde;o Francisco ter&aacute; como tema &#8220;200 anos de Imprensa na Bahia&#8221;. O evento, que acontecer&aacute; entre os dias 16 e 19 de novembro, na cidade de Juazeiro (BA), pretende receber 600 participantes, entre professores, estudantes, profissionais de comunica&ccedil;&atilde;o e de &aacute;reas afins. Organizado pelo Curso de Comunica&ccedil;&atilde;o Social &#8211; Jornalismo em Multimeios, da Universidade do Estado da Bahia (UNEB), Departamento de Ci&ecirc;ncias Humanas &#8211; Campus III, o II ECOVALE traz esse ano algumas novidades, como a inscri&ccedil;&atilde;o de artigos cient&iacute;ficos, as sess&otilde;es tem&aacute;ticas, com depoimentos de profissionais da regi&atilde;o e o EXPOVALE, que reunir&aacute; produtos experimentais em comunica&ccedil;&atilde;o e artes. O Ecovale &eacute; um momento importante de discuss&atilde;o da comunica&ccedil;&atilde;o&hellip;","og_url":"https:\/\/blogdofarnesio.com.br\/?p=6593","og_site_name":"Blog do Farn\u00e9sio","article_publisher":"https:\/\/www.facebook.com\/BlogQuerSaberPolitica\/","article_published_time":"2011-09-15T08:03:10+00:00","og_image":[{"url":"http:\/\/www.quersaberpolitica.com.br\/2016\/wp-content\/uploads\/2012\/12\/blogqsp_unebo9_(3).jpg","type":"","width":"","height":""}],"twitter_card":"summary_large_image","twitter_misc":{"Est. tempo de leitura":"2 minutos"},"schema":{"@context":"https:\/\/schema.org","@graph":[{"@type":"Article","@id":"https:\/\/blogdofarnesio.com.br\/?p=6593#article","isPartOf":{"@id":"https:\/\/blogdofarnesio.com.br\/?p=6593"},"author":{"name":"","@id":""},"headline":"UNEB promove Encontro de Comunica\u00e7\u00e3o em Juazeiro","datePublished":"2011-09-15T08:03:10+00:00","mainEntityOfPage":{"@id":"https:\/\/blogdofarnesio.com.br\/?p=6593"},"wordCount":320,"commentCount":0,"publisher":{"@id":"https:\/\/blogdofarnesio.com.br\/#organization"},"image":{"@id":"https:\/\/blogdofarnesio.com.br\/?p=6593#primaryimage"},"thumbnailUrl":"http:\/\/www.quersaberpolitica.com.br\/2016\/wp-content\/uploads\/2012\/12\/blogqsp_unebo9_(3).jpg","articleSection":["Seguran\u00e7a"],"inLanguage":"pt-BR","potentialAction":[{"@type":"CommentAction","name":"Comment","target":["https:\/\/blogdofarnesio.com.br\/?p=6593#respond"]}]},{"@type":"WebPage","@id":"https:\/\/blogdofarnesio.com.br\/?p=6593","url":"https:\/\/blogdofarnesio.com.br\/?p=6593","name":"UNEB promove Encontro de Comunica\u00e7\u00e3o em Juazeiro - Blog do Farn\u00e9sio","isPartOf":{"@id":"https:\/\/blogdofarnesio.com.br\/#website"},"primaryImageOfPage":{"@id":"https:\/\/blogdofarnesio.com.br\/?p=6593#primaryimage"},"image":{"@id":"https:\/\/blogdofarnesio.com.br\/?p=6593#primaryimage"},"thumbnailUrl":"http:\/\/www.quersaberpolitica.com.br\/2016\/wp-content\/uploads\/2012\/12\/blogqsp_unebo9_(3).jpg","datePublished":"2011-09-15T08:03:10+00:00","breadcrumb":{"@id":"https:\/\/blogdofarnesio.com.br\/?p=6593#breadcrumb"},"inLanguage":"pt-BR","potentialAction":[{"@type":"ReadAction","target":["https:\/\/blogdofarnesio.com.br\/?p=6593"]}]},{"@type":"ImageObject","inLanguage":"pt-BR","@id":"https:\/\/blogdofarnesio.com.br\/?p=6593#primaryimage","url":"http:\/\/www.quersaberpolitica.com.br\/2016\/wp-content\/uploads\/2012\/12\/blogqsp_unebo9_(3).jpg","contentUrl":"http:\/\/www.quersaberpolitica.com.br\/2016\/wp-content\/uploads\/2012\/12\/blogqsp_unebo9_(3).jpg"},{"@type":"BreadcrumbList","@id":"https:\/\/blogdofarnesio.com.br\/?p=6593#breadcrumb","itemListElement":[{"@type":"ListItem","position":1,"name":"In\u00edcio","item":"https:\/\/blogdofarnesio.com.br\/"},{"@type":"ListItem","position":2,"name":"UNEB promove Encontro de Comunica\u00e7\u00e3o em Juazeiro"}]},{"@type":"WebSite","@id":"https:\/\/blogdofarnesio.com.br\/#website","url":"https:\/\/blogdofarnesio.com.br\/","name":"Blog do Farn\u00e9sio","description":"Quer Saber Pol\u00edtica?","publisher":{"@id":"https:\/\/blogdofarnesio.com.br\/#organization"},"potentialAction":[{"@type":"SearchAction","target":{"@type":"EntryPoint","urlTemplate":"https:\/\/blogdofarnesio.com.br\/?s={search_term_string}"},"query-input":{"@type":"PropertyValueSpecification","valueRequired":true,"valueName":"search_term_string"}}],"inLanguage":"pt-BR"},{"@type":"Organization","@id":"https:\/\/blogdofarnesio.com.br\/#organization","name":"Blog do Farn\u00e9sio","url":"https:\/\/blogdofarnesio.com.br\/","logo":{"@type":"ImageObject","inLanguage":"pt-BR","@id":"https:\/\/blogdofarnesio.com.br\/#\/schema\/logo\/image\/","url":"https:\/\/blogdofarnesio.com.br\/wp-content\/uploads\/2026\/03\/cropped-logo_new-1.png","contentUrl":"https:\/\/blogdofarnesio.com.br\/wp-content\/uploads\/2026\/03\/cropped-logo_new-1.png","width":881,"height":685,"caption":"Blog do Farn\u00e9sio"},"image":{"@id":"https:\/\/blogdofarnesio.com.br\/#\/schema\/logo\/image\/"},"sameAs":["https:\/\/www.facebook.com\/BlogQuerSaberPolitica\/"]}]}},"_links":{"self":[{"href":"https:\/\/blogdofarnesio.com.br\/index.php?rest_route=\/wp\/v2\/posts\/6593","targetHints":{"allow":["GET"]}}],"collection":[{"href":"https:\/\/blogdofarnesio.com.br\/index.php?rest_route=\/wp\/v2\/posts"}],"about":[{"href":"https:\/\/blogdofarnesio.com.br\/index.php?rest_route=\/wp\/v2\/types\/post"}],"replies":[{"embeddable":true,"href":"https:\/\/blogdofarnesio.com.br\/index.php?rest_route=%2Fwp%2Fv2%2Fcomments&post=6593"}],"version-history":[{"count":0,"href":"https:\/\/blogdofarnesio.com.br\/index.php?rest_route=\/wp\/v2\/posts\/6593\/revisions"}],"wp:attachment":[{"href":"https:\/\/blogdofarnesio.com.br\/index.php?rest_route=%2Fwp%2Fv2%2Fmedia&parent=6593"}],"wp:term":[{"taxonomy":"category","embeddable":true,"href":"https:\/\/blogdofarnesio.com.br\/index.php?rest_route=%2Fwp%2Fv2%2Fcategories&post=6593"},{"taxonomy":"post_tag","embeddable":true,"href":"https:\/\/blogdofarnesio.com.br\/index.php?rest_route=%2Fwp%2Fv2%2Ftags&post=6593"}],"curies":[{"name":"wp","href":"https:\/\/api.w.org\/{rel}","templated":true}]}}