{"id":6566,"date":"2011-09-14T06:34:11","date_gmt":"2011-09-14T06:34:11","guid":{"rendered":"http:\/\/www.quersaberpolitica.com.br?p=6566"},"modified":"-0001-11-30T00:00:00","modified_gmt":"-0001-11-30T03:00:00","slug":"direto-de-curaca","status":"publish","type":"post","link":"https:\/\/blogdofarnesio.com.br\/?p=6566","title":{"rendered":"Direto de Cura\u00e7\u00e1"},"content":{"rendered":"<p style=\"text-align: justify;\"><span style=\"font-size: small;\"><br \/><\/span><\/p>\n<p style=\"text-align: justify;\"><span style=\"font-size: small;\">LIMITES TERRITORIAIS ENTRE CURA&Ccedil;&Aacute; E UAU&Aacute; S&Atilde;O DISCUTIDOS EM AUDI&Ecirc;NCIA P&Uacute;BLICA<\/span><\/p>\n<p style=\"text-align: justify;\"><span style=\"font-size: small;\"><a rel=\"lightbox\" href=\"http:\/\/www.quersaberpolitica.com.br\/2016\/wp-content\/uploads\/2012\/12\/blogqspcuracacamara1.jpg\"><img loading=\"lazy\" decoding=\"async\" style=\"float: right; margin-top: 5px; margin-bottom: 5px; margin-left: 10px; margin-right: 10px;\" src=\"http:\/\/www.quersaberpolitica.com.br\/2016\/wp-content\/uploads\/2012\/12\/blogqspcuracacamara1.jpg\" alt=\"\" width=\"200\" height=\"150\" \/><br \/><\/a><a rel=\"lightbox\" href=\"http:\/\/www.quersaberpolitica.com.br\/2016\/wp-content\/uploads\/2012\/12\/blogqspcuracacamara2.jpg\"><img loading=\"lazy\" decoding=\"async\" style=\"float: left; margin-top: 5px; margin-bottom: 5px; margin-left: 10px; margin-right: 10px;\" src=\"http:\/\/www.quersaberpolitica.com.br\/2016\/wp-content\/uploads\/2012\/12\/blogqspcuracacamara2.jpg\" alt=\"\" width=\"200\" height=\"117\" \/><\/a>Foi realizada, na &uacute;ltima segunda-feira, no espa&ccedil;o da C&acirc;mara Municipal de Cura&ccedil;&aacute;, a primeira Audi&ecirc;ncia P&uacute;bica para tratar das problem&aacute;ticas referentes &agrave;s demarca&ccedil;&otilde;es territoriais entre Cura&ccedil;&aacute; e Uau&aacute;. Os trabalhos foram conduzidos pelo presidente do Legislativo, vereador Valberto Matos e contou com a participa&ccedil;&atilde;o do prefeito de Cura&ccedil;&aacute;, Salvador Lopes Gonsalves, do Secret&aacute;rio de Desenvolvimento Rural, Francisco C&acirc;ndido, representante do Sindicato dos Trabalhadores Rurais de Cura&ccedil;&aacute;, Projeto Mata Branca, al&eacute;m de diversas representa&ccedil;&otilde;es de Associa&ccedil;&otilde;es localizadas na &aacute;rea em quest&atilde;o. Os vereadores Janu&aacute;rio Brand&atilde;o, Theodomiro Mendes e Flamber Feitosa tamb&eacute;m se fizeram presentes.<\/span><\/p>\n<p style=\"text-align: justify;\"><span style=\"font-size: small;\">Na oportunidade, representantes das localidades sintetizaram a situa&ccedil;&atilde;o existente na &aacute;rea, dando conhecimento dos conflitos que j&aacute; come&ccedil;am a existir, desencadeados pela falta de clareza nas limita&ccedil;&otilde;es dos munic&iacute;pios e solicitando provid&ecirc;ncias das autoridades para sanar o problema.<\/span><\/p>\n<p style=\"text-align: justify;\"><span style=\"font-size: small;\">Valberto Matos, Presidente da C&acirc;mara, informou aos presentes que, entidades como o IBGE, SEI &#8211; Superintend&ecirc;ncia de Estudos Econ&ocirc;micos e Sociais da Bahia, Prefeitura e C&acirc;mara de Uau&aacute; e outras, tamb&eacute;m foram convidadas para participarem da Audi&ecirc;ncia. Tamb&eacute;m deu conhecimento do recebimento de abaixo assinado, com 261 assinaturas de moradores daquela regi&atilde;o, no qual exp&otilde;e a inten&ccedil;&atilde;o em confirmar os limites em obedi&ecirc;ncia a lei N&ordm;. 1.866\/1926 e modificada pela Lei n&deg;626 de 1953, publicada no D.O de 19\/02\/1954, em que coloca a &aacute;rea em quest&atilde;o como pertencente ao munic&iacute;pio de Cura&ccedil;&aacute;, al&eacute;m do recebimento de of&iacute;cio respondido pela SEI, no qual esclarece que, quanto &agrave; demarca&ccedil;&atilde;o dos limites entre Cura&ccedil;&aacute; e Uau&aacute;, que existe a necessidade de defini&ccedil;&atilde;o de um acordo diante das d&uacute;vidas existentes para se propor a atualiza&ccedil;&atilde;o negociada, sendo recomend&aacute;vel que os dois munic&iacute;pios produzam documentos que julgarem apropriados para comprovar a presta&ccedil;&atilde;o de servi&ccedil;os b&aacute;sicos ou a explora&ccedil;&atilde;o de atividades econ&ocirc;micas nas &aacute;reas que hoje administram.<\/p>\n<p>As discuss&otilde;es se estenderam em rela&ccedil;&atilde;o &agrave;s provid&ecirc;ncias a serem tomadas, e ao final da Audi&ecirc;ncia, ficou acordado que, entre as medidas, ser&aacute; enviado oficio assinado pelas autoridades e representa&ccedil;&otilde;es presentes, encaminhado &agrave;s entidades relacionadas com a causa, como a SEI, Assembl&eacute;ia Legislativa da Bahia, Comarcas dos dois munic&iacute;pios, informando toda situa&ccedil;&atilde;o existente, as amea&ccedil;as de conflitos nas comunidades, a realiza&ccedil;&atilde;o da Audi&ecirc;ncia, e solicitando que sejam tomadas as provid&ecirc;ncias necess&aacute;rias, para garantir a tranq&uuml;ilidade no local e, em tempo, o esclarecimento das linhas demarcat&oacute;rias.<\/span><\/p>\n<p style=\"text-align: justify;\"><span style=\"font-size: small;\"><br \/><\/span><\/p>\n<p style=\"text-align: justify;\">&nbsp;<\/p>\n","protected":false},"excerpt":{"rendered":"<p>LIMITES TERRITORIAIS ENTRE CURA&Ccedil;&Aacute; E UAU&Aacute; S&Atilde;O DISCUTIDOS EM AUDI&Ecirc;NCIA P&Uacute;BLICA Foi realizada, na &uacute;ltima segunda-feira, no espa&ccedil;o da C&acirc;mara Municipal de Cura&ccedil;&aacute;, a primeira Audi&ecirc;ncia P&uacute;bica para tratar das problem&aacute;ticas referentes &agrave;s demarca&ccedil;&otilde;es territoriais entre Cura&ccedil;&aacute; e Uau&aacute;. Os trabalhos foram conduzidos pelo presidente do Legislativo, vereador Valberto Matos e contou com a participa&ccedil;&atilde;o do prefeito de Cura&ccedil;&aacute;, Salvador Lopes Gonsalves, do Secret&aacute;rio de Desenvolvimento Rural, Francisco C&acirc;ndido, representante do Sindicato dos Trabalhadores Rurais de Cura&ccedil;&aacute;, Projeto Mata Branca, al&eacute;m de diversas representa&ccedil;&otilde;es de Associa&ccedil;&otilde;es localizadas na &aacute;rea em quest&atilde;o. Os vereadores Janu&aacute;rio Brand&atilde;o, Theodomiro Mendes e Flamber Feitosa tamb&eacute;m se fizeram presentes. Na oportunidade, representantes das localidades sintetizaram a situa&ccedil;&atilde;o existente na &aacute;rea, dando conhecimento dos conflitos que&hellip; <\/p>\n","protected":false},"author":0,"featured_media":0,"comment_status":"open","ping_status":"open","sticky":false,"template":"","format":"standard","meta":{"_acf_changed":false,"footnotes":""},"categories":[27],"tags":[],"class_list":["post-6566","post","type-post","status-publish","format-standard","hentry","category-cidades"],"acf":[],"yoast_head":"<!-- This site is optimized with the Yoast SEO plugin v27.4 - https:\/\/yoast.com\/product\/yoast-seo-wordpress\/ -->\n<title>Direto de Cura\u00e7\u00e1 - Blog do Farn\u00e9sio<\/title>\n<meta name=\"robots\" content=\"index, follow, max-snippet:-1, max-image-preview:large, max-video-preview:-1\" \/>\n<link rel=\"canonical\" href=\"https:\/\/blogdofarnesio.com.br\/?p=6566\" \/>\n<meta property=\"og:locale\" content=\"pt_BR\" \/>\n<meta property=\"og:type\" content=\"article\" \/>\n<meta property=\"og:title\" content=\"Direto de Cura\u00e7\u00e1 - Blog do Farn\u00e9sio\" \/>\n<meta property=\"og:description\" content=\"LIMITES TERRITORIAIS ENTRE CURA&Ccedil;&Aacute; E UAU&Aacute; S&Atilde;O DISCUTIDOS EM AUDI&Ecirc;NCIA P&Uacute;BLICA Foi realizada, na &uacute;ltima segunda-feira, no espa&ccedil;o da C&acirc;mara Municipal de Cura&ccedil;&aacute;, a primeira Audi&ecirc;ncia P&uacute;bica para tratar das problem&aacute;ticas referentes &agrave;s demarca&ccedil;&otilde;es territoriais entre Cura&ccedil;&aacute; e Uau&aacute;. Os trabalhos foram conduzidos pelo presidente do Legislativo, vereador Valberto Matos e contou com a participa&ccedil;&atilde;o do prefeito de Cura&ccedil;&aacute;, Salvador Lopes Gonsalves, do Secret&aacute;rio de Desenvolvimento Rural, Francisco C&acirc;ndido, representante do Sindicato dos Trabalhadores Rurais de Cura&ccedil;&aacute;, Projeto Mata Branca, al&eacute;m de diversas representa&ccedil;&otilde;es de Associa&ccedil;&otilde;es localizadas na &aacute;rea em quest&atilde;o. Os vereadores Janu&aacute;rio Brand&atilde;o, Theodomiro Mendes e Flamber Feitosa tamb&eacute;m se fizeram presentes. Na oportunidade, representantes das localidades sintetizaram a situa&ccedil;&atilde;o existente na &aacute;rea, dando conhecimento dos conflitos que&hellip;\" \/>\n<meta property=\"og:url\" content=\"https:\/\/blogdofarnesio.com.br\/?p=6566\" \/>\n<meta property=\"og:site_name\" content=\"Blog do Farn\u00e9sio\" \/>\n<meta property=\"article:publisher\" content=\"https:\/\/www.facebook.com\/BlogQuerSaberPolitica\/\" \/>\n<meta property=\"article:published_time\" content=\"2011-09-14T06:34:11+00:00\" \/>\n<meta property=\"og:image\" content=\"http:\/\/www.quersaberpolitica.com.br\/2016\/wp-content\/uploads\/2012\/12\/blogqspcuracacamara1.jpg\" \/>\n<meta name=\"twitter:card\" content=\"summary_large_image\" \/>\n<meta name=\"twitter:label1\" content=\"Est. tempo de leitura\" \/>\n\t<meta name=\"twitter:data1\" content=\"3 minutos\" \/>\n<script type=\"application\/ld+json\" class=\"yoast-schema-graph\">{\"@context\":\"https:\\\/\\\/schema.org\",\"@graph\":[{\"@type\":\"Article\",\"@id\":\"https:\\\/\\\/blogdofarnesio.com.br\\\/?p=6566#article\",\"isPartOf\":{\"@id\":\"https:\\\/\\\/blogdofarnesio.com.br\\\/?p=6566\"},\"author\":{\"name\":\"\",\"@id\":\"\"},\"headline\":\"Direto de Cura\u00e7\u00e1\",\"datePublished\":\"2011-09-14T06:34:11+00:00\",\"mainEntityOfPage\":{\"@id\":\"https:\\\/\\\/blogdofarnesio.com.br\\\/?p=6566\"},\"wordCount\":565,\"commentCount\":0,\"publisher\":{\"@id\":\"https:\\\/\\\/blogdofarnesio.com.br\\\/#organization\"},\"image\":{\"@id\":\"https:\\\/\\\/blogdofarnesio.com.br\\\/?p=6566#primaryimage\"},\"thumbnailUrl\":\"http:\\\/\\\/www.quersaberpolitica.com.br\\\/2016\\\/wp-content\\\/uploads\\\/2012\\\/12\\\/blogqspcuracacamara1.jpg\",\"articleSection\":[\"Cidades\"],\"inLanguage\":\"pt-BR\",\"potentialAction\":[{\"@type\":\"CommentAction\",\"name\":\"Comment\",\"target\":[\"https:\\\/\\\/blogdofarnesio.com.br\\\/?p=6566#respond\"]}]},{\"@type\":\"WebPage\",\"@id\":\"https:\\\/\\\/blogdofarnesio.com.br\\\/?p=6566\",\"url\":\"https:\\\/\\\/blogdofarnesio.com.br\\\/?p=6566\",\"name\":\"Direto de Cura\u00e7\u00e1 - Blog do Farn\u00e9sio\",\"isPartOf\":{\"@id\":\"https:\\\/\\\/blogdofarnesio.com.br\\\/#website\"},\"primaryImageOfPage\":{\"@id\":\"https:\\\/\\\/blogdofarnesio.com.br\\\/?p=6566#primaryimage\"},\"image\":{\"@id\":\"https:\\\/\\\/blogdofarnesio.com.br\\\/?p=6566#primaryimage\"},\"thumbnailUrl\":\"http:\\\/\\\/www.quersaberpolitica.com.br\\\/2016\\\/wp-content\\\/uploads\\\/2012\\\/12\\\/blogqspcuracacamara1.jpg\",\"datePublished\":\"2011-09-14T06:34:11+00:00\",\"breadcrumb\":{\"@id\":\"https:\\\/\\\/blogdofarnesio.com.br\\\/?p=6566#breadcrumb\"},\"inLanguage\":\"pt-BR\",\"potentialAction\":[{\"@type\":\"ReadAction\",\"target\":[\"https:\\\/\\\/blogdofarnesio.com.br\\\/?p=6566\"]}]},{\"@type\":\"ImageObject\",\"inLanguage\":\"pt-BR\",\"@id\":\"https:\\\/\\\/blogdofarnesio.com.br\\\/?p=6566#primaryimage\",\"url\":\"http:\\\/\\\/www.quersaberpolitica.com.br\\\/2016\\\/wp-content\\\/uploads\\\/2012\\\/12\\\/blogqspcuracacamara1.jpg\",\"contentUrl\":\"http:\\\/\\\/www.quersaberpolitica.com.br\\\/2016\\\/wp-content\\\/uploads\\\/2012\\\/12\\\/blogqspcuracacamara1.jpg\"},{\"@type\":\"BreadcrumbList\",\"@id\":\"https:\\\/\\\/blogdofarnesio.com.br\\\/?p=6566#breadcrumb\",\"itemListElement\":[{\"@type\":\"ListItem\",\"position\":1,\"name\":\"In\u00edcio\",\"item\":\"https:\\\/\\\/blogdofarnesio.com.br\\\/\"},{\"@type\":\"ListItem\",\"position\":2,\"name\":\"Direto de Cura\u00e7\u00e1\"}]},{\"@type\":\"WebSite\",\"@id\":\"https:\\\/\\\/blogdofarnesio.com.br\\\/#website\",\"url\":\"https:\\\/\\\/blogdofarnesio.com.br\\\/\",\"name\":\"Blog do Farn\u00e9sio\",\"description\":\"Quer Saber Pol\u00edtica?\",\"publisher\":{\"@id\":\"https:\\\/\\\/blogdofarnesio.com.br\\\/#organization\"},\"potentialAction\":[{\"@type\":\"SearchAction\",\"target\":{\"@type\":\"EntryPoint\",\"urlTemplate\":\"https:\\\/\\\/blogdofarnesio.com.br\\\/?s={search_term_string}\"},\"query-input\":{\"@type\":\"PropertyValueSpecification\",\"valueRequired\":true,\"valueName\":\"search_term_string\"}}],\"inLanguage\":\"pt-BR\"},{\"@type\":\"Organization\",\"@id\":\"https:\\\/\\\/blogdofarnesio.com.br\\\/#organization\",\"name\":\"Blog do Farn\u00e9sio\",\"url\":\"https:\\\/\\\/blogdofarnesio.com.br\\\/\",\"logo\":{\"@type\":\"ImageObject\",\"inLanguage\":\"pt-BR\",\"@id\":\"https:\\\/\\\/blogdofarnesio.com.br\\\/#\\\/schema\\\/logo\\\/image\\\/\",\"url\":\"https:\\\/\\\/blogdofarnesio.com.br\\\/wp-content\\\/uploads\\\/2026\\\/03\\\/cropped-logo_new-1.png\",\"contentUrl\":\"https:\\\/\\\/blogdofarnesio.com.br\\\/wp-content\\\/uploads\\\/2026\\\/03\\\/cropped-logo_new-1.png\",\"width\":881,\"height\":685,\"caption\":\"Blog do Farn\u00e9sio\"},\"image\":{\"@id\":\"https:\\\/\\\/blogdofarnesio.com.br\\\/#\\\/schema\\\/logo\\\/image\\\/\"},\"sameAs\":[\"https:\\\/\\\/www.facebook.com\\\/BlogQuerSaberPolitica\\\/\"]}]}<\/script>\n<!-- \/ Yoast SEO plugin. -->","yoast_head_json":{"title":"Direto de Cura\u00e7\u00e1 - Blog do Farn\u00e9sio","robots":{"index":"index","follow":"follow","max-snippet":"max-snippet:-1","max-image-preview":"max-image-preview:large","max-video-preview":"max-video-preview:-1"},"canonical":"https:\/\/blogdofarnesio.com.br\/?p=6566","og_locale":"pt_BR","og_type":"article","og_title":"Direto de Cura\u00e7\u00e1 - Blog do Farn\u00e9sio","og_description":"LIMITES TERRITORIAIS ENTRE CURA&Ccedil;&Aacute; E UAU&Aacute; S&Atilde;O DISCUTIDOS EM AUDI&Ecirc;NCIA P&Uacute;BLICA Foi realizada, na &uacute;ltima segunda-feira, no espa&ccedil;o da C&acirc;mara Municipal de Cura&ccedil;&aacute;, a primeira Audi&ecirc;ncia P&uacute;bica para tratar das problem&aacute;ticas referentes &agrave;s demarca&ccedil;&otilde;es territoriais entre Cura&ccedil;&aacute; e Uau&aacute;. Os trabalhos foram conduzidos pelo presidente do Legislativo, vereador Valberto Matos e contou com a participa&ccedil;&atilde;o do prefeito de Cura&ccedil;&aacute;, Salvador Lopes Gonsalves, do Secret&aacute;rio de Desenvolvimento Rural, Francisco C&acirc;ndido, representante do Sindicato dos Trabalhadores Rurais de Cura&ccedil;&aacute;, Projeto Mata Branca, al&eacute;m de diversas representa&ccedil;&otilde;es de Associa&ccedil;&otilde;es localizadas na &aacute;rea em quest&atilde;o. Os vereadores Janu&aacute;rio Brand&atilde;o, Theodomiro Mendes e Flamber Feitosa tamb&eacute;m se fizeram presentes. Na oportunidade, representantes das localidades sintetizaram a situa&ccedil;&atilde;o existente na &aacute;rea, dando conhecimento dos conflitos que&hellip;","og_url":"https:\/\/blogdofarnesio.com.br\/?p=6566","og_site_name":"Blog do Farn\u00e9sio","article_publisher":"https:\/\/www.facebook.com\/BlogQuerSaberPolitica\/","article_published_time":"2011-09-14T06:34:11+00:00","og_image":[{"url":"http:\/\/www.quersaberpolitica.com.br\/2016\/wp-content\/uploads\/2012\/12\/blogqspcuracacamara1.jpg","type":"","width":"","height":""}],"twitter_card":"summary_large_image","twitter_misc":{"Est. tempo de leitura":"3 minutos"},"schema":{"@context":"https:\/\/schema.org","@graph":[{"@type":"Article","@id":"https:\/\/blogdofarnesio.com.br\/?p=6566#article","isPartOf":{"@id":"https:\/\/blogdofarnesio.com.br\/?p=6566"},"author":{"name":"","@id":""},"headline":"Direto de Cura\u00e7\u00e1","datePublished":"2011-09-14T06:34:11+00:00","mainEntityOfPage":{"@id":"https:\/\/blogdofarnesio.com.br\/?p=6566"},"wordCount":565,"commentCount":0,"publisher":{"@id":"https:\/\/blogdofarnesio.com.br\/#organization"},"image":{"@id":"https:\/\/blogdofarnesio.com.br\/?p=6566#primaryimage"},"thumbnailUrl":"http:\/\/www.quersaberpolitica.com.br\/2016\/wp-content\/uploads\/2012\/12\/blogqspcuracacamara1.jpg","articleSection":["Cidades"],"inLanguage":"pt-BR","potentialAction":[{"@type":"CommentAction","name":"Comment","target":["https:\/\/blogdofarnesio.com.br\/?p=6566#respond"]}]},{"@type":"WebPage","@id":"https:\/\/blogdofarnesio.com.br\/?p=6566","url":"https:\/\/blogdofarnesio.com.br\/?p=6566","name":"Direto de Cura\u00e7\u00e1 - Blog do Farn\u00e9sio","isPartOf":{"@id":"https:\/\/blogdofarnesio.com.br\/#website"},"primaryImageOfPage":{"@id":"https:\/\/blogdofarnesio.com.br\/?p=6566#primaryimage"},"image":{"@id":"https:\/\/blogdofarnesio.com.br\/?p=6566#primaryimage"},"thumbnailUrl":"http:\/\/www.quersaberpolitica.com.br\/2016\/wp-content\/uploads\/2012\/12\/blogqspcuracacamara1.jpg","datePublished":"2011-09-14T06:34:11+00:00","breadcrumb":{"@id":"https:\/\/blogdofarnesio.com.br\/?p=6566#breadcrumb"},"inLanguage":"pt-BR","potentialAction":[{"@type":"ReadAction","target":["https:\/\/blogdofarnesio.com.br\/?p=6566"]}]},{"@type":"ImageObject","inLanguage":"pt-BR","@id":"https:\/\/blogdofarnesio.com.br\/?p=6566#primaryimage","url":"http:\/\/www.quersaberpolitica.com.br\/2016\/wp-content\/uploads\/2012\/12\/blogqspcuracacamara1.jpg","contentUrl":"http:\/\/www.quersaberpolitica.com.br\/2016\/wp-content\/uploads\/2012\/12\/blogqspcuracacamara1.jpg"},{"@type":"BreadcrumbList","@id":"https:\/\/blogdofarnesio.com.br\/?p=6566#breadcrumb","itemListElement":[{"@type":"ListItem","position":1,"name":"In\u00edcio","item":"https:\/\/blogdofarnesio.com.br\/"},{"@type":"ListItem","position":2,"name":"Direto de Cura\u00e7\u00e1"}]},{"@type":"WebSite","@id":"https:\/\/blogdofarnesio.com.br\/#website","url":"https:\/\/blogdofarnesio.com.br\/","name":"Blog do Farn\u00e9sio","description":"Quer Saber Pol\u00edtica?","publisher":{"@id":"https:\/\/blogdofarnesio.com.br\/#organization"},"potentialAction":[{"@type":"SearchAction","target":{"@type":"EntryPoint","urlTemplate":"https:\/\/blogdofarnesio.com.br\/?s={search_term_string}"},"query-input":{"@type":"PropertyValueSpecification","valueRequired":true,"valueName":"search_term_string"}}],"inLanguage":"pt-BR"},{"@type":"Organization","@id":"https:\/\/blogdofarnesio.com.br\/#organization","name":"Blog do Farn\u00e9sio","url":"https:\/\/blogdofarnesio.com.br\/","logo":{"@type":"ImageObject","inLanguage":"pt-BR","@id":"https:\/\/blogdofarnesio.com.br\/#\/schema\/logo\/image\/","url":"https:\/\/blogdofarnesio.com.br\/wp-content\/uploads\/2026\/03\/cropped-logo_new-1.png","contentUrl":"https:\/\/blogdofarnesio.com.br\/wp-content\/uploads\/2026\/03\/cropped-logo_new-1.png","width":881,"height":685,"caption":"Blog do Farn\u00e9sio"},"image":{"@id":"https:\/\/blogdofarnesio.com.br\/#\/schema\/logo\/image\/"},"sameAs":["https:\/\/www.facebook.com\/BlogQuerSaberPolitica\/"]}]}},"_links":{"self":[{"href":"https:\/\/blogdofarnesio.com.br\/index.php?rest_route=\/wp\/v2\/posts\/6566","targetHints":{"allow":["GET"]}}],"collection":[{"href":"https:\/\/blogdofarnesio.com.br\/index.php?rest_route=\/wp\/v2\/posts"}],"about":[{"href":"https:\/\/blogdofarnesio.com.br\/index.php?rest_route=\/wp\/v2\/types\/post"}],"replies":[{"embeddable":true,"href":"https:\/\/blogdofarnesio.com.br\/index.php?rest_route=%2Fwp%2Fv2%2Fcomments&post=6566"}],"version-history":[{"count":0,"href":"https:\/\/blogdofarnesio.com.br\/index.php?rest_route=\/wp\/v2\/posts\/6566\/revisions"}],"wp:attachment":[{"href":"https:\/\/blogdofarnesio.com.br\/index.php?rest_route=%2Fwp%2Fv2%2Fmedia&parent=6566"}],"wp:term":[{"taxonomy":"category","embeddable":true,"href":"https:\/\/blogdofarnesio.com.br\/index.php?rest_route=%2Fwp%2Fv2%2Fcategories&post=6566"},{"taxonomy":"post_tag","embeddable":true,"href":"https:\/\/blogdofarnesio.com.br\/index.php?rest_route=%2Fwp%2Fv2%2Ftags&post=6566"}],"curies":[{"name":"wp","href":"https:\/\/api.w.org\/{rel}","templated":true}]}}