{"id":65471,"date":"2013-12-01T07:00:29","date_gmt":"2013-12-01T10:00:29","guid":{"rendered":"http:\/\/www.quersaberpolitica.com.br\/?p=65471"},"modified":"2013-11-30T20:49:51","modified_gmt":"2013-11-30T23:49:51","slug":"populacao-de-juazeiro-compareceu-ao-mutirao-juridico-da-uneb","status":"publish","type":"post","link":"https:\/\/blogdofarnesio.com.br\/?p=65471","title":{"rendered":"POPULA\u00c7\u00c3O DE JUAZEIRO COMPARECEU AO MUTIR\u00c3O JUR\u00cdDICO DA UNEB"},"content":{"rendered":"<p style=\"text-align: justify\"><a href=\"http:\/\/www.quersaberpolitica.com.br\/2016\/wp-content\/uploads\/2013\/11\/IMG_1173.jpg\"><img loading=\"lazy\" decoding=\"async\" class=\"alignleft size-medium wp-image-65472\" alt=\"blogqsp.uneb\" src=\"http:\/\/www.quersaberpolitica.com.br\/2016\/wp-content\/uploads\/2013\/11\/IMG_1173-300x200.jpg\" width=\"300\" height=\"200\" srcset=\"https:\/\/blogdofarnesio.com.br\/wp-content\/uploads\/2013\/11\/IMG_1173-300x200.jpg 300w, https:\/\/blogdofarnesio.com.br\/wp-content\/uploads\/2013\/11\/IMG_1173.jpg 400w\" sizes=\"auto, (max-width: 300px) 100vw, 300px\" \/><\/a>Orienta\u00e7\u00f5es sobre reconhecimento de paternidade, div\u00f3rcio, aposentadoria, pens\u00e3o aliment\u00edcia foram alguns dos direcionamentos dados por alunos e professores do curso de Direito \u00e0 comunidade local no Mutir\u00e3o Jur\u00eddico, que aconteceu na \u00faltima quinta-feira, na Pra\u00e7a Imaculada Concei\u00e7\u00e3o, em Juazeiro (BA).<\/p>\n<p style=\"text-align: justify\">A atividade integrou a programa\u00e7\u00e3o da Semana Comemorativa dos 15 anos do curso de Direito, realizada pelo Colegiado do Curso do Departamento de Tecnologia e Ci\u00eancias Sociais (DTCS) da Universidade do Estado da Bahia (UNEB).<\/p>\n<p style=\"text-align: justify\">O Mutir\u00e3o reuniu vinte seis alunos e tr\u00eas professores que prestaram assist\u00eancia jur\u00eddica. As pessoas puderam esclarecer d\u00favidas sobre conflitos relacionados a \u00f3rg\u00e3os de administra\u00e7\u00e3o p\u00fablica, direitos do cidad\u00e3o em um determinado processo, al\u00e9m de se informar sobre documentos necess\u00e1rios para que seja dada entrada em uma a\u00e7\u00e3o administrativa.<!--more--><\/p>\n<p style=\"text-align: justify\">O estudante do sexto per\u00edodo do curso de Direito da Uneb, Vagner Avelino, participou do mutir\u00e3o e destacou a import\u00e2ncia dessa viv\u00eancia para sua forma\u00e7\u00e3o profissional. \u201cA a\u00e7\u00e3o que estamos fazendo hoje funciona como um laborat\u00f3rio onde observamos na pr\u00e1tica o que vamos fazer, quando sairmos da faculdade\u201d, disse.<\/p>\n<p style=\"text-align: justify\">De acordo com a professora do curso de Direito da UNEB Viviane Vieira o mutir\u00e3o \u00e9 uma oportunidade para as pessoas se informarem, receberem orienta\u00e7\u00e3o e tirar d\u00favidas sobre direitos do cidad\u00e3o. \u201cEsse momento proporciona uma troca de conhecimentos enriquecedora, tanto para a sociedade, quanto para os alunos\u201d, explica.<\/p>\n<p style=\"text-align: justify\">A a\u00e7\u00e3o faz parte das atividades de dois projetos de extens\u00e3o do Departamento que realizam assist\u00eancia jur\u00eddica \u00e0 popula\u00e7\u00e3o de baixa renda: O N\u00facleo de Pr\u00e1ticas Jur\u00eddicas (NPJ), que funciona no DTCS, e o Direito perto de Casa, em que alunos da institui\u00e7\u00e3o prestam servi\u00e7os em centros de atendimento que ficam nos bairros do munic\u00edpio.<\/p>\n<p style=\"text-align: justify\"><strong>Cr\u00e9dito do texto e das fotos-Sheila Feitosa<\/strong><\/p>\n","protected":false},"excerpt":{"rendered":"<p>Orienta\u00e7\u00f5es sobre reconhecimento de paternidade, div\u00f3rcio, aposentadoria, pens\u00e3o aliment\u00edcia foram alguns dos direcionamentos dados por alunos e professores do curso de Direito \u00e0 comunidade local no Mutir\u00e3o Jur\u00eddico, que aconteceu na \u00faltima quinta-feira, na Pra\u00e7a Imaculada Concei\u00e7\u00e3o, em Juazeiro (BA). A atividade integrou a programa\u00e7\u00e3o da Semana Comemorativa dos 15 anos do curso de Direito, realizada pelo Colegiado do Curso do Departamento de Tecnologia e Ci\u00eancias Sociais (DTCS) da Universidade do Estado da Bahia (UNEB). O Mutir\u00e3o reuniu vinte seis alunos e tr\u00eas professores que prestaram assist\u00eancia jur\u00eddica. As pessoas puderam esclarecer d\u00favidas sobre conflitos relacionados a \u00f3rg\u00e3os de administra\u00e7\u00e3o p\u00fablica, direitos do cidad\u00e3o em um determinado processo, al\u00e9m de se informar sobre documentos necess\u00e1rios para que seja dada entrada&hellip; <\/p>\n","protected":false},"author":3,"featured_media":0,"comment_status":"open","ping_status":"open","sticky":false,"template":"","format":"standard","meta":{"_acf_changed":false,"footnotes":""},"categories":[22],"tags":[],"class_list":["post-65471","post","type-post","status-publish","format-standard","hentry","category-acao-social"],"acf":[],"yoast_head":"<!-- This site is optimized with the Yoast SEO plugin v27.4 - https:\/\/yoast.com\/product\/yoast-seo-wordpress\/ -->\n<title>POPULA\u00c7\u00c3O DE JUAZEIRO COMPARECEU AO MUTIR\u00c3O JUR\u00cdDICO DA UNEB  - Blog do Farn\u00e9sio<\/title>\n<meta name=\"robots\" content=\"index, follow, max-snippet:-1, max-image-preview:large, max-video-preview:-1\" \/>\n<link rel=\"canonical\" href=\"https:\/\/blogdofarnesio.com.br\/?p=65471\" \/>\n<meta property=\"og:locale\" content=\"pt_BR\" \/>\n<meta property=\"og:type\" content=\"article\" \/>\n<meta property=\"og:title\" content=\"POPULA\u00c7\u00c3O DE JUAZEIRO COMPARECEU AO MUTIR\u00c3O JUR\u00cdDICO DA UNEB  - Blog do Farn\u00e9sio\" \/>\n<meta property=\"og:description\" content=\"Orienta\u00e7\u00f5es sobre reconhecimento de paternidade, div\u00f3rcio, aposentadoria, pens\u00e3o aliment\u00edcia foram alguns dos direcionamentos dados por alunos e professores do curso de Direito \u00e0 comunidade local no Mutir\u00e3o Jur\u00eddico, que aconteceu na \u00faltima quinta-feira, na Pra\u00e7a Imaculada Concei\u00e7\u00e3o, em Juazeiro (BA). A atividade integrou a programa\u00e7\u00e3o da Semana Comemorativa dos 15 anos do curso de Direito, realizada pelo Colegiado do Curso do Departamento de Tecnologia e Ci\u00eancias Sociais (DTCS) da Universidade do Estado da Bahia (UNEB). O Mutir\u00e3o reuniu vinte seis alunos e tr\u00eas professores que prestaram assist\u00eancia jur\u00eddica. As pessoas puderam esclarecer d\u00favidas sobre conflitos relacionados a \u00f3rg\u00e3os de administra\u00e7\u00e3o p\u00fablica, direitos do cidad\u00e3o em um determinado processo, al\u00e9m de se informar sobre documentos necess\u00e1rios para que seja dada entrada&hellip;\" \/>\n<meta property=\"og:url\" content=\"https:\/\/blogdofarnesio.com.br\/?p=65471\" \/>\n<meta property=\"og:site_name\" content=\"Blog do Farn\u00e9sio\" \/>\n<meta property=\"article:publisher\" content=\"https:\/\/www.facebook.com\/BlogQuerSaberPolitica\/\" \/>\n<meta property=\"article:published_time\" content=\"2013-12-01T10:00:29+00:00\" \/>\n<meta property=\"og:image\" content=\"http:\/\/www.quersaberpolitica.com.br\/2016\/wp-content\/uploads\/2013\/11\/IMG_1173-300x200.jpg\" \/>\n<meta name=\"author\" content=\"teste\" \/>\n<meta name=\"twitter:card\" content=\"summary_large_image\" \/>\n<meta name=\"twitter:label1\" content=\"Escrito por\" \/>\n\t<meta name=\"twitter:data1\" content=\"teste\" \/>\n\t<meta name=\"twitter:label2\" content=\"Est. tempo de leitura\" \/>\n\t<meta name=\"twitter:data2\" content=\"2 minutos\" \/>\n<script type=\"application\/ld+json\" class=\"yoast-schema-graph\">{\"@context\":\"https:\\\/\\\/schema.org\",\"@graph\":[{\"@type\":\"Article\",\"@id\":\"https:\\\/\\\/blogdofarnesio.com.br\\\/?p=65471#article\",\"isPartOf\":{\"@id\":\"https:\\\/\\\/blogdofarnesio.com.br\\\/?p=65471\"},\"author\":{\"name\":\"teste\",\"@id\":\"https:\\\/\\\/blogdofarnesio.com.br\\\/#\\\/schema\\\/person\\\/dd1bf5eba40b687199ba45ca6b97dff9\"},\"headline\":\"POPULA\u00c7\u00c3O DE JUAZEIRO COMPARECEU AO MUTIR\u00c3O JUR\u00cdDICO DA UNEB\",\"datePublished\":\"2013-12-01T10:00:29+00:00\",\"mainEntityOfPage\":{\"@id\":\"https:\\\/\\\/blogdofarnesio.com.br\\\/?p=65471\"},\"wordCount\":338,\"commentCount\":0,\"publisher\":{\"@id\":\"https:\\\/\\\/blogdofarnesio.com.br\\\/#organization\"},\"image\":{\"@id\":\"https:\\\/\\\/blogdofarnesio.com.br\\\/?p=65471#primaryimage\"},\"thumbnailUrl\":\"http:\\\/\\\/www.quersaberpolitica.com.br\\\/2016\\\/wp-content\\\/uploads\\\/2013\\\/11\\\/IMG_1173-300x200.jpg\",\"articleSection\":[\"A\u00e7\u00e3o Social\"],\"inLanguage\":\"pt-BR\",\"potentialAction\":[{\"@type\":\"CommentAction\",\"name\":\"Comment\",\"target\":[\"https:\\\/\\\/blogdofarnesio.com.br\\\/?p=65471#respond\"]}]},{\"@type\":\"WebPage\",\"@id\":\"https:\\\/\\\/blogdofarnesio.com.br\\\/?p=65471\",\"url\":\"https:\\\/\\\/blogdofarnesio.com.br\\\/?p=65471\",\"name\":\"POPULA\u00c7\u00c3O DE JUAZEIRO COMPARECEU AO MUTIR\u00c3O JUR\u00cdDICO DA UNEB - Blog do Farn\u00e9sio\",\"isPartOf\":{\"@id\":\"https:\\\/\\\/blogdofarnesio.com.br\\\/#website\"},\"primaryImageOfPage\":{\"@id\":\"https:\\\/\\\/blogdofarnesio.com.br\\\/?p=65471#primaryimage\"},\"image\":{\"@id\":\"https:\\\/\\\/blogdofarnesio.com.br\\\/?p=65471#primaryimage\"},\"thumbnailUrl\":\"http:\\\/\\\/www.quersaberpolitica.com.br\\\/2016\\\/wp-content\\\/uploads\\\/2013\\\/11\\\/IMG_1173-300x200.jpg\",\"datePublished\":\"2013-12-01T10:00:29+00:00\",\"breadcrumb\":{\"@id\":\"https:\\\/\\\/blogdofarnesio.com.br\\\/?p=65471#breadcrumb\"},\"inLanguage\":\"pt-BR\",\"potentialAction\":[{\"@type\":\"ReadAction\",\"target\":[\"https:\\\/\\\/blogdofarnesio.com.br\\\/?p=65471\"]}]},{\"@type\":\"ImageObject\",\"inLanguage\":\"pt-BR\",\"@id\":\"https:\\\/\\\/blogdofarnesio.com.br\\\/?p=65471#primaryimage\",\"url\":\"http:\\\/\\\/www.quersaberpolitica.com.br\\\/2016\\\/wp-content\\\/uploads\\\/2013\\\/11\\\/IMG_1173-300x200.jpg\",\"contentUrl\":\"http:\\\/\\\/www.quersaberpolitica.com.br\\\/2016\\\/wp-content\\\/uploads\\\/2013\\\/11\\\/IMG_1173-300x200.jpg\"},{\"@type\":\"BreadcrumbList\",\"@id\":\"https:\\\/\\\/blogdofarnesio.com.br\\\/?p=65471#breadcrumb\",\"itemListElement\":[{\"@type\":\"ListItem\",\"position\":1,\"name\":\"In\u00edcio\",\"item\":\"https:\\\/\\\/blogdofarnesio.com.br\\\/\"},{\"@type\":\"ListItem\",\"position\":2,\"name\":\"POPULA\u00c7\u00c3O DE JUAZEIRO COMPARECEU AO MUTIR\u00c3O JUR\u00cdDICO DA UNEB\"}]},{\"@type\":\"WebSite\",\"@id\":\"https:\\\/\\\/blogdofarnesio.com.br\\\/#website\",\"url\":\"https:\\\/\\\/blogdofarnesio.com.br\\\/\",\"name\":\"Blog do Farn\u00e9sio\",\"description\":\"Quer Saber Pol\u00edtica?\",\"publisher\":{\"@id\":\"https:\\\/\\\/blogdofarnesio.com.br\\\/#organization\"},\"potentialAction\":[{\"@type\":\"SearchAction\",\"target\":{\"@type\":\"EntryPoint\",\"urlTemplate\":\"https:\\\/\\\/blogdofarnesio.com.br\\\/?s={search_term_string}\"},\"query-input\":{\"@type\":\"PropertyValueSpecification\",\"valueRequired\":true,\"valueName\":\"search_term_string\"}}],\"inLanguage\":\"pt-BR\"},{\"@type\":\"Organization\",\"@id\":\"https:\\\/\\\/blogdofarnesio.com.br\\\/#organization\",\"name\":\"Blog do Farn\u00e9sio\",\"url\":\"https:\\\/\\\/blogdofarnesio.com.br\\\/\",\"logo\":{\"@type\":\"ImageObject\",\"inLanguage\":\"pt-BR\",\"@id\":\"https:\\\/\\\/blogdofarnesio.com.br\\\/#\\\/schema\\\/logo\\\/image\\\/\",\"url\":\"https:\\\/\\\/blogdofarnesio.com.br\\\/wp-content\\\/uploads\\\/2026\\\/03\\\/cropped-logo_new-1.png\",\"contentUrl\":\"https:\\\/\\\/blogdofarnesio.com.br\\\/wp-content\\\/uploads\\\/2026\\\/03\\\/cropped-logo_new-1.png\",\"width\":881,\"height\":685,\"caption\":\"Blog do Farn\u00e9sio\"},\"image\":{\"@id\":\"https:\\\/\\\/blogdofarnesio.com.br\\\/#\\\/schema\\\/logo\\\/image\\\/\"},\"sameAs\":[\"https:\\\/\\\/www.facebook.com\\\/BlogQuerSaberPolitica\\\/\"]},{\"@type\":\"Person\",\"@id\":\"https:\\\/\\\/blogdofarnesio.com.br\\\/#\\\/schema\\\/person\\\/dd1bf5eba40b687199ba45ca6b97dff9\",\"name\":\"teste\",\"image\":{\"@type\":\"ImageObject\",\"inLanguage\":\"pt-BR\",\"@id\":\"https:\\\/\\\/secure.gravatar.com\\\/avatar\\\/2172498d4914b51e1d89a0f97957b035ac4938723a5cac208135d389b6972a6d?s=96&d=mm&r=g\",\"url\":\"https:\\\/\\\/secure.gravatar.com\\\/avatar\\\/2172498d4914b51e1d89a0f97957b035ac4938723a5cac208135d389b6972a6d?s=96&d=mm&r=g\",\"contentUrl\":\"https:\\\/\\\/secure.gravatar.com\\\/avatar\\\/2172498d4914b51e1d89a0f97957b035ac4938723a5cac208135d389b6972a6d?s=96&d=mm&r=g\",\"caption\":\"teste\"},\"url\":\"https:\\\/\\\/blogdofarnesio.com.br\\\/?author=3\"}]}<\/script>\n<!-- \/ Yoast SEO plugin. -->","yoast_head_json":{"title":"POPULA\u00c7\u00c3O DE JUAZEIRO COMPARECEU AO MUTIR\u00c3O JUR\u00cdDICO DA UNEB  - Blog do Farn\u00e9sio","robots":{"index":"index","follow":"follow","max-snippet":"max-snippet:-1","max-image-preview":"max-image-preview:large","max-video-preview":"max-video-preview:-1"},"canonical":"https:\/\/blogdofarnesio.com.br\/?p=65471","og_locale":"pt_BR","og_type":"article","og_title":"POPULA\u00c7\u00c3O DE JUAZEIRO COMPARECEU AO MUTIR\u00c3O JUR\u00cdDICO DA UNEB  - Blog do Farn\u00e9sio","og_description":"Orienta\u00e7\u00f5es sobre reconhecimento de paternidade, div\u00f3rcio, aposentadoria, pens\u00e3o aliment\u00edcia foram alguns dos direcionamentos dados por alunos e professores do curso de Direito \u00e0 comunidade local no Mutir\u00e3o Jur\u00eddico, que aconteceu na \u00faltima quinta-feira, na Pra\u00e7a Imaculada Concei\u00e7\u00e3o, em Juazeiro (BA). A atividade integrou a programa\u00e7\u00e3o da Semana Comemorativa dos 15 anos do curso de Direito, realizada pelo Colegiado do Curso do Departamento de Tecnologia e Ci\u00eancias Sociais (DTCS) da Universidade do Estado da Bahia (UNEB). O Mutir\u00e3o reuniu vinte seis alunos e tr\u00eas professores que prestaram assist\u00eancia jur\u00eddica. As pessoas puderam esclarecer d\u00favidas sobre conflitos relacionados a \u00f3rg\u00e3os de administra\u00e7\u00e3o p\u00fablica, direitos do cidad\u00e3o em um determinado processo, al\u00e9m de se informar sobre documentos necess\u00e1rios para que seja dada entrada&hellip;","og_url":"https:\/\/blogdofarnesio.com.br\/?p=65471","og_site_name":"Blog do Farn\u00e9sio","article_publisher":"https:\/\/www.facebook.com\/BlogQuerSaberPolitica\/","article_published_time":"2013-12-01T10:00:29+00:00","og_image":[{"url":"http:\/\/www.quersaberpolitica.com.br\/2016\/wp-content\/uploads\/2013\/11\/IMG_1173-300x200.jpg","type":"","width":"","height":""}],"author":"teste","twitter_card":"summary_large_image","twitter_misc":{"Escrito por":"teste","Est. tempo de leitura":"2 minutos"},"schema":{"@context":"https:\/\/schema.org","@graph":[{"@type":"Article","@id":"https:\/\/blogdofarnesio.com.br\/?p=65471#article","isPartOf":{"@id":"https:\/\/blogdofarnesio.com.br\/?p=65471"},"author":{"name":"teste","@id":"https:\/\/blogdofarnesio.com.br\/#\/schema\/person\/dd1bf5eba40b687199ba45ca6b97dff9"},"headline":"POPULA\u00c7\u00c3O DE JUAZEIRO COMPARECEU AO MUTIR\u00c3O JUR\u00cdDICO DA UNEB","datePublished":"2013-12-01T10:00:29+00:00","mainEntityOfPage":{"@id":"https:\/\/blogdofarnesio.com.br\/?p=65471"},"wordCount":338,"commentCount":0,"publisher":{"@id":"https:\/\/blogdofarnesio.com.br\/#organization"},"image":{"@id":"https:\/\/blogdofarnesio.com.br\/?p=65471#primaryimage"},"thumbnailUrl":"http:\/\/www.quersaberpolitica.com.br\/2016\/wp-content\/uploads\/2013\/11\/IMG_1173-300x200.jpg","articleSection":["A\u00e7\u00e3o Social"],"inLanguage":"pt-BR","potentialAction":[{"@type":"CommentAction","name":"Comment","target":["https:\/\/blogdofarnesio.com.br\/?p=65471#respond"]}]},{"@type":"WebPage","@id":"https:\/\/blogdofarnesio.com.br\/?p=65471","url":"https:\/\/blogdofarnesio.com.br\/?p=65471","name":"POPULA\u00c7\u00c3O DE JUAZEIRO COMPARECEU AO MUTIR\u00c3O JUR\u00cdDICO DA UNEB - Blog do Farn\u00e9sio","isPartOf":{"@id":"https:\/\/blogdofarnesio.com.br\/#website"},"primaryImageOfPage":{"@id":"https:\/\/blogdofarnesio.com.br\/?p=65471#primaryimage"},"image":{"@id":"https:\/\/blogdofarnesio.com.br\/?p=65471#primaryimage"},"thumbnailUrl":"http:\/\/www.quersaberpolitica.com.br\/2016\/wp-content\/uploads\/2013\/11\/IMG_1173-300x200.jpg","datePublished":"2013-12-01T10:00:29+00:00","breadcrumb":{"@id":"https:\/\/blogdofarnesio.com.br\/?p=65471#breadcrumb"},"inLanguage":"pt-BR","potentialAction":[{"@type":"ReadAction","target":["https:\/\/blogdofarnesio.com.br\/?p=65471"]}]},{"@type":"ImageObject","inLanguage":"pt-BR","@id":"https:\/\/blogdofarnesio.com.br\/?p=65471#primaryimage","url":"http:\/\/www.quersaberpolitica.com.br\/2016\/wp-content\/uploads\/2013\/11\/IMG_1173-300x200.jpg","contentUrl":"http:\/\/www.quersaberpolitica.com.br\/2016\/wp-content\/uploads\/2013\/11\/IMG_1173-300x200.jpg"},{"@type":"BreadcrumbList","@id":"https:\/\/blogdofarnesio.com.br\/?p=65471#breadcrumb","itemListElement":[{"@type":"ListItem","position":1,"name":"In\u00edcio","item":"https:\/\/blogdofarnesio.com.br\/"},{"@type":"ListItem","position":2,"name":"POPULA\u00c7\u00c3O DE JUAZEIRO COMPARECEU AO MUTIR\u00c3O JUR\u00cdDICO DA UNEB"}]},{"@type":"WebSite","@id":"https:\/\/blogdofarnesio.com.br\/#website","url":"https:\/\/blogdofarnesio.com.br\/","name":"Blog do Farn\u00e9sio","description":"Quer Saber Pol\u00edtica?","publisher":{"@id":"https:\/\/blogdofarnesio.com.br\/#organization"},"potentialAction":[{"@type":"SearchAction","target":{"@type":"EntryPoint","urlTemplate":"https:\/\/blogdofarnesio.com.br\/?s={search_term_string}"},"query-input":{"@type":"PropertyValueSpecification","valueRequired":true,"valueName":"search_term_string"}}],"inLanguage":"pt-BR"},{"@type":"Organization","@id":"https:\/\/blogdofarnesio.com.br\/#organization","name":"Blog do Farn\u00e9sio","url":"https:\/\/blogdofarnesio.com.br\/","logo":{"@type":"ImageObject","inLanguage":"pt-BR","@id":"https:\/\/blogdofarnesio.com.br\/#\/schema\/logo\/image\/","url":"https:\/\/blogdofarnesio.com.br\/wp-content\/uploads\/2026\/03\/cropped-logo_new-1.png","contentUrl":"https:\/\/blogdofarnesio.com.br\/wp-content\/uploads\/2026\/03\/cropped-logo_new-1.png","width":881,"height":685,"caption":"Blog do Farn\u00e9sio"},"image":{"@id":"https:\/\/blogdofarnesio.com.br\/#\/schema\/logo\/image\/"},"sameAs":["https:\/\/www.facebook.com\/BlogQuerSaberPolitica\/"]},{"@type":"Person","@id":"https:\/\/blogdofarnesio.com.br\/#\/schema\/person\/dd1bf5eba40b687199ba45ca6b97dff9","name":"teste","image":{"@type":"ImageObject","inLanguage":"pt-BR","@id":"https:\/\/secure.gravatar.com\/avatar\/2172498d4914b51e1d89a0f97957b035ac4938723a5cac208135d389b6972a6d?s=96&d=mm&r=g","url":"https:\/\/secure.gravatar.com\/avatar\/2172498d4914b51e1d89a0f97957b035ac4938723a5cac208135d389b6972a6d?s=96&d=mm&r=g","contentUrl":"https:\/\/secure.gravatar.com\/avatar\/2172498d4914b51e1d89a0f97957b035ac4938723a5cac208135d389b6972a6d?s=96&d=mm&r=g","caption":"teste"},"url":"https:\/\/blogdofarnesio.com.br\/?author=3"}]}},"_links":{"self":[{"href":"https:\/\/blogdofarnesio.com.br\/index.php?rest_route=\/wp\/v2\/posts\/65471","targetHints":{"allow":["GET"]}}],"collection":[{"href":"https:\/\/blogdofarnesio.com.br\/index.php?rest_route=\/wp\/v2\/posts"}],"about":[{"href":"https:\/\/blogdofarnesio.com.br\/index.php?rest_route=\/wp\/v2\/types\/post"}],"author":[{"embeddable":true,"href":"https:\/\/blogdofarnesio.com.br\/index.php?rest_route=\/wp\/v2\/users\/3"}],"replies":[{"embeddable":true,"href":"https:\/\/blogdofarnesio.com.br\/index.php?rest_route=%2Fwp%2Fv2%2Fcomments&post=65471"}],"version-history":[{"count":0,"href":"https:\/\/blogdofarnesio.com.br\/index.php?rest_route=\/wp\/v2\/posts\/65471\/revisions"}],"wp:attachment":[{"href":"https:\/\/blogdofarnesio.com.br\/index.php?rest_route=%2Fwp%2Fv2%2Fmedia&parent=65471"}],"wp:term":[{"taxonomy":"category","embeddable":true,"href":"https:\/\/blogdofarnesio.com.br\/index.php?rest_route=%2Fwp%2Fv2%2Fcategories&post=65471"},{"taxonomy":"post_tag","embeddable":true,"href":"https:\/\/blogdofarnesio.com.br\/index.php?rest_route=%2Fwp%2Fv2%2Ftags&post=65471"}],"curies":[{"name":"wp","href":"https:\/\/api.w.org\/{rel}","templated":true}]}}