{"id":65320,"date":"2013-11-28T19:03:16","date_gmt":"2013-11-28T22:03:16","guid":{"rendered":"http:\/\/www.quersaberpolitica.com.br\/?p=65320"},"modified":"2013-11-28T18:37:06","modified_gmt":"2013-11-28T21:37:06","slug":"helicoptero-do-po-voava-movido-a-dinheiro-publico","status":"publish","type":"post","link":"https:\/\/blogdofarnesio.com.br\/?p=65320","title":{"rendered":"HELIC\u00d3PTERO DO P\u00d3 VOAVA MOVIDO A DINHEIRO P\u00daBLICO"},"content":{"rendered":"<div style=\"text-align: justify\"><img loading=\"lazy\" decoding=\"async\" class=\"aligncenter\" title=\"Edi\u00e7\u00e3o\/247 Fotos: Folhapress | Reprodu\u00e7\u00e3o\" alt=\": \" src=\"http:\/\/www.brasil247.com\/images\/cache\/1000x357\/crop\/images%7Ccms-image-000345626.jpg\" width=\"480\" height=\"171\" \/><strong>247 \u2013<\/strong>\u00a0Tornou-se ainda mais grotesto o caso da apreens\u00e3o, com 450 quilos de coca\u00edna, nesta semana, do helic\u00f3ptero de propriedade da empresa agropecu\u00e1ria dos filhos do senador Zez\u00e9 Perrela (PDT-MG) &#8211; o deputado estadual Gustavo Perrella (Solidariedade) e sua irm\u00e3 Carolina Perrella, al\u00e9m do primo Andr\u00e9 Almeida Costa.<\/p>\n<\/div>\n<div style=\"text-align: justify\">\n<section>Descobriu-se que o chamado helic\u00f3ptero do p\u00f3 voava \u00e0 base de combust\u00edvel pago com o dinheiro p\u00fablico dos contribuintes mineiros. O piloto Rog\u00e9rio Almeida, preso em flagrante com a impressionante carga da droga, tamb\u00e9m recebia R$ 1,7 mil da Assembleia, na qualidade de assessor do deputado Perrelllinha.<\/p>\n<p>Nada menos que R$ 14 mil foram gastos, entre janeiro e outubro deste ano, pela Assembleia mineira com o combust\u00edvel para o helic\u00f3ptero do p\u00f3. Com esse dinheiro \u00e9 poss\u00edvel comprar nada menos que 2,8 mil litros de querosene, o suficiente para voar 6,5 mil quil\u00f4metros. Perrelinha confirmou que usava a verba indenizat\u00f3ria dada pela Assembleia para encher o tanque do aparelho, usado, sendo registrou em nota, para miss\u00f5es pol\u00edticas.<\/p>\n<p>Ser\u00e1 mesmo? Agentes da Pol\u00edcia Federal suspeitam, em raz\u00e3o da express\u00e3o da quantidade de coca\u00edna apreendida, que a viagem encerrada na segunda-feira 25, no Esp\u00edrito Santo, pode n\u00e3o ter sido o \u00fanico voo do helic\u00f3ptero com p\u00f3. Justificam, nos bastidores da opera\u00e7\u00e3o, que traficantes dificilmente transportam tanta droga \u2013 repita-se, quase meia tonelada \u2013 num esquema principiante.<!--more--><\/p>\n<p>Normalmente, longas viagens com droga s\u00e3o feitas, inicialmente, em quantidades menores, at\u00e9 que se assegure a efici\u00eancia dos meios utilizados.<\/p>\n<p>Em rela\u00e7\u00e3o a essas outras viagens, Perrelinha afirmou que eram todas para compromissos profissionais. \u00c9 o que se vai apurar. Na ter\u00e7a-feira 26, um dia ap\u00f3s a opera\u00e7\u00e3o da PF, o piloto Rog\u00e9rio Almeida foi exonerado do gabinete de Perrelinha. Tratava-se de um funcion\u00e1rio de confian\u00e7a, que est\u00e1 sendo ouvido pelos agentes federais. Ele sabe muito sobre a rotina dos voos de Perrelinha.<br \/>\nEx-presidente do Cruzeiro, o senador Zez\u00e9 Perrela ainda n\u00e3o se pronuciou sobre o caso.<\/p>\n<p>A repercuss\u00e3o do caso levou a Assembleia Legislativa de Minas Gerais a proibir, a partir de agora, o uso da verbas indenizat\u00f3ria para colocar combust\u00edveis em ve\u00edculos de parlamentares.<\/p>\n<\/section>\n<\/div>\n","protected":false},"excerpt":{"rendered":"<p>247 \u2013\u00a0Tornou-se ainda mais grotesto o caso da apreens\u00e3o, com 450 quilos de coca\u00edna, nesta semana, do helic\u00f3ptero de propriedade da empresa agropecu\u00e1ria dos filhos do senador Zez\u00e9 Perrela (PDT-MG) &#8211; o deputado estadual Gustavo Perrella (Solidariedade) e sua irm\u00e3 Carolina Perrella, al\u00e9m do primo Andr\u00e9 Almeida Costa. Descobriu-se que o chamado helic\u00f3ptero do p\u00f3 voava \u00e0 base de combust\u00edvel pago com o dinheiro p\u00fablico dos contribuintes mineiros. O piloto Rog\u00e9rio Almeida, preso em flagrante com a impressionante carga da droga, tamb\u00e9m recebia R$ 1,7 mil da Assembleia, na qualidade de assessor do deputado Perrelllinha. Nada menos que R$ 14 mil foram gastos, entre janeiro e outubro deste ano, pela Assembleia mineira com o combust\u00edvel para o helic\u00f3ptero do p\u00f3.&hellip; <\/p>\n","protected":false},"author":3,"featured_media":0,"comment_status":"open","ping_status":"open","sticky":false,"template":"","format":"standard","meta":{"_acf_changed":false,"footnotes":""},"categories":[9,1],"tags":[],"class_list":["post-65320","post","type-post","status-publish","format-standard","hentry","category-policia","category-politica"],"acf":[],"yoast_head":"<!-- This site is optimized with the Yoast SEO plugin v27.4 - https:\/\/yoast.com\/product\/yoast-seo-wordpress\/ -->\n<title>HELIC\u00d3PTERO DO P\u00d3 VOAVA MOVIDO A DINHEIRO P\u00daBLICO - Blog do Farn\u00e9sio<\/title>\n<meta name=\"robots\" content=\"index, follow, max-snippet:-1, max-image-preview:large, max-video-preview:-1\" \/>\n<link rel=\"canonical\" href=\"https:\/\/blogdofarnesio.com.br\/?p=65320\" \/>\n<meta property=\"og:locale\" content=\"pt_BR\" \/>\n<meta property=\"og:type\" content=\"article\" \/>\n<meta property=\"og:title\" content=\"HELIC\u00d3PTERO DO P\u00d3 VOAVA MOVIDO A DINHEIRO P\u00daBLICO - Blog do Farn\u00e9sio\" \/>\n<meta property=\"og:description\" content=\"247 \u2013\u00a0Tornou-se ainda mais grotesto o caso da apreens\u00e3o, com 450 quilos de coca\u00edna, nesta semana, do helic\u00f3ptero de propriedade da empresa agropecu\u00e1ria dos filhos do senador Zez\u00e9 Perrela (PDT-MG) &#8211; o deputado estadual Gustavo Perrella (Solidariedade) e sua irm\u00e3 Carolina Perrella, al\u00e9m do primo Andr\u00e9 Almeida Costa. Descobriu-se que o chamado helic\u00f3ptero do p\u00f3 voava \u00e0 base de combust\u00edvel pago com o dinheiro p\u00fablico dos contribuintes mineiros. O piloto Rog\u00e9rio Almeida, preso em flagrante com a impressionante carga da droga, tamb\u00e9m recebia R$ 1,7 mil da Assembleia, na qualidade de assessor do deputado Perrelllinha. Nada menos que R$ 14 mil foram gastos, entre janeiro e outubro deste ano, pela Assembleia mineira com o combust\u00edvel para o helic\u00f3ptero do p\u00f3.&hellip;\" \/>\n<meta property=\"og:url\" content=\"https:\/\/blogdofarnesio.com.br\/?p=65320\" \/>\n<meta property=\"og:site_name\" content=\"Blog do Farn\u00e9sio\" \/>\n<meta property=\"article:publisher\" content=\"https:\/\/www.facebook.com\/BlogQuerSaberPolitica\/\" \/>\n<meta property=\"article:published_time\" content=\"2013-11-28T22:03:16+00:00\" \/>\n<meta property=\"og:image\" content=\"http:\/\/www.brasil247.com\/images\/cache\/1000x357\/crop\/images%7Ccms-image-000345626.jpg\" \/>\n<meta name=\"author\" content=\"teste\" \/>\n<meta name=\"twitter:card\" content=\"summary_large_image\" \/>\n<meta name=\"twitter:label1\" content=\"Escrito por\" \/>\n\t<meta name=\"twitter:data1\" content=\"teste\" \/>\n\t<meta name=\"twitter:label2\" content=\"Est. tempo de leitura\" \/>\n\t<meta name=\"twitter:data2\" content=\"2 minutos\" \/>\n<script type=\"application\/ld+json\" class=\"yoast-schema-graph\">{\"@context\":\"https:\\\/\\\/schema.org\",\"@graph\":[{\"@type\":\"Article\",\"@id\":\"https:\\\/\\\/blogdofarnesio.com.br\\\/?p=65320#article\",\"isPartOf\":{\"@id\":\"https:\\\/\\\/blogdofarnesio.com.br\\\/?p=65320\"},\"author\":{\"name\":\"teste\",\"@id\":\"https:\\\/\\\/blogdofarnesio.com.br\\\/#\\\/schema\\\/person\\\/dd1bf5eba40b687199ba45ca6b97dff9\"},\"headline\":\"HELIC\u00d3PTERO DO P\u00d3 VOAVA MOVIDO A DINHEIRO P\u00daBLICO\",\"datePublished\":\"2013-11-28T22:03:16+00:00\",\"mainEntityOfPage\":{\"@id\":\"https:\\\/\\\/blogdofarnesio.com.br\\\/?p=65320\"},\"wordCount\":384,\"commentCount\":0,\"publisher\":{\"@id\":\"https:\\\/\\\/blogdofarnesio.com.br\\\/#organization\"},\"image\":{\"@id\":\"https:\\\/\\\/blogdofarnesio.com.br\\\/?p=65320#primaryimage\"},\"thumbnailUrl\":\"http:\\\/\\\/www.brasil247.com\\\/images\\\/cache\\\/1000x357\\\/crop\\\/images%7Ccms-image-000345626.jpg\",\"articleSection\":[\"Pol\u00edcia\",\"Pol\u00edtica\"],\"inLanguage\":\"pt-BR\",\"potentialAction\":[{\"@type\":\"CommentAction\",\"name\":\"Comment\",\"target\":[\"https:\\\/\\\/blogdofarnesio.com.br\\\/?p=65320#respond\"]}]},{\"@type\":\"WebPage\",\"@id\":\"https:\\\/\\\/blogdofarnesio.com.br\\\/?p=65320\",\"url\":\"https:\\\/\\\/blogdofarnesio.com.br\\\/?p=65320\",\"name\":\"HELIC\u00d3PTERO DO P\u00d3 VOAVA MOVIDO A DINHEIRO P\u00daBLICO - Blog do Farn\u00e9sio\",\"isPartOf\":{\"@id\":\"https:\\\/\\\/blogdofarnesio.com.br\\\/#website\"},\"primaryImageOfPage\":{\"@id\":\"https:\\\/\\\/blogdofarnesio.com.br\\\/?p=65320#primaryimage\"},\"image\":{\"@id\":\"https:\\\/\\\/blogdofarnesio.com.br\\\/?p=65320#primaryimage\"},\"thumbnailUrl\":\"http:\\\/\\\/www.brasil247.com\\\/images\\\/cache\\\/1000x357\\\/crop\\\/images%7Ccms-image-000345626.jpg\",\"datePublished\":\"2013-11-28T22:03:16+00:00\",\"breadcrumb\":{\"@id\":\"https:\\\/\\\/blogdofarnesio.com.br\\\/?p=65320#breadcrumb\"},\"inLanguage\":\"pt-BR\",\"potentialAction\":[{\"@type\":\"ReadAction\",\"target\":[\"https:\\\/\\\/blogdofarnesio.com.br\\\/?p=65320\"]}]},{\"@type\":\"ImageObject\",\"inLanguage\":\"pt-BR\",\"@id\":\"https:\\\/\\\/blogdofarnesio.com.br\\\/?p=65320#primaryimage\",\"url\":\"http:\\\/\\\/www.brasil247.com\\\/images\\\/cache\\\/1000x357\\\/crop\\\/images%7Ccms-image-000345626.jpg\",\"contentUrl\":\"http:\\\/\\\/www.brasil247.com\\\/images\\\/cache\\\/1000x357\\\/crop\\\/images%7Ccms-image-000345626.jpg\"},{\"@type\":\"BreadcrumbList\",\"@id\":\"https:\\\/\\\/blogdofarnesio.com.br\\\/?p=65320#breadcrumb\",\"itemListElement\":[{\"@type\":\"ListItem\",\"position\":1,\"name\":\"In\u00edcio\",\"item\":\"https:\\\/\\\/blogdofarnesio.com.br\\\/\"},{\"@type\":\"ListItem\",\"position\":2,\"name\":\"HELIC\u00d3PTERO DO P\u00d3 VOAVA MOVIDO A DINHEIRO P\u00daBLICO\"}]},{\"@type\":\"WebSite\",\"@id\":\"https:\\\/\\\/blogdofarnesio.com.br\\\/#website\",\"url\":\"https:\\\/\\\/blogdofarnesio.com.br\\\/\",\"name\":\"Blog do Farn\u00e9sio\",\"description\":\"Quer Saber Pol\u00edtica?\",\"publisher\":{\"@id\":\"https:\\\/\\\/blogdofarnesio.com.br\\\/#organization\"},\"potentialAction\":[{\"@type\":\"SearchAction\",\"target\":{\"@type\":\"EntryPoint\",\"urlTemplate\":\"https:\\\/\\\/blogdofarnesio.com.br\\\/?s={search_term_string}\"},\"query-input\":{\"@type\":\"PropertyValueSpecification\",\"valueRequired\":true,\"valueName\":\"search_term_string\"}}],\"inLanguage\":\"pt-BR\"},{\"@type\":\"Organization\",\"@id\":\"https:\\\/\\\/blogdofarnesio.com.br\\\/#organization\",\"name\":\"Blog do Farn\u00e9sio\",\"url\":\"https:\\\/\\\/blogdofarnesio.com.br\\\/\",\"logo\":{\"@type\":\"ImageObject\",\"inLanguage\":\"pt-BR\",\"@id\":\"https:\\\/\\\/blogdofarnesio.com.br\\\/#\\\/schema\\\/logo\\\/image\\\/\",\"url\":\"https:\\\/\\\/blogdofarnesio.com.br\\\/wp-content\\\/uploads\\\/2026\\\/03\\\/cropped-logo_new-1.png\",\"contentUrl\":\"https:\\\/\\\/blogdofarnesio.com.br\\\/wp-content\\\/uploads\\\/2026\\\/03\\\/cropped-logo_new-1.png\",\"width\":881,\"height\":685,\"caption\":\"Blog do Farn\u00e9sio\"},\"image\":{\"@id\":\"https:\\\/\\\/blogdofarnesio.com.br\\\/#\\\/schema\\\/logo\\\/image\\\/\"},\"sameAs\":[\"https:\\\/\\\/www.facebook.com\\\/BlogQuerSaberPolitica\\\/\"]},{\"@type\":\"Person\",\"@id\":\"https:\\\/\\\/blogdofarnesio.com.br\\\/#\\\/schema\\\/person\\\/dd1bf5eba40b687199ba45ca6b97dff9\",\"name\":\"teste\",\"image\":{\"@type\":\"ImageObject\",\"inLanguage\":\"pt-BR\",\"@id\":\"https:\\\/\\\/secure.gravatar.com\\\/avatar\\\/2172498d4914b51e1d89a0f97957b035ac4938723a5cac208135d389b6972a6d?s=96&d=mm&r=g\",\"url\":\"https:\\\/\\\/secure.gravatar.com\\\/avatar\\\/2172498d4914b51e1d89a0f97957b035ac4938723a5cac208135d389b6972a6d?s=96&d=mm&r=g\",\"contentUrl\":\"https:\\\/\\\/secure.gravatar.com\\\/avatar\\\/2172498d4914b51e1d89a0f97957b035ac4938723a5cac208135d389b6972a6d?s=96&d=mm&r=g\",\"caption\":\"teste\"},\"url\":\"https:\\\/\\\/blogdofarnesio.com.br\\\/?author=3\"}]}<\/script>\n<!-- \/ Yoast SEO plugin. -->","yoast_head_json":{"title":"HELIC\u00d3PTERO DO P\u00d3 VOAVA MOVIDO A DINHEIRO P\u00daBLICO - Blog do Farn\u00e9sio","robots":{"index":"index","follow":"follow","max-snippet":"max-snippet:-1","max-image-preview":"max-image-preview:large","max-video-preview":"max-video-preview:-1"},"canonical":"https:\/\/blogdofarnesio.com.br\/?p=65320","og_locale":"pt_BR","og_type":"article","og_title":"HELIC\u00d3PTERO DO P\u00d3 VOAVA MOVIDO A DINHEIRO P\u00daBLICO - Blog do Farn\u00e9sio","og_description":"247 \u2013\u00a0Tornou-se ainda mais grotesto o caso da apreens\u00e3o, com 450 quilos de coca\u00edna, nesta semana, do helic\u00f3ptero de propriedade da empresa agropecu\u00e1ria dos filhos do senador Zez\u00e9 Perrela (PDT-MG) &#8211; o deputado estadual Gustavo Perrella (Solidariedade) e sua irm\u00e3 Carolina Perrella, al\u00e9m do primo Andr\u00e9 Almeida Costa. Descobriu-se que o chamado helic\u00f3ptero do p\u00f3 voava \u00e0 base de combust\u00edvel pago com o dinheiro p\u00fablico dos contribuintes mineiros. O piloto Rog\u00e9rio Almeida, preso em flagrante com a impressionante carga da droga, tamb\u00e9m recebia R$ 1,7 mil da Assembleia, na qualidade de assessor do deputado Perrelllinha. Nada menos que R$ 14 mil foram gastos, entre janeiro e outubro deste ano, pela Assembleia mineira com o combust\u00edvel para o helic\u00f3ptero do p\u00f3.&hellip;","og_url":"https:\/\/blogdofarnesio.com.br\/?p=65320","og_site_name":"Blog do Farn\u00e9sio","article_publisher":"https:\/\/www.facebook.com\/BlogQuerSaberPolitica\/","article_published_time":"2013-11-28T22:03:16+00:00","og_image":[{"url":"http:\/\/www.brasil247.com\/images\/cache\/1000x357\/crop\/images%7Ccms-image-000345626.jpg","type":"","width":"","height":""}],"author":"teste","twitter_card":"summary_large_image","twitter_misc":{"Escrito por":"teste","Est. tempo de leitura":"2 minutos"},"schema":{"@context":"https:\/\/schema.org","@graph":[{"@type":"Article","@id":"https:\/\/blogdofarnesio.com.br\/?p=65320#article","isPartOf":{"@id":"https:\/\/blogdofarnesio.com.br\/?p=65320"},"author":{"name":"teste","@id":"https:\/\/blogdofarnesio.com.br\/#\/schema\/person\/dd1bf5eba40b687199ba45ca6b97dff9"},"headline":"HELIC\u00d3PTERO DO P\u00d3 VOAVA MOVIDO A DINHEIRO P\u00daBLICO","datePublished":"2013-11-28T22:03:16+00:00","mainEntityOfPage":{"@id":"https:\/\/blogdofarnesio.com.br\/?p=65320"},"wordCount":384,"commentCount":0,"publisher":{"@id":"https:\/\/blogdofarnesio.com.br\/#organization"},"image":{"@id":"https:\/\/blogdofarnesio.com.br\/?p=65320#primaryimage"},"thumbnailUrl":"http:\/\/www.brasil247.com\/images\/cache\/1000x357\/crop\/images%7Ccms-image-000345626.jpg","articleSection":["Pol\u00edcia","Pol\u00edtica"],"inLanguage":"pt-BR","potentialAction":[{"@type":"CommentAction","name":"Comment","target":["https:\/\/blogdofarnesio.com.br\/?p=65320#respond"]}]},{"@type":"WebPage","@id":"https:\/\/blogdofarnesio.com.br\/?p=65320","url":"https:\/\/blogdofarnesio.com.br\/?p=65320","name":"HELIC\u00d3PTERO DO P\u00d3 VOAVA MOVIDO A DINHEIRO P\u00daBLICO - Blog do Farn\u00e9sio","isPartOf":{"@id":"https:\/\/blogdofarnesio.com.br\/#website"},"primaryImageOfPage":{"@id":"https:\/\/blogdofarnesio.com.br\/?p=65320#primaryimage"},"image":{"@id":"https:\/\/blogdofarnesio.com.br\/?p=65320#primaryimage"},"thumbnailUrl":"http:\/\/www.brasil247.com\/images\/cache\/1000x357\/crop\/images%7Ccms-image-000345626.jpg","datePublished":"2013-11-28T22:03:16+00:00","breadcrumb":{"@id":"https:\/\/blogdofarnesio.com.br\/?p=65320#breadcrumb"},"inLanguage":"pt-BR","potentialAction":[{"@type":"ReadAction","target":["https:\/\/blogdofarnesio.com.br\/?p=65320"]}]},{"@type":"ImageObject","inLanguage":"pt-BR","@id":"https:\/\/blogdofarnesio.com.br\/?p=65320#primaryimage","url":"http:\/\/www.brasil247.com\/images\/cache\/1000x357\/crop\/images%7Ccms-image-000345626.jpg","contentUrl":"http:\/\/www.brasil247.com\/images\/cache\/1000x357\/crop\/images%7Ccms-image-000345626.jpg"},{"@type":"BreadcrumbList","@id":"https:\/\/blogdofarnesio.com.br\/?p=65320#breadcrumb","itemListElement":[{"@type":"ListItem","position":1,"name":"In\u00edcio","item":"https:\/\/blogdofarnesio.com.br\/"},{"@type":"ListItem","position":2,"name":"HELIC\u00d3PTERO DO P\u00d3 VOAVA MOVIDO A DINHEIRO P\u00daBLICO"}]},{"@type":"WebSite","@id":"https:\/\/blogdofarnesio.com.br\/#website","url":"https:\/\/blogdofarnesio.com.br\/","name":"Blog do Farn\u00e9sio","description":"Quer Saber Pol\u00edtica?","publisher":{"@id":"https:\/\/blogdofarnesio.com.br\/#organization"},"potentialAction":[{"@type":"SearchAction","target":{"@type":"EntryPoint","urlTemplate":"https:\/\/blogdofarnesio.com.br\/?s={search_term_string}"},"query-input":{"@type":"PropertyValueSpecification","valueRequired":true,"valueName":"search_term_string"}}],"inLanguage":"pt-BR"},{"@type":"Organization","@id":"https:\/\/blogdofarnesio.com.br\/#organization","name":"Blog do Farn\u00e9sio","url":"https:\/\/blogdofarnesio.com.br\/","logo":{"@type":"ImageObject","inLanguage":"pt-BR","@id":"https:\/\/blogdofarnesio.com.br\/#\/schema\/logo\/image\/","url":"https:\/\/blogdofarnesio.com.br\/wp-content\/uploads\/2026\/03\/cropped-logo_new-1.png","contentUrl":"https:\/\/blogdofarnesio.com.br\/wp-content\/uploads\/2026\/03\/cropped-logo_new-1.png","width":881,"height":685,"caption":"Blog do Farn\u00e9sio"},"image":{"@id":"https:\/\/blogdofarnesio.com.br\/#\/schema\/logo\/image\/"},"sameAs":["https:\/\/www.facebook.com\/BlogQuerSaberPolitica\/"]},{"@type":"Person","@id":"https:\/\/blogdofarnesio.com.br\/#\/schema\/person\/dd1bf5eba40b687199ba45ca6b97dff9","name":"teste","image":{"@type":"ImageObject","inLanguage":"pt-BR","@id":"https:\/\/secure.gravatar.com\/avatar\/2172498d4914b51e1d89a0f97957b035ac4938723a5cac208135d389b6972a6d?s=96&d=mm&r=g","url":"https:\/\/secure.gravatar.com\/avatar\/2172498d4914b51e1d89a0f97957b035ac4938723a5cac208135d389b6972a6d?s=96&d=mm&r=g","contentUrl":"https:\/\/secure.gravatar.com\/avatar\/2172498d4914b51e1d89a0f97957b035ac4938723a5cac208135d389b6972a6d?s=96&d=mm&r=g","caption":"teste"},"url":"https:\/\/blogdofarnesio.com.br\/?author=3"}]}},"_links":{"self":[{"href":"https:\/\/blogdofarnesio.com.br\/index.php?rest_route=\/wp\/v2\/posts\/65320","targetHints":{"allow":["GET"]}}],"collection":[{"href":"https:\/\/blogdofarnesio.com.br\/index.php?rest_route=\/wp\/v2\/posts"}],"about":[{"href":"https:\/\/blogdofarnesio.com.br\/index.php?rest_route=\/wp\/v2\/types\/post"}],"author":[{"embeddable":true,"href":"https:\/\/blogdofarnesio.com.br\/index.php?rest_route=\/wp\/v2\/users\/3"}],"replies":[{"embeddable":true,"href":"https:\/\/blogdofarnesio.com.br\/index.php?rest_route=%2Fwp%2Fv2%2Fcomments&post=65320"}],"version-history":[{"count":0,"href":"https:\/\/blogdofarnesio.com.br\/index.php?rest_route=\/wp\/v2\/posts\/65320\/revisions"}],"wp:attachment":[{"href":"https:\/\/blogdofarnesio.com.br\/index.php?rest_route=%2Fwp%2Fv2%2Fmedia&parent=65320"}],"wp:term":[{"taxonomy":"category","embeddable":true,"href":"https:\/\/blogdofarnesio.com.br\/index.php?rest_route=%2Fwp%2Fv2%2Fcategories&post=65320"},{"taxonomy":"post_tag","embeddable":true,"href":"https:\/\/blogdofarnesio.com.br\/index.php?rest_route=%2Fwp%2Fv2%2Ftags&post=65320"}],"curies":[{"name":"wp","href":"https:\/\/api.w.org\/{rel}","templated":true}]}}