{"id":65317,"date":"2013-11-28T17:31:53","date_gmt":"2013-11-28T20:31:53","guid":{"rendered":"http:\/\/www.quersaberpolitica.com.br\/?p=65317"},"modified":"2013-11-28T18:53:57","modified_gmt":"2013-11-28T21:53:57","slug":"apesar-de-muitas-rixas-interna-presidente-do-pt-diz-que-existe-espirito-de-unidade-na-legenda","status":"publish","type":"post","link":"https:\/\/blogdofarnesio.com.br\/?p=65317","title":{"rendered":"APESAR DE MUITAS RIXAS INTERNAS, PRESIDENTE DO PT DIZ QUE &#8220;EXISTE ESP\u00cdRITO DE UNIDADE&#8221; NA LEGENDA"},"content":{"rendered":"<p style=\"text-align: justify\"><a href=\"http:\/\/www.quersaberpolitica.com.br\/2016\/wp-content\/uploads\/2013\/06\/blogqspptjonas2.jpg\"><img loading=\"lazy\" decoding=\"async\" class=\"alignleft size-medium wp-image-44261\" title=\"Foto:Farn\u00e9sio Silva\" alt=\"blogqspptjonas2 Foto: Farn\u00e9sio Silva\" src=\"http:\/\/www.quersaberpolitica.com.br\/2016\/wp-content\/uploads\/2013\/06\/blogqspptjonas2-300x155.jpg\" width=\"300\" height=\"155\" srcset=\"https:\/\/blogdofarnesio.com.br\/wp-content\/uploads\/2013\/06\/blogqspptjonas2-300x155.jpg 300w, https:\/\/blogdofarnesio.com.br\/wp-content\/uploads\/2013\/06\/blogqspptjonas2.jpg 448w\" sizes=\"auto, (max-width: 300px) 100vw, 300px\" \/><\/a><strong>BN<\/strong>-Apesar das in\u00fameras rixas internas que precedem a escolha do candidato do PT ao governo da Bahia em 2014, o presidente da legenda no estado, Jonas Paulo, garante que \u201co clima \u00e9 de defini\u00e7\u00e3o com alto esp\u00edrito de unidade\u201d.<\/p>\n<p style=\"text-align: justify\">A afirma\u00e7\u00e3o foi feita na p\u00e1gina do Twitter do petista, na manh\u00e3 desta quinta-feira (28), poucas horas ap\u00f3s o\u00a0<a href=\"http:\/\/www.bahianoticias.com.br\/principal\/noticia\/147136-wagner-bate-martelo-sobre-escolhido-039-agora-e-rui-se-colocar-e-se-apresentar-039.html\" target=\"_blank\">governador Jaques Wagner ter anunciado que o seu \u201cescolhido\u201d \u00e9 o chefe da Casa Civil Rui Costa<\/a>. A b\u00ean\u00e7\u00e3o do gestor\u00a0<a href=\"http:\/\/www.bahianoticias.com.br\/principal\/noticia\/147139-gabrielli-alerta-para-risco-de-derrota-apos-wagner-anunciar-rui-costa.html\" target=\"_blank\">provocou r\u00e9plica do secret\u00e1rio de Planejamento e pr\u00e9-candidato Jos\u00e9 Sergio Gabrielli<\/a>. \u201cSe tentarmos apenas com a vontade do governador, sem mobilizar as bases, teremos risco de ser derrotados\u201d, avaliou o titular. Entre os dois outros pr\u00e9-pleiteantes, o ex-prefeito de Cama\u00e7ari Luiz Caetano e o senador Walter Pinheiro,<a href=\"http:\/\/www.bahianoticias.com.br\/principal\/noticia\/147062-caetano-critica-pinheiro-e-diz-estar-aberto-para-apoiar-outro-candidato-ao-governo.html\" target=\"_blank\">tamb\u00e9m houve rusgas p\u00fablicas<\/a>.<\/p>\n","protected":false},"excerpt":{"rendered":"<p>BN-Apesar das in\u00fameras rixas internas que precedem a escolha do candidato do PT ao governo da Bahia em 2014, o presidente da legenda no estado, Jonas Paulo, garante que \u201co clima \u00e9 de defini\u00e7\u00e3o com alto esp\u00edrito de unidade\u201d. A afirma\u00e7\u00e3o foi feita na p\u00e1gina do Twitter do petista, na manh\u00e3 desta quinta-feira (28), poucas horas ap\u00f3s o\u00a0governador Jaques Wagner ter anunciado que o seu \u201cescolhido\u201d \u00e9 o chefe da Casa Civil Rui Costa. A b\u00ean\u00e7\u00e3o do gestor\u00a0provocou r\u00e9plica do secret\u00e1rio de Planejamento e pr\u00e9-candidato Jos\u00e9 Sergio Gabrielli. \u201cSe tentarmos apenas com a vontade do governador, sem mobilizar as bases, teremos risco de ser derrotados\u201d, avaliou o titular. Entre os dois outros pr\u00e9-pleiteantes, o ex-prefeito de Cama\u00e7ari Luiz Caetano e&hellip; <\/p>\n","protected":false},"author":3,"featured_media":0,"comment_status":"open","ping_status":"open","sticky":false,"template":"","format":"standard","meta":{"_acf_changed":false,"footnotes":""},"categories":[1],"tags":[],"class_list":["post-65317","post","type-post","status-publish","format-standard","hentry","category-politica"],"acf":[],"yoast_head":"<!-- This site is optimized with the Yoast SEO plugin v27.4 - https:\/\/yoast.com\/product\/yoast-seo-wordpress\/ -->\n<title>APESAR DE MUITAS RIXAS INTERNAS, PRESIDENTE DO PT DIZ QUE &quot;EXISTE ESP\u00cdRITO DE UNIDADE&quot; NA LEGENDA - Blog do Farn\u00e9sio<\/title>\n<meta name=\"robots\" content=\"index, follow, max-snippet:-1, max-image-preview:large, max-video-preview:-1\" \/>\n<link rel=\"canonical\" href=\"https:\/\/blogdofarnesio.com.br\/?p=65317\" \/>\n<meta property=\"og:locale\" content=\"pt_BR\" \/>\n<meta property=\"og:type\" content=\"article\" \/>\n<meta property=\"og:title\" content=\"APESAR DE MUITAS RIXAS INTERNAS, PRESIDENTE DO PT DIZ QUE &quot;EXISTE ESP\u00cdRITO DE UNIDADE&quot; NA LEGENDA - Blog do Farn\u00e9sio\" \/>\n<meta property=\"og:description\" content=\"BN-Apesar das in\u00fameras rixas internas que precedem a escolha do candidato do PT ao governo da Bahia em 2014, o presidente da legenda no estado, Jonas Paulo, garante que \u201co clima \u00e9 de defini\u00e7\u00e3o com alto esp\u00edrito de unidade\u201d. A afirma\u00e7\u00e3o foi feita na p\u00e1gina do Twitter do petista, na manh\u00e3 desta quinta-feira (28), poucas horas ap\u00f3s o\u00a0governador Jaques Wagner ter anunciado que o seu \u201cescolhido\u201d \u00e9 o chefe da Casa Civil Rui Costa. A b\u00ean\u00e7\u00e3o do gestor\u00a0provocou r\u00e9plica do secret\u00e1rio de Planejamento e pr\u00e9-candidato Jos\u00e9 Sergio Gabrielli. \u201cSe tentarmos apenas com a vontade do governador, sem mobilizar as bases, teremos risco de ser derrotados\u201d, avaliou o titular. Entre os dois outros pr\u00e9-pleiteantes, o ex-prefeito de Cama\u00e7ari Luiz Caetano e&hellip;\" \/>\n<meta property=\"og:url\" content=\"https:\/\/blogdofarnesio.com.br\/?p=65317\" \/>\n<meta property=\"og:site_name\" content=\"Blog do Farn\u00e9sio\" \/>\n<meta property=\"article:publisher\" content=\"https:\/\/www.facebook.com\/BlogQuerSaberPolitica\/\" \/>\n<meta property=\"article:published_time\" content=\"2013-11-28T20:31:53+00:00\" \/>\n<meta property=\"article:modified_time\" content=\"2013-11-28T21:53:57+00:00\" \/>\n<meta property=\"og:image\" content=\"http:\/\/www.quersaberpolitica.com.br\/2016\/wp-content\/uploads\/2013\/06\/blogqspptjonas2-300x155.jpg\" \/>\n<meta name=\"author\" content=\"teste\" \/>\n<meta name=\"twitter:card\" content=\"summary_large_image\" \/>\n<meta name=\"twitter:label1\" content=\"Escrito por\" \/>\n\t<meta name=\"twitter:data1\" content=\"teste\" \/>\n\t<meta name=\"twitter:label2\" content=\"Est. tempo de leitura\" \/>\n\t<meta name=\"twitter:data2\" content=\"1 minuto\" \/>\n<script type=\"application\/ld+json\" class=\"yoast-schema-graph\">{\"@context\":\"https:\\\/\\\/schema.org\",\"@graph\":[{\"@type\":\"Article\",\"@id\":\"https:\\\/\\\/blogdofarnesio.com.br\\\/?p=65317#article\",\"isPartOf\":{\"@id\":\"https:\\\/\\\/blogdofarnesio.com.br\\\/?p=65317\"},\"author\":{\"name\":\"teste\",\"@id\":\"https:\\\/\\\/blogdofarnesio.com.br\\\/#\\\/schema\\\/person\\\/dd1bf5eba40b687199ba45ca6b97dff9\"},\"headline\":\"APESAR DE MUITAS RIXAS INTERNAS, PRESIDENTE DO PT DIZ QUE &#8220;EXISTE ESP\u00cdRITO DE UNIDADE&#8221; NA LEGENDA\",\"datePublished\":\"2013-11-28T20:31:53+00:00\",\"dateModified\":\"2013-11-28T21:53:57+00:00\",\"mainEntityOfPage\":{\"@id\":\"https:\\\/\\\/blogdofarnesio.com.br\\\/?p=65317\"},\"wordCount\":158,\"commentCount\":0,\"publisher\":{\"@id\":\"https:\\\/\\\/blogdofarnesio.com.br\\\/#organization\"},\"image\":{\"@id\":\"https:\\\/\\\/blogdofarnesio.com.br\\\/?p=65317#primaryimage\"},\"thumbnailUrl\":\"http:\\\/\\\/www.quersaberpolitica.com.br\\\/2016\\\/wp-content\\\/uploads\\\/2013\\\/06\\\/blogqspptjonas2-300x155.jpg\",\"articleSection\":[\"Pol\u00edtica\"],\"inLanguage\":\"pt-BR\",\"potentialAction\":[{\"@type\":\"CommentAction\",\"name\":\"Comment\",\"target\":[\"https:\\\/\\\/blogdofarnesio.com.br\\\/?p=65317#respond\"]}]},{\"@type\":\"WebPage\",\"@id\":\"https:\\\/\\\/blogdofarnesio.com.br\\\/?p=65317\",\"url\":\"https:\\\/\\\/blogdofarnesio.com.br\\\/?p=65317\",\"name\":\"APESAR DE MUITAS RIXAS INTERNAS, PRESIDENTE DO PT DIZ QUE \\\"EXISTE ESP\u00cdRITO DE UNIDADE\\\" NA LEGENDA - Blog do Farn\u00e9sio\",\"isPartOf\":{\"@id\":\"https:\\\/\\\/blogdofarnesio.com.br\\\/#website\"},\"primaryImageOfPage\":{\"@id\":\"https:\\\/\\\/blogdofarnesio.com.br\\\/?p=65317#primaryimage\"},\"image\":{\"@id\":\"https:\\\/\\\/blogdofarnesio.com.br\\\/?p=65317#primaryimage\"},\"thumbnailUrl\":\"http:\\\/\\\/www.quersaberpolitica.com.br\\\/2016\\\/wp-content\\\/uploads\\\/2013\\\/06\\\/blogqspptjonas2-300x155.jpg\",\"datePublished\":\"2013-11-28T20:31:53+00:00\",\"dateModified\":\"2013-11-28T21:53:57+00:00\",\"breadcrumb\":{\"@id\":\"https:\\\/\\\/blogdofarnesio.com.br\\\/?p=65317#breadcrumb\"},\"inLanguage\":\"pt-BR\",\"potentialAction\":[{\"@type\":\"ReadAction\",\"target\":[\"https:\\\/\\\/blogdofarnesio.com.br\\\/?p=65317\"]}]},{\"@type\":\"ImageObject\",\"inLanguage\":\"pt-BR\",\"@id\":\"https:\\\/\\\/blogdofarnesio.com.br\\\/?p=65317#primaryimage\",\"url\":\"http:\\\/\\\/www.quersaberpolitica.com.br\\\/2016\\\/wp-content\\\/uploads\\\/2013\\\/06\\\/blogqspptjonas2-300x155.jpg\",\"contentUrl\":\"http:\\\/\\\/www.quersaberpolitica.com.br\\\/2016\\\/wp-content\\\/uploads\\\/2013\\\/06\\\/blogqspptjonas2-300x155.jpg\"},{\"@type\":\"BreadcrumbList\",\"@id\":\"https:\\\/\\\/blogdofarnesio.com.br\\\/?p=65317#breadcrumb\",\"itemListElement\":[{\"@type\":\"ListItem\",\"position\":1,\"name\":\"In\u00edcio\",\"item\":\"https:\\\/\\\/blogdofarnesio.com.br\\\/\"},{\"@type\":\"ListItem\",\"position\":2,\"name\":\"APESAR DE MUITAS RIXAS INTERNAS, PRESIDENTE DO PT DIZ QUE &#8220;EXISTE ESP\u00cdRITO DE UNIDADE&#8221; NA LEGENDA\"}]},{\"@type\":\"WebSite\",\"@id\":\"https:\\\/\\\/blogdofarnesio.com.br\\\/#website\",\"url\":\"https:\\\/\\\/blogdofarnesio.com.br\\\/\",\"name\":\"Blog do Farn\u00e9sio\",\"description\":\"Quer Saber Pol\u00edtica?\",\"publisher\":{\"@id\":\"https:\\\/\\\/blogdofarnesio.com.br\\\/#organization\"},\"potentialAction\":[{\"@type\":\"SearchAction\",\"target\":{\"@type\":\"EntryPoint\",\"urlTemplate\":\"https:\\\/\\\/blogdofarnesio.com.br\\\/?s={search_term_string}\"},\"query-input\":{\"@type\":\"PropertyValueSpecification\",\"valueRequired\":true,\"valueName\":\"search_term_string\"}}],\"inLanguage\":\"pt-BR\"},{\"@type\":\"Organization\",\"@id\":\"https:\\\/\\\/blogdofarnesio.com.br\\\/#organization\",\"name\":\"Blog do Farn\u00e9sio\",\"url\":\"https:\\\/\\\/blogdofarnesio.com.br\\\/\",\"logo\":{\"@type\":\"ImageObject\",\"inLanguage\":\"pt-BR\",\"@id\":\"https:\\\/\\\/blogdofarnesio.com.br\\\/#\\\/schema\\\/logo\\\/image\\\/\",\"url\":\"https:\\\/\\\/blogdofarnesio.com.br\\\/wp-content\\\/uploads\\\/2026\\\/03\\\/cropped-logo_new-1.png\",\"contentUrl\":\"https:\\\/\\\/blogdofarnesio.com.br\\\/wp-content\\\/uploads\\\/2026\\\/03\\\/cropped-logo_new-1.png\",\"width\":881,\"height\":685,\"caption\":\"Blog do Farn\u00e9sio\"},\"image\":{\"@id\":\"https:\\\/\\\/blogdofarnesio.com.br\\\/#\\\/schema\\\/logo\\\/image\\\/\"},\"sameAs\":[\"https:\\\/\\\/www.facebook.com\\\/BlogQuerSaberPolitica\\\/\"]},{\"@type\":\"Person\",\"@id\":\"https:\\\/\\\/blogdofarnesio.com.br\\\/#\\\/schema\\\/person\\\/dd1bf5eba40b687199ba45ca6b97dff9\",\"name\":\"teste\",\"image\":{\"@type\":\"ImageObject\",\"inLanguage\":\"pt-BR\",\"@id\":\"https:\\\/\\\/secure.gravatar.com\\\/avatar\\\/2172498d4914b51e1d89a0f97957b035ac4938723a5cac208135d389b6972a6d?s=96&d=mm&r=g\",\"url\":\"https:\\\/\\\/secure.gravatar.com\\\/avatar\\\/2172498d4914b51e1d89a0f97957b035ac4938723a5cac208135d389b6972a6d?s=96&d=mm&r=g\",\"contentUrl\":\"https:\\\/\\\/secure.gravatar.com\\\/avatar\\\/2172498d4914b51e1d89a0f97957b035ac4938723a5cac208135d389b6972a6d?s=96&d=mm&r=g\",\"caption\":\"teste\"},\"url\":\"https:\\\/\\\/blogdofarnesio.com.br\\\/?author=3\"}]}<\/script>\n<!-- \/ Yoast SEO plugin. -->","yoast_head_json":{"title":"APESAR DE MUITAS RIXAS INTERNAS, PRESIDENTE DO PT DIZ QUE \"EXISTE ESP\u00cdRITO DE UNIDADE\" NA LEGENDA - Blog do Farn\u00e9sio","robots":{"index":"index","follow":"follow","max-snippet":"max-snippet:-1","max-image-preview":"max-image-preview:large","max-video-preview":"max-video-preview:-1"},"canonical":"https:\/\/blogdofarnesio.com.br\/?p=65317","og_locale":"pt_BR","og_type":"article","og_title":"APESAR DE MUITAS RIXAS INTERNAS, PRESIDENTE DO PT DIZ QUE \"EXISTE ESP\u00cdRITO DE UNIDADE\" NA LEGENDA - Blog do Farn\u00e9sio","og_description":"BN-Apesar das in\u00fameras rixas internas que precedem a escolha do candidato do PT ao governo da Bahia em 2014, o presidente da legenda no estado, Jonas Paulo, garante que \u201co clima \u00e9 de defini\u00e7\u00e3o com alto esp\u00edrito de unidade\u201d. A afirma\u00e7\u00e3o foi feita na p\u00e1gina do Twitter do petista, na manh\u00e3 desta quinta-feira (28), poucas horas ap\u00f3s o\u00a0governador Jaques Wagner ter anunciado que o seu \u201cescolhido\u201d \u00e9 o chefe da Casa Civil Rui Costa. A b\u00ean\u00e7\u00e3o do gestor\u00a0provocou r\u00e9plica do secret\u00e1rio de Planejamento e pr\u00e9-candidato Jos\u00e9 Sergio Gabrielli. \u201cSe tentarmos apenas com a vontade do governador, sem mobilizar as bases, teremos risco de ser derrotados\u201d, avaliou o titular. Entre os dois outros pr\u00e9-pleiteantes, o ex-prefeito de Cama\u00e7ari Luiz Caetano e&hellip;","og_url":"https:\/\/blogdofarnesio.com.br\/?p=65317","og_site_name":"Blog do Farn\u00e9sio","article_publisher":"https:\/\/www.facebook.com\/BlogQuerSaberPolitica\/","article_published_time":"2013-11-28T20:31:53+00:00","article_modified_time":"2013-11-28T21:53:57+00:00","og_image":[{"url":"http:\/\/www.quersaberpolitica.com.br\/2016\/wp-content\/uploads\/2013\/06\/blogqspptjonas2-300x155.jpg","type":"","width":"","height":""}],"author":"teste","twitter_card":"summary_large_image","twitter_misc":{"Escrito por":"teste","Est. tempo de leitura":"1 minuto"},"schema":{"@context":"https:\/\/schema.org","@graph":[{"@type":"Article","@id":"https:\/\/blogdofarnesio.com.br\/?p=65317#article","isPartOf":{"@id":"https:\/\/blogdofarnesio.com.br\/?p=65317"},"author":{"name":"teste","@id":"https:\/\/blogdofarnesio.com.br\/#\/schema\/person\/dd1bf5eba40b687199ba45ca6b97dff9"},"headline":"APESAR DE MUITAS RIXAS INTERNAS, PRESIDENTE DO PT DIZ QUE &#8220;EXISTE ESP\u00cdRITO DE UNIDADE&#8221; NA LEGENDA","datePublished":"2013-11-28T20:31:53+00:00","dateModified":"2013-11-28T21:53:57+00:00","mainEntityOfPage":{"@id":"https:\/\/blogdofarnesio.com.br\/?p=65317"},"wordCount":158,"commentCount":0,"publisher":{"@id":"https:\/\/blogdofarnesio.com.br\/#organization"},"image":{"@id":"https:\/\/blogdofarnesio.com.br\/?p=65317#primaryimage"},"thumbnailUrl":"http:\/\/www.quersaberpolitica.com.br\/2016\/wp-content\/uploads\/2013\/06\/blogqspptjonas2-300x155.jpg","articleSection":["Pol\u00edtica"],"inLanguage":"pt-BR","potentialAction":[{"@type":"CommentAction","name":"Comment","target":["https:\/\/blogdofarnesio.com.br\/?p=65317#respond"]}]},{"@type":"WebPage","@id":"https:\/\/blogdofarnesio.com.br\/?p=65317","url":"https:\/\/blogdofarnesio.com.br\/?p=65317","name":"APESAR DE MUITAS RIXAS INTERNAS, PRESIDENTE DO PT DIZ QUE \"EXISTE ESP\u00cdRITO DE UNIDADE\" NA LEGENDA - Blog do Farn\u00e9sio","isPartOf":{"@id":"https:\/\/blogdofarnesio.com.br\/#website"},"primaryImageOfPage":{"@id":"https:\/\/blogdofarnesio.com.br\/?p=65317#primaryimage"},"image":{"@id":"https:\/\/blogdofarnesio.com.br\/?p=65317#primaryimage"},"thumbnailUrl":"http:\/\/www.quersaberpolitica.com.br\/2016\/wp-content\/uploads\/2013\/06\/blogqspptjonas2-300x155.jpg","datePublished":"2013-11-28T20:31:53+00:00","dateModified":"2013-11-28T21:53:57+00:00","breadcrumb":{"@id":"https:\/\/blogdofarnesio.com.br\/?p=65317#breadcrumb"},"inLanguage":"pt-BR","potentialAction":[{"@type":"ReadAction","target":["https:\/\/blogdofarnesio.com.br\/?p=65317"]}]},{"@type":"ImageObject","inLanguage":"pt-BR","@id":"https:\/\/blogdofarnesio.com.br\/?p=65317#primaryimage","url":"http:\/\/www.quersaberpolitica.com.br\/2016\/wp-content\/uploads\/2013\/06\/blogqspptjonas2-300x155.jpg","contentUrl":"http:\/\/www.quersaberpolitica.com.br\/2016\/wp-content\/uploads\/2013\/06\/blogqspptjonas2-300x155.jpg"},{"@type":"BreadcrumbList","@id":"https:\/\/blogdofarnesio.com.br\/?p=65317#breadcrumb","itemListElement":[{"@type":"ListItem","position":1,"name":"In\u00edcio","item":"https:\/\/blogdofarnesio.com.br\/"},{"@type":"ListItem","position":2,"name":"APESAR DE MUITAS RIXAS INTERNAS, PRESIDENTE DO PT DIZ QUE &#8220;EXISTE ESP\u00cdRITO DE UNIDADE&#8221; NA LEGENDA"}]},{"@type":"WebSite","@id":"https:\/\/blogdofarnesio.com.br\/#website","url":"https:\/\/blogdofarnesio.com.br\/","name":"Blog do Farn\u00e9sio","description":"Quer Saber Pol\u00edtica?","publisher":{"@id":"https:\/\/blogdofarnesio.com.br\/#organization"},"potentialAction":[{"@type":"SearchAction","target":{"@type":"EntryPoint","urlTemplate":"https:\/\/blogdofarnesio.com.br\/?s={search_term_string}"},"query-input":{"@type":"PropertyValueSpecification","valueRequired":true,"valueName":"search_term_string"}}],"inLanguage":"pt-BR"},{"@type":"Organization","@id":"https:\/\/blogdofarnesio.com.br\/#organization","name":"Blog do Farn\u00e9sio","url":"https:\/\/blogdofarnesio.com.br\/","logo":{"@type":"ImageObject","inLanguage":"pt-BR","@id":"https:\/\/blogdofarnesio.com.br\/#\/schema\/logo\/image\/","url":"https:\/\/blogdofarnesio.com.br\/wp-content\/uploads\/2026\/03\/cropped-logo_new-1.png","contentUrl":"https:\/\/blogdofarnesio.com.br\/wp-content\/uploads\/2026\/03\/cropped-logo_new-1.png","width":881,"height":685,"caption":"Blog do Farn\u00e9sio"},"image":{"@id":"https:\/\/blogdofarnesio.com.br\/#\/schema\/logo\/image\/"},"sameAs":["https:\/\/www.facebook.com\/BlogQuerSaberPolitica\/"]},{"@type":"Person","@id":"https:\/\/blogdofarnesio.com.br\/#\/schema\/person\/dd1bf5eba40b687199ba45ca6b97dff9","name":"teste","image":{"@type":"ImageObject","inLanguage":"pt-BR","@id":"https:\/\/secure.gravatar.com\/avatar\/2172498d4914b51e1d89a0f97957b035ac4938723a5cac208135d389b6972a6d?s=96&d=mm&r=g","url":"https:\/\/secure.gravatar.com\/avatar\/2172498d4914b51e1d89a0f97957b035ac4938723a5cac208135d389b6972a6d?s=96&d=mm&r=g","contentUrl":"https:\/\/secure.gravatar.com\/avatar\/2172498d4914b51e1d89a0f97957b035ac4938723a5cac208135d389b6972a6d?s=96&d=mm&r=g","caption":"teste"},"url":"https:\/\/blogdofarnesio.com.br\/?author=3"}]}},"_links":{"self":[{"href":"https:\/\/blogdofarnesio.com.br\/index.php?rest_route=\/wp\/v2\/posts\/65317","targetHints":{"allow":["GET"]}}],"collection":[{"href":"https:\/\/blogdofarnesio.com.br\/index.php?rest_route=\/wp\/v2\/posts"}],"about":[{"href":"https:\/\/blogdofarnesio.com.br\/index.php?rest_route=\/wp\/v2\/types\/post"}],"author":[{"embeddable":true,"href":"https:\/\/blogdofarnesio.com.br\/index.php?rest_route=\/wp\/v2\/users\/3"}],"replies":[{"embeddable":true,"href":"https:\/\/blogdofarnesio.com.br\/index.php?rest_route=%2Fwp%2Fv2%2Fcomments&post=65317"}],"version-history":[{"count":0,"href":"https:\/\/blogdofarnesio.com.br\/index.php?rest_route=\/wp\/v2\/posts\/65317\/revisions"}],"wp:attachment":[{"href":"https:\/\/blogdofarnesio.com.br\/index.php?rest_route=%2Fwp%2Fv2%2Fmedia&parent=65317"}],"wp:term":[{"taxonomy":"category","embeddable":true,"href":"https:\/\/blogdofarnesio.com.br\/index.php?rest_route=%2Fwp%2Fv2%2Fcategories&post=65317"},{"taxonomy":"post_tag","embeddable":true,"href":"https:\/\/blogdofarnesio.com.br\/index.php?rest_route=%2Fwp%2Fv2%2Ftags&post=65317"}],"curies":[{"name":"wp","href":"https:\/\/api.w.org\/{rel}","templated":true}]}}