{"id":65275,"date":"2013-11-28T16:03:28","date_gmt":"2013-11-28T19:03:28","guid":{"rendered":"http:\/\/www.quersaberpolitica.com.br\/?p=65275"},"modified":"2013-11-28T09:46:01","modified_gmt":"2013-11-28T12:46:01","slug":"primeira-parcela-do-13o-deve-sr-liberada-amanha","status":"publish","type":"post","link":"https:\/\/blogdofarnesio.com.br\/?p=65275","title":{"rendered":"PRIMEIRA PARCELA DO 13\u00ba DEVE SER LIBERADA AMANH\u00c3"},"content":{"rendered":"<p><a href=\"http:\/\/www.quersaberpolitica.com.br\/2016\/wp-content\/uploads\/2013\/01\/blogqsp13-salario.jpg\"><img loading=\"lazy\" decoding=\"async\" class=\"alignleft size-medium wp-image-24483\" alt=\"blogqsp13-salario\" src=\"http:\/\/www.quersaberpolitica.com.br\/2016\/wp-content\/uploads\/2013\/01\/blogqsp13-salario-300x219.jpg\" width=\"300\" height=\"219\" srcset=\"https:\/\/blogdofarnesio.com.br\/wp-content\/uploads\/2013\/01\/blogqsp13-salario-300x219.jpg 300w, https:\/\/blogdofarnesio.com.br\/wp-content\/uploads\/2013\/01\/blogqsp13-salario-410x300.jpg 410w, https:\/\/blogdofarnesio.com.br\/wp-content\/uploads\/2013\/01\/blogqsp13-salario.jpg 500w\" sizes=\"auto, (max-width: 300px) 100vw, 300px\" \/><\/a><\/p>\n<p style=\"text-align: justify\">O vice-presidente de Desenvolvimento Operacional do CFC, Enory Luiz Spinelli, ressalta que o 13\u00ba deve ser pago a todos os empregados urbanos, rurais e dom\u00e9sticos e afirma que os descontos s\u00f3 podem ser realizados na segunda parcela.<\/p>\n<p style=\"text-align: justify\">\u201cA primeira parcela \u00e9 referente \u00e0 metade do sal\u00e1rio do m\u00eas anterior ao do pagamento, sem qualquer tipo de desconto.<\/p>\n<p style=\"text-align: justify\">J\u00e1 a segunda tem como base o sal\u00e1rio do pr\u00f3prio m\u00eas de dezembro e ser\u00e3o descontados do sal\u00e1rio bruto o INSS e o Imposto de Renda\u201d, explica. A antecipa\u00e7\u00e3o da parcela \u00e9 obrigat\u00f3ria e o empregador n\u00e3o pode pagar o 13\u00ba sal\u00e1rio apenas no dia 20 de dezembro.<\/p>\n<p style=\"text-align: justify\">Spinelli lembra que, caso o empregador opte por pagar em parcela \u00fanica, o valor integral deve ser recebido at\u00e9 30 de novembro. \u201cSe a data-limite para o pagamento cair num s\u00e1bado ou domingo, o prazo de pagamento das parcelas do 13\u00ba sal\u00e1rio deve ser alterado para o dia \u00fatil (banc\u00e1rio) imediatamente anterior ao \u00faltimo dia do m\u00eas\u201d, afirma o contador.<\/p>\n","protected":false},"excerpt":{"rendered":"<p>O vice-presidente de Desenvolvimento Operacional do CFC, Enory Luiz Spinelli, ressalta que o 13\u00ba deve ser pago a todos os empregados urbanos, rurais e dom\u00e9sticos e afirma que os descontos s\u00f3 podem ser realizados na segunda parcela. \u201cA primeira parcela \u00e9 referente \u00e0 metade do sal\u00e1rio do m\u00eas anterior ao do pagamento, sem qualquer tipo de desconto. J\u00e1 a segunda tem como base o sal\u00e1rio do pr\u00f3prio m\u00eas de dezembro e ser\u00e3o descontados do sal\u00e1rio bruto o INSS e o Imposto de Renda\u201d, explica. A antecipa\u00e7\u00e3o da parcela \u00e9 obrigat\u00f3ria e o empregador n\u00e3o pode pagar o 13\u00ba sal\u00e1rio apenas no dia 20 de dezembro. Spinelli lembra que, caso o empregador opte por pagar em parcela \u00fanica, o valor integral&hellip; <\/p>\n","protected":false},"author":3,"featured_media":0,"comment_status":"open","ping_status":"open","sticky":false,"template":"","format":"standard","meta":{"_acf_changed":false,"footnotes":""},"categories":[1],"tags":[],"class_list":["post-65275","post","type-post","status-publish","format-standard","hentry","category-politica"],"acf":[],"yoast_head":"<!-- This site is optimized with the Yoast SEO plugin v27.4 - https:\/\/yoast.com\/product\/yoast-seo-wordpress\/ -->\n<title>PRIMEIRA PARCELA DO 13\u00ba DEVE SER LIBERADA AMANH\u00c3 - Blog do Farn\u00e9sio<\/title>\n<meta name=\"robots\" content=\"index, follow, max-snippet:-1, max-image-preview:large, max-video-preview:-1\" \/>\n<link rel=\"canonical\" href=\"https:\/\/blogdofarnesio.com.br\/?p=65275\" \/>\n<meta property=\"og:locale\" content=\"pt_BR\" \/>\n<meta property=\"og:type\" content=\"article\" \/>\n<meta property=\"og:title\" content=\"PRIMEIRA PARCELA DO 13\u00ba DEVE SER LIBERADA AMANH\u00c3 - Blog do Farn\u00e9sio\" \/>\n<meta property=\"og:description\" content=\"O vice-presidente de Desenvolvimento Operacional do CFC, Enory Luiz Spinelli, ressalta que o 13\u00ba deve ser pago a todos os empregados urbanos, rurais e dom\u00e9sticos e afirma que os descontos s\u00f3 podem ser realizados na segunda parcela. \u201cA primeira parcela \u00e9 referente \u00e0 metade do sal\u00e1rio do m\u00eas anterior ao do pagamento, sem qualquer tipo de desconto. J\u00e1 a segunda tem como base o sal\u00e1rio do pr\u00f3prio m\u00eas de dezembro e ser\u00e3o descontados do sal\u00e1rio bruto o INSS e o Imposto de Renda\u201d, explica. A antecipa\u00e7\u00e3o da parcela \u00e9 obrigat\u00f3ria e o empregador n\u00e3o pode pagar o 13\u00ba sal\u00e1rio apenas no dia 20 de dezembro. Spinelli lembra que, caso o empregador opte por pagar em parcela \u00fanica, o valor integral&hellip;\" \/>\n<meta property=\"og:url\" content=\"https:\/\/blogdofarnesio.com.br\/?p=65275\" \/>\n<meta property=\"og:site_name\" content=\"Blog do Farn\u00e9sio\" \/>\n<meta property=\"article:publisher\" content=\"https:\/\/www.facebook.com\/BlogQuerSaberPolitica\/\" \/>\n<meta property=\"article:published_time\" content=\"2013-11-28T19:03:28+00:00\" \/>\n<meta property=\"og:image\" content=\"http:\/\/www.quersaberpolitica.com.br\/2016\/wp-content\/uploads\/2013\/01\/blogqsp13-salario-300x219.jpg\" \/>\n<meta name=\"author\" content=\"teste\" \/>\n<meta name=\"twitter:card\" content=\"summary_large_image\" \/>\n<meta name=\"twitter:label1\" content=\"Escrito por\" \/>\n\t<meta name=\"twitter:data1\" content=\"teste\" \/>\n\t<meta name=\"twitter:label2\" content=\"Est. tempo de leitura\" \/>\n\t<meta name=\"twitter:data2\" content=\"1 minuto\" \/>\n<script type=\"application\/ld+json\" class=\"yoast-schema-graph\">{\"@context\":\"https:\\\/\\\/schema.org\",\"@graph\":[{\"@type\":\"Article\",\"@id\":\"https:\\\/\\\/blogdofarnesio.com.br\\\/?p=65275#article\",\"isPartOf\":{\"@id\":\"https:\\\/\\\/blogdofarnesio.com.br\\\/?p=65275\"},\"author\":{\"name\":\"teste\",\"@id\":\"https:\\\/\\\/blogdofarnesio.com.br\\\/#\\\/schema\\\/person\\\/dd1bf5eba40b687199ba45ca6b97dff9\"},\"headline\":\"PRIMEIRA PARCELA DO 13\u00ba DEVE SER LIBERADA AMANH\u00c3\",\"datePublished\":\"2013-11-28T19:03:28+00:00\",\"mainEntityOfPage\":{\"@id\":\"https:\\\/\\\/blogdofarnesio.com.br\\\/?p=65275\"},\"wordCount\":180,\"commentCount\":0,\"publisher\":{\"@id\":\"https:\\\/\\\/blogdofarnesio.com.br\\\/#organization\"},\"image\":{\"@id\":\"https:\\\/\\\/blogdofarnesio.com.br\\\/?p=65275#primaryimage\"},\"thumbnailUrl\":\"http:\\\/\\\/www.quersaberpolitica.com.br\\\/2016\\\/wp-content\\\/uploads\\\/2013\\\/01\\\/blogqsp13-salario-300x219.jpg\",\"articleSection\":[\"Pol\u00edtica\"],\"inLanguage\":\"pt-BR\",\"potentialAction\":[{\"@type\":\"CommentAction\",\"name\":\"Comment\",\"target\":[\"https:\\\/\\\/blogdofarnesio.com.br\\\/?p=65275#respond\"]}]},{\"@type\":\"WebPage\",\"@id\":\"https:\\\/\\\/blogdofarnesio.com.br\\\/?p=65275\",\"url\":\"https:\\\/\\\/blogdofarnesio.com.br\\\/?p=65275\",\"name\":\"PRIMEIRA PARCELA DO 13\u00ba DEVE SER LIBERADA AMANH\u00c3 - Blog do Farn\u00e9sio\",\"isPartOf\":{\"@id\":\"https:\\\/\\\/blogdofarnesio.com.br\\\/#website\"},\"primaryImageOfPage\":{\"@id\":\"https:\\\/\\\/blogdofarnesio.com.br\\\/?p=65275#primaryimage\"},\"image\":{\"@id\":\"https:\\\/\\\/blogdofarnesio.com.br\\\/?p=65275#primaryimage\"},\"thumbnailUrl\":\"http:\\\/\\\/www.quersaberpolitica.com.br\\\/2016\\\/wp-content\\\/uploads\\\/2013\\\/01\\\/blogqsp13-salario-300x219.jpg\",\"datePublished\":\"2013-11-28T19:03:28+00:00\",\"breadcrumb\":{\"@id\":\"https:\\\/\\\/blogdofarnesio.com.br\\\/?p=65275#breadcrumb\"},\"inLanguage\":\"pt-BR\",\"potentialAction\":[{\"@type\":\"ReadAction\",\"target\":[\"https:\\\/\\\/blogdofarnesio.com.br\\\/?p=65275\"]}]},{\"@type\":\"ImageObject\",\"inLanguage\":\"pt-BR\",\"@id\":\"https:\\\/\\\/blogdofarnesio.com.br\\\/?p=65275#primaryimage\",\"url\":\"http:\\\/\\\/www.quersaberpolitica.com.br\\\/2016\\\/wp-content\\\/uploads\\\/2013\\\/01\\\/blogqsp13-salario-300x219.jpg\",\"contentUrl\":\"http:\\\/\\\/www.quersaberpolitica.com.br\\\/2016\\\/wp-content\\\/uploads\\\/2013\\\/01\\\/blogqsp13-salario-300x219.jpg\"},{\"@type\":\"BreadcrumbList\",\"@id\":\"https:\\\/\\\/blogdofarnesio.com.br\\\/?p=65275#breadcrumb\",\"itemListElement\":[{\"@type\":\"ListItem\",\"position\":1,\"name\":\"In\u00edcio\",\"item\":\"https:\\\/\\\/blogdofarnesio.com.br\\\/\"},{\"@type\":\"ListItem\",\"position\":2,\"name\":\"PRIMEIRA PARCELA DO 13\u00ba DEVE SER LIBERADA AMANH\u00c3\"}]},{\"@type\":\"WebSite\",\"@id\":\"https:\\\/\\\/blogdofarnesio.com.br\\\/#website\",\"url\":\"https:\\\/\\\/blogdofarnesio.com.br\\\/\",\"name\":\"Blog do Farn\u00e9sio\",\"description\":\"Quer Saber Pol\u00edtica?\",\"publisher\":{\"@id\":\"https:\\\/\\\/blogdofarnesio.com.br\\\/#organization\"},\"potentialAction\":[{\"@type\":\"SearchAction\",\"target\":{\"@type\":\"EntryPoint\",\"urlTemplate\":\"https:\\\/\\\/blogdofarnesio.com.br\\\/?s={search_term_string}\"},\"query-input\":{\"@type\":\"PropertyValueSpecification\",\"valueRequired\":true,\"valueName\":\"search_term_string\"}}],\"inLanguage\":\"pt-BR\"},{\"@type\":\"Organization\",\"@id\":\"https:\\\/\\\/blogdofarnesio.com.br\\\/#organization\",\"name\":\"Blog do Farn\u00e9sio\",\"url\":\"https:\\\/\\\/blogdofarnesio.com.br\\\/\",\"logo\":{\"@type\":\"ImageObject\",\"inLanguage\":\"pt-BR\",\"@id\":\"https:\\\/\\\/blogdofarnesio.com.br\\\/#\\\/schema\\\/logo\\\/image\\\/\",\"url\":\"https:\\\/\\\/blogdofarnesio.com.br\\\/wp-content\\\/uploads\\\/2026\\\/03\\\/cropped-logo_new-1.png\",\"contentUrl\":\"https:\\\/\\\/blogdofarnesio.com.br\\\/wp-content\\\/uploads\\\/2026\\\/03\\\/cropped-logo_new-1.png\",\"width\":881,\"height\":685,\"caption\":\"Blog do Farn\u00e9sio\"},\"image\":{\"@id\":\"https:\\\/\\\/blogdofarnesio.com.br\\\/#\\\/schema\\\/logo\\\/image\\\/\"},\"sameAs\":[\"https:\\\/\\\/www.facebook.com\\\/BlogQuerSaberPolitica\\\/\"]},{\"@type\":\"Person\",\"@id\":\"https:\\\/\\\/blogdofarnesio.com.br\\\/#\\\/schema\\\/person\\\/dd1bf5eba40b687199ba45ca6b97dff9\",\"name\":\"teste\",\"image\":{\"@type\":\"ImageObject\",\"inLanguage\":\"pt-BR\",\"@id\":\"https:\\\/\\\/secure.gravatar.com\\\/avatar\\\/2172498d4914b51e1d89a0f97957b035ac4938723a5cac208135d389b6972a6d?s=96&d=mm&r=g\",\"url\":\"https:\\\/\\\/secure.gravatar.com\\\/avatar\\\/2172498d4914b51e1d89a0f97957b035ac4938723a5cac208135d389b6972a6d?s=96&d=mm&r=g\",\"contentUrl\":\"https:\\\/\\\/secure.gravatar.com\\\/avatar\\\/2172498d4914b51e1d89a0f97957b035ac4938723a5cac208135d389b6972a6d?s=96&d=mm&r=g\",\"caption\":\"teste\"},\"url\":\"https:\\\/\\\/blogdofarnesio.com.br\\\/?author=3\"}]}<\/script>\n<!-- \/ Yoast SEO plugin. -->","yoast_head_json":{"title":"PRIMEIRA PARCELA DO 13\u00ba DEVE SER LIBERADA AMANH\u00c3 - Blog do Farn\u00e9sio","robots":{"index":"index","follow":"follow","max-snippet":"max-snippet:-1","max-image-preview":"max-image-preview:large","max-video-preview":"max-video-preview:-1"},"canonical":"https:\/\/blogdofarnesio.com.br\/?p=65275","og_locale":"pt_BR","og_type":"article","og_title":"PRIMEIRA PARCELA DO 13\u00ba DEVE SER LIBERADA AMANH\u00c3 - Blog do Farn\u00e9sio","og_description":"O vice-presidente de Desenvolvimento Operacional do CFC, Enory Luiz Spinelli, ressalta que o 13\u00ba deve ser pago a todos os empregados urbanos, rurais e dom\u00e9sticos e afirma que os descontos s\u00f3 podem ser realizados na segunda parcela. \u201cA primeira parcela \u00e9 referente \u00e0 metade do sal\u00e1rio do m\u00eas anterior ao do pagamento, sem qualquer tipo de desconto. J\u00e1 a segunda tem como base o sal\u00e1rio do pr\u00f3prio m\u00eas de dezembro e ser\u00e3o descontados do sal\u00e1rio bruto o INSS e o Imposto de Renda\u201d, explica. A antecipa\u00e7\u00e3o da parcela \u00e9 obrigat\u00f3ria e o empregador n\u00e3o pode pagar o 13\u00ba sal\u00e1rio apenas no dia 20 de dezembro. Spinelli lembra que, caso o empregador opte por pagar em parcela \u00fanica, o valor integral&hellip;","og_url":"https:\/\/blogdofarnesio.com.br\/?p=65275","og_site_name":"Blog do Farn\u00e9sio","article_publisher":"https:\/\/www.facebook.com\/BlogQuerSaberPolitica\/","article_published_time":"2013-11-28T19:03:28+00:00","og_image":[{"url":"http:\/\/www.quersaberpolitica.com.br\/2016\/wp-content\/uploads\/2013\/01\/blogqsp13-salario-300x219.jpg","type":"","width":"","height":""}],"author":"teste","twitter_card":"summary_large_image","twitter_misc":{"Escrito por":"teste","Est. tempo de leitura":"1 minuto"},"schema":{"@context":"https:\/\/schema.org","@graph":[{"@type":"Article","@id":"https:\/\/blogdofarnesio.com.br\/?p=65275#article","isPartOf":{"@id":"https:\/\/blogdofarnesio.com.br\/?p=65275"},"author":{"name":"teste","@id":"https:\/\/blogdofarnesio.com.br\/#\/schema\/person\/dd1bf5eba40b687199ba45ca6b97dff9"},"headline":"PRIMEIRA PARCELA DO 13\u00ba DEVE SER LIBERADA AMANH\u00c3","datePublished":"2013-11-28T19:03:28+00:00","mainEntityOfPage":{"@id":"https:\/\/blogdofarnesio.com.br\/?p=65275"},"wordCount":180,"commentCount":0,"publisher":{"@id":"https:\/\/blogdofarnesio.com.br\/#organization"},"image":{"@id":"https:\/\/blogdofarnesio.com.br\/?p=65275#primaryimage"},"thumbnailUrl":"http:\/\/www.quersaberpolitica.com.br\/2016\/wp-content\/uploads\/2013\/01\/blogqsp13-salario-300x219.jpg","articleSection":["Pol\u00edtica"],"inLanguage":"pt-BR","potentialAction":[{"@type":"CommentAction","name":"Comment","target":["https:\/\/blogdofarnesio.com.br\/?p=65275#respond"]}]},{"@type":"WebPage","@id":"https:\/\/blogdofarnesio.com.br\/?p=65275","url":"https:\/\/blogdofarnesio.com.br\/?p=65275","name":"PRIMEIRA PARCELA DO 13\u00ba DEVE SER LIBERADA AMANH\u00c3 - Blog do Farn\u00e9sio","isPartOf":{"@id":"https:\/\/blogdofarnesio.com.br\/#website"},"primaryImageOfPage":{"@id":"https:\/\/blogdofarnesio.com.br\/?p=65275#primaryimage"},"image":{"@id":"https:\/\/blogdofarnesio.com.br\/?p=65275#primaryimage"},"thumbnailUrl":"http:\/\/www.quersaberpolitica.com.br\/2016\/wp-content\/uploads\/2013\/01\/blogqsp13-salario-300x219.jpg","datePublished":"2013-11-28T19:03:28+00:00","breadcrumb":{"@id":"https:\/\/blogdofarnesio.com.br\/?p=65275#breadcrumb"},"inLanguage":"pt-BR","potentialAction":[{"@type":"ReadAction","target":["https:\/\/blogdofarnesio.com.br\/?p=65275"]}]},{"@type":"ImageObject","inLanguage":"pt-BR","@id":"https:\/\/blogdofarnesio.com.br\/?p=65275#primaryimage","url":"http:\/\/www.quersaberpolitica.com.br\/2016\/wp-content\/uploads\/2013\/01\/blogqsp13-salario-300x219.jpg","contentUrl":"http:\/\/www.quersaberpolitica.com.br\/2016\/wp-content\/uploads\/2013\/01\/blogqsp13-salario-300x219.jpg"},{"@type":"BreadcrumbList","@id":"https:\/\/blogdofarnesio.com.br\/?p=65275#breadcrumb","itemListElement":[{"@type":"ListItem","position":1,"name":"In\u00edcio","item":"https:\/\/blogdofarnesio.com.br\/"},{"@type":"ListItem","position":2,"name":"PRIMEIRA PARCELA DO 13\u00ba DEVE SER LIBERADA AMANH\u00c3"}]},{"@type":"WebSite","@id":"https:\/\/blogdofarnesio.com.br\/#website","url":"https:\/\/blogdofarnesio.com.br\/","name":"Blog do Farn\u00e9sio","description":"Quer Saber Pol\u00edtica?","publisher":{"@id":"https:\/\/blogdofarnesio.com.br\/#organization"},"potentialAction":[{"@type":"SearchAction","target":{"@type":"EntryPoint","urlTemplate":"https:\/\/blogdofarnesio.com.br\/?s={search_term_string}"},"query-input":{"@type":"PropertyValueSpecification","valueRequired":true,"valueName":"search_term_string"}}],"inLanguage":"pt-BR"},{"@type":"Organization","@id":"https:\/\/blogdofarnesio.com.br\/#organization","name":"Blog do Farn\u00e9sio","url":"https:\/\/blogdofarnesio.com.br\/","logo":{"@type":"ImageObject","inLanguage":"pt-BR","@id":"https:\/\/blogdofarnesio.com.br\/#\/schema\/logo\/image\/","url":"https:\/\/blogdofarnesio.com.br\/wp-content\/uploads\/2026\/03\/cropped-logo_new-1.png","contentUrl":"https:\/\/blogdofarnesio.com.br\/wp-content\/uploads\/2026\/03\/cropped-logo_new-1.png","width":881,"height":685,"caption":"Blog do Farn\u00e9sio"},"image":{"@id":"https:\/\/blogdofarnesio.com.br\/#\/schema\/logo\/image\/"},"sameAs":["https:\/\/www.facebook.com\/BlogQuerSaberPolitica\/"]},{"@type":"Person","@id":"https:\/\/blogdofarnesio.com.br\/#\/schema\/person\/dd1bf5eba40b687199ba45ca6b97dff9","name":"teste","image":{"@type":"ImageObject","inLanguage":"pt-BR","@id":"https:\/\/secure.gravatar.com\/avatar\/2172498d4914b51e1d89a0f97957b035ac4938723a5cac208135d389b6972a6d?s=96&d=mm&r=g","url":"https:\/\/secure.gravatar.com\/avatar\/2172498d4914b51e1d89a0f97957b035ac4938723a5cac208135d389b6972a6d?s=96&d=mm&r=g","contentUrl":"https:\/\/secure.gravatar.com\/avatar\/2172498d4914b51e1d89a0f97957b035ac4938723a5cac208135d389b6972a6d?s=96&d=mm&r=g","caption":"teste"},"url":"https:\/\/blogdofarnesio.com.br\/?author=3"}]}},"_links":{"self":[{"href":"https:\/\/blogdofarnesio.com.br\/index.php?rest_route=\/wp\/v2\/posts\/65275","targetHints":{"allow":["GET"]}}],"collection":[{"href":"https:\/\/blogdofarnesio.com.br\/index.php?rest_route=\/wp\/v2\/posts"}],"about":[{"href":"https:\/\/blogdofarnesio.com.br\/index.php?rest_route=\/wp\/v2\/types\/post"}],"author":[{"embeddable":true,"href":"https:\/\/blogdofarnesio.com.br\/index.php?rest_route=\/wp\/v2\/users\/3"}],"replies":[{"embeddable":true,"href":"https:\/\/blogdofarnesio.com.br\/index.php?rest_route=%2Fwp%2Fv2%2Fcomments&post=65275"}],"version-history":[{"count":0,"href":"https:\/\/blogdofarnesio.com.br\/index.php?rest_route=\/wp\/v2\/posts\/65275\/revisions"}],"wp:attachment":[{"href":"https:\/\/blogdofarnesio.com.br\/index.php?rest_route=%2Fwp%2Fv2%2Fmedia&parent=65275"}],"wp:term":[{"taxonomy":"category","embeddable":true,"href":"https:\/\/blogdofarnesio.com.br\/index.php?rest_route=%2Fwp%2Fv2%2Fcategories&post=65275"},{"taxonomy":"post_tag","embeddable":true,"href":"https:\/\/blogdofarnesio.com.br\/index.php?rest_route=%2Fwp%2Fv2%2Ftags&post=65275"}],"curies":[{"name":"wp","href":"https:\/\/api.w.org\/{rel}","templated":true}]}}