{"id":65268,"date":"2013-11-28T11:34:36","date_gmt":"2013-11-28T14:34:36","guid":{"rendered":"http:\/\/www.quersaberpolitica.com.br\/?p=65268"},"modified":"2013-11-28T09:04:31","modified_gmt":"2013-11-28T12:04:31","slug":"direto-de-sobradinho-105","status":"publish","type":"post","link":"https:\/\/blogdofarnesio.com.br\/?p=65268","title":{"rendered":"DIRETO DE SOBRADINHO"},"content":{"rendered":"<p><strong>LEITOR DENUNCIA PRIVIL\u00c9GIOS EM ATENDIMENTO DA SA\u00daDE<\/strong><\/p>\n<p>*Pedro Jos\u00e9<\/p>\n<p style=\"text-align: justify\"><a href=\"http:\/\/www.quersaberpolitica.com.br\/2016\/wp-content\/uploads\/2013\/03\/blogqspsauderuim.jpg\"><img loading=\"lazy\" decoding=\"async\" class=\"alignleft size-full wp-image-32799\" alt=\"blogqspsauderuim\" src=\"http:\/\/www.quersaberpolitica.com.br\/2016\/wp-content\/uploads\/2013\/03\/blogqspsauderuim.jpg\" width=\"172\" height=\"140\" \/><\/a>Farnesio Silva, aonde iremos chegar com a sa\u00fade de Sobradinho (BA), h\u00e1 7 dias tento uma vaga pra internar minha cunhada e n\u00e3o consigo. Naquela caverna que chamam de &#8220;Urg\u00eancia&#8221; n\u00e3o tem cadeira de rodas pra atender o paciente que chega por l\u00e1.<\/p>\n<p style=\"text-align: justify\">E mais at\u00e9 o &#8220;GLICOS\u00cdMETRO&#8221; aparelho para medir a taxa de a\u00e7\u00facar no sangue n\u00e3o tem. Por\u00e9m, me deparei com uma situa\u00e7\u00e3o bastante constrangedora, &#8220;Pra minha cunhada n\u00e3o teve este equipamento, por\u00e9m para o pai do vereador que ali estava presente teve&#8221;.<\/p>\n<p style=\"text-align: justify\">A demora \u00e9 absurda no atendimento, n\u00e3o tem equipamentos de qualidade para nos atender e mais nem porta tem naquele buraco. O prefeito n\u00e3o toma vergonha na cara, por\u00e9m o povo de Sobradinho merece essa gest\u00e3o que a\u00ed est\u00e1, n\u00e3o temos uma sa\u00fade digna de humanos. Aonde est\u00e1 a fiscaliza\u00e7\u00e3o que n\u00e3o ver isso ?<\/p>\n<p style=\"text-align: justify\">estado de calamidade p\u00fablica s\u00f3 sabe quem passa, o prefeito nem a caverna visita para ver a real situa\u00e7\u00e3o. Hoje pela madrugada 27\/11\/2013, meu colega esteve naquele lugar, motivo: Um &#8220;Cascudo&#8221; entrou dentro do ouvido dele, e o m\u00e9dico de plant\u00e3o disse: v\u00e1 para casa, e venha as 07:00 da manh\u00e3 para vermos se tem vaga para mandar voc\u00ea pra Juazeiro (ba) pois aqui n\u00e3o temos equipamentos pra fazer isso. E o pior ficam MAQUIANDO A SA\u00daDE DESSA QUE UM DIA FOI A ESTRELA DO S\u00c3O FRANCISCO. Em breve voltarei com mais den\u00fancias.<\/p>\n<p style=\"text-align: justify\"><strong>Pedro Jos\u00e9 Siqueira Coelho<\/strong> &lt;<a href=\"mailto:pedro.siqueira@bol.com.br\">pedro.siqueira@bol.com.br<\/a>&gt;<\/p>\n","protected":false},"excerpt":{"rendered":"<p>LEITOR DENUNCIA PRIVIL\u00c9GIOS EM ATENDIMENTO DA SA\u00daDE *Pedro Jos\u00e9 Farnesio Silva, aonde iremos chegar com a sa\u00fade de Sobradinho (BA), h\u00e1 7 dias tento uma vaga pra internar minha cunhada e n\u00e3o consigo. Naquela caverna que chamam de &#8220;Urg\u00eancia&#8221; n\u00e3o tem cadeira de rodas pra atender o paciente que chega por l\u00e1. E mais at\u00e9 o &#8220;GLICOS\u00cdMETRO&#8221; aparelho para medir a taxa de a\u00e7\u00facar no sangue n\u00e3o tem. Por\u00e9m, me deparei com uma situa\u00e7\u00e3o bastante constrangedora, &#8220;Pra minha cunhada n\u00e3o teve este equipamento, por\u00e9m para o pai do vereador que ali estava presente teve&#8221;. A demora \u00e9 absurda no atendimento, n\u00e3o tem equipamentos de qualidade para nos atender e mais nem porta tem naquele buraco. O prefeito n\u00e3o toma vergonha&hellip; <\/p>\n","protected":false},"author":3,"featured_media":0,"comment_status":"open","ping_status":"open","sticky":false,"template":"","format":"standard","meta":{"_acf_changed":false,"footnotes":""},"categories":[27,4],"tags":[],"class_list":["post-65268","post","type-post","status-publish","format-standard","hentry","category-cidades","category-saude"],"acf":[],"yoast_head":"<!-- This site is optimized with the Yoast SEO plugin v27.4 - https:\/\/yoast.com\/product\/yoast-seo-wordpress\/ -->\n<title>DIRETO DE SOBRADINHO - Blog do Farn\u00e9sio<\/title>\n<meta name=\"robots\" content=\"index, follow, max-snippet:-1, max-image-preview:large, max-video-preview:-1\" \/>\n<link rel=\"canonical\" href=\"https:\/\/blogdofarnesio.com.br\/?p=65268\" \/>\n<meta property=\"og:locale\" content=\"pt_BR\" \/>\n<meta property=\"og:type\" content=\"article\" \/>\n<meta property=\"og:title\" content=\"DIRETO DE SOBRADINHO - Blog do Farn\u00e9sio\" \/>\n<meta property=\"og:description\" content=\"LEITOR DENUNCIA PRIVIL\u00c9GIOS EM ATENDIMENTO DA SA\u00daDE *Pedro Jos\u00e9 Farnesio Silva, aonde iremos chegar com a sa\u00fade de Sobradinho (BA), h\u00e1 7 dias tento uma vaga pra internar minha cunhada e n\u00e3o consigo. Naquela caverna que chamam de &#8220;Urg\u00eancia&#8221; n\u00e3o tem cadeira de rodas pra atender o paciente que chega por l\u00e1. E mais at\u00e9 o &#8220;GLICOS\u00cdMETRO&#8221; aparelho para medir a taxa de a\u00e7\u00facar no sangue n\u00e3o tem. Por\u00e9m, me deparei com uma situa\u00e7\u00e3o bastante constrangedora, &#8220;Pra minha cunhada n\u00e3o teve este equipamento, por\u00e9m para o pai do vereador que ali estava presente teve&#8221;. A demora \u00e9 absurda no atendimento, n\u00e3o tem equipamentos de qualidade para nos atender e mais nem porta tem naquele buraco. O prefeito n\u00e3o toma vergonha&hellip;\" \/>\n<meta property=\"og:url\" content=\"https:\/\/blogdofarnesio.com.br\/?p=65268\" \/>\n<meta property=\"og:site_name\" content=\"Blog do Farn\u00e9sio\" \/>\n<meta property=\"article:publisher\" content=\"https:\/\/www.facebook.com\/BlogQuerSaberPolitica\/\" \/>\n<meta property=\"article:published_time\" content=\"2013-11-28T14:34:36+00:00\" \/>\n<meta property=\"og:image\" content=\"http:\/\/www.quersaberpolitica.com.br\/2016\/wp-content\/uploads\/2013\/03\/blogqspsauderuim.jpg\" \/>\n<meta name=\"author\" content=\"teste\" \/>\n<meta name=\"twitter:card\" content=\"summary_large_image\" \/>\n<meta name=\"twitter:label1\" content=\"Escrito por\" \/>\n\t<meta name=\"twitter:data1\" content=\"teste\" \/>\n\t<meta name=\"twitter:label2\" content=\"Est. tempo de leitura\" \/>\n\t<meta name=\"twitter:data2\" content=\"1 minuto\" \/>\n<script type=\"application\/ld+json\" class=\"yoast-schema-graph\">{\"@context\":\"https:\\\/\\\/schema.org\",\"@graph\":[{\"@type\":\"Article\",\"@id\":\"https:\\\/\\\/blogdofarnesio.com.br\\\/?p=65268#article\",\"isPartOf\":{\"@id\":\"https:\\\/\\\/blogdofarnesio.com.br\\\/?p=65268\"},\"author\":{\"name\":\"teste\",\"@id\":\"https:\\\/\\\/blogdofarnesio.com.br\\\/#\\\/schema\\\/person\\\/dd1bf5eba40b687199ba45ca6b97dff9\"},\"headline\":\"DIRETO DE SOBRADINHO\",\"datePublished\":\"2013-11-28T14:34:36+00:00\",\"mainEntityOfPage\":{\"@id\":\"https:\\\/\\\/blogdofarnesio.com.br\\\/?p=65268\"},\"wordCount\":280,\"commentCount\":1,\"publisher\":{\"@id\":\"https:\\\/\\\/blogdofarnesio.com.br\\\/#organization\"},\"image\":{\"@id\":\"https:\\\/\\\/blogdofarnesio.com.br\\\/?p=65268#primaryimage\"},\"thumbnailUrl\":\"http:\\\/\\\/www.quersaberpolitica.com.br\\\/2016\\\/wp-content\\\/uploads\\\/2013\\\/03\\\/blogqspsauderuim.jpg\",\"articleSection\":[\"Cidades\",\"Sa\u00fade\"],\"inLanguage\":\"pt-BR\",\"potentialAction\":[{\"@type\":\"CommentAction\",\"name\":\"Comment\",\"target\":[\"https:\\\/\\\/blogdofarnesio.com.br\\\/?p=65268#respond\"]}]},{\"@type\":\"WebPage\",\"@id\":\"https:\\\/\\\/blogdofarnesio.com.br\\\/?p=65268\",\"url\":\"https:\\\/\\\/blogdofarnesio.com.br\\\/?p=65268\",\"name\":\"DIRETO DE SOBRADINHO - Blog do Farn\u00e9sio\",\"isPartOf\":{\"@id\":\"https:\\\/\\\/blogdofarnesio.com.br\\\/#website\"},\"primaryImageOfPage\":{\"@id\":\"https:\\\/\\\/blogdofarnesio.com.br\\\/?p=65268#primaryimage\"},\"image\":{\"@id\":\"https:\\\/\\\/blogdofarnesio.com.br\\\/?p=65268#primaryimage\"},\"thumbnailUrl\":\"http:\\\/\\\/www.quersaberpolitica.com.br\\\/2016\\\/wp-content\\\/uploads\\\/2013\\\/03\\\/blogqspsauderuim.jpg\",\"datePublished\":\"2013-11-28T14:34:36+00:00\",\"breadcrumb\":{\"@id\":\"https:\\\/\\\/blogdofarnesio.com.br\\\/?p=65268#breadcrumb\"},\"inLanguage\":\"pt-BR\",\"potentialAction\":[{\"@type\":\"ReadAction\",\"target\":[\"https:\\\/\\\/blogdofarnesio.com.br\\\/?p=65268\"]}]},{\"@type\":\"ImageObject\",\"inLanguage\":\"pt-BR\",\"@id\":\"https:\\\/\\\/blogdofarnesio.com.br\\\/?p=65268#primaryimage\",\"url\":\"http:\\\/\\\/www.quersaberpolitica.com.br\\\/2016\\\/wp-content\\\/uploads\\\/2013\\\/03\\\/blogqspsauderuim.jpg\",\"contentUrl\":\"http:\\\/\\\/www.quersaberpolitica.com.br\\\/2016\\\/wp-content\\\/uploads\\\/2013\\\/03\\\/blogqspsauderuim.jpg\"},{\"@type\":\"BreadcrumbList\",\"@id\":\"https:\\\/\\\/blogdofarnesio.com.br\\\/?p=65268#breadcrumb\",\"itemListElement\":[{\"@type\":\"ListItem\",\"position\":1,\"name\":\"In\u00edcio\",\"item\":\"https:\\\/\\\/blogdofarnesio.com.br\\\/\"},{\"@type\":\"ListItem\",\"position\":2,\"name\":\"DIRETO DE SOBRADINHO\"}]},{\"@type\":\"WebSite\",\"@id\":\"https:\\\/\\\/blogdofarnesio.com.br\\\/#website\",\"url\":\"https:\\\/\\\/blogdofarnesio.com.br\\\/\",\"name\":\"Blog do Farn\u00e9sio\",\"description\":\"Quer Saber Pol\u00edtica?\",\"publisher\":{\"@id\":\"https:\\\/\\\/blogdofarnesio.com.br\\\/#organization\"},\"potentialAction\":[{\"@type\":\"SearchAction\",\"target\":{\"@type\":\"EntryPoint\",\"urlTemplate\":\"https:\\\/\\\/blogdofarnesio.com.br\\\/?s={search_term_string}\"},\"query-input\":{\"@type\":\"PropertyValueSpecification\",\"valueRequired\":true,\"valueName\":\"search_term_string\"}}],\"inLanguage\":\"pt-BR\"},{\"@type\":\"Organization\",\"@id\":\"https:\\\/\\\/blogdofarnesio.com.br\\\/#organization\",\"name\":\"Blog do Farn\u00e9sio\",\"url\":\"https:\\\/\\\/blogdofarnesio.com.br\\\/\",\"logo\":{\"@type\":\"ImageObject\",\"inLanguage\":\"pt-BR\",\"@id\":\"https:\\\/\\\/blogdofarnesio.com.br\\\/#\\\/schema\\\/logo\\\/image\\\/\",\"url\":\"https:\\\/\\\/blogdofarnesio.com.br\\\/wp-content\\\/uploads\\\/2026\\\/03\\\/cropped-logo_new-1.png\",\"contentUrl\":\"https:\\\/\\\/blogdofarnesio.com.br\\\/wp-content\\\/uploads\\\/2026\\\/03\\\/cropped-logo_new-1.png\",\"width\":881,\"height\":685,\"caption\":\"Blog do Farn\u00e9sio\"},\"image\":{\"@id\":\"https:\\\/\\\/blogdofarnesio.com.br\\\/#\\\/schema\\\/logo\\\/image\\\/\"},\"sameAs\":[\"https:\\\/\\\/www.facebook.com\\\/BlogQuerSaberPolitica\\\/\"]},{\"@type\":\"Person\",\"@id\":\"https:\\\/\\\/blogdofarnesio.com.br\\\/#\\\/schema\\\/person\\\/dd1bf5eba40b687199ba45ca6b97dff9\",\"name\":\"teste\",\"image\":{\"@type\":\"ImageObject\",\"inLanguage\":\"pt-BR\",\"@id\":\"https:\\\/\\\/secure.gravatar.com\\\/avatar\\\/2172498d4914b51e1d89a0f97957b035ac4938723a5cac208135d389b6972a6d?s=96&d=mm&r=g\",\"url\":\"https:\\\/\\\/secure.gravatar.com\\\/avatar\\\/2172498d4914b51e1d89a0f97957b035ac4938723a5cac208135d389b6972a6d?s=96&d=mm&r=g\",\"contentUrl\":\"https:\\\/\\\/secure.gravatar.com\\\/avatar\\\/2172498d4914b51e1d89a0f97957b035ac4938723a5cac208135d389b6972a6d?s=96&d=mm&r=g\",\"caption\":\"teste\"},\"url\":\"https:\\\/\\\/blogdofarnesio.com.br\\\/?author=3\"}]}<\/script>\n<!-- \/ Yoast SEO plugin. -->","yoast_head_json":{"title":"DIRETO DE SOBRADINHO - Blog do Farn\u00e9sio","robots":{"index":"index","follow":"follow","max-snippet":"max-snippet:-1","max-image-preview":"max-image-preview:large","max-video-preview":"max-video-preview:-1"},"canonical":"https:\/\/blogdofarnesio.com.br\/?p=65268","og_locale":"pt_BR","og_type":"article","og_title":"DIRETO DE SOBRADINHO - Blog do Farn\u00e9sio","og_description":"LEITOR DENUNCIA PRIVIL\u00c9GIOS EM ATENDIMENTO DA SA\u00daDE *Pedro Jos\u00e9 Farnesio Silva, aonde iremos chegar com a sa\u00fade de Sobradinho (BA), h\u00e1 7 dias tento uma vaga pra internar minha cunhada e n\u00e3o consigo. Naquela caverna que chamam de &#8220;Urg\u00eancia&#8221; n\u00e3o tem cadeira de rodas pra atender o paciente que chega por l\u00e1. E mais at\u00e9 o &#8220;GLICOS\u00cdMETRO&#8221; aparelho para medir a taxa de a\u00e7\u00facar no sangue n\u00e3o tem. Por\u00e9m, me deparei com uma situa\u00e7\u00e3o bastante constrangedora, &#8220;Pra minha cunhada n\u00e3o teve este equipamento, por\u00e9m para o pai do vereador que ali estava presente teve&#8221;. A demora \u00e9 absurda no atendimento, n\u00e3o tem equipamentos de qualidade para nos atender e mais nem porta tem naquele buraco. O prefeito n\u00e3o toma vergonha&hellip;","og_url":"https:\/\/blogdofarnesio.com.br\/?p=65268","og_site_name":"Blog do Farn\u00e9sio","article_publisher":"https:\/\/www.facebook.com\/BlogQuerSaberPolitica\/","article_published_time":"2013-11-28T14:34:36+00:00","og_image":[{"url":"http:\/\/www.quersaberpolitica.com.br\/2016\/wp-content\/uploads\/2013\/03\/blogqspsauderuim.jpg","type":"","width":"","height":""}],"author":"teste","twitter_card":"summary_large_image","twitter_misc":{"Escrito por":"teste","Est. tempo de leitura":"1 minuto"},"schema":{"@context":"https:\/\/schema.org","@graph":[{"@type":"Article","@id":"https:\/\/blogdofarnesio.com.br\/?p=65268#article","isPartOf":{"@id":"https:\/\/blogdofarnesio.com.br\/?p=65268"},"author":{"name":"teste","@id":"https:\/\/blogdofarnesio.com.br\/#\/schema\/person\/dd1bf5eba40b687199ba45ca6b97dff9"},"headline":"DIRETO DE SOBRADINHO","datePublished":"2013-11-28T14:34:36+00:00","mainEntityOfPage":{"@id":"https:\/\/blogdofarnesio.com.br\/?p=65268"},"wordCount":280,"commentCount":1,"publisher":{"@id":"https:\/\/blogdofarnesio.com.br\/#organization"},"image":{"@id":"https:\/\/blogdofarnesio.com.br\/?p=65268#primaryimage"},"thumbnailUrl":"http:\/\/www.quersaberpolitica.com.br\/2016\/wp-content\/uploads\/2013\/03\/blogqspsauderuim.jpg","articleSection":["Cidades","Sa\u00fade"],"inLanguage":"pt-BR","potentialAction":[{"@type":"CommentAction","name":"Comment","target":["https:\/\/blogdofarnesio.com.br\/?p=65268#respond"]}]},{"@type":"WebPage","@id":"https:\/\/blogdofarnesio.com.br\/?p=65268","url":"https:\/\/blogdofarnesio.com.br\/?p=65268","name":"DIRETO DE SOBRADINHO - Blog do Farn\u00e9sio","isPartOf":{"@id":"https:\/\/blogdofarnesio.com.br\/#website"},"primaryImageOfPage":{"@id":"https:\/\/blogdofarnesio.com.br\/?p=65268#primaryimage"},"image":{"@id":"https:\/\/blogdofarnesio.com.br\/?p=65268#primaryimage"},"thumbnailUrl":"http:\/\/www.quersaberpolitica.com.br\/2016\/wp-content\/uploads\/2013\/03\/blogqspsauderuim.jpg","datePublished":"2013-11-28T14:34:36+00:00","breadcrumb":{"@id":"https:\/\/blogdofarnesio.com.br\/?p=65268#breadcrumb"},"inLanguage":"pt-BR","potentialAction":[{"@type":"ReadAction","target":["https:\/\/blogdofarnesio.com.br\/?p=65268"]}]},{"@type":"ImageObject","inLanguage":"pt-BR","@id":"https:\/\/blogdofarnesio.com.br\/?p=65268#primaryimage","url":"http:\/\/www.quersaberpolitica.com.br\/2016\/wp-content\/uploads\/2013\/03\/blogqspsauderuim.jpg","contentUrl":"http:\/\/www.quersaberpolitica.com.br\/2016\/wp-content\/uploads\/2013\/03\/blogqspsauderuim.jpg"},{"@type":"BreadcrumbList","@id":"https:\/\/blogdofarnesio.com.br\/?p=65268#breadcrumb","itemListElement":[{"@type":"ListItem","position":1,"name":"In\u00edcio","item":"https:\/\/blogdofarnesio.com.br\/"},{"@type":"ListItem","position":2,"name":"DIRETO DE SOBRADINHO"}]},{"@type":"WebSite","@id":"https:\/\/blogdofarnesio.com.br\/#website","url":"https:\/\/blogdofarnesio.com.br\/","name":"Blog do Farn\u00e9sio","description":"Quer Saber Pol\u00edtica?","publisher":{"@id":"https:\/\/blogdofarnesio.com.br\/#organization"},"potentialAction":[{"@type":"SearchAction","target":{"@type":"EntryPoint","urlTemplate":"https:\/\/blogdofarnesio.com.br\/?s={search_term_string}"},"query-input":{"@type":"PropertyValueSpecification","valueRequired":true,"valueName":"search_term_string"}}],"inLanguage":"pt-BR"},{"@type":"Organization","@id":"https:\/\/blogdofarnesio.com.br\/#organization","name":"Blog do Farn\u00e9sio","url":"https:\/\/blogdofarnesio.com.br\/","logo":{"@type":"ImageObject","inLanguage":"pt-BR","@id":"https:\/\/blogdofarnesio.com.br\/#\/schema\/logo\/image\/","url":"https:\/\/blogdofarnesio.com.br\/wp-content\/uploads\/2026\/03\/cropped-logo_new-1.png","contentUrl":"https:\/\/blogdofarnesio.com.br\/wp-content\/uploads\/2026\/03\/cropped-logo_new-1.png","width":881,"height":685,"caption":"Blog do Farn\u00e9sio"},"image":{"@id":"https:\/\/blogdofarnesio.com.br\/#\/schema\/logo\/image\/"},"sameAs":["https:\/\/www.facebook.com\/BlogQuerSaberPolitica\/"]},{"@type":"Person","@id":"https:\/\/blogdofarnesio.com.br\/#\/schema\/person\/dd1bf5eba40b687199ba45ca6b97dff9","name":"teste","image":{"@type":"ImageObject","inLanguage":"pt-BR","@id":"https:\/\/secure.gravatar.com\/avatar\/2172498d4914b51e1d89a0f97957b035ac4938723a5cac208135d389b6972a6d?s=96&d=mm&r=g","url":"https:\/\/secure.gravatar.com\/avatar\/2172498d4914b51e1d89a0f97957b035ac4938723a5cac208135d389b6972a6d?s=96&d=mm&r=g","contentUrl":"https:\/\/secure.gravatar.com\/avatar\/2172498d4914b51e1d89a0f97957b035ac4938723a5cac208135d389b6972a6d?s=96&d=mm&r=g","caption":"teste"},"url":"https:\/\/blogdofarnesio.com.br\/?author=3"}]}},"_links":{"self":[{"href":"https:\/\/blogdofarnesio.com.br\/index.php?rest_route=\/wp\/v2\/posts\/65268","targetHints":{"allow":["GET"]}}],"collection":[{"href":"https:\/\/blogdofarnesio.com.br\/index.php?rest_route=\/wp\/v2\/posts"}],"about":[{"href":"https:\/\/blogdofarnesio.com.br\/index.php?rest_route=\/wp\/v2\/types\/post"}],"author":[{"embeddable":true,"href":"https:\/\/blogdofarnesio.com.br\/index.php?rest_route=\/wp\/v2\/users\/3"}],"replies":[{"embeddable":true,"href":"https:\/\/blogdofarnesio.com.br\/index.php?rest_route=%2Fwp%2Fv2%2Fcomments&post=65268"}],"version-history":[{"count":0,"href":"https:\/\/blogdofarnesio.com.br\/index.php?rest_route=\/wp\/v2\/posts\/65268\/revisions"}],"wp:attachment":[{"href":"https:\/\/blogdofarnesio.com.br\/index.php?rest_route=%2Fwp%2Fv2%2Fmedia&parent=65268"}],"wp:term":[{"taxonomy":"category","embeddable":true,"href":"https:\/\/blogdofarnesio.com.br\/index.php?rest_route=%2Fwp%2Fv2%2Fcategories&post=65268"},{"taxonomy":"post_tag","embeddable":true,"href":"https:\/\/blogdofarnesio.com.br\/index.php?rest_route=%2Fwp%2Fv2%2Ftags&post=65268"}],"curies":[{"name":"wp","href":"https:\/\/api.w.org\/{rel}","templated":true}]}}