{"id":65250,"date":"2013-11-28T15:43:20","date_gmt":"2013-11-28T18:43:20","guid":{"rendered":"http:\/\/www.quersaberpolitica.com.br\/?p=65250"},"modified":"2013-11-28T09:51:08","modified_gmt":"2013-11-28T12:51:08","slug":"tudo-pronto-para-receber-participantes-do-ii-congresso-imip-de-saude-integral-do-vale-do-medio-sao-francisco","status":"publish","type":"post","link":"https:\/\/blogdofarnesio.com.br\/?p=65250","title":{"rendered":"TUDO PRONTO PARA RECEBER PARTICIPANTES DO II CONGRESSO IMIP DE SA\u00daDE INTEGRAL DO VALE DO M\u00c9DIO S\u00c3O FRANCISCO"},"content":{"rendered":"<p style=\"text-align: justify\"><a href=\"http:\/\/www.quersaberpolitica.com.br\/2016\/wp-content\/uploads\/2013\/11\/image004.jpg\"><img loading=\"lazy\" decoding=\"async\" class=\"alignleft size-medium wp-image-65017\" alt=\"BLOGQSP.IMIP\" src=\"http:\/\/www.quersaberpolitica.com.br\/2016\/wp-content\/uploads\/2013\/11\/image004-212x300.jpg\" width=\"212\" height=\"300\" srcset=\"https:\/\/blogdofarnesio.com.br\/wp-content\/uploads\/2013\/11\/image004-212x300.jpg 212w, https:\/\/blogdofarnesio.com.br\/wp-content\/uploads\/2013\/11\/image004.jpg 283w\" sizes=\"auto, (max-width: 212px) 100vw, 212px\" \/><\/a>A coordena\u00e7\u00e3o do II Congresso IMIP de Sa\u00fade Integral do Vale do M\u00e9dio S\u00e3o Francisco agora aguarda apenas os congressistas. Toda a estrutura organizacional j\u00e1 est\u00e1 pronta para o evento que vai reunir profissionais de diversas \u00e1reas da sa\u00fade e estudantes.<\/p>\n<p style=\"text-align: justify\">O II Congresso IMIP que ser\u00e1 realizado em Juazeiro a partir dessa quinta-feira, nos dias 28 a 30 de novembro, registrou recorde de inscri\u00e7\u00f5es, contando com as \u00faltimas vagas.<\/p>\n<p style=\"text-align: justify\">Os interessados em participar do evento ainda podem se inscrever atrav\u00e9s do site ou durante a abertura.<\/p>\n<p style=\"text-align: justify\">As inscri\u00e7\u00f5es s\u00e3o feitas pelo site www.congressoimip2013.com.br. Tamb\u00e9m, profissionais e estudantes j\u00e1 inscritos, devem ficar atentos ao prazo de pagamento do boleto banc\u00e1rio. \u201cEst\u00e1 tudo pronto e as \u00faltimas vagas est\u00e3o sendo preenchidas.<!--more--><\/p>\n<p style=\"text-align: justify\">\u00c9 importante lembrar que no dia de abertura do Congresso ainda estaremos realizando inscri\u00e7\u00f5es; mas pedimos que quem puder; fa\u00e7a atrav\u00e9s do site onde disp\u00f5e de todo conforto e comodidade; tendo o prazo para efetuar seu pagamento\u201d, acrescentou o Coordenador geral do evento, o Diretor de Ensino e Pesquisa do Hospital Regional de Juazeiro, Jos\u00e9 Antonio Bandeira.<!--more--><\/p>\n<p style=\"text-align: justify\">Seguindo a linha do primeiro ano de congresso promovido pelo Hospital Regional de Juazeiro e Petrolina- PE, ambos geridos pelo Instituto de Medicina Integral Professor Fernando Figueira, realizado na regi\u00e3o em 2011; ser\u00e3o abordadas tem\u00e1ticas sobre as \u00e1reas de Cirurgia, Cl\u00ednica M\u00e9dica, Ginecologia \/ Obstetr\u00edcia, Pediatria \/ Neonatologia, Oncologia, Enfermagem, Fisioterapia, Nutri\u00e7\u00e3o, Psicologia, Servi\u00e7o Social e Farm\u00e1cia.<\/p>\n<p style=\"text-align: justify\">Estrutura<\/p>\n<p style=\"text-align: justify\">O evento acontecer\u00e1 no Complexo Multieventos da Universidade Federal do Vale do S\u00e3o Francisco (Univasf), em Juazeiro-BA. Realizado h\u00e1 cerca de 15 anos em Recife, o Congresso \u00e9 parte do projeto de interioriza\u00e7\u00e3o do IMIP. A abertura oficial ser\u00e1 feita com a Confer\u00eancia Magna ministrada pela Jornalista e professora do Laborat\u00f3rio de Comunica\u00e7\u00e3o da Faculdade Pernambucana de Sa\u00fade (FPS), Fl\u00e1via de Gusm\u00e3o.<\/p>\n<p style=\"text-align: justify\">Os participantes contar\u00e3o com novidades na estrutura\u00e7\u00e3o do evento que devem garantir maior conforto e efici\u00eancia aos congressistas. As palestras e cursos ser\u00e3o ministrados em salas separadas por especialidades; onde os congressistas ter\u00e3o em seus crach\u00e1s c\u00f3digo de barra facilitando sua identifica\u00e7\u00e3o e controle de participa\u00e7\u00e3o.<\/p>\n","protected":false},"excerpt":{"rendered":"<p>A coordena\u00e7\u00e3o do II Congresso IMIP de Sa\u00fade Integral do Vale do M\u00e9dio S\u00e3o Francisco agora aguarda apenas os congressistas. Toda a estrutura organizacional j\u00e1 est\u00e1 pronta para o evento que vai reunir profissionais de diversas \u00e1reas da sa\u00fade e estudantes. O II Congresso IMIP que ser\u00e1 realizado em Juazeiro a partir dessa quinta-feira, nos dias 28 a 30 de novembro, registrou recorde de inscri\u00e7\u00f5es, contando com as \u00faltimas vagas. Os interessados em participar do evento ainda podem se inscrever atrav\u00e9s do site ou durante a abertura. As inscri\u00e7\u00f5es s\u00e3o feitas pelo site www.congressoimip2013.com.br. Tamb\u00e9m, profissionais e estudantes j\u00e1 inscritos, devem ficar atentos ao prazo de pagamento do boleto banc\u00e1rio. \u201cEst\u00e1 tudo pronto e as \u00faltimas vagas est\u00e3o sendo preenchidas.<\/p>\n","protected":false},"author":3,"featured_media":0,"comment_status":"open","ping_status":"open","sticky":false,"template":"","format":"standard","meta":{"_acf_changed":false,"footnotes":""},"categories":[4],"tags":[],"class_list":["post-65250","post","type-post","status-publish","format-standard","hentry","category-saude"],"acf":[],"yoast_head":"<!-- This site is optimized with the Yoast SEO plugin v27.4 - https:\/\/yoast.com\/product\/yoast-seo-wordpress\/ -->\n<title>TUDO PRONTO PARA RECEBER PARTICIPANTES DO II CONGRESSO IMIP DE SA\u00daDE INTEGRAL DO VALE DO M\u00c9DIO S\u00c3O FRANCISCO - Blog do Farn\u00e9sio<\/title>\n<meta name=\"robots\" content=\"index, follow, max-snippet:-1, max-image-preview:large, max-video-preview:-1\" \/>\n<link rel=\"canonical\" href=\"https:\/\/blogdofarnesio.com.br\/?p=65250\" \/>\n<meta property=\"og:locale\" content=\"pt_BR\" \/>\n<meta property=\"og:type\" content=\"article\" \/>\n<meta property=\"og:title\" content=\"TUDO PRONTO PARA RECEBER PARTICIPANTES DO II CONGRESSO IMIP DE SA\u00daDE INTEGRAL DO VALE DO M\u00c9DIO S\u00c3O FRANCISCO - Blog do Farn\u00e9sio\" \/>\n<meta property=\"og:description\" content=\"A coordena\u00e7\u00e3o do II Congresso IMIP de Sa\u00fade Integral do Vale do M\u00e9dio S\u00e3o Francisco agora aguarda apenas os congressistas. Toda a estrutura organizacional j\u00e1 est\u00e1 pronta para o evento que vai reunir profissionais de diversas \u00e1reas da sa\u00fade e estudantes. O II Congresso IMIP que ser\u00e1 realizado em Juazeiro a partir dessa quinta-feira, nos dias 28 a 30 de novembro, registrou recorde de inscri\u00e7\u00f5es, contando com as \u00faltimas vagas. Os interessados em participar do evento ainda podem se inscrever atrav\u00e9s do site ou durante a abertura. As inscri\u00e7\u00f5es s\u00e3o feitas pelo site www.congressoimip2013.com.br. Tamb\u00e9m, profissionais e estudantes j\u00e1 inscritos, devem ficar atentos ao prazo de pagamento do boleto banc\u00e1rio. \u201cEst\u00e1 tudo pronto e as \u00faltimas vagas est\u00e3o sendo preenchidas.\" \/>\n<meta property=\"og:url\" content=\"https:\/\/blogdofarnesio.com.br\/?p=65250\" \/>\n<meta property=\"og:site_name\" content=\"Blog do Farn\u00e9sio\" \/>\n<meta property=\"article:publisher\" content=\"https:\/\/www.facebook.com\/BlogQuerSaberPolitica\/\" \/>\n<meta property=\"article:published_time\" content=\"2013-11-28T18:43:20+00:00\" \/>\n<meta property=\"og:image\" content=\"http:\/\/www.quersaberpolitica.com.br\/2016\/wp-content\/uploads\/2013\/11\/image004-212x300.jpg\" \/>\n<meta name=\"author\" content=\"teste\" \/>\n<meta name=\"twitter:card\" content=\"summary_large_image\" \/>\n<meta name=\"twitter:label1\" content=\"Escrito por\" \/>\n\t<meta name=\"twitter:data1\" content=\"teste\" \/>\n\t<meta name=\"twitter:label2\" content=\"Est. tempo de leitura\" \/>\n\t<meta name=\"twitter:data2\" content=\"2 minutos\" \/>\n<script type=\"application\/ld+json\" class=\"yoast-schema-graph\">{\"@context\":\"https:\\\/\\\/schema.org\",\"@graph\":[{\"@type\":\"Article\",\"@id\":\"https:\\\/\\\/blogdofarnesio.com.br\\\/?p=65250#article\",\"isPartOf\":{\"@id\":\"https:\\\/\\\/blogdofarnesio.com.br\\\/?p=65250\"},\"author\":{\"name\":\"teste\",\"@id\":\"https:\\\/\\\/blogdofarnesio.com.br\\\/#\\\/schema\\\/person\\\/dd1bf5eba40b687199ba45ca6b97dff9\"},\"headline\":\"TUDO PRONTO PARA RECEBER PARTICIPANTES DO II CONGRESSO IMIP DE SA\u00daDE INTEGRAL DO VALE DO M\u00c9DIO S\u00c3O FRANCISCO\",\"datePublished\":\"2013-11-28T18:43:20+00:00\",\"mainEntityOfPage\":{\"@id\":\"https:\\\/\\\/blogdofarnesio.com.br\\\/?p=65250\"},\"wordCount\":401,\"commentCount\":0,\"publisher\":{\"@id\":\"https:\\\/\\\/blogdofarnesio.com.br\\\/#organization\"},\"image\":{\"@id\":\"https:\\\/\\\/blogdofarnesio.com.br\\\/?p=65250#primaryimage\"},\"thumbnailUrl\":\"http:\\\/\\\/www.quersaberpolitica.com.br\\\/2016\\\/wp-content\\\/uploads\\\/2013\\\/11\\\/image004-212x300.jpg\",\"articleSection\":[\"Sa\u00fade\"],\"inLanguage\":\"pt-BR\",\"potentialAction\":[{\"@type\":\"CommentAction\",\"name\":\"Comment\",\"target\":[\"https:\\\/\\\/blogdofarnesio.com.br\\\/?p=65250#respond\"]}]},{\"@type\":\"WebPage\",\"@id\":\"https:\\\/\\\/blogdofarnesio.com.br\\\/?p=65250\",\"url\":\"https:\\\/\\\/blogdofarnesio.com.br\\\/?p=65250\",\"name\":\"TUDO PRONTO PARA RECEBER PARTICIPANTES DO II CONGRESSO IMIP DE SA\u00daDE INTEGRAL DO VALE DO M\u00c9DIO S\u00c3O FRANCISCO - Blog do Farn\u00e9sio\",\"isPartOf\":{\"@id\":\"https:\\\/\\\/blogdofarnesio.com.br\\\/#website\"},\"primaryImageOfPage\":{\"@id\":\"https:\\\/\\\/blogdofarnesio.com.br\\\/?p=65250#primaryimage\"},\"image\":{\"@id\":\"https:\\\/\\\/blogdofarnesio.com.br\\\/?p=65250#primaryimage\"},\"thumbnailUrl\":\"http:\\\/\\\/www.quersaberpolitica.com.br\\\/2016\\\/wp-content\\\/uploads\\\/2013\\\/11\\\/image004-212x300.jpg\",\"datePublished\":\"2013-11-28T18:43:20+00:00\",\"breadcrumb\":{\"@id\":\"https:\\\/\\\/blogdofarnesio.com.br\\\/?p=65250#breadcrumb\"},\"inLanguage\":\"pt-BR\",\"potentialAction\":[{\"@type\":\"ReadAction\",\"target\":[\"https:\\\/\\\/blogdofarnesio.com.br\\\/?p=65250\"]}]},{\"@type\":\"ImageObject\",\"inLanguage\":\"pt-BR\",\"@id\":\"https:\\\/\\\/blogdofarnesio.com.br\\\/?p=65250#primaryimage\",\"url\":\"http:\\\/\\\/www.quersaberpolitica.com.br\\\/2016\\\/wp-content\\\/uploads\\\/2013\\\/11\\\/image004-212x300.jpg\",\"contentUrl\":\"http:\\\/\\\/www.quersaberpolitica.com.br\\\/2016\\\/wp-content\\\/uploads\\\/2013\\\/11\\\/image004-212x300.jpg\"},{\"@type\":\"BreadcrumbList\",\"@id\":\"https:\\\/\\\/blogdofarnesio.com.br\\\/?p=65250#breadcrumb\",\"itemListElement\":[{\"@type\":\"ListItem\",\"position\":1,\"name\":\"In\u00edcio\",\"item\":\"https:\\\/\\\/blogdofarnesio.com.br\\\/\"},{\"@type\":\"ListItem\",\"position\":2,\"name\":\"TUDO PRONTO PARA RECEBER PARTICIPANTES DO II CONGRESSO IMIP DE SA\u00daDE INTEGRAL DO VALE DO M\u00c9DIO S\u00c3O FRANCISCO\"}]},{\"@type\":\"WebSite\",\"@id\":\"https:\\\/\\\/blogdofarnesio.com.br\\\/#website\",\"url\":\"https:\\\/\\\/blogdofarnesio.com.br\\\/\",\"name\":\"Blog do Farn\u00e9sio\",\"description\":\"Quer Saber Pol\u00edtica?\",\"publisher\":{\"@id\":\"https:\\\/\\\/blogdofarnesio.com.br\\\/#organization\"},\"potentialAction\":[{\"@type\":\"SearchAction\",\"target\":{\"@type\":\"EntryPoint\",\"urlTemplate\":\"https:\\\/\\\/blogdofarnesio.com.br\\\/?s={search_term_string}\"},\"query-input\":{\"@type\":\"PropertyValueSpecification\",\"valueRequired\":true,\"valueName\":\"search_term_string\"}}],\"inLanguage\":\"pt-BR\"},{\"@type\":\"Organization\",\"@id\":\"https:\\\/\\\/blogdofarnesio.com.br\\\/#organization\",\"name\":\"Blog do Farn\u00e9sio\",\"url\":\"https:\\\/\\\/blogdofarnesio.com.br\\\/\",\"logo\":{\"@type\":\"ImageObject\",\"inLanguage\":\"pt-BR\",\"@id\":\"https:\\\/\\\/blogdofarnesio.com.br\\\/#\\\/schema\\\/logo\\\/image\\\/\",\"url\":\"https:\\\/\\\/blogdofarnesio.com.br\\\/wp-content\\\/uploads\\\/2026\\\/03\\\/cropped-logo_new-1.png\",\"contentUrl\":\"https:\\\/\\\/blogdofarnesio.com.br\\\/wp-content\\\/uploads\\\/2026\\\/03\\\/cropped-logo_new-1.png\",\"width\":881,\"height\":685,\"caption\":\"Blog do Farn\u00e9sio\"},\"image\":{\"@id\":\"https:\\\/\\\/blogdofarnesio.com.br\\\/#\\\/schema\\\/logo\\\/image\\\/\"},\"sameAs\":[\"https:\\\/\\\/www.facebook.com\\\/BlogQuerSaberPolitica\\\/\"]},{\"@type\":\"Person\",\"@id\":\"https:\\\/\\\/blogdofarnesio.com.br\\\/#\\\/schema\\\/person\\\/dd1bf5eba40b687199ba45ca6b97dff9\",\"name\":\"teste\",\"image\":{\"@type\":\"ImageObject\",\"inLanguage\":\"pt-BR\",\"@id\":\"https:\\\/\\\/secure.gravatar.com\\\/avatar\\\/2172498d4914b51e1d89a0f97957b035ac4938723a5cac208135d389b6972a6d?s=96&d=mm&r=g\",\"url\":\"https:\\\/\\\/secure.gravatar.com\\\/avatar\\\/2172498d4914b51e1d89a0f97957b035ac4938723a5cac208135d389b6972a6d?s=96&d=mm&r=g\",\"contentUrl\":\"https:\\\/\\\/secure.gravatar.com\\\/avatar\\\/2172498d4914b51e1d89a0f97957b035ac4938723a5cac208135d389b6972a6d?s=96&d=mm&r=g\",\"caption\":\"teste\"},\"url\":\"https:\\\/\\\/blogdofarnesio.com.br\\\/?author=3\"}]}<\/script>\n<!-- \/ Yoast SEO plugin. -->","yoast_head_json":{"title":"TUDO PRONTO PARA RECEBER PARTICIPANTES DO II CONGRESSO IMIP DE SA\u00daDE INTEGRAL DO VALE DO M\u00c9DIO S\u00c3O FRANCISCO - Blog do Farn\u00e9sio","robots":{"index":"index","follow":"follow","max-snippet":"max-snippet:-1","max-image-preview":"max-image-preview:large","max-video-preview":"max-video-preview:-1"},"canonical":"https:\/\/blogdofarnesio.com.br\/?p=65250","og_locale":"pt_BR","og_type":"article","og_title":"TUDO PRONTO PARA RECEBER PARTICIPANTES DO II CONGRESSO IMIP DE SA\u00daDE INTEGRAL DO VALE DO M\u00c9DIO S\u00c3O FRANCISCO - Blog do Farn\u00e9sio","og_description":"A coordena\u00e7\u00e3o do II Congresso IMIP de Sa\u00fade Integral do Vale do M\u00e9dio S\u00e3o Francisco agora aguarda apenas os congressistas. Toda a estrutura organizacional j\u00e1 est\u00e1 pronta para o evento que vai reunir profissionais de diversas \u00e1reas da sa\u00fade e estudantes. O II Congresso IMIP que ser\u00e1 realizado em Juazeiro a partir dessa quinta-feira, nos dias 28 a 30 de novembro, registrou recorde de inscri\u00e7\u00f5es, contando com as \u00faltimas vagas. Os interessados em participar do evento ainda podem se inscrever atrav\u00e9s do site ou durante a abertura. As inscri\u00e7\u00f5es s\u00e3o feitas pelo site www.congressoimip2013.com.br. Tamb\u00e9m, profissionais e estudantes j\u00e1 inscritos, devem ficar atentos ao prazo de pagamento do boleto banc\u00e1rio. \u201cEst\u00e1 tudo pronto e as \u00faltimas vagas est\u00e3o sendo preenchidas.","og_url":"https:\/\/blogdofarnesio.com.br\/?p=65250","og_site_name":"Blog do Farn\u00e9sio","article_publisher":"https:\/\/www.facebook.com\/BlogQuerSaberPolitica\/","article_published_time":"2013-11-28T18:43:20+00:00","og_image":[{"url":"http:\/\/www.quersaberpolitica.com.br\/2016\/wp-content\/uploads\/2013\/11\/image004-212x300.jpg","type":"","width":"","height":""}],"author":"teste","twitter_card":"summary_large_image","twitter_misc":{"Escrito por":"teste","Est. tempo de leitura":"2 minutos"},"schema":{"@context":"https:\/\/schema.org","@graph":[{"@type":"Article","@id":"https:\/\/blogdofarnesio.com.br\/?p=65250#article","isPartOf":{"@id":"https:\/\/blogdofarnesio.com.br\/?p=65250"},"author":{"name":"teste","@id":"https:\/\/blogdofarnesio.com.br\/#\/schema\/person\/dd1bf5eba40b687199ba45ca6b97dff9"},"headline":"TUDO PRONTO PARA RECEBER PARTICIPANTES DO II CONGRESSO IMIP DE SA\u00daDE INTEGRAL DO VALE DO M\u00c9DIO S\u00c3O FRANCISCO","datePublished":"2013-11-28T18:43:20+00:00","mainEntityOfPage":{"@id":"https:\/\/blogdofarnesio.com.br\/?p=65250"},"wordCount":401,"commentCount":0,"publisher":{"@id":"https:\/\/blogdofarnesio.com.br\/#organization"},"image":{"@id":"https:\/\/blogdofarnesio.com.br\/?p=65250#primaryimage"},"thumbnailUrl":"http:\/\/www.quersaberpolitica.com.br\/2016\/wp-content\/uploads\/2013\/11\/image004-212x300.jpg","articleSection":["Sa\u00fade"],"inLanguage":"pt-BR","potentialAction":[{"@type":"CommentAction","name":"Comment","target":["https:\/\/blogdofarnesio.com.br\/?p=65250#respond"]}]},{"@type":"WebPage","@id":"https:\/\/blogdofarnesio.com.br\/?p=65250","url":"https:\/\/blogdofarnesio.com.br\/?p=65250","name":"TUDO PRONTO PARA RECEBER PARTICIPANTES DO II CONGRESSO IMIP DE SA\u00daDE INTEGRAL DO VALE DO M\u00c9DIO S\u00c3O FRANCISCO - Blog do Farn\u00e9sio","isPartOf":{"@id":"https:\/\/blogdofarnesio.com.br\/#website"},"primaryImageOfPage":{"@id":"https:\/\/blogdofarnesio.com.br\/?p=65250#primaryimage"},"image":{"@id":"https:\/\/blogdofarnesio.com.br\/?p=65250#primaryimage"},"thumbnailUrl":"http:\/\/www.quersaberpolitica.com.br\/2016\/wp-content\/uploads\/2013\/11\/image004-212x300.jpg","datePublished":"2013-11-28T18:43:20+00:00","breadcrumb":{"@id":"https:\/\/blogdofarnesio.com.br\/?p=65250#breadcrumb"},"inLanguage":"pt-BR","potentialAction":[{"@type":"ReadAction","target":["https:\/\/blogdofarnesio.com.br\/?p=65250"]}]},{"@type":"ImageObject","inLanguage":"pt-BR","@id":"https:\/\/blogdofarnesio.com.br\/?p=65250#primaryimage","url":"http:\/\/www.quersaberpolitica.com.br\/2016\/wp-content\/uploads\/2013\/11\/image004-212x300.jpg","contentUrl":"http:\/\/www.quersaberpolitica.com.br\/2016\/wp-content\/uploads\/2013\/11\/image004-212x300.jpg"},{"@type":"BreadcrumbList","@id":"https:\/\/blogdofarnesio.com.br\/?p=65250#breadcrumb","itemListElement":[{"@type":"ListItem","position":1,"name":"In\u00edcio","item":"https:\/\/blogdofarnesio.com.br\/"},{"@type":"ListItem","position":2,"name":"TUDO PRONTO PARA RECEBER PARTICIPANTES DO II CONGRESSO IMIP DE SA\u00daDE INTEGRAL DO VALE DO M\u00c9DIO S\u00c3O FRANCISCO"}]},{"@type":"WebSite","@id":"https:\/\/blogdofarnesio.com.br\/#website","url":"https:\/\/blogdofarnesio.com.br\/","name":"Blog do Farn\u00e9sio","description":"Quer Saber Pol\u00edtica?","publisher":{"@id":"https:\/\/blogdofarnesio.com.br\/#organization"},"potentialAction":[{"@type":"SearchAction","target":{"@type":"EntryPoint","urlTemplate":"https:\/\/blogdofarnesio.com.br\/?s={search_term_string}"},"query-input":{"@type":"PropertyValueSpecification","valueRequired":true,"valueName":"search_term_string"}}],"inLanguage":"pt-BR"},{"@type":"Organization","@id":"https:\/\/blogdofarnesio.com.br\/#organization","name":"Blog do Farn\u00e9sio","url":"https:\/\/blogdofarnesio.com.br\/","logo":{"@type":"ImageObject","inLanguage":"pt-BR","@id":"https:\/\/blogdofarnesio.com.br\/#\/schema\/logo\/image\/","url":"https:\/\/blogdofarnesio.com.br\/wp-content\/uploads\/2026\/03\/cropped-logo_new-1.png","contentUrl":"https:\/\/blogdofarnesio.com.br\/wp-content\/uploads\/2026\/03\/cropped-logo_new-1.png","width":881,"height":685,"caption":"Blog do Farn\u00e9sio"},"image":{"@id":"https:\/\/blogdofarnesio.com.br\/#\/schema\/logo\/image\/"},"sameAs":["https:\/\/www.facebook.com\/BlogQuerSaberPolitica\/"]},{"@type":"Person","@id":"https:\/\/blogdofarnesio.com.br\/#\/schema\/person\/dd1bf5eba40b687199ba45ca6b97dff9","name":"teste","image":{"@type":"ImageObject","inLanguage":"pt-BR","@id":"https:\/\/secure.gravatar.com\/avatar\/2172498d4914b51e1d89a0f97957b035ac4938723a5cac208135d389b6972a6d?s=96&d=mm&r=g","url":"https:\/\/secure.gravatar.com\/avatar\/2172498d4914b51e1d89a0f97957b035ac4938723a5cac208135d389b6972a6d?s=96&d=mm&r=g","contentUrl":"https:\/\/secure.gravatar.com\/avatar\/2172498d4914b51e1d89a0f97957b035ac4938723a5cac208135d389b6972a6d?s=96&d=mm&r=g","caption":"teste"},"url":"https:\/\/blogdofarnesio.com.br\/?author=3"}]}},"_links":{"self":[{"href":"https:\/\/blogdofarnesio.com.br\/index.php?rest_route=\/wp\/v2\/posts\/65250","targetHints":{"allow":["GET"]}}],"collection":[{"href":"https:\/\/blogdofarnesio.com.br\/index.php?rest_route=\/wp\/v2\/posts"}],"about":[{"href":"https:\/\/blogdofarnesio.com.br\/index.php?rest_route=\/wp\/v2\/types\/post"}],"author":[{"embeddable":true,"href":"https:\/\/blogdofarnesio.com.br\/index.php?rest_route=\/wp\/v2\/users\/3"}],"replies":[{"embeddable":true,"href":"https:\/\/blogdofarnesio.com.br\/index.php?rest_route=%2Fwp%2Fv2%2Fcomments&post=65250"}],"version-history":[{"count":0,"href":"https:\/\/blogdofarnesio.com.br\/index.php?rest_route=\/wp\/v2\/posts\/65250\/revisions"}],"wp:attachment":[{"href":"https:\/\/blogdofarnesio.com.br\/index.php?rest_route=%2Fwp%2Fv2%2Fmedia&parent=65250"}],"wp:term":[{"taxonomy":"category","embeddable":true,"href":"https:\/\/blogdofarnesio.com.br\/index.php?rest_route=%2Fwp%2Fv2%2Fcategories&post=65250"},{"taxonomy":"post_tag","embeddable":true,"href":"https:\/\/blogdofarnesio.com.br\/index.php?rest_route=%2Fwp%2Fv2%2Ftags&post=65250"}],"curies":[{"name":"wp","href":"https:\/\/api.w.org\/{rel}","templated":true}]}}