{"id":65223,"date":"2013-11-28T08:02:57","date_gmt":"2013-11-28T11:02:57","guid":{"rendered":"http:\/\/www.quersaberpolitica.com.br\/?p=65223"},"modified":"2013-11-27T20:38:49","modified_gmt":"2013-11-27T23:38:49","slug":"atleta-petrolinense-defende-nome-da-cidade-no-mundial-de-atletismo","status":"publish","type":"post","link":"https:\/\/blogdofarnesio.com.br\/?p=65223","title":{"rendered":"ATLETA PETROLINENSE DEFENDE NOME DA CIDADE NO MUNDIAL DE ATLETISMO"},"content":{"rendered":"<p style=\"text-align: justify\"><a href=\"http:\/\/www.quersaberpolitica.com.br\/2016\/wp-content\/uploads\/2013\/11\/blogqspatletafelipeSilva.jpg\"><img loading=\"lazy\" decoding=\"async\" class=\"alignleft size-medium wp-image-65224\" alt=\"blogqspatletafelipeSilva\" src=\"http:\/\/www.quersaberpolitica.com.br\/2016\/wp-content\/uploads\/2013\/11\/blogqspatletafelipeSilva-300x293.jpg\" width=\"300\" height=\"293\" srcset=\"https:\/\/blogdofarnesio.com.br\/wp-content\/uploads\/2013\/11\/blogqspatletafelipeSilva-300x293.jpg 300w, https:\/\/blogdofarnesio.com.br\/wp-content\/uploads\/2013\/11\/blogqspatletafelipeSilva-306x300.jpg 306w, https:\/\/blogdofarnesio.com.br\/wp-content\/uploads\/2013\/11\/blogqspatletafelipeSilva.jpg 343w\" sizes=\"auto, (max-width: 300px) 100vw, 300px\" \/><\/a>Felipe Silva (foto), atleta da APA, est\u00e1 na capital brasileira para mais uma competi\u00e7\u00e3o. Ele participa do mundial de atletismo,\u00a0<a href=\"https:\/\/www.facebook.com\/gymnasiade?directed_target_id=0\" target=\"_blank\">Gymnasiade Brazil 2013<\/a>.<\/p>\n<p style=\"text-align: justify\">A competi\u00e7\u00e3o acorre de 27 de novembro \u00e0 04 de dezembro de 2013 em Bras\u00edlia, Distrito Federal.<\/p>\n<div style=\"text-align: justify\"><\/div>\n<div style=\"text-align: justify\">O atleta \u00a0classificou-se na edi\u00e7\u00e3o brasileira no m\u00eas de setembro na \u00a0prova dos 400 mts. Com isso, al\u00e9m de participar dessa prova o atleta tamb\u00e9m vai integrar a equipe brasileira de revezamento medley no mundial escolarl.<\/div>\n<div style=\"text-align: justify\"><\/div>\n<div style=\"text-align: justify\">A Gymnasiade, que nunca aconteceu na Am\u00e9rica, ir\u00e1 reunir os pa\u00edses que s\u00e3o filiados da ISF nas modalidades de: atletismo, nata\u00e7\u00e3o, gin\u00e1stica r\u00edtmica e art\u00edstica. A Gymnasiade \u00e9 o evento mais importante da Federa\u00e7\u00e3o Internacional do Desporto Escolar (ISF) e acontece de 04 em 04 anos.<\/div>\n","protected":false},"excerpt":{"rendered":"<p>Felipe Silva (foto), atleta da APA, est\u00e1 na capital brasileira para mais uma competi\u00e7\u00e3o. Ele participa do mundial de atletismo,\u00a0Gymnasiade Brazil 2013. A competi\u00e7\u00e3o acorre de 27 de novembro \u00e0 04 de dezembro de 2013 em Bras\u00edlia, Distrito Federal. O atleta \u00a0classificou-se na edi\u00e7\u00e3o brasileira no m\u00eas de setembro na \u00a0prova dos 400 mts. Com isso, al\u00e9m de participar dessa prova o atleta tamb\u00e9m vai integrar a equipe brasileira de revezamento medley no mundial escolarl. A Gymnasiade, que nunca aconteceu na Am\u00e9rica, ir\u00e1 reunir os pa\u00edses que s\u00e3o filiados da ISF nas modalidades de: atletismo, nata\u00e7\u00e3o, gin\u00e1stica r\u00edtmica e art\u00edstica. A Gymnasiade \u00e9 o evento mais importante da Federa\u00e7\u00e3o Internacional do Desporto Escolar (ISF) e acontece de 04 em 04&hellip; <\/p>\n","protected":false},"author":3,"featured_media":0,"comment_status":"open","ping_status":"open","sticky":false,"template":"","format":"standard","meta":{"_acf_changed":false,"footnotes":""},"categories":[22,8],"tags":[],"class_list":["post-65223","post","type-post","status-publish","format-standard","hentry","category-acao-social","category-esportes"],"acf":[],"yoast_head":"<!-- This site is optimized with the Yoast SEO plugin v27.4 - https:\/\/yoast.com\/product\/yoast-seo-wordpress\/ -->\n<title>ATLETA PETROLINENSE DEFENDE NOME DA CIDADE NO MUNDIAL DE ATLETISMO - Blog do Farn\u00e9sio<\/title>\n<meta name=\"robots\" content=\"index, follow, max-snippet:-1, max-image-preview:large, max-video-preview:-1\" \/>\n<link rel=\"canonical\" href=\"https:\/\/blogdofarnesio.com.br\/?p=65223\" \/>\n<meta property=\"og:locale\" content=\"pt_BR\" \/>\n<meta property=\"og:type\" content=\"article\" \/>\n<meta property=\"og:title\" content=\"ATLETA PETROLINENSE DEFENDE NOME DA CIDADE NO MUNDIAL DE ATLETISMO - Blog do Farn\u00e9sio\" \/>\n<meta property=\"og:description\" content=\"Felipe Silva (foto), atleta da APA, est\u00e1 na capital brasileira para mais uma competi\u00e7\u00e3o. Ele participa do mundial de atletismo,\u00a0Gymnasiade Brazil 2013. A competi\u00e7\u00e3o acorre de 27 de novembro \u00e0 04 de dezembro de 2013 em Bras\u00edlia, Distrito Federal. O atleta \u00a0classificou-se na edi\u00e7\u00e3o brasileira no m\u00eas de setembro na \u00a0prova dos 400 mts. Com isso, al\u00e9m de participar dessa prova o atleta tamb\u00e9m vai integrar a equipe brasileira de revezamento medley no mundial escolarl. A Gymnasiade, que nunca aconteceu na Am\u00e9rica, ir\u00e1 reunir os pa\u00edses que s\u00e3o filiados da ISF nas modalidades de: atletismo, nata\u00e7\u00e3o, gin\u00e1stica r\u00edtmica e art\u00edstica. A Gymnasiade \u00e9 o evento mais importante da Federa\u00e7\u00e3o Internacional do Desporto Escolar (ISF) e acontece de 04 em 04&hellip;\" \/>\n<meta property=\"og:url\" content=\"https:\/\/blogdofarnesio.com.br\/?p=65223\" \/>\n<meta property=\"og:site_name\" content=\"Blog do Farn\u00e9sio\" \/>\n<meta property=\"article:publisher\" content=\"https:\/\/www.facebook.com\/BlogQuerSaberPolitica\/\" \/>\n<meta property=\"article:published_time\" content=\"2013-11-28T11:02:57+00:00\" \/>\n<meta property=\"og:image\" content=\"http:\/\/www.quersaberpolitica.com.br\/2016\/wp-content\/uploads\/2013\/11\/blogqspatletafelipeSilva-300x293.jpg\" \/>\n<meta name=\"author\" content=\"teste\" \/>\n<meta name=\"twitter:card\" content=\"summary_large_image\" \/>\n<meta name=\"twitter:label1\" content=\"Escrito por\" \/>\n\t<meta name=\"twitter:data1\" content=\"teste\" \/>\n\t<meta name=\"twitter:label2\" content=\"Est. tempo de leitura\" \/>\n\t<meta name=\"twitter:data2\" content=\"1 minuto\" \/>\n<script type=\"application\/ld+json\" class=\"yoast-schema-graph\">{\"@context\":\"https:\\\/\\\/schema.org\",\"@graph\":[{\"@type\":\"Article\",\"@id\":\"https:\\\/\\\/blogdofarnesio.com.br\\\/?p=65223#article\",\"isPartOf\":{\"@id\":\"https:\\\/\\\/blogdofarnesio.com.br\\\/?p=65223\"},\"author\":{\"name\":\"teste\",\"@id\":\"https:\\\/\\\/blogdofarnesio.com.br\\\/#\\\/schema\\\/person\\\/dd1bf5eba40b687199ba45ca6b97dff9\"},\"headline\":\"ATLETA PETROLINENSE DEFENDE NOME DA CIDADE NO MUNDIAL DE ATLETISMO\",\"datePublished\":\"2013-11-28T11:02:57+00:00\",\"mainEntityOfPage\":{\"@id\":\"https:\\\/\\\/blogdofarnesio.com.br\\\/?p=65223\"},\"wordCount\":138,\"commentCount\":0,\"publisher\":{\"@id\":\"https:\\\/\\\/blogdofarnesio.com.br\\\/#organization\"},\"image\":{\"@id\":\"https:\\\/\\\/blogdofarnesio.com.br\\\/?p=65223#primaryimage\"},\"thumbnailUrl\":\"http:\\\/\\\/www.quersaberpolitica.com.br\\\/2016\\\/wp-content\\\/uploads\\\/2013\\\/11\\\/blogqspatletafelipeSilva-300x293.jpg\",\"articleSection\":[\"A\u00e7\u00e3o Social\",\"Esportes\"],\"inLanguage\":\"pt-BR\",\"potentialAction\":[{\"@type\":\"CommentAction\",\"name\":\"Comment\",\"target\":[\"https:\\\/\\\/blogdofarnesio.com.br\\\/?p=65223#respond\"]}]},{\"@type\":\"WebPage\",\"@id\":\"https:\\\/\\\/blogdofarnesio.com.br\\\/?p=65223\",\"url\":\"https:\\\/\\\/blogdofarnesio.com.br\\\/?p=65223\",\"name\":\"ATLETA PETROLINENSE DEFENDE NOME DA CIDADE NO MUNDIAL DE ATLETISMO - Blog do Farn\u00e9sio\",\"isPartOf\":{\"@id\":\"https:\\\/\\\/blogdofarnesio.com.br\\\/#website\"},\"primaryImageOfPage\":{\"@id\":\"https:\\\/\\\/blogdofarnesio.com.br\\\/?p=65223#primaryimage\"},\"image\":{\"@id\":\"https:\\\/\\\/blogdofarnesio.com.br\\\/?p=65223#primaryimage\"},\"thumbnailUrl\":\"http:\\\/\\\/www.quersaberpolitica.com.br\\\/2016\\\/wp-content\\\/uploads\\\/2013\\\/11\\\/blogqspatletafelipeSilva-300x293.jpg\",\"datePublished\":\"2013-11-28T11:02:57+00:00\",\"breadcrumb\":{\"@id\":\"https:\\\/\\\/blogdofarnesio.com.br\\\/?p=65223#breadcrumb\"},\"inLanguage\":\"pt-BR\",\"potentialAction\":[{\"@type\":\"ReadAction\",\"target\":[\"https:\\\/\\\/blogdofarnesio.com.br\\\/?p=65223\"]}]},{\"@type\":\"ImageObject\",\"inLanguage\":\"pt-BR\",\"@id\":\"https:\\\/\\\/blogdofarnesio.com.br\\\/?p=65223#primaryimage\",\"url\":\"http:\\\/\\\/www.quersaberpolitica.com.br\\\/2016\\\/wp-content\\\/uploads\\\/2013\\\/11\\\/blogqspatletafelipeSilva-300x293.jpg\",\"contentUrl\":\"http:\\\/\\\/www.quersaberpolitica.com.br\\\/2016\\\/wp-content\\\/uploads\\\/2013\\\/11\\\/blogqspatletafelipeSilva-300x293.jpg\"},{\"@type\":\"BreadcrumbList\",\"@id\":\"https:\\\/\\\/blogdofarnesio.com.br\\\/?p=65223#breadcrumb\",\"itemListElement\":[{\"@type\":\"ListItem\",\"position\":1,\"name\":\"In\u00edcio\",\"item\":\"https:\\\/\\\/blogdofarnesio.com.br\\\/\"},{\"@type\":\"ListItem\",\"position\":2,\"name\":\"ATLETA PETROLINENSE DEFENDE NOME DA CIDADE NO MUNDIAL DE ATLETISMO\"}]},{\"@type\":\"WebSite\",\"@id\":\"https:\\\/\\\/blogdofarnesio.com.br\\\/#website\",\"url\":\"https:\\\/\\\/blogdofarnesio.com.br\\\/\",\"name\":\"Blog do Farn\u00e9sio\",\"description\":\"Quer Saber Pol\u00edtica?\",\"publisher\":{\"@id\":\"https:\\\/\\\/blogdofarnesio.com.br\\\/#organization\"},\"potentialAction\":[{\"@type\":\"SearchAction\",\"target\":{\"@type\":\"EntryPoint\",\"urlTemplate\":\"https:\\\/\\\/blogdofarnesio.com.br\\\/?s={search_term_string}\"},\"query-input\":{\"@type\":\"PropertyValueSpecification\",\"valueRequired\":true,\"valueName\":\"search_term_string\"}}],\"inLanguage\":\"pt-BR\"},{\"@type\":\"Organization\",\"@id\":\"https:\\\/\\\/blogdofarnesio.com.br\\\/#organization\",\"name\":\"Blog do Farn\u00e9sio\",\"url\":\"https:\\\/\\\/blogdofarnesio.com.br\\\/\",\"logo\":{\"@type\":\"ImageObject\",\"inLanguage\":\"pt-BR\",\"@id\":\"https:\\\/\\\/blogdofarnesio.com.br\\\/#\\\/schema\\\/logo\\\/image\\\/\",\"url\":\"https:\\\/\\\/blogdofarnesio.com.br\\\/wp-content\\\/uploads\\\/2026\\\/03\\\/cropped-logo_new-1.png\",\"contentUrl\":\"https:\\\/\\\/blogdofarnesio.com.br\\\/wp-content\\\/uploads\\\/2026\\\/03\\\/cropped-logo_new-1.png\",\"width\":881,\"height\":685,\"caption\":\"Blog do Farn\u00e9sio\"},\"image\":{\"@id\":\"https:\\\/\\\/blogdofarnesio.com.br\\\/#\\\/schema\\\/logo\\\/image\\\/\"},\"sameAs\":[\"https:\\\/\\\/www.facebook.com\\\/BlogQuerSaberPolitica\\\/\"]},{\"@type\":\"Person\",\"@id\":\"https:\\\/\\\/blogdofarnesio.com.br\\\/#\\\/schema\\\/person\\\/dd1bf5eba40b687199ba45ca6b97dff9\",\"name\":\"teste\",\"image\":{\"@type\":\"ImageObject\",\"inLanguage\":\"pt-BR\",\"@id\":\"https:\\\/\\\/secure.gravatar.com\\\/avatar\\\/2172498d4914b51e1d89a0f97957b035ac4938723a5cac208135d389b6972a6d?s=96&d=mm&r=g\",\"url\":\"https:\\\/\\\/secure.gravatar.com\\\/avatar\\\/2172498d4914b51e1d89a0f97957b035ac4938723a5cac208135d389b6972a6d?s=96&d=mm&r=g\",\"contentUrl\":\"https:\\\/\\\/secure.gravatar.com\\\/avatar\\\/2172498d4914b51e1d89a0f97957b035ac4938723a5cac208135d389b6972a6d?s=96&d=mm&r=g\",\"caption\":\"teste\"},\"url\":\"https:\\\/\\\/blogdofarnesio.com.br\\\/?author=3\"}]}<\/script>\n<!-- \/ Yoast SEO plugin. -->","yoast_head_json":{"title":"ATLETA PETROLINENSE DEFENDE NOME DA CIDADE NO MUNDIAL DE ATLETISMO - Blog do Farn\u00e9sio","robots":{"index":"index","follow":"follow","max-snippet":"max-snippet:-1","max-image-preview":"max-image-preview:large","max-video-preview":"max-video-preview:-1"},"canonical":"https:\/\/blogdofarnesio.com.br\/?p=65223","og_locale":"pt_BR","og_type":"article","og_title":"ATLETA PETROLINENSE DEFENDE NOME DA CIDADE NO MUNDIAL DE ATLETISMO - Blog do Farn\u00e9sio","og_description":"Felipe Silva (foto), atleta da APA, est\u00e1 na capital brasileira para mais uma competi\u00e7\u00e3o. Ele participa do mundial de atletismo,\u00a0Gymnasiade Brazil 2013. A competi\u00e7\u00e3o acorre de 27 de novembro \u00e0 04 de dezembro de 2013 em Bras\u00edlia, Distrito Federal. O atleta \u00a0classificou-se na edi\u00e7\u00e3o brasileira no m\u00eas de setembro na \u00a0prova dos 400 mts. Com isso, al\u00e9m de participar dessa prova o atleta tamb\u00e9m vai integrar a equipe brasileira de revezamento medley no mundial escolarl. A Gymnasiade, que nunca aconteceu na Am\u00e9rica, ir\u00e1 reunir os pa\u00edses que s\u00e3o filiados da ISF nas modalidades de: atletismo, nata\u00e7\u00e3o, gin\u00e1stica r\u00edtmica e art\u00edstica. A Gymnasiade \u00e9 o evento mais importante da Federa\u00e7\u00e3o Internacional do Desporto Escolar (ISF) e acontece de 04 em 04&hellip;","og_url":"https:\/\/blogdofarnesio.com.br\/?p=65223","og_site_name":"Blog do Farn\u00e9sio","article_publisher":"https:\/\/www.facebook.com\/BlogQuerSaberPolitica\/","article_published_time":"2013-11-28T11:02:57+00:00","og_image":[{"url":"http:\/\/www.quersaberpolitica.com.br\/2016\/wp-content\/uploads\/2013\/11\/blogqspatletafelipeSilva-300x293.jpg","type":"","width":"","height":""}],"author":"teste","twitter_card":"summary_large_image","twitter_misc":{"Escrito por":"teste","Est. tempo de leitura":"1 minuto"},"schema":{"@context":"https:\/\/schema.org","@graph":[{"@type":"Article","@id":"https:\/\/blogdofarnesio.com.br\/?p=65223#article","isPartOf":{"@id":"https:\/\/blogdofarnesio.com.br\/?p=65223"},"author":{"name":"teste","@id":"https:\/\/blogdofarnesio.com.br\/#\/schema\/person\/dd1bf5eba40b687199ba45ca6b97dff9"},"headline":"ATLETA PETROLINENSE DEFENDE NOME DA CIDADE NO MUNDIAL DE ATLETISMO","datePublished":"2013-11-28T11:02:57+00:00","mainEntityOfPage":{"@id":"https:\/\/blogdofarnesio.com.br\/?p=65223"},"wordCount":138,"commentCount":0,"publisher":{"@id":"https:\/\/blogdofarnesio.com.br\/#organization"},"image":{"@id":"https:\/\/blogdofarnesio.com.br\/?p=65223#primaryimage"},"thumbnailUrl":"http:\/\/www.quersaberpolitica.com.br\/2016\/wp-content\/uploads\/2013\/11\/blogqspatletafelipeSilva-300x293.jpg","articleSection":["A\u00e7\u00e3o Social","Esportes"],"inLanguage":"pt-BR","potentialAction":[{"@type":"CommentAction","name":"Comment","target":["https:\/\/blogdofarnesio.com.br\/?p=65223#respond"]}]},{"@type":"WebPage","@id":"https:\/\/blogdofarnesio.com.br\/?p=65223","url":"https:\/\/blogdofarnesio.com.br\/?p=65223","name":"ATLETA PETROLINENSE DEFENDE NOME DA CIDADE NO MUNDIAL DE ATLETISMO - Blog do Farn\u00e9sio","isPartOf":{"@id":"https:\/\/blogdofarnesio.com.br\/#website"},"primaryImageOfPage":{"@id":"https:\/\/blogdofarnesio.com.br\/?p=65223#primaryimage"},"image":{"@id":"https:\/\/blogdofarnesio.com.br\/?p=65223#primaryimage"},"thumbnailUrl":"http:\/\/www.quersaberpolitica.com.br\/2016\/wp-content\/uploads\/2013\/11\/blogqspatletafelipeSilva-300x293.jpg","datePublished":"2013-11-28T11:02:57+00:00","breadcrumb":{"@id":"https:\/\/blogdofarnesio.com.br\/?p=65223#breadcrumb"},"inLanguage":"pt-BR","potentialAction":[{"@type":"ReadAction","target":["https:\/\/blogdofarnesio.com.br\/?p=65223"]}]},{"@type":"ImageObject","inLanguage":"pt-BR","@id":"https:\/\/blogdofarnesio.com.br\/?p=65223#primaryimage","url":"http:\/\/www.quersaberpolitica.com.br\/2016\/wp-content\/uploads\/2013\/11\/blogqspatletafelipeSilva-300x293.jpg","contentUrl":"http:\/\/www.quersaberpolitica.com.br\/2016\/wp-content\/uploads\/2013\/11\/blogqspatletafelipeSilva-300x293.jpg"},{"@type":"BreadcrumbList","@id":"https:\/\/blogdofarnesio.com.br\/?p=65223#breadcrumb","itemListElement":[{"@type":"ListItem","position":1,"name":"In\u00edcio","item":"https:\/\/blogdofarnesio.com.br\/"},{"@type":"ListItem","position":2,"name":"ATLETA PETROLINENSE DEFENDE NOME DA CIDADE NO MUNDIAL DE ATLETISMO"}]},{"@type":"WebSite","@id":"https:\/\/blogdofarnesio.com.br\/#website","url":"https:\/\/blogdofarnesio.com.br\/","name":"Blog do Farn\u00e9sio","description":"Quer Saber Pol\u00edtica?","publisher":{"@id":"https:\/\/blogdofarnesio.com.br\/#organization"},"potentialAction":[{"@type":"SearchAction","target":{"@type":"EntryPoint","urlTemplate":"https:\/\/blogdofarnesio.com.br\/?s={search_term_string}"},"query-input":{"@type":"PropertyValueSpecification","valueRequired":true,"valueName":"search_term_string"}}],"inLanguage":"pt-BR"},{"@type":"Organization","@id":"https:\/\/blogdofarnesio.com.br\/#organization","name":"Blog do Farn\u00e9sio","url":"https:\/\/blogdofarnesio.com.br\/","logo":{"@type":"ImageObject","inLanguage":"pt-BR","@id":"https:\/\/blogdofarnesio.com.br\/#\/schema\/logo\/image\/","url":"https:\/\/blogdofarnesio.com.br\/wp-content\/uploads\/2026\/03\/cropped-logo_new-1.png","contentUrl":"https:\/\/blogdofarnesio.com.br\/wp-content\/uploads\/2026\/03\/cropped-logo_new-1.png","width":881,"height":685,"caption":"Blog do Farn\u00e9sio"},"image":{"@id":"https:\/\/blogdofarnesio.com.br\/#\/schema\/logo\/image\/"},"sameAs":["https:\/\/www.facebook.com\/BlogQuerSaberPolitica\/"]},{"@type":"Person","@id":"https:\/\/blogdofarnesio.com.br\/#\/schema\/person\/dd1bf5eba40b687199ba45ca6b97dff9","name":"teste","image":{"@type":"ImageObject","inLanguage":"pt-BR","@id":"https:\/\/secure.gravatar.com\/avatar\/2172498d4914b51e1d89a0f97957b035ac4938723a5cac208135d389b6972a6d?s=96&d=mm&r=g","url":"https:\/\/secure.gravatar.com\/avatar\/2172498d4914b51e1d89a0f97957b035ac4938723a5cac208135d389b6972a6d?s=96&d=mm&r=g","contentUrl":"https:\/\/secure.gravatar.com\/avatar\/2172498d4914b51e1d89a0f97957b035ac4938723a5cac208135d389b6972a6d?s=96&d=mm&r=g","caption":"teste"},"url":"https:\/\/blogdofarnesio.com.br\/?author=3"}]}},"_links":{"self":[{"href":"https:\/\/blogdofarnesio.com.br\/index.php?rest_route=\/wp\/v2\/posts\/65223","targetHints":{"allow":["GET"]}}],"collection":[{"href":"https:\/\/blogdofarnesio.com.br\/index.php?rest_route=\/wp\/v2\/posts"}],"about":[{"href":"https:\/\/blogdofarnesio.com.br\/index.php?rest_route=\/wp\/v2\/types\/post"}],"author":[{"embeddable":true,"href":"https:\/\/blogdofarnesio.com.br\/index.php?rest_route=\/wp\/v2\/users\/3"}],"replies":[{"embeddable":true,"href":"https:\/\/blogdofarnesio.com.br\/index.php?rest_route=%2Fwp%2Fv2%2Fcomments&post=65223"}],"version-history":[{"count":0,"href":"https:\/\/blogdofarnesio.com.br\/index.php?rest_route=\/wp\/v2\/posts\/65223\/revisions"}],"wp:attachment":[{"href":"https:\/\/blogdofarnesio.com.br\/index.php?rest_route=%2Fwp%2Fv2%2Fmedia&parent=65223"}],"wp:term":[{"taxonomy":"category","embeddable":true,"href":"https:\/\/blogdofarnesio.com.br\/index.php?rest_route=%2Fwp%2Fv2%2Fcategories&post=65223"},{"taxonomy":"post_tag","embeddable":true,"href":"https:\/\/blogdofarnesio.com.br\/index.php?rest_route=%2Fwp%2Fv2%2Ftags&post=65223"}],"curies":[{"name":"wp","href":"https:\/\/api.w.org\/{rel}","templated":true}]}}