{"id":65188,"date":"2013-11-27T20:02:24","date_gmt":"2013-11-27T23:02:24","guid":{"rendered":"http:\/\/www.quersaberpolitica.com.br\/?p=65188"},"modified":"2013-11-27T19:14:16","modified_gmt":"2013-11-27T22:14:16","slug":"diabetes-gestacional-medica-do-hdmimip-esclarece-principais-duvidas-sobre-a-doenca","status":"publish","type":"post","link":"https:\/\/blogdofarnesio.com.br\/?p=65188","title":{"rendered":"DIABETES GESTACIONAL: M\u00c9DICA DO HDM\/IMIP ESCLARECE PRINCIPAIS D\u00daVIDAS SOBRE A DOEN\u00c7A"},"content":{"rendered":"<p style=\"text-align: justify\"><a href=\"http:\/\/www.quersaberpolitica.com.br\/2016\/wp-content\/uploads\/2013\/11\/blogqsp.IMIP_.jpg\"><img loading=\"lazy\" decoding=\"async\" class=\"alignleft size-medium wp-image-64615\" alt=\"blogqsp.IMIP\" src=\"http:\/\/www.quersaberpolitica.com.br\/2016\/wp-content\/uploads\/2013\/11\/blogqsp.IMIP_-300x225.jpg\" width=\"300\" height=\"225\" srcset=\"https:\/\/blogdofarnesio.com.br\/wp-content\/uploads\/2013\/11\/blogqsp.IMIP_-300x225.jpg 300w, https:\/\/blogdofarnesio.com.br\/wp-content\/uploads\/2013\/11\/blogqsp.IMIP_.jpg 320w\" sizes=\"auto, (max-width: 300px) 100vw, 300px\" \/><\/a>A diabetes \u00e9 uma doen\u00e7a que vem crescendo e se tornando o centro de diversos estudos na medicina. O tema chama a aten\u00e7\u00e3o de profissionais e carece de esclarecimentos para a popula\u00e7\u00e3o. A ginecologista e obstetra, Fab\u00edola Leite Nunes, do Hospital Dom Malan\/IMIP, em Petrolina (PE), discorre sobre o assunto e fala sobre preven\u00e7\u00e3o, tratamento e manifesta\u00e7\u00e3o da diabetes durante a gesta\u00e7\u00e3o.<\/p>\n<p style=\"text-align: justify\">Para a m\u00e9dica, a presen\u00e7a da diabetes na gravidez muitas vezes, limita-se a um determinado per\u00edodo da gesta\u00e7\u00e3o, por\u00e9m podendo acontecer antes ou permanecer ap\u00f3s o parto.<\/p>\n<p style=\"text-align: justify\">\u201cNa gestante, geralmente a doen\u00e7a \u00e9 assintom\u00e1tica. A m\u00e3e frequentemente n\u00e3o sente nada. Algumas mulheres podem sentir aumento da vontade de comer, da sede, da frequ\u00eancia urin\u00e1ria ou outros sintomas que tamb\u00e9m s\u00e3o comuns em uma gravidez de mulher sem diabetes. Por este motivo \u00e9 muito importante que sejam feitos os exames que diagnosticam a diabetes durante o pr\u00e9-natal\u201d, explica Dra. Fab\u00edola.<!--more--><\/p>\n<p style=\"text-align: justify\">Para a preven\u00e7\u00e3o \u00e9 importante que se tenha h\u00e1bitos de vida saud\u00e1veis. Evitar comer excesso de a\u00e7\u00facar, massas e gorduras, praticar exerc\u00edcios f\u00edsicos e ter alimenta\u00e7\u00e3o rica em frutas e verduras.<\/p>\n<p style=\"text-align: justify\">\u201cNa gesta\u00e7\u00e3o, este cuidado com a dieta deve ser rigoroso, no intuito de evitar ganho excessivo de peso e doen\u00e7as como a pr\u00f3pria diabetes e hipertens\u00e3o. A gravidez, por si s\u00f3, j\u00e1 pode aumentar o risco de tais doen\u00e7as ocorrerem\u201d, pontua.<\/p>\n<p style=\"text-align: justify\">\u201cAl\u00e9m disso, a gestante diab\u00e9tica tem maior risco de desenvolver doen\u00e7as como pr\u00e9-eclampsia e complica\u00e7\u00f5es durante e ap\u00f3s o parto (normal ou cesariana), como dificuldade de retirada do beb\u00ea e hemorragias. O beb\u00ea pode ter complica\u00e7\u00f5es como ganho excessivo de peso, que pode dificultar o parto, ganho insuficiente de peso, diminui\u00e7\u00e3o ou aumento do liquido amni\u00f3tico, entre outras\u201d, Complementa a m\u00e9dica.<\/p>\n<p style=\"text-align: justify\">II Congresso IMIP de Sa\u00fade Integral do Vale do M\u00e9dio do S\u00e3o Francisco<\/p>\n<p style=\"text-align: justify\">Com a relev\u00e2ncia da tem\u00e1tica, o II Congresso IMIP de Sa\u00fade Integral do Vale do M\u00e9dio do S\u00e3o Francisco trouxe para sua grade de programa\u00e7\u00e3o de Ginecologia e Obstetr\u00edcia a discuss\u00e3o atrav\u00e9s de conferencia sobre: Diabetes na Gesta\u00e7\u00e3o: Atualiza\u00e7\u00e3o Baseada em Evidencias.<\/p>\n<p style=\"text-align: justify\">O evento acontece a partir de amanh\u00e3, quinta-feira (28), e segue at\u00e9 o s\u00e1bado (30). As inscri\u00e7\u00f5es e grade de programa\u00e7\u00e3o completa podem ser acessadas pelo site: http:\/\/www.congressoimip2013.com.br\/<\/p>\n<p>&nbsp;<\/p>\n","protected":false},"excerpt":{"rendered":"<p>A diabetes \u00e9 uma doen\u00e7a que vem crescendo e se tornando o centro de diversos estudos na medicina. O tema chama a aten\u00e7\u00e3o de profissionais e carece de esclarecimentos para a popula\u00e7\u00e3o. A ginecologista e obstetra, Fab\u00edola Leite Nunes, do Hospital Dom Malan\/IMIP, em Petrolina (PE), discorre sobre o assunto e fala sobre preven\u00e7\u00e3o, tratamento e manifesta\u00e7\u00e3o da diabetes durante a gesta\u00e7\u00e3o. Para a m\u00e9dica, a presen\u00e7a da diabetes na gravidez muitas vezes, limita-se a um determinado per\u00edodo da gesta\u00e7\u00e3o, por\u00e9m podendo acontecer antes ou permanecer ap\u00f3s o parto. \u201cNa gestante, geralmente a doen\u00e7a \u00e9 assintom\u00e1tica. A m\u00e3e frequentemente n\u00e3o sente nada. Algumas mulheres podem sentir aumento da vontade de comer, da sede, da frequ\u00eancia urin\u00e1ria ou outros sintomas que&hellip; <\/p>\n","protected":false},"author":3,"featured_media":0,"comment_status":"open","ping_status":"open","sticky":false,"template":"","format":"standard","meta":{"_acf_changed":false,"footnotes":""},"categories":[4],"tags":[],"class_list":["post-65188","post","type-post","status-publish","format-standard","hentry","category-saude"],"acf":[],"yoast_head":"<!-- This site is optimized with the Yoast SEO plugin v27.4 - https:\/\/yoast.com\/product\/yoast-seo-wordpress\/ -->\n<title>DIABETES GESTACIONAL: M\u00c9DICA DO HDM\/IMIP ESCLARECE PRINCIPAIS D\u00daVIDAS SOBRE A DOEN\u00c7A  - Blog do Farn\u00e9sio<\/title>\n<meta name=\"robots\" content=\"index, follow, max-snippet:-1, max-image-preview:large, max-video-preview:-1\" \/>\n<link rel=\"canonical\" href=\"https:\/\/blogdofarnesio.com.br\/?p=65188\" \/>\n<meta property=\"og:locale\" content=\"pt_BR\" \/>\n<meta property=\"og:type\" content=\"article\" \/>\n<meta property=\"og:title\" content=\"DIABETES GESTACIONAL: M\u00c9DICA DO HDM\/IMIP ESCLARECE PRINCIPAIS D\u00daVIDAS SOBRE A DOEN\u00c7A  - Blog do Farn\u00e9sio\" \/>\n<meta property=\"og:description\" content=\"A diabetes \u00e9 uma doen\u00e7a que vem crescendo e se tornando o centro de diversos estudos na medicina. O tema chama a aten\u00e7\u00e3o de profissionais e carece de esclarecimentos para a popula\u00e7\u00e3o. A ginecologista e obstetra, Fab\u00edola Leite Nunes, do Hospital Dom Malan\/IMIP, em Petrolina (PE), discorre sobre o assunto e fala sobre preven\u00e7\u00e3o, tratamento e manifesta\u00e7\u00e3o da diabetes durante a gesta\u00e7\u00e3o. Para a m\u00e9dica, a presen\u00e7a da diabetes na gravidez muitas vezes, limita-se a um determinado per\u00edodo da gesta\u00e7\u00e3o, por\u00e9m podendo acontecer antes ou permanecer ap\u00f3s o parto. \u201cNa gestante, geralmente a doen\u00e7a \u00e9 assintom\u00e1tica. A m\u00e3e frequentemente n\u00e3o sente nada. Algumas mulheres podem sentir aumento da vontade de comer, da sede, da frequ\u00eancia urin\u00e1ria ou outros sintomas que&hellip;\" \/>\n<meta property=\"og:url\" content=\"https:\/\/blogdofarnesio.com.br\/?p=65188\" \/>\n<meta property=\"og:site_name\" content=\"Blog do Farn\u00e9sio\" \/>\n<meta property=\"article:publisher\" content=\"https:\/\/www.facebook.com\/BlogQuerSaberPolitica\/\" \/>\n<meta property=\"article:published_time\" content=\"2013-11-27T23:02:24+00:00\" \/>\n<meta property=\"og:image\" content=\"http:\/\/www.quersaberpolitica.com.br\/2016\/wp-content\/uploads\/2013\/11\/blogqsp.IMIP_-300x225.jpg\" \/>\n<meta name=\"author\" content=\"teste\" \/>\n<meta name=\"twitter:card\" content=\"summary_large_image\" \/>\n<meta name=\"twitter:label1\" content=\"Escrito por\" \/>\n\t<meta name=\"twitter:data1\" content=\"teste\" \/>\n\t<meta name=\"twitter:label2\" content=\"Est. tempo de leitura\" \/>\n\t<meta name=\"twitter:data2\" content=\"2 minutos\" \/>\n<script type=\"application\/ld+json\" class=\"yoast-schema-graph\">{\"@context\":\"https:\\\/\\\/schema.org\",\"@graph\":[{\"@type\":\"Article\",\"@id\":\"https:\\\/\\\/blogdofarnesio.com.br\\\/?p=65188#article\",\"isPartOf\":{\"@id\":\"https:\\\/\\\/blogdofarnesio.com.br\\\/?p=65188\"},\"author\":{\"name\":\"teste\",\"@id\":\"https:\\\/\\\/blogdofarnesio.com.br\\\/#\\\/schema\\\/person\\\/dd1bf5eba40b687199ba45ca6b97dff9\"},\"headline\":\"DIABETES GESTACIONAL: M\u00c9DICA DO HDM\\\/IMIP ESCLARECE PRINCIPAIS D\u00daVIDAS SOBRE A DOEN\u00c7A\",\"datePublished\":\"2013-11-27T23:02:24+00:00\",\"mainEntityOfPage\":{\"@id\":\"https:\\\/\\\/blogdofarnesio.com.br\\\/?p=65188\"},\"wordCount\":444,\"commentCount\":0,\"publisher\":{\"@id\":\"https:\\\/\\\/blogdofarnesio.com.br\\\/#organization\"},\"image\":{\"@id\":\"https:\\\/\\\/blogdofarnesio.com.br\\\/?p=65188#primaryimage\"},\"thumbnailUrl\":\"http:\\\/\\\/www.quersaberpolitica.com.br\\\/2016\\\/wp-content\\\/uploads\\\/2013\\\/11\\\/blogqsp.IMIP_-300x225.jpg\",\"articleSection\":[\"Sa\u00fade\"],\"inLanguage\":\"pt-BR\",\"potentialAction\":[{\"@type\":\"CommentAction\",\"name\":\"Comment\",\"target\":[\"https:\\\/\\\/blogdofarnesio.com.br\\\/?p=65188#respond\"]}]},{\"@type\":\"WebPage\",\"@id\":\"https:\\\/\\\/blogdofarnesio.com.br\\\/?p=65188\",\"url\":\"https:\\\/\\\/blogdofarnesio.com.br\\\/?p=65188\",\"name\":\"DIABETES GESTACIONAL: M\u00c9DICA DO HDM\\\/IMIP ESCLARECE PRINCIPAIS D\u00daVIDAS SOBRE A DOEN\u00c7A - Blog do Farn\u00e9sio\",\"isPartOf\":{\"@id\":\"https:\\\/\\\/blogdofarnesio.com.br\\\/#website\"},\"primaryImageOfPage\":{\"@id\":\"https:\\\/\\\/blogdofarnesio.com.br\\\/?p=65188#primaryimage\"},\"image\":{\"@id\":\"https:\\\/\\\/blogdofarnesio.com.br\\\/?p=65188#primaryimage\"},\"thumbnailUrl\":\"http:\\\/\\\/www.quersaberpolitica.com.br\\\/2016\\\/wp-content\\\/uploads\\\/2013\\\/11\\\/blogqsp.IMIP_-300x225.jpg\",\"datePublished\":\"2013-11-27T23:02:24+00:00\",\"breadcrumb\":{\"@id\":\"https:\\\/\\\/blogdofarnesio.com.br\\\/?p=65188#breadcrumb\"},\"inLanguage\":\"pt-BR\",\"potentialAction\":[{\"@type\":\"ReadAction\",\"target\":[\"https:\\\/\\\/blogdofarnesio.com.br\\\/?p=65188\"]}]},{\"@type\":\"ImageObject\",\"inLanguage\":\"pt-BR\",\"@id\":\"https:\\\/\\\/blogdofarnesio.com.br\\\/?p=65188#primaryimage\",\"url\":\"http:\\\/\\\/www.quersaberpolitica.com.br\\\/2016\\\/wp-content\\\/uploads\\\/2013\\\/11\\\/blogqsp.IMIP_-300x225.jpg\",\"contentUrl\":\"http:\\\/\\\/www.quersaberpolitica.com.br\\\/2016\\\/wp-content\\\/uploads\\\/2013\\\/11\\\/blogqsp.IMIP_-300x225.jpg\"},{\"@type\":\"BreadcrumbList\",\"@id\":\"https:\\\/\\\/blogdofarnesio.com.br\\\/?p=65188#breadcrumb\",\"itemListElement\":[{\"@type\":\"ListItem\",\"position\":1,\"name\":\"In\u00edcio\",\"item\":\"https:\\\/\\\/blogdofarnesio.com.br\\\/\"},{\"@type\":\"ListItem\",\"position\":2,\"name\":\"DIABETES GESTACIONAL: M\u00c9DICA DO HDM\\\/IMIP ESCLARECE PRINCIPAIS D\u00daVIDAS SOBRE A DOEN\u00c7A\"}]},{\"@type\":\"WebSite\",\"@id\":\"https:\\\/\\\/blogdofarnesio.com.br\\\/#website\",\"url\":\"https:\\\/\\\/blogdofarnesio.com.br\\\/\",\"name\":\"Blog do Farn\u00e9sio\",\"description\":\"Quer Saber Pol\u00edtica?\",\"publisher\":{\"@id\":\"https:\\\/\\\/blogdofarnesio.com.br\\\/#organization\"},\"potentialAction\":[{\"@type\":\"SearchAction\",\"target\":{\"@type\":\"EntryPoint\",\"urlTemplate\":\"https:\\\/\\\/blogdofarnesio.com.br\\\/?s={search_term_string}\"},\"query-input\":{\"@type\":\"PropertyValueSpecification\",\"valueRequired\":true,\"valueName\":\"search_term_string\"}}],\"inLanguage\":\"pt-BR\"},{\"@type\":\"Organization\",\"@id\":\"https:\\\/\\\/blogdofarnesio.com.br\\\/#organization\",\"name\":\"Blog do Farn\u00e9sio\",\"url\":\"https:\\\/\\\/blogdofarnesio.com.br\\\/\",\"logo\":{\"@type\":\"ImageObject\",\"inLanguage\":\"pt-BR\",\"@id\":\"https:\\\/\\\/blogdofarnesio.com.br\\\/#\\\/schema\\\/logo\\\/image\\\/\",\"url\":\"https:\\\/\\\/blogdofarnesio.com.br\\\/wp-content\\\/uploads\\\/2026\\\/03\\\/cropped-logo_new-1.png\",\"contentUrl\":\"https:\\\/\\\/blogdofarnesio.com.br\\\/wp-content\\\/uploads\\\/2026\\\/03\\\/cropped-logo_new-1.png\",\"width\":881,\"height\":685,\"caption\":\"Blog do Farn\u00e9sio\"},\"image\":{\"@id\":\"https:\\\/\\\/blogdofarnesio.com.br\\\/#\\\/schema\\\/logo\\\/image\\\/\"},\"sameAs\":[\"https:\\\/\\\/www.facebook.com\\\/BlogQuerSaberPolitica\\\/\"]},{\"@type\":\"Person\",\"@id\":\"https:\\\/\\\/blogdofarnesio.com.br\\\/#\\\/schema\\\/person\\\/dd1bf5eba40b687199ba45ca6b97dff9\",\"name\":\"teste\",\"image\":{\"@type\":\"ImageObject\",\"inLanguage\":\"pt-BR\",\"@id\":\"https:\\\/\\\/secure.gravatar.com\\\/avatar\\\/2172498d4914b51e1d89a0f97957b035ac4938723a5cac208135d389b6972a6d?s=96&d=mm&r=g\",\"url\":\"https:\\\/\\\/secure.gravatar.com\\\/avatar\\\/2172498d4914b51e1d89a0f97957b035ac4938723a5cac208135d389b6972a6d?s=96&d=mm&r=g\",\"contentUrl\":\"https:\\\/\\\/secure.gravatar.com\\\/avatar\\\/2172498d4914b51e1d89a0f97957b035ac4938723a5cac208135d389b6972a6d?s=96&d=mm&r=g\",\"caption\":\"teste\"},\"url\":\"https:\\\/\\\/blogdofarnesio.com.br\\\/?author=3\"}]}<\/script>\n<!-- \/ Yoast SEO plugin. -->","yoast_head_json":{"title":"DIABETES GESTACIONAL: M\u00c9DICA DO HDM\/IMIP ESCLARECE PRINCIPAIS D\u00daVIDAS SOBRE A DOEN\u00c7A  - Blog do Farn\u00e9sio","robots":{"index":"index","follow":"follow","max-snippet":"max-snippet:-1","max-image-preview":"max-image-preview:large","max-video-preview":"max-video-preview:-1"},"canonical":"https:\/\/blogdofarnesio.com.br\/?p=65188","og_locale":"pt_BR","og_type":"article","og_title":"DIABETES GESTACIONAL: M\u00c9DICA DO HDM\/IMIP ESCLARECE PRINCIPAIS D\u00daVIDAS SOBRE A DOEN\u00c7A  - Blog do Farn\u00e9sio","og_description":"A diabetes \u00e9 uma doen\u00e7a que vem crescendo e se tornando o centro de diversos estudos na medicina. O tema chama a aten\u00e7\u00e3o de profissionais e carece de esclarecimentos para a popula\u00e7\u00e3o. A ginecologista e obstetra, Fab\u00edola Leite Nunes, do Hospital Dom Malan\/IMIP, em Petrolina (PE), discorre sobre o assunto e fala sobre preven\u00e7\u00e3o, tratamento e manifesta\u00e7\u00e3o da diabetes durante a gesta\u00e7\u00e3o. Para a m\u00e9dica, a presen\u00e7a da diabetes na gravidez muitas vezes, limita-se a um determinado per\u00edodo da gesta\u00e7\u00e3o, por\u00e9m podendo acontecer antes ou permanecer ap\u00f3s o parto. \u201cNa gestante, geralmente a doen\u00e7a \u00e9 assintom\u00e1tica. A m\u00e3e frequentemente n\u00e3o sente nada. Algumas mulheres podem sentir aumento da vontade de comer, da sede, da frequ\u00eancia urin\u00e1ria ou outros sintomas que&hellip;","og_url":"https:\/\/blogdofarnesio.com.br\/?p=65188","og_site_name":"Blog do Farn\u00e9sio","article_publisher":"https:\/\/www.facebook.com\/BlogQuerSaberPolitica\/","article_published_time":"2013-11-27T23:02:24+00:00","og_image":[{"url":"http:\/\/www.quersaberpolitica.com.br\/2016\/wp-content\/uploads\/2013\/11\/blogqsp.IMIP_-300x225.jpg","type":"","width":"","height":""}],"author":"teste","twitter_card":"summary_large_image","twitter_misc":{"Escrito por":"teste","Est. tempo de leitura":"2 minutos"},"schema":{"@context":"https:\/\/schema.org","@graph":[{"@type":"Article","@id":"https:\/\/blogdofarnesio.com.br\/?p=65188#article","isPartOf":{"@id":"https:\/\/blogdofarnesio.com.br\/?p=65188"},"author":{"name":"teste","@id":"https:\/\/blogdofarnesio.com.br\/#\/schema\/person\/dd1bf5eba40b687199ba45ca6b97dff9"},"headline":"DIABETES GESTACIONAL: M\u00c9DICA DO HDM\/IMIP ESCLARECE PRINCIPAIS D\u00daVIDAS SOBRE A DOEN\u00c7A","datePublished":"2013-11-27T23:02:24+00:00","mainEntityOfPage":{"@id":"https:\/\/blogdofarnesio.com.br\/?p=65188"},"wordCount":444,"commentCount":0,"publisher":{"@id":"https:\/\/blogdofarnesio.com.br\/#organization"},"image":{"@id":"https:\/\/blogdofarnesio.com.br\/?p=65188#primaryimage"},"thumbnailUrl":"http:\/\/www.quersaberpolitica.com.br\/2016\/wp-content\/uploads\/2013\/11\/blogqsp.IMIP_-300x225.jpg","articleSection":["Sa\u00fade"],"inLanguage":"pt-BR","potentialAction":[{"@type":"CommentAction","name":"Comment","target":["https:\/\/blogdofarnesio.com.br\/?p=65188#respond"]}]},{"@type":"WebPage","@id":"https:\/\/blogdofarnesio.com.br\/?p=65188","url":"https:\/\/blogdofarnesio.com.br\/?p=65188","name":"DIABETES GESTACIONAL: M\u00c9DICA DO HDM\/IMIP ESCLARECE PRINCIPAIS D\u00daVIDAS SOBRE A DOEN\u00c7A - Blog do Farn\u00e9sio","isPartOf":{"@id":"https:\/\/blogdofarnesio.com.br\/#website"},"primaryImageOfPage":{"@id":"https:\/\/blogdofarnesio.com.br\/?p=65188#primaryimage"},"image":{"@id":"https:\/\/blogdofarnesio.com.br\/?p=65188#primaryimage"},"thumbnailUrl":"http:\/\/www.quersaberpolitica.com.br\/2016\/wp-content\/uploads\/2013\/11\/blogqsp.IMIP_-300x225.jpg","datePublished":"2013-11-27T23:02:24+00:00","breadcrumb":{"@id":"https:\/\/blogdofarnesio.com.br\/?p=65188#breadcrumb"},"inLanguage":"pt-BR","potentialAction":[{"@type":"ReadAction","target":["https:\/\/blogdofarnesio.com.br\/?p=65188"]}]},{"@type":"ImageObject","inLanguage":"pt-BR","@id":"https:\/\/blogdofarnesio.com.br\/?p=65188#primaryimage","url":"http:\/\/www.quersaberpolitica.com.br\/2016\/wp-content\/uploads\/2013\/11\/blogqsp.IMIP_-300x225.jpg","contentUrl":"http:\/\/www.quersaberpolitica.com.br\/2016\/wp-content\/uploads\/2013\/11\/blogqsp.IMIP_-300x225.jpg"},{"@type":"BreadcrumbList","@id":"https:\/\/blogdofarnesio.com.br\/?p=65188#breadcrumb","itemListElement":[{"@type":"ListItem","position":1,"name":"In\u00edcio","item":"https:\/\/blogdofarnesio.com.br\/"},{"@type":"ListItem","position":2,"name":"DIABETES GESTACIONAL: M\u00c9DICA DO HDM\/IMIP ESCLARECE PRINCIPAIS D\u00daVIDAS SOBRE A DOEN\u00c7A"}]},{"@type":"WebSite","@id":"https:\/\/blogdofarnesio.com.br\/#website","url":"https:\/\/blogdofarnesio.com.br\/","name":"Blog do Farn\u00e9sio","description":"Quer Saber Pol\u00edtica?","publisher":{"@id":"https:\/\/blogdofarnesio.com.br\/#organization"},"potentialAction":[{"@type":"SearchAction","target":{"@type":"EntryPoint","urlTemplate":"https:\/\/blogdofarnesio.com.br\/?s={search_term_string}"},"query-input":{"@type":"PropertyValueSpecification","valueRequired":true,"valueName":"search_term_string"}}],"inLanguage":"pt-BR"},{"@type":"Organization","@id":"https:\/\/blogdofarnesio.com.br\/#organization","name":"Blog do Farn\u00e9sio","url":"https:\/\/blogdofarnesio.com.br\/","logo":{"@type":"ImageObject","inLanguage":"pt-BR","@id":"https:\/\/blogdofarnesio.com.br\/#\/schema\/logo\/image\/","url":"https:\/\/blogdofarnesio.com.br\/wp-content\/uploads\/2026\/03\/cropped-logo_new-1.png","contentUrl":"https:\/\/blogdofarnesio.com.br\/wp-content\/uploads\/2026\/03\/cropped-logo_new-1.png","width":881,"height":685,"caption":"Blog do Farn\u00e9sio"},"image":{"@id":"https:\/\/blogdofarnesio.com.br\/#\/schema\/logo\/image\/"},"sameAs":["https:\/\/www.facebook.com\/BlogQuerSaberPolitica\/"]},{"@type":"Person","@id":"https:\/\/blogdofarnesio.com.br\/#\/schema\/person\/dd1bf5eba40b687199ba45ca6b97dff9","name":"teste","image":{"@type":"ImageObject","inLanguage":"pt-BR","@id":"https:\/\/secure.gravatar.com\/avatar\/2172498d4914b51e1d89a0f97957b035ac4938723a5cac208135d389b6972a6d?s=96&d=mm&r=g","url":"https:\/\/secure.gravatar.com\/avatar\/2172498d4914b51e1d89a0f97957b035ac4938723a5cac208135d389b6972a6d?s=96&d=mm&r=g","contentUrl":"https:\/\/secure.gravatar.com\/avatar\/2172498d4914b51e1d89a0f97957b035ac4938723a5cac208135d389b6972a6d?s=96&d=mm&r=g","caption":"teste"},"url":"https:\/\/blogdofarnesio.com.br\/?author=3"}]}},"_links":{"self":[{"href":"https:\/\/blogdofarnesio.com.br\/index.php?rest_route=\/wp\/v2\/posts\/65188","targetHints":{"allow":["GET"]}}],"collection":[{"href":"https:\/\/blogdofarnesio.com.br\/index.php?rest_route=\/wp\/v2\/posts"}],"about":[{"href":"https:\/\/blogdofarnesio.com.br\/index.php?rest_route=\/wp\/v2\/types\/post"}],"author":[{"embeddable":true,"href":"https:\/\/blogdofarnesio.com.br\/index.php?rest_route=\/wp\/v2\/users\/3"}],"replies":[{"embeddable":true,"href":"https:\/\/blogdofarnesio.com.br\/index.php?rest_route=%2Fwp%2Fv2%2Fcomments&post=65188"}],"version-history":[{"count":0,"href":"https:\/\/blogdofarnesio.com.br\/index.php?rest_route=\/wp\/v2\/posts\/65188\/revisions"}],"wp:attachment":[{"href":"https:\/\/blogdofarnesio.com.br\/index.php?rest_route=%2Fwp%2Fv2%2Fmedia&parent=65188"}],"wp:term":[{"taxonomy":"category","embeddable":true,"href":"https:\/\/blogdofarnesio.com.br\/index.php?rest_route=%2Fwp%2Fv2%2Fcategories&post=65188"},{"taxonomy":"post_tag","embeddable":true,"href":"https:\/\/blogdofarnesio.com.br\/index.php?rest_route=%2Fwp%2Fv2%2Ftags&post=65188"}],"curies":[{"name":"wp","href":"https:\/\/api.w.org\/{rel}","templated":true}]}}