{"id":64777,"date":"2013-11-26T07:43:06","date_gmt":"2013-11-26T10:43:06","guid":{"rendered":"http:\/\/www.quersaberpolitica.com.br\/?p=64777"},"modified":"2013-11-25T20:57:40","modified_gmt":"2013-11-25T23:57:40","slug":"gonzaga-patriota-cobra-votacao-da-pec-0203","status":"publish","type":"post","link":"https:\/\/blogdofarnesio.com.br\/?p=64777","title":{"rendered":"GONZAGA PATRIOTA COBRA VOTA\u00c7\u00c3O DA PEC 02\/03"},"content":{"rendered":"<p style=\"text-align: justify\"><a href=\"http:\/\/www.quersaberpolitica.com.br\/2016\/wp-content\/uploads\/2013\/11\/2012032816345_20120328_003BO_AB-300x196.jpg\"><img loading=\"lazy\" decoding=\"async\" class=\"alignleft size-full wp-image-63896\" alt=\"blogqsp.gonzaga\" src=\"http:\/\/www.quersaberpolitica.com.br\/2016\/wp-content\/uploads\/2013\/11\/2012032816345_20120328_003BO_AB-300x196.jpg\" width=\"300\" height=\"196\" \/><\/a>O deputado federal Gonzaga Patriota (PSB\/PE) cobrou, nesta sexta-feira (22), a vota\u00e7\u00e3o da PEC \u2013 Proposta de Emenda \u00e0 Constitui\u00e7\u00e3o n\u00ba 02\/03, de sua autoria. Essa PEC visa acrescentar os artigos 90 e 91 ao Ato das Disposi\u00e7\u00f5es Constitucionais Transit\u00f3rias, da Constitui\u00e7\u00e3o Federal, lan\u00e7ando m\u00e3o de um permissivo constitucional para que os servidores p\u00fablicos concursados, que estejam cedidos h\u00e1 mais de 10 anos ininterruptamente para outros \u00f3rg\u00e3os, possam optar pela efetiva\u00e7\u00e3o no \u00f3rg\u00e3o cession\u00e1rio, em cargo de atribui\u00e7\u00f5es semelhantes e do mesmo n\u00edvel de escolaridade, especialidade ou habilita\u00e7\u00e3o profissional do cargo efetivo ocupado no \u00f3rg\u00e3o de origem.<\/p>\n<p style=\"text-align: justify\">A proposta de Gonzaga Patriota obriga os servidores p\u00fablicos requisitados que est\u00e3o cedidos h\u00e1 mais de 10 anos ininterruptamente, a optarem no prazo de 30 dias, ap\u00f3s a sua promulga\u00e7\u00e3o, por permanecer onde est\u00e3o trabalhando ou retornarem ao \u00f3rg\u00e3o de origem. De acordo com Patriota, esta iniciativa ir\u00e1 abrir muitas vagas para abrigar os concurseiros.<!--more--><\/p>\n<p style=\"text-align: justify\">\u201cA nossa PEC \u00e9 exatamente para que os servidores p\u00fablicos concursados que preencheram todos os requisitos constitucionais e, que est\u00e3o h\u00e1 mais de 10 anos cedidos e servindo em outros \u00f3rg\u00e3os p\u00fablicos, por cess\u00e3o, sejam obrigados a optar \u00e0 continuar nesse \u00f3rg\u00e3o de destino ou retornarem ao seu \u00f3rg\u00e3o de origem, permitindo assim, a abertura de concurso para ocupa\u00e7\u00e3o dessas vagas que est\u00e3o presas\u201d, explicou Patriota.<\/p>\n<p style=\"text-align: justify\">O parlamentar socialista tamb\u00e9m fez um apelo ao l\u00edder do governo na C\u00e2mara dos Deputados, Arlindo Chinaglia, para apoiar a PEC 02\/03. Segundo Gonzaga Patriota, n\u00e3o \u00e9 justo que esses servidores, ap\u00f3s 10, 20 ou at\u00e9 30 anos trabalhando em determinado \u00f3rg\u00e3o p\u00fablico, por cess\u00e3o legal, sejam obrigados a voltar repentinamente aos seus \u00f3rg\u00e3os de origem, Patriota disse tamb\u00e9m, n\u00e3o se admitir que centenas ou milhares de vagas de empregos p\u00fablicos, continuem trancadas aos concurseiros que est\u00e3o preparados a essas sele\u00e7\u00f5es.<\/p>\n<p style=\"text-align: justify\"><strong>Blog do Deputado Federal GONZAGA PATRIOTA (PSB\/PE)<\/strong><\/p>\n","protected":false},"excerpt":{"rendered":"<p>O deputado federal Gonzaga Patriota (PSB\/PE) cobrou, nesta sexta-feira (22), a vota\u00e7\u00e3o da PEC \u2013 Proposta de Emenda \u00e0 Constitui\u00e7\u00e3o n\u00ba 02\/03, de sua autoria. Essa PEC visa acrescentar os artigos 90 e 91 ao Ato das Disposi\u00e7\u00f5es Constitucionais Transit\u00f3rias, da Constitui\u00e7\u00e3o Federal, lan\u00e7ando m\u00e3o de um permissivo constitucional para que os servidores p\u00fablicos concursados, que estejam cedidos h\u00e1 mais de 10 anos ininterruptamente para outros \u00f3rg\u00e3os, possam optar pela efetiva\u00e7\u00e3o no \u00f3rg\u00e3o cession\u00e1rio, em cargo de atribui\u00e7\u00f5es semelhantes e do mesmo n\u00edvel de escolaridade, especialidade ou habilita\u00e7\u00e3o profissional do cargo efetivo ocupado no \u00f3rg\u00e3o de origem. A proposta de Gonzaga Patriota obriga os servidores p\u00fablicos requisitados que est\u00e3o cedidos h\u00e1 mais de 10 anos ininterruptamente, a optarem no prazo&hellip; <\/p>\n","protected":false},"author":3,"featured_media":0,"comment_status":"open","ping_status":"open","sticky":false,"template":"","format":"standard","meta":{"_acf_changed":false,"footnotes":""},"categories":[1],"tags":[],"class_list":["post-64777","post","type-post","status-publish","format-standard","hentry","category-politica"],"acf":[],"yoast_head":"<!-- This site is optimized with the Yoast SEO plugin v27.4 - https:\/\/yoast.com\/product\/yoast-seo-wordpress\/ -->\n<title>GONZAGA PATRIOTA COBRA VOTA\u00c7\u00c3O DA PEC 02\/03 - Blog do Farn\u00e9sio<\/title>\n<meta name=\"robots\" content=\"index, follow, max-snippet:-1, max-image-preview:large, max-video-preview:-1\" \/>\n<link rel=\"canonical\" href=\"https:\/\/blogdofarnesio.com.br\/?p=64777\" \/>\n<meta property=\"og:locale\" content=\"pt_BR\" \/>\n<meta property=\"og:type\" content=\"article\" \/>\n<meta property=\"og:title\" content=\"GONZAGA PATRIOTA COBRA VOTA\u00c7\u00c3O DA PEC 02\/03 - Blog do Farn\u00e9sio\" \/>\n<meta property=\"og:description\" content=\"O deputado federal Gonzaga Patriota (PSB\/PE) cobrou, nesta sexta-feira (22), a vota\u00e7\u00e3o da PEC \u2013 Proposta de Emenda \u00e0 Constitui\u00e7\u00e3o n\u00ba 02\/03, de sua autoria. Essa PEC visa acrescentar os artigos 90 e 91 ao Ato das Disposi\u00e7\u00f5es Constitucionais Transit\u00f3rias, da Constitui\u00e7\u00e3o Federal, lan\u00e7ando m\u00e3o de um permissivo constitucional para que os servidores p\u00fablicos concursados, que estejam cedidos h\u00e1 mais de 10 anos ininterruptamente para outros \u00f3rg\u00e3os, possam optar pela efetiva\u00e7\u00e3o no \u00f3rg\u00e3o cession\u00e1rio, em cargo de atribui\u00e7\u00f5es semelhantes e do mesmo n\u00edvel de escolaridade, especialidade ou habilita\u00e7\u00e3o profissional do cargo efetivo ocupado no \u00f3rg\u00e3o de origem. A proposta de Gonzaga Patriota obriga os servidores p\u00fablicos requisitados que est\u00e3o cedidos h\u00e1 mais de 10 anos ininterruptamente, a optarem no prazo&hellip;\" \/>\n<meta property=\"og:url\" content=\"https:\/\/blogdofarnesio.com.br\/?p=64777\" \/>\n<meta property=\"og:site_name\" content=\"Blog do Farn\u00e9sio\" \/>\n<meta property=\"article:publisher\" content=\"https:\/\/www.facebook.com\/BlogQuerSaberPolitica\/\" \/>\n<meta property=\"article:published_time\" content=\"2013-11-26T10:43:06+00:00\" \/>\n<meta property=\"og:image\" content=\"http:\/\/www.quersaberpolitica.com.br\/2016\/wp-content\/uploads\/2013\/11\/2012032816345_20120328_003BO_AB-300x196.jpg\" \/>\n<meta name=\"author\" content=\"teste\" \/>\n<meta name=\"twitter:card\" content=\"summary_large_image\" \/>\n<meta name=\"twitter:label1\" content=\"Escrito por\" \/>\n\t<meta name=\"twitter:data1\" content=\"teste\" \/>\n\t<meta name=\"twitter:label2\" content=\"Est. tempo de leitura\" \/>\n\t<meta name=\"twitter:data2\" content=\"2 minutos\" \/>\n<script type=\"application\/ld+json\" class=\"yoast-schema-graph\">{\"@context\":\"https:\\\/\\\/schema.org\",\"@graph\":[{\"@type\":\"Article\",\"@id\":\"https:\\\/\\\/blogdofarnesio.com.br\\\/?p=64777#article\",\"isPartOf\":{\"@id\":\"https:\\\/\\\/blogdofarnesio.com.br\\\/?p=64777\"},\"author\":{\"name\":\"teste\",\"@id\":\"https:\\\/\\\/blogdofarnesio.com.br\\\/#\\\/schema\\\/person\\\/dd1bf5eba40b687199ba45ca6b97dff9\"},\"headline\":\"GONZAGA PATRIOTA COBRA VOTA\u00c7\u00c3O DA PEC 02\\\/03\",\"datePublished\":\"2013-11-26T10:43:06+00:00\",\"mainEntityOfPage\":{\"@id\":\"https:\\\/\\\/blogdofarnesio.com.br\\\/?p=64777\"},\"wordCount\":343,\"commentCount\":0,\"publisher\":{\"@id\":\"https:\\\/\\\/blogdofarnesio.com.br\\\/#organization\"},\"image\":{\"@id\":\"https:\\\/\\\/blogdofarnesio.com.br\\\/?p=64777#primaryimage\"},\"thumbnailUrl\":\"http:\\\/\\\/www.quersaberpolitica.com.br\\\/2016\\\/wp-content\\\/uploads\\\/2013\\\/11\\\/2012032816345_20120328_003BO_AB-300x196.jpg\",\"articleSection\":[\"Pol\u00edtica\"],\"inLanguage\":\"pt-BR\",\"potentialAction\":[{\"@type\":\"CommentAction\",\"name\":\"Comment\",\"target\":[\"https:\\\/\\\/blogdofarnesio.com.br\\\/?p=64777#respond\"]}]},{\"@type\":\"WebPage\",\"@id\":\"https:\\\/\\\/blogdofarnesio.com.br\\\/?p=64777\",\"url\":\"https:\\\/\\\/blogdofarnesio.com.br\\\/?p=64777\",\"name\":\"GONZAGA PATRIOTA COBRA VOTA\u00c7\u00c3O DA PEC 02\\\/03 - Blog do Farn\u00e9sio\",\"isPartOf\":{\"@id\":\"https:\\\/\\\/blogdofarnesio.com.br\\\/#website\"},\"primaryImageOfPage\":{\"@id\":\"https:\\\/\\\/blogdofarnesio.com.br\\\/?p=64777#primaryimage\"},\"image\":{\"@id\":\"https:\\\/\\\/blogdofarnesio.com.br\\\/?p=64777#primaryimage\"},\"thumbnailUrl\":\"http:\\\/\\\/www.quersaberpolitica.com.br\\\/2016\\\/wp-content\\\/uploads\\\/2013\\\/11\\\/2012032816345_20120328_003BO_AB-300x196.jpg\",\"datePublished\":\"2013-11-26T10:43:06+00:00\",\"breadcrumb\":{\"@id\":\"https:\\\/\\\/blogdofarnesio.com.br\\\/?p=64777#breadcrumb\"},\"inLanguage\":\"pt-BR\",\"potentialAction\":[{\"@type\":\"ReadAction\",\"target\":[\"https:\\\/\\\/blogdofarnesio.com.br\\\/?p=64777\"]}]},{\"@type\":\"ImageObject\",\"inLanguage\":\"pt-BR\",\"@id\":\"https:\\\/\\\/blogdofarnesio.com.br\\\/?p=64777#primaryimage\",\"url\":\"http:\\\/\\\/www.quersaberpolitica.com.br\\\/2016\\\/wp-content\\\/uploads\\\/2013\\\/11\\\/2012032816345_20120328_003BO_AB-300x196.jpg\",\"contentUrl\":\"http:\\\/\\\/www.quersaberpolitica.com.br\\\/2016\\\/wp-content\\\/uploads\\\/2013\\\/11\\\/2012032816345_20120328_003BO_AB-300x196.jpg\"},{\"@type\":\"BreadcrumbList\",\"@id\":\"https:\\\/\\\/blogdofarnesio.com.br\\\/?p=64777#breadcrumb\",\"itemListElement\":[{\"@type\":\"ListItem\",\"position\":1,\"name\":\"In\u00edcio\",\"item\":\"https:\\\/\\\/blogdofarnesio.com.br\\\/\"},{\"@type\":\"ListItem\",\"position\":2,\"name\":\"GONZAGA PATRIOTA COBRA VOTA\u00c7\u00c3O DA PEC 02\\\/03\"}]},{\"@type\":\"WebSite\",\"@id\":\"https:\\\/\\\/blogdofarnesio.com.br\\\/#website\",\"url\":\"https:\\\/\\\/blogdofarnesio.com.br\\\/\",\"name\":\"Blog do Farn\u00e9sio\",\"description\":\"Quer Saber Pol\u00edtica?\",\"publisher\":{\"@id\":\"https:\\\/\\\/blogdofarnesio.com.br\\\/#organization\"},\"potentialAction\":[{\"@type\":\"SearchAction\",\"target\":{\"@type\":\"EntryPoint\",\"urlTemplate\":\"https:\\\/\\\/blogdofarnesio.com.br\\\/?s={search_term_string}\"},\"query-input\":{\"@type\":\"PropertyValueSpecification\",\"valueRequired\":true,\"valueName\":\"search_term_string\"}}],\"inLanguage\":\"pt-BR\"},{\"@type\":\"Organization\",\"@id\":\"https:\\\/\\\/blogdofarnesio.com.br\\\/#organization\",\"name\":\"Blog do Farn\u00e9sio\",\"url\":\"https:\\\/\\\/blogdofarnesio.com.br\\\/\",\"logo\":{\"@type\":\"ImageObject\",\"inLanguage\":\"pt-BR\",\"@id\":\"https:\\\/\\\/blogdofarnesio.com.br\\\/#\\\/schema\\\/logo\\\/image\\\/\",\"url\":\"https:\\\/\\\/blogdofarnesio.com.br\\\/wp-content\\\/uploads\\\/2026\\\/03\\\/cropped-logo_new-1.png\",\"contentUrl\":\"https:\\\/\\\/blogdofarnesio.com.br\\\/wp-content\\\/uploads\\\/2026\\\/03\\\/cropped-logo_new-1.png\",\"width\":881,\"height\":685,\"caption\":\"Blog do Farn\u00e9sio\"},\"image\":{\"@id\":\"https:\\\/\\\/blogdofarnesio.com.br\\\/#\\\/schema\\\/logo\\\/image\\\/\"},\"sameAs\":[\"https:\\\/\\\/www.facebook.com\\\/BlogQuerSaberPolitica\\\/\"]},{\"@type\":\"Person\",\"@id\":\"https:\\\/\\\/blogdofarnesio.com.br\\\/#\\\/schema\\\/person\\\/dd1bf5eba40b687199ba45ca6b97dff9\",\"name\":\"teste\",\"image\":{\"@type\":\"ImageObject\",\"inLanguage\":\"pt-BR\",\"@id\":\"https:\\\/\\\/secure.gravatar.com\\\/avatar\\\/2172498d4914b51e1d89a0f97957b035ac4938723a5cac208135d389b6972a6d?s=96&d=mm&r=g\",\"url\":\"https:\\\/\\\/secure.gravatar.com\\\/avatar\\\/2172498d4914b51e1d89a0f97957b035ac4938723a5cac208135d389b6972a6d?s=96&d=mm&r=g\",\"contentUrl\":\"https:\\\/\\\/secure.gravatar.com\\\/avatar\\\/2172498d4914b51e1d89a0f97957b035ac4938723a5cac208135d389b6972a6d?s=96&d=mm&r=g\",\"caption\":\"teste\"},\"url\":\"https:\\\/\\\/blogdofarnesio.com.br\\\/?author=3\"}]}<\/script>\n<!-- \/ Yoast SEO plugin. -->","yoast_head_json":{"title":"GONZAGA PATRIOTA COBRA VOTA\u00c7\u00c3O DA PEC 02\/03 - Blog do Farn\u00e9sio","robots":{"index":"index","follow":"follow","max-snippet":"max-snippet:-1","max-image-preview":"max-image-preview:large","max-video-preview":"max-video-preview:-1"},"canonical":"https:\/\/blogdofarnesio.com.br\/?p=64777","og_locale":"pt_BR","og_type":"article","og_title":"GONZAGA PATRIOTA COBRA VOTA\u00c7\u00c3O DA PEC 02\/03 - Blog do Farn\u00e9sio","og_description":"O deputado federal Gonzaga Patriota (PSB\/PE) cobrou, nesta sexta-feira (22), a vota\u00e7\u00e3o da PEC \u2013 Proposta de Emenda \u00e0 Constitui\u00e7\u00e3o n\u00ba 02\/03, de sua autoria. Essa PEC visa acrescentar os artigos 90 e 91 ao Ato das Disposi\u00e7\u00f5es Constitucionais Transit\u00f3rias, da Constitui\u00e7\u00e3o Federal, lan\u00e7ando m\u00e3o de um permissivo constitucional para que os servidores p\u00fablicos concursados, que estejam cedidos h\u00e1 mais de 10 anos ininterruptamente para outros \u00f3rg\u00e3os, possam optar pela efetiva\u00e7\u00e3o no \u00f3rg\u00e3o cession\u00e1rio, em cargo de atribui\u00e7\u00f5es semelhantes e do mesmo n\u00edvel de escolaridade, especialidade ou habilita\u00e7\u00e3o profissional do cargo efetivo ocupado no \u00f3rg\u00e3o de origem. A proposta de Gonzaga Patriota obriga os servidores p\u00fablicos requisitados que est\u00e3o cedidos h\u00e1 mais de 10 anos ininterruptamente, a optarem no prazo&hellip;","og_url":"https:\/\/blogdofarnesio.com.br\/?p=64777","og_site_name":"Blog do Farn\u00e9sio","article_publisher":"https:\/\/www.facebook.com\/BlogQuerSaberPolitica\/","article_published_time":"2013-11-26T10:43:06+00:00","og_image":[{"url":"http:\/\/www.quersaberpolitica.com.br\/2016\/wp-content\/uploads\/2013\/11\/2012032816345_20120328_003BO_AB-300x196.jpg","type":"","width":"","height":""}],"author":"teste","twitter_card":"summary_large_image","twitter_misc":{"Escrito por":"teste","Est. tempo de leitura":"2 minutos"},"schema":{"@context":"https:\/\/schema.org","@graph":[{"@type":"Article","@id":"https:\/\/blogdofarnesio.com.br\/?p=64777#article","isPartOf":{"@id":"https:\/\/blogdofarnesio.com.br\/?p=64777"},"author":{"name":"teste","@id":"https:\/\/blogdofarnesio.com.br\/#\/schema\/person\/dd1bf5eba40b687199ba45ca6b97dff9"},"headline":"GONZAGA PATRIOTA COBRA VOTA\u00c7\u00c3O DA PEC 02\/03","datePublished":"2013-11-26T10:43:06+00:00","mainEntityOfPage":{"@id":"https:\/\/blogdofarnesio.com.br\/?p=64777"},"wordCount":343,"commentCount":0,"publisher":{"@id":"https:\/\/blogdofarnesio.com.br\/#organization"},"image":{"@id":"https:\/\/blogdofarnesio.com.br\/?p=64777#primaryimage"},"thumbnailUrl":"http:\/\/www.quersaberpolitica.com.br\/2016\/wp-content\/uploads\/2013\/11\/2012032816345_20120328_003BO_AB-300x196.jpg","articleSection":["Pol\u00edtica"],"inLanguage":"pt-BR","potentialAction":[{"@type":"CommentAction","name":"Comment","target":["https:\/\/blogdofarnesio.com.br\/?p=64777#respond"]}]},{"@type":"WebPage","@id":"https:\/\/blogdofarnesio.com.br\/?p=64777","url":"https:\/\/blogdofarnesio.com.br\/?p=64777","name":"GONZAGA PATRIOTA COBRA VOTA\u00c7\u00c3O DA PEC 02\/03 - Blog do Farn\u00e9sio","isPartOf":{"@id":"https:\/\/blogdofarnesio.com.br\/#website"},"primaryImageOfPage":{"@id":"https:\/\/blogdofarnesio.com.br\/?p=64777#primaryimage"},"image":{"@id":"https:\/\/blogdofarnesio.com.br\/?p=64777#primaryimage"},"thumbnailUrl":"http:\/\/www.quersaberpolitica.com.br\/2016\/wp-content\/uploads\/2013\/11\/2012032816345_20120328_003BO_AB-300x196.jpg","datePublished":"2013-11-26T10:43:06+00:00","breadcrumb":{"@id":"https:\/\/blogdofarnesio.com.br\/?p=64777#breadcrumb"},"inLanguage":"pt-BR","potentialAction":[{"@type":"ReadAction","target":["https:\/\/blogdofarnesio.com.br\/?p=64777"]}]},{"@type":"ImageObject","inLanguage":"pt-BR","@id":"https:\/\/blogdofarnesio.com.br\/?p=64777#primaryimage","url":"http:\/\/www.quersaberpolitica.com.br\/2016\/wp-content\/uploads\/2013\/11\/2012032816345_20120328_003BO_AB-300x196.jpg","contentUrl":"http:\/\/www.quersaberpolitica.com.br\/2016\/wp-content\/uploads\/2013\/11\/2012032816345_20120328_003BO_AB-300x196.jpg"},{"@type":"BreadcrumbList","@id":"https:\/\/blogdofarnesio.com.br\/?p=64777#breadcrumb","itemListElement":[{"@type":"ListItem","position":1,"name":"In\u00edcio","item":"https:\/\/blogdofarnesio.com.br\/"},{"@type":"ListItem","position":2,"name":"GONZAGA PATRIOTA COBRA VOTA\u00c7\u00c3O DA PEC 02\/03"}]},{"@type":"WebSite","@id":"https:\/\/blogdofarnesio.com.br\/#website","url":"https:\/\/blogdofarnesio.com.br\/","name":"Blog do Farn\u00e9sio","description":"Quer Saber Pol\u00edtica?","publisher":{"@id":"https:\/\/blogdofarnesio.com.br\/#organization"},"potentialAction":[{"@type":"SearchAction","target":{"@type":"EntryPoint","urlTemplate":"https:\/\/blogdofarnesio.com.br\/?s={search_term_string}"},"query-input":{"@type":"PropertyValueSpecification","valueRequired":true,"valueName":"search_term_string"}}],"inLanguage":"pt-BR"},{"@type":"Organization","@id":"https:\/\/blogdofarnesio.com.br\/#organization","name":"Blog do Farn\u00e9sio","url":"https:\/\/blogdofarnesio.com.br\/","logo":{"@type":"ImageObject","inLanguage":"pt-BR","@id":"https:\/\/blogdofarnesio.com.br\/#\/schema\/logo\/image\/","url":"https:\/\/blogdofarnesio.com.br\/wp-content\/uploads\/2026\/03\/cropped-logo_new-1.png","contentUrl":"https:\/\/blogdofarnesio.com.br\/wp-content\/uploads\/2026\/03\/cropped-logo_new-1.png","width":881,"height":685,"caption":"Blog do Farn\u00e9sio"},"image":{"@id":"https:\/\/blogdofarnesio.com.br\/#\/schema\/logo\/image\/"},"sameAs":["https:\/\/www.facebook.com\/BlogQuerSaberPolitica\/"]},{"@type":"Person","@id":"https:\/\/blogdofarnesio.com.br\/#\/schema\/person\/dd1bf5eba40b687199ba45ca6b97dff9","name":"teste","image":{"@type":"ImageObject","inLanguage":"pt-BR","@id":"https:\/\/secure.gravatar.com\/avatar\/2172498d4914b51e1d89a0f97957b035ac4938723a5cac208135d389b6972a6d?s=96&d=mm&r=g","url":"https:\/\/secure.gravatar.com\/avatar\/2172498d4914b51e1d89a0f97957b035ac4938723a5cac208135d389b6972a6d?s=96&d=mm&r=g","contentUrl":"https:\/\/secure.gravatar.com\/avatar\/2172498d4914b51e1d89a0f97957b035ac4938723a5cac208135d389b6972a6d?s=96&d=mm&r=g","caption":"teste"},"url":"https:\/\/blogdofarnesio.com.br\/?author=3"}]}},"_links":{"self":[{"href":"https:\/\/blogdofarnesio.com.br\/index.php?rest_route=\/wp\/v2\/posts\/64777","targetHints":{"allow":["GET"]}}],"collection":[{"href":"https:\/\/blogdofarnesio.com.br\/index.php?rest_route=\/wp\/v2\/posts"}],"about":[{"href":"https:\/\/blogdofarnesio.com.br\/index.php?rest_route=\/wp\/v2\/types\/post"}],"author":[{"embeddable":true,"href":"https:\/\/blogdofarnesio.com.br\/index.php?rest_route=\/wp\/v2\/users\/3"}],"replies":[{"embeddable":true,"href":"https:\/\/blogdofarnesio.com.br\/index.php?rest_route=%2Fwp%2Fv2%2Fcomments&post=64777"}],"version-history":[{"count":0,"href":"https:\/\/blogdofarnesio.com.br\/index.php?rest_route=\/wp\/v2\/posts\/64777\/revisions"}],"wp:attachment":[{"href":"https:\/\/blogdofarnesio.com.br\/index.php?rest_route=%2Fwp%2Fv2%2Fmedia&parent=64777"}],"wp:term":[{"taxonomy":"category","embeddable":true,"href":"https:\/\/blogdofarnesio.com.br\/index.php?rest_route=%2Fwp%2Fv2%2Fcategories&post=64777"},{"taxonomy":"post_tag","embeddable":true,"href":"https:\/\/blogdofarnesio.com.br\/index.php?rest_route=%2Fwp%2Fv2%2Ftags&post=64777"}],"curies":[{"name":"wp","href":"https:\/\/api.w.org\/{rel}","templated":true}]}}