{"id":64614,"date":"2013-11-24T19:04:51","date_gmt":"2013-11-24T22:04:51","guid":{"rendered":"http:\/\/www.quersaberpolitica.com.br\/?p=64614"},"modified":"2013-11-24T14:05:48","modified_gmt":"2013-11-24T17:05:48","slug":"saude-da-mulher-sera-pauta-durante-o-ii-congresso-imip-de-saude-integral-do-vale-do-medio-sao-francisco","status":"publish","type":"post","link":"https:\/\/blogdofarnesio.com.br\/?p=64614","title":{"rendered":"SA\u00daDE DA MULHER SER\u00c1 PAUTA DURANTE O II CONGRESSO IMIP DE SA\u00daDE INTEGRAL DO VALE DO M\u00c9DIO S\u00c3O FRANCISCO"},"content":{"rendered":"<p style=\"text-align: justify\"><a href=\"http:\/\/www.quersaberpolitica.com.br\/2016\/wp-content\/uploads\/2013\/11\/blogqsp.IMIP_.jpg\"><img loading=\"lazy\" decoding=\"async\" class=\"alignleft size-medium wp-image-64615\" alt=\"blogqsp.IMIP\" src=\"http:\/\/www.quersaberpolitica.com.br\/2016\/wp-content\/uploads\/2013\/11\/blogqsp.IMIP_-300x225.jpg\" width=\"300\" height=\"225\" srcset=\"https:\/\/blogdofarnesio.com.br\/wp-content\/uploads\/2013\/11\/blogqsp.IMIP_-300x225.jpg 300w, https:\/\/blogdofarnesio.com.br\/wp-content\/uploads\/2013\/11\/blogqsp.IMIP_.jpg 320w\" sizes=\"auto, (max-width: 300px) 100vw, 300px\" \/><\/a>O II Congresso IMIP de Sa\u00fade Integral do Vale do M\u00e9dio S\u00e3o Francisco que acontecer\u00e1 nos dias 28 a 30 de novembro, vai congregar na sua grade de programa\u00e7\u00e3o 12 \u00e1reas voltadas \u00e0 sa\u00fade do indiv\u00edduo.<\/p>\n<p style=\"text-align: justify\">Entre os temas a serem abordados, profissionais e estudantes da especialidade de Ginecologia e Obstetr\u00edcia participar\u00e3o do evento que visa a troca de experi\u00eancia, ao mesmo tempo em que, tamb\u00e9m, prop\u00f5e atualiza\u00e7\u00e3o cient\u00edfica.<\/p>\n<p style=\"text-align: justify\">Especialidade que trata da sa\u00fade da mulher, a Ginecologia \u00e9 o acompanhamento primordial para sua sa\u00fade desde a adolesc\u00eancia at\u00e9 \u00e0 terceira idade, tanto no aspecto curativo como preventivo. Nesse mesmo contexto, a Obstetr\u00edcia \u00e9 uma das vertentes da Ginecologia que se ocupa do seguimento das gr\u00e1vidas e parturientes.<\/p>\n<p style=\"text-align: justify\">Tem a seu cargo a observa\u00e7\u00e3o das futuras m\u00e3es, dando o melhor aconselhamento no que diz respeito \u00e0 sua alimenta\u00e7\u00e3o e respectivos aumentos de peso; e acompanhamento do processo gestacional durante os nove meses com encaminhamento de exames e an\u00e1lises necess\u00e1rias.<!--more--><\/p>\n<p style=\"text-align: justify\">Durante os dias de evento, o II Congresso vai abordar em confer\u00eancias e mesas redondas sobre Diabetes na Gesta\u00e7\u00e3o: atualiza\u00e7\u00e3o baseada em evid\u00eancias; Contracep\u00e7\u00e3o baseada em evid\u00eancias; Vitalidade Fetal; Indu\u00e7\u00e3o do Parto; Manejo por V\u00eddeolaparoscopia; Assist\u00eancia \u00e0 Hemorragia P\u00f3s-Parto Baseada em Evid\u00eancias; Pr\u00e9-Natal Baseado em Evid\u00eancias; Pr\u00e9-Natal de Risco Habitual; Pr\u00e9-Natal De Alto Risco; Manejo das Complica\u00e7\u00f5es Cl\u00ednicas Durante a gesta\u00e7\u00e3o; entre outros temas.<\/p>\n<p style=\"text-align: justify\">A programa\u00e7\u00e3o completa est\u00e1 dispon\u00edvel no site do congresso www.congressoimip2013.com.br. As inscri\u00e7\u00f5es seguem abertas at\u00e9 a data do evento e s\u00e3o feitas exclusivamente atrav\u00e9s do endere\u00e7o eletr\u00f4nico.<\/p>\n","protected":false},"excerpt":{"rendered":"<p>O II Congresso IMIP de Sa\u00fade Integral do Vale do M\u00e9dio S\u00e3o Francisco que acontecer\u00e1 nos dias 28 a 30 de novembro, vai congregar na sua grade de programa\u00e7\u00e3o 12 \u00e1reas voltadas \u00e0 sa\u00fade do indiv\u00edduo. Entre os temas a serem abordados, profissionais e estudantes da especialidade de Ginecologia e Obstetr\u00edcia participar\u00e3o do evento que visa a troca de experi\u00eancia, ao mesmo tempo em que, tamb\u00e9m, prop\u00f5e atualiza\u00e7\u00e3o cient\u00edfica. Especialidade que trata da sa\u00fade da mulher, a Ginecologia \u00e9 o acompanhamento primordial para sua sa\u00fade desde a adolesc\u00eancia at\u00e9 \u00e0 terceira idade, tanto no aspecto curativo como preventivo. Nesse mesmo contexto, a Obstetr\u00edcia \u00e9 uma das vertentes da Ginecologia que se ocupa do seguimento das gr\u00e1vidas e parturientes. Tem a&hellip; <\/p>\n","protected":false},"author":3,"featured_media":0,"comment_status":"open","ping_status":"open","sticky":false,"template":"","format":"standard","meta":{"_acf_changed":false,"footnotes":""},"categories":[4],"tags":[],"class_list":["post-64614","post","type-post","status-publish","format-standard","hentry","category-saude"],"acf":[],"yoast_head":"<!-- This site is optimized with the Yoast SEO plugin v27.4 - https:\/\/yoast.com\/product\/yoast-seo-wordpress\/ -->\n<title>SA\u00daDE DA MULHER SER\u00c1 PAUTA DURANTE O II CONGRESSO IMIP DE SA\u00daDE INTEGRAL DO VALE DO M\u00c9DIO S\u00c3O FRANCISCO - Blog do Farn\u00e9sio<\/title>\n<meta name=\"robots\" content=\"index, follow, max-snippet:-1, max-image-preview:large, max-video-preview:-1\" \/>\n<link rel=\"canonical\" href=\"https:\/\/blogdofarnesio.com.br\/?p=64614\" \/>\n<meta property=\"og:locale\" content=\"pt_BR\" \/>\n<meta property=\"og:type\" content=\"article\" \/>\n<meta property=\"og:title\" content=\"SA\u00daDE DA MULHER SER\u00c1 PAUTA DURANTE O II CONGRESSO IMIP DE SA\u00daDE INTEGRAL DO VALE DO M\u00c9DIO S\u00c3O FRANCISCO - Blog do Farn\u00e9sio\" \/>\n<meta property=\"og:description\" content=\"O II Congresso IMIP de Sa\u00fade Integral do Vale do M\u00e9dio S\u00e3o Francisco que acontecer\u00e1 nos dias 28 a 30 de novembro, vai congregar na sua grade de programa\u00e7\u00e3o 12 \u00e1reas voltadas \u00e0 sa\u00fade do indiv\u00edduo. Entre os temas a serem abordados, profissionais e estudantes da especialidade de Ginecologia e Obstetr\u00edcia participar\u00e3o do evento que visa a troca de experi\u00eancia, ao mesmo tempo em que, tamb\u00e9m, prop\u00f5e atualiza\u00e7\u00e3o cient\u00edfica. Especialidade que trata da sa\u00fade da mulher, a Ginecologia \u00e9 o acompanhamento primordial para sua sa\u00fade desde a adolesc\u00eancia at\u00e9 \u00e0 terceira idade, tanto no aspecto curativo como preventivo. Nesse mesmo contexto, a Obstetr\u00edcia \u00e9 uma das vertentes da Ginecologia que se ocupa do seguimento das gr\u00e1vidas e parturientes. Tem a&hellip;\" \/>\n<meta property=\"og:url\" content=\"https:\/\/blogdofarnesio.com.br\/?p=64614\" \/>\n<meta property=\"og:site_name\" content=\"Blog do Farn\u00e9sio\" \/>\n<meta property=\"article:publisher\" content=\"https:\/\/www.facebook.com\/BlogQuerSaberPolitica\/\" \/>\n<meta property=\"article:published_time\" content=\"2013-11-24T22:04:51+00:00\" \/>\n<meta property=\"og:image\" content=\"http:\/\/www.quersaberpolitica.com.br\/2016\/wp-content\/uploads\/2013\/11\/blogqsp.IMIP_-300x225.jpg\" \/>\n<meta name=\"author\" content=\"teste\" \/>\n<meta name=\"twitter:card\" content=\"summary_large_image\" \/>\n<meta name=\"twitter:label1\" content=\"Escrito por\" \/>\n\t<meta name=\"twitter:data1\" content=\"teste\" \/>\n\t<meta name=\"twitter:label2\" content=\"Est. tempo de leitura\" \/>\n\t<meta name=\"twitter:data2\" content=\"1 minuto\" \/>\n<script type=\"application\/ld+json\" class=\"yoast-schema-graph\">{\"@context\":\"https:\\\/\\\/schema.org\",\"@graph\":[{\"@type\":\"Article\",\"@id\":\"https:\\\/\\\/blogdofarnesio.com.br\\\/?p=64614#article\",\"isPartOf\":{\"@id\":\"https:\\\/\\\/blogdofarnesio.com.br\\\/?p=64614\"},\"author\":{\"name\":\"teste\",\"@id\":\"https:\\\/\\\/blogdofarnesio.com.br\\\/#\\\/schema\\\/person\\\/dd1bf5eba40b687199ba45ca6b97dff9\"},\"headline\":\"SA\u00daDE DA MULHER SER\u00c1 PAUTA DURANTE O II CONGRESSO IMIP DE SA\u00daDE INTEGRAL DO VALE DO M\u00c9DIO S\u00c3O FRANCISCO\",\"datePublished\":\"2013-11-24T22:04:51+00:00\",\"mainEntityOfPage\":{\"@id\":\"https:\\\/\\\/blogdofarnesio.com.br\\\/?p=64614\"},\"wordCount\":315,\"commentCount\":0,\"publisher\":{\"@id\":\"https:\\\/\\\/blogdofarnesio.com.br\\\/#organization\"},\"image\":{\"@id\":\"https:\\\/\\\/blogdofarnesio.com.br\\\/?p=64614#primaryimage\"},\"thumbnailUrl\":\"http:\\\/\\\/www.quersaberpolitica.com.br\\\/2016\\\/wp-content\\\/uploads\\\/2013\\\/11\\\/blogqsp.IMIP_-300x225.jpg\",\"articleSection\":[\"Sa\u00fade\"],\"inLanguage\":\"pt-BR\",\"potentialAction\":[{\"@type\":\"CommentAction\",\"name\":\"Comment\",\"target\":[\"https:\\\/\\\/blogdofarnesio.com.br\\\/?p=64614#respond\"]}]},{\"@type\":\"WebPage\",\"@id\":\"https:\\\/\\\/blogdofarnesio.com.br\\\/?p=64614\",\"url\":\"https:\\\/\\\/blogdofarnesio.com.br\\\/?p=64614\",\"name\":\"SA\u00daDE DA MULHER SER\u00c1 PAUTA DURANTE O II CONGRESSO IMIP DE SA\u00daDE INTEGRAL DO VALE DO M\u00c9DIO S\u00c3O FRANCISCO - Blog do Farn\u00e9sio\",\"isPartOf\":{\"@id\":\"https:\\\/\\\/blogdofarnesio.com.br\\\/#website\"},\"primaryImageOfPage\":{\"@id\":\"https:\\\/\\\/blogdofarnesio.com.br\\\/?p=64614#primaryimage\"},\"image\":{\"@id\":\"https:\\\/\\\/blogdofarnesio.com.br\\\/?p=64614#primaryimage\"},\"thumbnailUrl\":\"http:\\\/\\\/www.quersaberpolitica.com.br\\\/2016\\\/wp-content\\\/uploads\\\/2013\\\/11\\\/blogqsp.IMIP_-300x225.jpg\",\"datePublished\":\"2013-11-24T22:04:51+00:00\",\"breadcrumb\":{\"@id\":\"https:\\\/\\\/blogdofarnesio.com.br\\\/?p=64614#breadcrumb\"},\"inLanguage\":\"pt-BR\",\"potentialAction\":[{\"@type\":\"ReadAction\",\"target\":[\"https:\\\/\\\/blogdofarnesio.com.br\\\/?p=64614\"]}]},{\"@type\":\"ImageObject\",\"inLanguage\":\"pt-BR\",\"@id\":\"https:\\\/\\\/blogdofarnesio.com.br\\\/?p=64614#primaryimage\",\"url\":\"http:\\\/\\\/www.quersaberpolitica.com.br\\\/2016\\\/wp-content\\\/uploads\\\/2013\\\/11\\\/blogqsp.IMIP_-300x225.jpg\",\"contentUrl\":\"http:\\\/\\\/www.quersaberpolitica.com.br\\\/2016\\\/wp-content\\\/uploads\\\/2013\\\/11\\\/blogqsp.IMIP_-300x225.jpg\"},{\"@type\":\"BreadcrumbList\",\"@id\":\"https:\\\/\\\/blogdofarnesio.com.br\\\/?p=64614#breadcrumb\",\"itemListElement\":[{\"@type\":\"ListItem\",\"position\":1,\"name\":\"In\u00edcio\",\"item\":\"https:\\\/\\\/blogdofarnesio.com.br\\\/\"},{\"@type\":\"ListItem\",\"position\":2,\"name\":\"SA\u00daDE DA MULHER SER\u00c1 PAUTA DURANTE O II CONGRESSO IMIP DE SA\u00daDE INTEGRAL DO VALE DO M\u00c9DIO S\u00c3O FRANCISCO\"}]},{\"@type\":\"WebSite\",\"@id\":\"https:\\\/\\\/blogdofarnesio.com.br\\\/#website\",\"url\":\"https:\\\/\\\/blogdofarnesio.com.br\\\/\",\"name\":\"Blog do Farn\u00e9sio\",\"description\":\"Quer Saber Pol\u00edtica?\",\"publisher\":{\"@id\":\"https:\\\/\\\/blogdofarnesio.com.br\\\/#organization\"},\"potentialAction\":[{\"@type\":\"SearchAction\",\"target\":{\"@type\":\"EntryPoint\",\"urlTemplate\":\"https:\\\/\\\/blogdofarnesio.com.br\\\/?s={search_term_string}\"},\"query-input\":{\"@type\":\"PropertyValueSpecification\",\"valueRequired\":true,\"valueName\":\"search_term_string\"}}],\"inLanguage\":\"pt-BR\"},{\"@type\":\"Organization\",\"@id\":\"https:\\\/\\\/blogdofarnesio.com.br\\\/#organization\",\"name\":\"Blog do Farn\u00e9sio\",\"url\":\"https:\\\/\\\/blogdofarnesio.com.br\\\/\",\"logo\":{\"@type\":\"ImageObject\",\"inLanguage\":\"pt-BR\",\"@id\":\"https:\\\/\\\/blogdofarnesio.com.br\\\/#\\\/schema\\\/logo\\\/image\\\/\",\"url\":\"https:\\\/\\\/blogdofarnesio.com.br\\\/wp-content\\\/uploads\\\/2026\\\/03\\\/cropped-logo_new-1.png\",\"contentUrl\":\"https:\\\/\\\/blogdofarnesio.com.br\\\/wp-content\\\/uploads\\\/2026\\\/03\\\/cropped-logo_new-1.png\",\"width\":881,\"height\":685,\"caption\":\"Blog do Farn\u00e9sio\"},\"image\":{\"@id\":\"https:\\\/\\\/blogdofarnesio.com.br\\\/#\\\/schema\\\/logo\\\/image\\\/\"},\"sameAs\":[\"https:\\\/\\\/www.facebook.com\\\/BlogQuerSaberPolitica\\\/\"]},{\"@type\":\"Person\",\"@id\":\"https:\\\/\\\/blogdofarnesio.com.br\\\/#\\\/schema\\\/person\\\/dd1bf5eba40b687199ba45ca6b97dff9\",\"name\":\"teste\",\"image\":{\"@type\":\"ImageObject\",\"inLanguage\":\"pt-BR\",\"@id\":\"https:\\\/\\\/secure.gravatar.com\\\/avatar\\\/2172498d4914b51e1d89a0f97957b035ac4938723a5cac208135d389b6972a6d?s=96&d=mm&r=g\",\"url\":\"https:\\\/\\\/secure.gravatar.com\\\/avatar\\\/2172498d4914b51e1d89a0f97957b035ac4938723a5cac208135d389b6972a6d?s=96&d=mm&r=g\",\"contentUrl\":\"https:\\\/\\\/secure.gravatar.com\\\/avatar\\\/2172498d4914b51e1d89a0f97957b035ac4938723a5cac208135d389b6972a6d?s=96&d=mm&r=g\",\"caption\":\"teste\"},\"url\":\"https:\\\/\\\/blogdofarnesio.com.br\\\/?author=3\"}]}<\/script>\n<!-- \/ Yoast SEO plugin. -->","yoast_head_json":{"title":"SA\u00daDE DA MULHER SER\u00c1 PAUTA DURANTE O II CONGRESSO IMIP DE SA\u00daDE INTEGRAL DO VALE DO M\u00c9DIO S\u00c3O FRANCISCO - Blog do Farn\u00e9sio","robots":{"index":"index","follow":"follow","max-snippet":"max-snippet:-1","max-image-preview":"max-image-preview:large","max-video-preview":"max-video-preview:-1"},"canonical":"https:\/\/blogdofarnesio.com.br\/?p=64614","og_locale":"pt_BR","og_type":"article","og_title":"SA\u00daDE DA MULHER SER\u00c1 PAUTA DURANTE O II CONGRESSO IMIP DE SA\u00daDE INTEGRAL DO VALE DO M\u00c9DIO S\u00c3O FRANCISCO - Blog do Farn\u00e9sio","og_description":"O II Congresso IMIP de Sa\u00fade Integral do Vale do M\u00e9dio S\u00e3o Francisco que acontecer\u00e1 nos dias 28 a 30 de novembro, vai congregar na sua grade de programa\u00e7\u00e3o 12 \u00e1reas voltadas \u00e0 sa\u00fade do indiv\u00edduo. Entre os temas a serem abordados, profissionais e estudantes da especialidade de Ginecologia e Obstetr\u00edcia participar\u00e3o do evento que visa a troca de experi\u00eancia, ao mesmo tempo em que, tamb\u00e9m, prop\u00f5e atualiza\u00e7\u00e3o cient\u00edfica. Especialidade que trata da sa\u00fade da mulher, a Ginecologia \u00e9 o acompanhamento primordial para sua sa\u00fade desde a adolesc\u00eancia at\u00e9 \u00e0 terceira idade, tanto no aspecto curativo como preventivo. Nesse mesmo contexto, a Obstetr\u00edcia \u00e9 uma das vertentes da Ginecologia que se ocupa do seguimento das gr\u00e1vidas e parturientes. Tem a&hellip;","og_url":"https:\/\/blogdofarnesio.com.br\/?p=64614","og_site_name":"Blog do Farn\u00e9sio","article_publisher":"https:\/\/www.facebook.com\/BlogQuerSaberPolitica\/","article_published_time":"2013-11-24T22:04:51+00:00","og_image":[{"url":"http:\/\/www.quersaberpolitica.com.br\/2016\/wp-content\/uploads\/2013\/11\/blogqsp.IMIP_-300x225.jpg","type":"","width":"","height":""}],"author":"teste","twitter_card":"summary_large_image","twitter_misc":{"Escrito por":"teste","Est. tempo de leitura":"1 minuto"},"schema":{"@context":"https:\/\/schema.org","@graph":[{"@type":"Article","@id":"https:\/\/blogdofarnesio.com.br\/?p=64614#article","isPartOf":{"@id":"https:\/\/blogdofarnesio.com.br\/?p=64614"},"author":{"name":"teste","@id":"https:\/\/blogdofarnesio.com.br\/#\/schema\/person\/dd1bf5eba40b687199ba45ca6b97dff9"},"headline":"SA\u00daDE DA MULHER SER\u00c1 PAUTA DURANTE O II CONGRESSO IMIP DE SA\u00daDE INTEGRAL DO VALE DO M\u00c9DIO S\u00c3O FRANCISCO","datePublished":"2013-11-24T22:04:51+00:00","mainEntityOfPage":{"@id":"https:\/\/blogdofarnesio.com.br\/?p=64614"},"wordCount":315,"commentCount":0,"publisher":{"@id":"https:\/\/blogdofarnesio.com.br\/#organization"},"image":{"@id":"https:\/\/blogdofarnesio.com.br\/?p=64614#primaryimage"},"thumbnailUrl":"http:\/\/www.quersaberpolitica.com.br\/2016\/wp-content\/uploads\/2013\/11\/blogqsp.IMIP_-300x225.jpg","articleSection":["Sa\u00fade"],"inLanguage":"pt-BR","potentialAction":[{"@type":"CommentAction","name":"Comment","target":["https:\/\/blogdofarnesio.com.br\/?p=64614#respond"]}]},{"@type":"WebPage","@id":"https:\/\/blogdofarnesio.com.br\/?p=64614","url":"https:\/\/blogdofarnesio.com.br\/?p=64614","name":"SA\u00daDE DA MULHER SER\u00c1 PAUTA DURANTE O II CONGRESSO IMIP DE SA\u00daDE INTEGRAL DO VALE DO M\u00c9DIO S\u00c3O FRANCISCO - Blog do Farn\u00e9sio","isPartOf":{"@id":"https:\/\/blogdofarnesio.com.br\/#website"},"primaryImageOfPage":{"@id":"https:\/\/blogdofarnesio.com.br\/?p=64614#primaryimage"},"image":{"@id":"https:\/\/blogdofarnesio.com.br\/?p=64614#primaryimage"},"thumbnailUrl":"http:\/\/www.quersaberpolitica.com.br\/2016\/wp-content\/uploads\/2013\/11\/blogqsp.IMIP_-300x225.jpg","datePublished":"2013-11-24T22:04:51+00:00","breadcrumb":{"@id":"https:\/\/blogdofarnesio.com.br\/?p=64614#breadcrumb"},"inLanguage":"pt-BR","potentialAction":[{"@type":"ReadAction","target":["https:\/\/blogdofarnesio.com.br\/?p=64614"]}]},{"@type":"ImageObject","inLanguage":"pt-BR","@id":"https:\/\/blogdofarnesio.com.br\/?p=64614#primaryimage","url":"http:\/\/www.quersaberpolitica.com.br\/2016\/wp-content\/uploads\/2013\/11\/blogqsp.IMIP_-300x225.jpg","contentUrl":"http:\/\/www.quersaberpolitica.com.br\/2016\/wp-content\/uploads\/2013\/11\/blogqsp.IMIP_-300x225.jpg"},{"@type":"BreadcrumbList","@id":"https:\/\/blogdofarnesio.com.br\/?p=64614#breadcrumb","itemListElement":[{"@type":"ListItem","position":1,"name":"In\u00edcio","item":"https:\/\/blogdofarnesio.com.br\/"},{"@type":"ListItem","position":2,"name":"SA\u00daDE DA MULHER SER\u00c1 PAUTA DURANTE O II CONGRESSO IMIP DE SA\u00daDE INTEGRAL DO VALE DO M\u00c9DIO S\u00c3O FRANCISCO"}]},{"@type":"WebSite","@id":"https:\/\/blogdofarnesio.com.br\/#website","url":"https:\/\/blogdofarnesio.com.br\/","name":"Blog do Farn\u00e9sio","description":"Quer Saber Pol\u00edtica?","publisher":{"@id":"https:\/\/blogdofarnesio.com.br\/#organization"},"potentialAction":[{"@type":"SearchAction","target":{"@type":"EntryPoint","urlTemplate":"https:\/\/blogdofarnesio.com.br\/?s={search_term_string}"},"query-input":{"@type":"PropertyValueSpecification","valueRequired":true,"valueName":"search_term_string"}}],"inLanguage":"pt-BR"},{"@type":"Organization","@id":"https:\/\/blogdofarnesio.com.br\/#organization","name":"Blog do Farn\u00e9sio","url":"https:\/\/blogdofarnesio.com.br\/","logo":{"@type":"ImageObject","inLanguage":"pt-BR","@id":"https:\/\/blogdofarnesio.com.br\/#\/schema\/logo\/image\/","url":"https:\/\/blogdofarnesio.com.br\/wp-content\/uploads\/2026\/03\/cropped-logo_new-1.png","contentUrl":"https:\/\/blogdofarnesio.com.br\/wp-content\/uploads\/2026\/03\/cropped-logo_new-1.png","width":881,"height":685,"caption":"Blog do Farn\u00e9sio"},"image":{"@id":"https:\/\/blogdofarnesio.com.br\/#\/schema\/logo\/image\/"},"sameAs":["https:\/\/www.facebook.com\/BlogQuerSaberPolitica\/"]},{"@type":"Person","@id":"https:\/\/blogdofarnesio.com.br\/#\/schema\/person\/dd1bf5eba40b687199ba45ca6b97dff9","name":"teste","image":{"@type":"ImageObject","inLanguage":"pt-BR","@id":"https:\/\/secure.gravatar.com\/avatar\/2172498d4914b51e1d89a0f97957b035ac4938723a5cac208135d389b6972a6d?s=96&d=mm&r=g","url":"https:\/\/secure.gravatar.com\/avatar\/2172498d4914b51e1d89a0f97957b035ac4938723a5cac208135d389b6972a6d?s=96&d=mm&r=g","contentUrl":"https:\/\/secure.gravatar.com\/avatar\/2172498d4914b51e1d89a0f97957b035ac4938723a5cac208135d389b6972a6d?s=96&d=mm&r=g","caption":"teste"},"url":"https:\/\/blogdofarnesio.com.br\/?author=3"}]}},"_links":{"self":[{"href":"https:\/\/blogdofarnesio.com.br\/index.php?rest_route=\/wp\/v2\/posts\/64614","targetHints":{"allow":["GET"]}}],"collection":[{"href":"https:\/\/blogdofarnesio.com.br\/index.php?rest_route=\/wp\/v2\/posts"}],"about":[{"href":"https:\/\/blogdofarnesio.com.br\/index.php?rest_route=\/wp\/v2\/types\/post"}],"author":[{"embeddable":true,"href":"https:\/\/blogdofarnesio.com.br\/index.php?rest_route=\/wp\/v2\/users\/3"}],"replies":[{"embeddable":true,"href":"https:\/\/blogdofarnesio.com.br\/index.php?rest_route=%2Fwp%2Fv2%2Fcomments&post=64614"}],"version-history":[{"count":0,"href":"https:\/\/blogdofarnesio.com.br\/index.php?rest_route=\/wp\/v2\/posts\/64614\/revisions"}],"wp:attachment":[{"href":"https:\/\/blogdofarnesio.com.br\/index.php?rest_route=%2Fwp%2Fv2%2Fmedia&parent=64614"}],"wp:term":[{"taxonomy":"category","embeddable":true,"href":"https:\/\/blogdofarnesio.com.br\/index.php?rest_route=%2Fwp%2Fv2%2Fcategories&post=64614"},{"taxonomy":"post_tag","embeddable":true,"href":"https:\/\/blogdofarnesio.com.br\/index.php?rest_route=%2Fwp%2Fv2%2Ftags&post=64614"}],"curies":[{"name":"wp","href":"https:\/\/api.w.org\/{rel}","templated":true}]}}