{"id":64529,"date":"2013-11-22T08:03:24","date_gmt":"2013-11-22T11:03:24","guid":{"rendered":"http:\/\/www.quersaberpolitica.com.br\/?p=64529"},"modified":"2013-11-21T20:50:28","modified_gmt":"2013-11-21T23:50:28","slug":"64529","status":"publish","type":"post","link":"https:\/\/blogdofarnesio.com.br\/?p=64529","title":{"rendered":"LOSSIO TEM PRAZO LEGAL AT\u00c9 ESTE FIM DE SEMANA, PARA RECORRER AO PLENO DO TSE"},"content":{"rendered":"<p style=\"text-align: justify\"><a href=\"http:\/\/www.quersaberpolitica.com.br\/2016\/wp-content\/uploads\/2013\/09\/blogqspJL-1.jpg\"><img loading=\"lazy\" decoding=\"async\" class=\"alignleft size-medium wp-image-56091\" alt=\"blogqspJL (1)\" src=\"http:\/\/www.quersaberpolitica.com.br\/2016\/wp-content\/uploads\/2013\/09\/blogqspJL-1-224x300.jpg\" width=\"224\" height=\"300\" srcset=\"https:\/\/blogdofarnesio.com.br\/wp-content\/uploads\/2013\/09\/blogqspJL-1-224x300.jpg 224w, https:\/\/blogdofarnesio.com.br\/wp-content\/uploads\/2013\/09\/blogqspJL-1.jpg 336w\" sizes=\"auto, (max-width: 224px) 100vw, 224px\" \/><\/a>O prefeito eleito de Petrolina,\u00a0<strong>J\u00falio Lossio<\/strong>\u00a0(PMDB), tem um prazo de tr\u00eas dias a contar de ontem (21), e que por conseguinte se encerra este fim de semana para recorrer ao pleno do TSE contra decis\u00e3o monocr\u00e1tica da ministra Laurita Vaz, negando Medida Cautelar para que ele ficasse no cargo at\u00e9 o julgamento de todos os recursos.<\/p>\n<p style=\"text-align: justify\">Lossio foi cassado pelo TRE de Pernambuco por abuso de poder pol\u00edtico no bojo de uma A\u00e7\u00e3o de Investiga\u00e7\u00e3o Judicial Eleitoral ajuizada pelo Partido Socialista\u00a0Brasileiro.\u00a0O parecer do Minist\u00e9rio P\u00fablico Eleitoral foi pela improced\u00eancia do pedido de cassa\u00e7\u00e3o, mas foi voto vencido na Corte Eleitoral de Pernambuco.<\/p>\n<p style=\"text-align: justify\">O prefeito foi cassado junto com seu vice, Guilherme Coelho (PSDB), foi declarado ineleg\u00edvel por 8 anos e ainda ter\u00e1 que pagar uma multa no valor de 10 mil Ufirs.<\/p>\n<p style=\"text-align: justify\">\u201cEmbora a jurisprud\u00eancia do TSE admita, em circunst\u00e2ncias excepcionais, a concess\u00e3o de efeito suspensivo a agravo de instrumento e recurso especial\u201d, escreveu a ministra Laurita Vaz, \u201cessa outorga por interm\u00e9dio de cautelar incidental n\u00e3o prescinde da satisfa\u00e7\u00e3o cumulativa dos requisitos do perigo na demora e da fuma\u00e7a do bom direito\u201d.<\/p>\n<p style=\"text-align: justify\">Disse adiante que o artigo 73, \u00a7 10, da Lei n\u00ba 9.504\/97\u00a0pro\u00edbe os agentes p\u00fablicos de distribuir gratuitamente \u201cbens, valores ou benef\u00edcios por parte da Administra\u00e7\u00e3o P\u00fablica, exceto nos casos de calamidade p\u00fablica, de\u00a0estado de emerg\u00eancia ou de programas sociais autorizados em lei e j\u00e1 em execu\u00e7\u00e3o or\u00e7ament\u00e1ria no exerc\u00edcio anterior\u201d.<\/p>\n<p style=\"text-align: justify\">\u201cAnte o exposto\u201d,<!--more--> conclui o despacho da ministra, \u201cindefiro o pedido liminar. Cite-se o Partido Socialista Brasileiro (PSB), decorrido o prazo recursal, ou\u00e7a-se a douta Procuradoria-Geral Eleitoral. Comunique-se o fato ao Tribunal Regional Eleitoral de Pernambuco. Publique-se\u201d.<\/p>\n<p style=\"text-align: justify\">Enquanto isso, o segundo colocado na elei\u00e7\u00e3o, deputado federal Fernando Filho (PSB), foi diplomado ontem \u00e0 noite e j\u00e1 marcou a data da posse para a pr\u00f3xima quarta-feira.<\/p>\n<p style=\"text-align: justify\"><strong>Inaldo Sampaio<\/strong><\/p>\n","protected":false},"excerpt":{"rendered":"<p>O prefeito eleito de Petrolina,\u00a0J\u00falio Lossio\u00a0(PMDB), tem um prazo de tr\u00eas dias a contar de ontem (21), e que por conseguinte se encerra este fim de semana para recorrer ao pleno do TSE contra decis\u00e3o monocr\u00e1tica da ministra Laurita Vaz, negando Medida Cautelar para que ele ficasse no cargo at\u00e9 o julgamento de todos os recursos. Lossio foi cassado pelo TRE de Pernambuco por abuso de poder pol\u00edtico no bojo de uma A\u00e7\u00e3o de Investiga\u00e7\u00e3o Judicial Eleitoral ajuizada pelo Partido Socialista\u00a0Brasileiro.\u00a0O parecer do Minist\u00e9rio P\u00fablico Eleitoral foi pela improced\u00eancia do pedido de cassa\u00e7\u00e3o, mas foi voto vencido na Corte Eleitoral de Pernambuco. O prefeito foi cassado junto com seu vice, Guilherme Coelho (PSDB), foi declarado ineleg\u00edvel por 8 anos e&hellip; <\/p>\n","protected":false},"author":3,"featured_media":0,"comment_status":"open","ping_status":"open","sticky":false,"template":"","format":"standard","meta":{"_acf_changed":false,"footnotes":""},"categories":[30],"tags":[],"class_list":["post-64529","post","type-post","status-publish","format-standard","hentry","category-artigo"],"acf":[],"yoast_head":"<!-- This site is optimized with the Yoast SEO plugin v27.4 - https:\/\/yoast.com\/product\/yoast-seo-wordpress\/ -->\n<title>LOSSIO TEM PRAZO LEGAL AT\u00c9 ESTE FIM DE SEMANA, PARA RECORRER AO PLENO DO TSE - Blog do Farn\u00e9sio<\/title>\n<meta name=\"robots\" content=\"index, follow, max-snippet:-1, max-image-preview:large, max-video-preview:-1\" \/>\n<link rel=\"canonical\" href=\"https:\/\/blogdofarnesio.com.br\/?p=64529\" \/>\n<meta property=\"og:locale\" content=\"pt_BR\" \/>\n<meta property=\"og:type\" content=\"article\" \/>\n<meta property=\"og:title\" content=\"LOSSIO TEM PRAZO LEGAL AT\u00c9 ESTE FIM DE SEMANA, PARA RECORRER AO PLENO DO TSE - Blog do Farn\u00e9sio\" \/>\n<meta property=\"og:description\" content=\"O prefeito eleito de Petrolina,\u00a0J\u00falio Lossio\u00a0(PMDB), tem um prazo de tr\u00eas dias a contar de ontem (21), e que por conseguinte se encerra este fim de semana para recorrer ao pleno do TSE contra decis\u00e3o monocr\u00e1tica da ministra Laurita Vaz, negando Medida Cautelar para que ele ficasse no cargo at\u00e9 o julgamento de todos os recursos. Lossio foi cassado pelo TRE de Pernambuco por abuso de poder pol\u00edtico no bojo de uma A\u00e7\u00e3o de Investiga\u00e7\u00e3o Judicial Eleitoral ajuizada pelo Partido Socialista\u00a0Brasileiro.\u00a0O parecer do Minist\u00e9rio P\u00fablico Eleitoral foi pela improced\u00eancia do pedido de cassa\u00e7\u00e3o, mas foi voto vencido na Corte Eleitoral de Pernambuco. O prefeito foi cassado junto com seu vice, Guilherme Coelho (PSDB), foi declarado ineleg\u00edvel por 8 anos e&hellip;\" \/>\n<meta property=\"og:url\" content=\"https:\/\/blogdofarnesio.com.br\/?p=64529\" \/>\n<meta property=\"og:site_name\" content=\"Blog do Farn\u00e9sio\" \/>\n<meta property=\"article:publisher\" content=\"https:\/\/www.facebook.com\/BlogQuerSaberPolitica\/\" \/>\n<meta property=\"article:published_time\" content=\"2013-11-22T11:03:24+00:00\" \/>\n<meta property=\"og:image\" content=\"http:\/\/www.quersaberpolitica.com.br\/2016\/wp-content\/uploads\/2013\/09\/blogqspJL-1-224x300.jpg\" \/>\n<meta name=\"author\" content=\"teste\" \/>\n<meta name=\"twitter:card\" content=\"summary_large_image\" \/>\n<meta name=\"twitter:label1\" content=\"Escrito por\" \/>\n\t<meta name=\"twitter:data1\" content=\"teste\" \/>\n\t<meta name=\"twitter:label2\" content=\"Est. tempo de leitura\" \/>\n\t<meta name=\"twitter:data2\" content=\"2 minutos\" \/>\n<script type=\"application\/ld+json\" class=\"yoast-schema-graph\">{\"@context\":\"https:\\\/\\\/schema.org\",\"@graph\":[{\"@type\":\"Article\",\"@id\":\"https:\\\/\\\/blogdofarnesio.com.br\\\/?p=64529#article\",\"isPartOf\":{\"@id\":\"https:\\\/\\\/blogdofarnesio.com.br\\\/?p=64529\"},\"author\":{\"name\":\"teste\",\"@id\":\"https:\\\/\\\/blogdofarnesio.com.br\\\/#\\\/schema\\\/person\\\/dd1bf5eba40b687199ba45ca6b97dff9\"},\"headline\":\"LOSSIO TEM PRAZO LEGAL AT\u00c9 ESTE FIM DE SEMANA, PARA RECORRER AO PLENO DO TSE\",\"datePublished\":\"2013-11-22T11:03:24+00:00\",\"mainEntityOfPage\":{\"@id\":\"https:\\\/\\\/blogdofarnesio.com.br\\\/?p=64529\"},\"wordCount\":346,\"commentCount\":0,\"publisher\":{\"@id\":\"https:\\\/\\\/blogdofarnesio.com.br\\\/#organization\"},\"image\":{\"@id\":\"https:\\\/\\\/blogdofarnesio.com.br\\\/?p=64529#primaryimage\"},\"thumbnailUrl\":\"http:\\\/\\\/www.quersaberpolitica.com.br\\\/2016\\\/wp-content\\\/uploads\\\/2013\\\/09\\\/blogqspJL-1-224x300.jpg\",\"articleSection\":[\"Artigo\"],\"inLanguage\":\"pt-BR\",\"potentialAction\":[{\"@type\":\"CommentAction\",\"name\":\"Comment\",\"target\":[\"https:\\\/\\\/blogdofarnesio.com.br\\\/?p=64529#respond\"]}]},{\"@type\":\"WebPage\",\"@id\":\"https:\\\/\\\/blogdofarnesio.com.br\\\/?p=64529\",\"url\":\"https:\\\/\\\/blogdofarnesio.com.br\\\/?p=64529\",\"name\":\"LOSSIO TEM PRAZO LEGAL AT\u00c9 ESTE FIM DE SEMANA, PARA RECORRER AO PLENO DO TSE - Blog do Farn\u00e9sio\",\"isPartOf\":{\"@id\":\"https:\\\/\\\/blogdofarnesio.com.br\\\/#website\"},\"primaryImageOfPage\":{\"@id\":\"https:\\\/\\\/blogdofarnesio.com.br\\\/?p=64529#primaryimage\"},\"image\":{\"@id\":\"https:\\\/\\\/blogdofarnesio.com.br\\\/?p=64529#primaryimage\"},\"thumbnailUrl\":\"http:\\\/\\\/www.quersaberpolitica.com.br\\\/2016\\\/wp-content\\\/uploads\\\/2013\\\/09\\\/blogqspJL-1-224x300.jpg\",\"datePublished\":\"2013-11-22T11:03:24+00:00\",\"breadcrumb\":{\"@id\":\"https:\\\/\\\/blogdofarnesio.com.br\\\/?p=64529#breadcrumb\"},\"inLanguage\":\"pt-BR\",\"potentialAction\":[{\"@type\":\"ReadAction\",\"target\":[\"https:\\\/\\\/blogdofarnesio.com.br\\\/?p=64529\"]}]},{\"@type\":\"ImageObject\",\"inLanguage\":\"pt-BR\",\"@id\":\"https:\\\/\\\/blogdofarnesio.com.br\\\/?p=64529#primaryimage\",\"url\":\"http:\\\/\\\/www.quersaberpolitica.com.br\\\/2016\\\/wp-content\\\/uploads\\\/2013\\\/09\\\/blogqspJL-1-224x300.jpg\",\"contentUrl\":\"http:\\\/\\\/www.quersaberpolitica.com.br\\\/2016\\\/wp-content\\\/uploads\\\/2013\\\/09\\\/blogqspJL-1-224x300.jpg\"},{\"@type\":\"BreadcrumbList\",\"@id\":\"https:\\\/\\\/blogdofarnesio.com.br\\\/?p=64529#breadcrumb\",\"itemListElement\":[{\"@type\":\"ListItem\",\"position\":1,\"name\":\"In\u00edcio\",\"item\":\"https:\\\/\\\/blogdofarnesio.com.br\\\/\"},{\"@type\":\"ListItem\",\"position\":2,\"name\":\"LOSSIO TEM PRAZO LEGAL AT\u00c9 ESTE FIM DE SEMANA, PARA RECORRER AO PLENO DO TSE\"}]},{\"@type\":\"WebSite\",\"@id\":\"https:\\\/\\\/blogdofarnesio.com.br\\\/#website\",\"url\":\"https:\\\/\\\/blogdofarnesio.com.br\\\/\",\"name\":\"Blog do Farn\u00e9sio\",\"description\":\"Quer Saber Pol\u00edtica?\",\"publisher\":{\"@id\":\"https:\\\/\\\/blogdofarnesio.com.br\\\/#organization\"},\"potentialAction\":[{\"@type\":\"SearchAction\",\"target\":{\"@type\":\"EntryPoint\",\"urlTemplate\":\"https:\\\/\\\/blogdofarnesio.com.br\\\/?s={search_term_string}\"},\"query-input\":{\"@type\":\"PropertyValueSpecification\",\"valueRequired\":true,\"valueName\":\"search_term_string\"}}],\"inLanguage\":\"pt-BR\"},{\"@type\":\"Organization\",\"@id\":\"https:\\\/\\\/blogdofarnesio.com.br\\\/#organization\",\"name\":\"Blog do Farn\u00e9sio\",\"url\":\"https:\\\/\\\/blogdofarnesio.com.br\\\/\",\"logo\":{\"@type\":\"ImageObject\",\"inLanguage\":\"pt-BR\",\"@id\":\"https:\\\/\\\/blogdofarnesio.com.br\\\/#\\\/schema\\\/logo\\\/image\\\/\",\"url\":\"https:\\\/\\\/blogdofarnesio.com.br\\\/wp-content\\\/uploads\\\/2026\\\/03\\\/cropped-logo_new-1.png\",\"contentUrl\":\"https:\\\/\\\/blogdofarnesio.com.br\\\/wp-content\\\/uploads\\\/2026\\\/03\\\/cropped-logo_new-1.png\",\"width\":881,\"height\":685,\"caption\":\"Blog do Farn\u00e9sio\"},\"image\":{\"@id\":\"https:\\\/\\\/blogdofarnesio.com.br\\\/#\\\/schema\\\/logo\\\/image\\\/\"},\"sameAs\":[\"https:\\\/\\\/www.facebook.com\\\/BlogQuerSaberPolitica\\\/\"]},{\"@type\":\"Person\",\"@id\":\"https:\\\/\\\/blogdofarnesio.com.br\\\/#\\\/schema\\\/person\\\/dd1bf5eba40b687199ba45ca6b97dff9\",\"name\":\"teste\",\"image\":{\"@type\":\"ImageObject\",\"inLanguage\":\"pt-BR\",\"@id\":\"https:\\\/\\\/secure.gravatar.com\\\/avatar\\\/2172498d4914b51e1d89a0f97957b035ac4938723a5cac208135d389b6972a6d?s=96&d=mm&r=g\",\"url\":\"https:\\\/\\\/secure.gravatar.com\\\/avatar\\\/2172498d4914b51e1d89a0f97957b035ac4938723a5cac208135d389b6972a6d?s=96&d=mm&r=g\",\"contentUrl\":\"https:\\\/\\\/secure.gravatar.com\\\/avatar\\\/2172498d4914b51e1d89a0f97957b035ac4938723a5cac208135d389b6972a6d?s=96&d=mm&r=g\",\"caption\":\"teste\"},\"url\":\"https:\\\/\\\/blogdofarnesio.com.br\\\/?author=3\"}]}<\/script>\n<!-- \/ Yoast SEO plugin. -->","yoast_head_json":{"title":"LOSSIO TEM PRAZO LEGAL AT\u00c9 ESTE FIM DE SEMANA, PARA RECORRER AO PLENO DO TSE - Blog do Farn\u00e9sio","robots":{"index":"index","follow":"follow","max-snippet":"max-snippet:-1","max-image-preview":"max-image-preview:large","max-video-preview":"max-video-preview:-1"},"canonical":"https:\/\/blogdofarnesio.com.br\/?p=64529","og_locale":"pt_BR","og_type":"article","og_title":"LOSSIO TEM PRAZO LEGAL AT\u00c9 ESTE FIM DE SEMANA, PARA RECORRER AO PLENO DO TSE - Blog do Farn\u00e9sio","og_description":"O prefeito eleito de Petrolina,\u00a0J\u00falio Lossio\u00a0(PMDB), tem um prazo de tr\u00eas dias a contar de ontem (21), e que por conseguinte se encerra este fim de semana para recorrer ao pleno do TSE contra decis\u00e3o monocr\u00e1tica da ministra Laurita Vaz, negando Medida Cautelar para que ele ficasse no cargo at\u00e9 o julgamento de todos os recursos. Lossio foi cassado pelo TRE de Pernambuco por abuso de poder pol\u00edtico no bojo de uma A\u00e7\u00e3o de Investiga\u00e7\u00e3o Judicial Eleitoral ajuizada pelo Partido Socialista\u00a0Brasileiro.\u00a0O parecer do Minist\u00e9rio P\u00fablico Eleitoral foi pela improced\u00eancia do pedido de cassa\u00e7\u00e3o, mas foi voto vencido na Corte Eleitoral de Pernambuco. O prefeito foi cassado junto com seu vice, Guilherme Coelho (PSDB), foi declarado ineleg\u00edvel por 8 anos e&hellip;","og_url":"https:\/\/blogdofarnesio.com.br\/?p=64529","og_site_name":"Blog do Farn\u00e9sio","article_publisher":"https:\/\/www.facebook.com\/BlogQuerSaberPolitica\/","article_published_time":"2013-11-22T11:03:24+00:00","og_image":[{"url":"http:\/\/www.quersaberpolitica.com.br\/2016\/wp-content\/uploads\/2013\/09\/blogqspJL-1-224x300.jpg","type":"","width":"","height":""}],"author":"teste","twitter_card":"summary_large_image","twitter_misc":{"Escrito por":"teste","Est. tempo de leitura":"2 minutos"},"schema":{"@context":"https:\/\/schema.org","@graph":[{"@type":"Article","@id":"https:\/\/blogdofarnesio.com.br\/?p=64529#article","isPartOf":{"@id":"https:\/\/blogdofarnesio.com.br\/?p=64529"},"author":{"name":"teste","@id":"https:\/\/blogdofarnesio.com.br\/#\/schema\/person\/dd1bf5eba40b687199ba45ca6b97dff9"},"headline":"LOSSIO TEM PRAZO LEGAL AT\u00c9 ESTE FIM DE SEMANA, PARA RECORRER AO PLENO DO TSE","datePublished":"2013-11-22T11:03:24+00:00","mainEntityOfPage":{"@id":"https:\/\/blogdofarnesio.com.br\/?p=64529"},"wordCount":346,"commentCount":0,"publisher":{"@id":"https:\/\/blogdofarnesio.com.br\/#organization"},"image":{"@id":"https:\/\/blogdofarnesio.com.br\/?p=64529#primaryimage"},"thumbnailUrl":"http:\/\/www.quersaberpolitica.com.br\/2016\/wp-content\/uploads\/2013\/09\/blogqspJL-1-224x300.jpg","articleSection":["Artigo"],"inLanguage":"pt-BR","potentialAction":[{"@type":"CommentAction","name":"Comment","target":["https:\/\/blogdofarnesio.com.br\/?p=64529#respond"]}]},{"@type":"WebPage","@id":"https:\/\/blogdofarnesio.com.br\/?p=64529","url":"https:\/\/blogdofarnesio.com.br\/?p=64529","name":"LOSSIO TEM PRAZO LEGAL AT\u00c9 ESTE FIM DE SEMANA, PARA RECORRER AO PLENO DO TSE - Blog do Farn\u00e9sio","isPartOf":{"@id":"https:\/\/blogdofarnesio.com.br\/#website"},"primaryImageOfPage":{"@id":"https:\/\/blogdofarnesio.com.br\/?p=64529#primaryimage"},"image":{"@id":"https:\/\/blogdofarnesio.com.br\/?p=64529#primaryimage"},"thumbnailUrl":"http:\/\/www.quersaberpolitica.com.br\/2016\/wp-content\/uploads\/2013\/09\/blogqspJL-1-224x300.jpg","datePublished":"2013-11-22T11:03:24+00:00","breadcrumb":{"@id":"https:\/\/blogdofarnesio.com.br\/?p=64529#breadcrumb"},"inLanguage":"pt-BR","potentialAction":[{"@type":"ReadAction","target":["https:\/\/blogdofarnesio.com.br\/?p=64529"]}]},{"@type":"ImageObject","inLanguage":"pt-BR","@id":"https:\/\/blogdofarnesio.com.br\/?p=64529#primaryimage","url":"http:\/\/www.quersaberpolitica.com.br\/2016\/wp-content\/uploads\/2013\/09\/blogqspJL-1-224x300.jpg","contentUrl":"http:\/\/www.quersaberpolitica.com.br\/2016\/wp-content\/uploads\/2013\/09\/blogqspJL-1-224x300.jpg"},{"@type":"BreadcrumbList","@id":"https:\/\/blogdofarnesio.com.br\/?p=64529#breadcrumb","itemListElement":[{"@type":"ListItem","position":1,"name":"In\u00edcio","item":"https:\/\/blogdofarnesio.com.br\/"},{"@type":"ListItem","position":2,"name":"LOSSIO TEM PRAZO LEGAL AT\u00c9 ESTE FIM DE SEMANA, PARA RECORRER AO PLENO DO TSE"}]},{"@type":"WebSite","@id":"https:\/\/blogdofarnesio.com.br\/#website","url":"https:\/\/blogdofarnesio.com.br\/","name":"Blog do Farn\u00e9sio","description":"Quer Saber Pol\u00edtica?","publisher":{"@id":"https:\/\/blogdofarnesio.com.br\/#organization"},"potentialAction":[{"@type":"SearchAction","target":{"@type":"EntryPoint","urlTemplate":"https:\/\/blogdofarnesio.com.br\/?s={search_term_string}"},"query-input":{"@type":"PropertyValueSpecification","valueRequired":true,"valueName":"search_term_string"}}],"inLanguage":"pt-BR"},{"@type":"Organization","@id":"https:\/\/blogdofarnesio.com.br\/#organization","name":"Blog do Farn\u00e9sio","url":"https:\/\/blogdofarnesio.com.br\/","logo":{"@type":"ImageObject","inLanguage":"pt-BR","@id":"https:\/\/blogdofarnesio.com.br\/#\/schema\/logo\/image\/","url":"https:\/\/blogdofarnesio.com.br\/wp-content\/uploads\/2026\/03\/cropped-logo_new-1.png","contentUrl":"https:\/\/blogdofarnesio.com.br\/wp-content\/uploads\/2026\/03\/cropped-logo_new-1.png","width":881,"height":685,"caption":"Blog do Farn\u00e9sio"},"image":{"@id":"https:\/\/blogdofarnesio.com.br\/#\/schema\/logo\/image\/"},"sameAs":["https:\/\/www.facebook.com\/BlogQuerSaberPolitica\/"]},{"@type":"Person","@id":"https:\/\/blogdofarnesio.com.br\/#\/schema\/person\/dd1bf5eba40b687199ba45ca6b97dff9","name":"teste","image":{"@type":"ImageObject","inLanguage":"pt-BR","@id":"https:\/\/secure.gravatar.com\/avatar\/2172498d4914b51e1d89a0f97957b035ac4938723a5cac208135d389b6972a6d?s=96&d=mm&r=g","url":"https:\/\/secure.gravatar.com\/avatar\/2172498d4914b51e1d89a0f97957b035ac4938723a5cac208135d389b6972a6d?s=96&d=mm&r=g","contentUrl":"https:\/\/secure.gravatar.com\/avatar\/2172498d4914b51e1d89a0f97957b035ac4938723a5cac208135d389b6972a6d?s=96&d=mm&r=g","caption":"teste"},"url":"https:\/\/blogdofarnesio.com.br\/?author=3"}]}},"_links":{"self":[{"href":"https:\/\/blogdofarnesio.com.br\/index.php?rest_route=\/wp\/v2\/posts\/64529","targetHints":{"allow":["GET"]}}],"collection":[{"href":"https:\/\/blogdofarnesio.com.br\/index.php?rest_route=\/wp\/v2\/posts"}],"about":[{"href":"https:\/\/blogdofarnesio.com.br\/index.php?rest_route=\/wp\/v2\/types\/post"}],"author":[{"embeddable":true,"href":"https:\/\/blogdofarnesio.com.br\/index.php?rest_route=\/wp\/v2\/users\/3"}],"replies":[{"embeddable":true,"href":"https:\/\/blogdofarnesio.com.br\/index.php?rest_route=%2Fwp%2Fv2%2Fcomments&post=64529"}],"version-history":[{"count":0,"href":"https:\/\/blogdofarnesio.com.br\/index.php?rest_route=\/wp\/v2\/posts\/64529\/revisions"}],"wp:attachment":[{"href":"https:\/\/blogdofarnesio.com.br\/index.php?rest_route=%2Fwp%2Fv2%2Fmedia&parent=64529"}],"wp:term":[{"taxonomy":"category","embeddable":true,"href":"https:\/\/blogdofarnesio.com.br\/index.php?rest_route=%2Fwp%2Fv2%2Fcategories&post=64529"},{"taxonomy":"post_tag","embeddable":true,"href":"https:\/\/blogdofarnesio.com.br\/index.php?rest_route=%2Fwp%2Fv2%2Ftags&post=64529"}],"curies":[{"name":"wp","href":"https:\/\/api.w.org\/{rel}","templated":true}]}}