{"id":64384,"date":"2013-11-21T14:00:27","date_gmt":"2013-11-21T17:00:27","guid":{"rendered":"http:\/\/www.quersaberpolitica.com.br\/?p=64384"},"modified":"2013-11-21T11:29:43","modified_gmt":"2013-11-21T14:29:43","slug":"scientex-comecou-nesta-quarta-20-no-campus-petrolina-sede","status":"publish","type":"post","link":"https:\/\/blogdofarnesio.com.br\/?p=64384","title":{"rendered":"VI\u00aa SCIENTEX PROSSEGUE AT\u00c9 S\u00c1BADO EM PETROLINA"},"content":{"rendered":"<p style=\"text-align: justify\"><a href=\"http:\/\/www.quersaberpolitica.com.br\/2016\/wp-content\/uploads\/2013\/05\/blogqspredemeioambiente-1.jpg\"><img loading=\"lazy\" decoding=\"async\" class=\"alignleft size-full wp-image-42225\" alt=\"blogqspredemeioambiente (1)\" src=\"http:\/\/www.quersaberpolitica.com.br\/2016\/wp-content\/uploads\/2013\/05\/blogqspredemeioambiente-1.jpg\" width=\"236\" height=\"157\" \/><\/a>A 6\u00aa edi\u00e7\u00e3o da Semana de Ensino, Pesquisa e Extens\u00e3o (Scientex) da Universidade Federal do Vale do S\u00e3o Francisco (Univasf) que come\u00e7ou ontem (20) prossegue at\u00e9 o s\u00e1bado (23), no campus Petrolina Sede, com atividades realizadas nas salas de aula, nos laborat\u00f3rios, n\u00facleos tem\u00e1ticos e no audit\u00f3rio da Biblioteca.<\/p>\n<p style=\"text-align: justify\">A programa\u00e7\u00e3o da 6\u00aa Scientex \u00e9 composta por minicursos, mesas redondas, palestras e apresenta\u00e7\u00f5es orais e culturais. Todas as atividades acontecer\u00e3o no per\u00edodo das 8h \u00e0s 21h nos tr\u00eas dias do evento, sendo finalizadas sempre com uma atra\u00e7\u00e3o cultural.<\/p>\n<p style=\"text-align: justify\">A solenidade de abertura foi realizada hoje no audit\u00f3rio da Biblioteca. O professor Marcos Vale, da Faculdade de Medicina da Universidade Federal do Cear\u00e1 (UFC), proferiu palestra sobre o tema \u201cO olho: a c\u00e2mera digital humana\u201d<\/p>\n<p style=\"text-align: justify\">Este ano, com o tema \u201cVamos salvar o planeta?\u201d, a Scientex abre espa\u00e7o para a discuss\u00e3o sobre preserva\u00e7\u00e3o ambiental, com a promo\u00e7\u00e3o de a\u00e7\u00f5es ecologicamente corretas. \u201cVamos adotar os p\u00f4steres eletr\u00f4nicos, que s\u00e3o uma tend\u00eancia mundial, evitando a impress\u00e3o dos p\u00f4steres convencionais\u201d, destaca o pr\u00f3-reitor Helinando de Oliveira<!--more-->, da Pr\u00f3-Reitoria de Pesquisa, P\u00f3s-Gradua\u00e7\u00e3o e Inova\u00e7\u00e3o (PRPPGI), que promove o evento em parceria com as Pr\u00f3-Reitorias de Ensino (Proen) e de Extens\u00e3o (Proex).<\/p>\n<p style=\"text-align: justify\">A expectativa dos organizadores \u00e9 que todos os estudantes e professores da Univasf participem do evento. Para isso, as atividades letivas foram suspensas. A Scientex \u00e9 realizada anualmente desde 2008 e tem como objetivo proporcionar o compartilhamento de conhecimentos cient\u00edficos, tecnol\u00f3gicos e culturais entre a comunidade acad\u00eamica e a externa. \u201cA Scientex \u00e9 um momento em que \u00e9 feita uma reflex\u00e3o sobre o papel da institui\u00e7\u00e3o como geradora de conhecimento ao mesmo tempo em que s\u00e3o avaliados os diferentes programas de fomento \u00e0 pesquisa, \u00e0 extens\u00e3o e ao ensino\u201d, afirmou Helinando.<\/p>\n<p style=\"text-align: justify\">Dentro da Scientex, acontecer\u00e3o v\u00e1rios eventos em paralelo: a VIII Jornada de Inicia\u00e7\u00e3o Cient\u00edfica, a II Jornada de Inicia\u00e7\u00e3o em Desenvolvimento Tecnol\u00f3gico e Inova\u00e7\u00e3o, a II Mostra de P\u00f3s-Gradua\u00e7\u00e3o, a V Mostra de Monitoria e Tutoria, a II Mostra PET e a II Jornada Pr\u00f3-Sa\u00fade \/ PET-Sa\u00fade. A programa\u00e7\u00e3o completa pode ser consultada no site da Scientex.<\/p>\n<p style=\"text-align: justify\"><strong>Helen Sampaio<\/strong><\/p>\n<p>&nbsp;<\/p>\n","protected":false},"excerpt":{"rendered":"<p>A 6\u00aa edi\u00e7\u00e3o da Semana de Ensino, Pesquisa e Extens\u00e3o (Scientex) da Universidade Federal do Vale do S\u00e3o Francisco (Univasf) que come\u00e7ou ontem (20) prossegue at\u00e9 o s\u00e1bado (23), no campus Petrolina Sede, com atividades realizadas nas salas de aula, nos laborat\u00f3rios, n\u00facleos tem\u00e1ticos e no audit\u00f3rio da Biblioteca. A programa\u00e7\u00e3o da 6\u00aa Scientex \u00e9 composta por minicursos, mesas redondas, palestras e apresenta\u00e7\u00f5es orais e culturais. Todas as atividades acontecer\u00e3o no per\u00edodo das 8h \u00e0s 21h nos tr\u00eas dias do evento, sendo finalizadas sempre com uma atra\u00e7\u00e3o cultural. A solenidade de abertura foi realizada hoje no audit\u00f3rio da Biblioteca. O professor Marcos Vale, da Faculdade de Medicina da Universidade Federal do Cear\u00e1 (UFC), proferiu palestra sobre o tema \u201cO olho:&hellip; <\/p>\n","protected":false},"author":3,"featured_media":0,"comment_status":"open","ping_status":"open","sticky":false,"template":"","format":"standard","meta":{"_acf_changed":false,"footnotes":""},"categories":[6],"tags":[],"class_list":["post-64384","post","type-post","status-publish","format-standard","hentry","category-educacao"],"acf":[],"yoast_head":"<!-- This site is optimized with the Yoast SEO plugin v27.4 - https:\/\/yoast.com\/product\/yoast-seo-wordpress\/ -->\n<title>VI\u00aa SCIENTEX PROSSEGUE AT\u00c9 S\u00c1BADO EM PETROLINA - Blog do Farn\u00e9sio<\/title>\n<meta name=\"robots\" content=\"index, follow, max-snippet:-1, max-image-preview:large, max-video-preview:-1\" \/>\n<link rel=\"canonical\" href=\"https:\/\/blogdofarnesio.com.br\/?p=64384\" \/>\n<meta property=\"og:locale\" content=\"pt_BR\" \/>\n<meta property=\"og:type\" content=\"article\" \/>\n<meta property=\"og:title\" content=\"VI\u00aa SCIENTEX PROSSEGUE AT\u00c9 S\u00c1BADO EM PETROLINA - Blog do Farn\u00e9sio\" \/>\n<meta property=\"og:description\" content=\"A 6\u00aa edi\u00e7\u00e3o da Semana de Ensino, Pesquisa e Extens\u00e3o (Scientex) da Universidade Federal do Vale do S\u00e3o Francisco (Univasf) que come\u00e7ou ontem (20) prossegue at\u00e9 o s\u00e1bado (23), no campus Petrolina Sede, com atividades realizadas nas salas de aula, nos laborat\u00f3rios, n\u00facleos tem\u00e1ticos e no audit\u00f3rio da Biblioteca. A programa\u00e7\u00e3o da 6\u00aa Scientex \u00e9 composta por minicursos, mesas redondas, palestras e apresenta\u00e7\u00f5es orais e culturais. Todas as atividades acontecer\u00e3o no per\u00edodo das 8h \u00e0s 21h nos tr\u00eas dias do evento, sendo finalizadas sempre com uma atra\u00e7\u00e3o cultural. A solenidade de abertura foi realizada hoje no audit\u00f3rio da Biblioteca. O professor Marcos Vale, da Faculdade de Medicina da Universidade Federal do Cear\u00e1 (UFC), proferiu palestra sobre o tema \u201cO olho:&hellip;\" \/>\n<meta property=\"og:url\" content=\"https:\/\/blogdofarnesio.com.br\/?p=64384\" \/>\n<meta property=\"og:site_name\" content=\"Blog do Farn\u00e9sio\" \/>\n<meta property=\"article:publisher\" content=\"https:\/\/www.facebook.com\/BlogQuerSaberPolitica\/\" \/>\n<meta property=\"article:published_time\" content=\"2013-11-21T17:00:27+00:00\" \/>\n<meta property=\"og:image\" content=\"http:\/\/www.quersaberpolitica.com.br\/2016\/wp-content\/uploads\/2013\/05\/blogqspredemeioambiente-1.jpg\" \/>\n<meta name=\"author\" content=\"teste\" \/>\n<meta name=\"twitter:card\" content=\"summary_large_image\" \/>\n<meta name=\"twitter:label1\" content=\"Escrito por\" \/>\n\t<meta name=\"twitter:data1\" content=\"teste\" \/>\n\t<meta name=\"twitter:label2\" content=\"Est. tempo de leitura\" \/>\n\t<meta name=\"twitter:data2\" content=\"2 minutos\" \/>\n<script type=\"application\/ld+json\" class=\"yoast-schema-graph\">{\"@context\":\"https:\\\/\\\/schema.org\",\"@graph\":[{\"@type\":\"Article\",\"@id\":\"https:\\\/\\\/blogdofarnesio.com.br\\\/?p=64384#article\",\"isPartOf\":{\"@id\":\"https:\\\/\\\/blogdofarnesio.com.br\\\/?p=64384\"},\"author\":{\"name\":\"teste\",\"@id\":\"https:\\\/\\\/blogdofarnesio.com.br\\\/#\\\/schema\\\/person\\\/dd1bf5eba40b687199ba45ca6b97dff9\"},\"headline\":\"VI\u00aa SCIENTEX PROSSEGUE AT\u00c9 S\u00c1BADO EM PETROLINA\",\"datePublished\":\"2013-11-21T17:00:27+00:00\",\"mainEntityOfPage\":{\"@id\":\"https:\\\/\\\/blogdofarnesio.com.br\\\/?p=64384\"},\"wordCount\":397,\"commentCount\":0,\"publisher\":{\"@id\":\"https:\\\/\\\/blogdofarnesio.com.br\\\/#organization\"},\"image\":{\"@id\":\"https:\\\/\\\/blogdofarnesio.com.br\\\/?p=64384#primaryimage\"},\"thumbnailUrl\":\"http:\\\/\\\/www.quersaberpolitica.com.br\\\/2016\\\/wp-content\\\/uploads\\\/2013\\\/05\\\/blogqspredemeioambiente-1.jpg\",\"articleSection\":[\"Educa\u00e7\u00e3o\"],\"inLanguage\":\"pt-BR\",\"potentialAction\":[{\"@type\":\"CommentAction\",\"name\":\"Comment\",\"target\":[\"https:\\\/\\\/blogdofarnesio.com.br\\\/?p=64384#respond\"]}]},{\"@type\":\"WebPage\",\"@id\":\"https:\\\/\\\/blogdofarnesio.com.br\\\/?p=64384\",\"url\":\"https:\\\/\\\/blogdofarnesio.com.br\\\/?p=64384\",\"name\":\"VI\u00aa SCIENTEX PROSSEGUE AT\u00c9 S\u00c1BADO EM PETROLINA - Blog do Farn\u00e9sio\",\"isPartOf\":{\"@id\":\"https:\\\/\\\/blogdofarnesio.com.br\\\/#website\"},\"primaryImageOfPage\":{\"@id\":\"https:\\\/\\\/blogdofarnesio.com.br\\\/?p=64384#primaryimage\"},\"image\":{\"@id\":\"https:\\\/\\\/blogdofarnesio.com.br\\\/?p=64384#primaryimage\"},\"thumbnailUrl\":\"http:\\\/\\\/www.quersaberpolitica.com.br\\\/2016\\\/wp-content\\\/uploads\\\/2013\\\/05\\\/blogqspredemeioambiente-1.jpg\",\"datePublished\":\"2013-11-21T17:00:27+00:00\",\"breadcrumb\":{\"@id\":\"https:\\\/\\\/blogdofarnesio.com.br\\\/?p=64384#breadcrumb\"},\"inLanguage\":\"pt-BR\",\"potentialAction\":[{\"@type\":\"ReadAction\",\"target\":[\"https:\\\/\\\/blogdofarnesio.com.br\\\/?p=64384\"]}]},{\"@type\":\"ImageObject\",\"inLanguage\":\"pt-BR\",\"@id\":\"https:\\\/\\\/blogdofarnesio.com.br\\\/?p=64384#primaryimage\",\"url\":\"http:\\\/\\\/www.quersaberpolitica.com.br\\\/2016\\\/wp-content\\\/uploads\\\/2013\\\/05\\\/blogqspredemeioambiente-1.jpg\",\"contentUrl\":\"http:\\\/\\\/www.quersaberpolitica.com.br\\\/2016\\\/wp-content\\\/uploads\\\/2013\\\/05\\\/blogqspredemeioambiente-1.jpg\"},{\"@type\":\"BreadcrumbList\",\"@id\":\"https:\\\/\\\/blogdofarnesio.com.br\\\/?p=64384#breadcrumb\",\"itemListElement\":[{\"@type\":\"ListItem\",\"position\":1,\"name\":\"In\u00edcio\",\"item\":\"https:\\\/\\\/blogdofarnesio.com.br\\\/\"},{\"@type\":\"ListItem\",\"position\":2,\"name\":\"VI\u00aa SCIENTEX PROSSEGUE AT\u00c9 S\u00c1BADO EM PETROLINA\"}]},{\"@type\":\"WebSite\",\"@id\":\"https:\\\/\\\/blogdofarnesio.com.br\\\/#website\",\"url\":\"https:\\\/\\\/blogdofarnesio.com.br\\\/\",\"name\":\"Blog do Farn\u00e9sio\",\"description\":\"Quer Saber Pol\u00edtica?\",\"publisher\":{\"@id\":\"https:\\\/\\\/blogdofarnesio.com.br\\\/#organization\"},\"potentialAction\":[{\"@type\":\"SearchAction\",\"target\":{\"@type\":\"EntryPoint\",\"urlTemplate\":\"https:\\\/\\\/blogdofarnesio.com.br\\\/?s={search_term_string}\"},\"query-input\":{\"@type\":\"PropertyValueSpecification\",\"valueRequired\":true,\"valueName\":\"search_term_string\"}}],\"inLanguage\":\"pt-BR\"},{\"@type\":\"Organization\",\"@id\":\"https:\\\/\\\/blogdofarnesio.com.br\\\/#organization\",\"name\":\"Blog do Farn\u00e9sio\",\"url\":\"https:\\\/\\\/blogdofarnesio.com.br\\\/\",\"logo\":{\"@type\":\"ImageObject\",\"inLanguage\":\"pt-BR\",\"@id\":\"https:\\\/\\\/blogdofarnesio.com.br\\\/#\\\/schema\\\/logo\\\/image\\\/\",\"url\":\"https:\\\/\\\/blogdofarnesio.com.br\\\/wp-content\\\/uploads\\\/2026\\\/03\\\/cropped-logo_new-1.png\",\"contentUrl\":\"https:\\\/\\\/blogdofarnesio.com.br\\\/wp-content\\\/uploads\\\/2026\\\/03\\\/cropped-logo_new-1.png\",\"width\":881,\"height\":685,\"caption\":\"Blog do Farn\u00e9sio\"},\"image\":{\"@id\":\"https:\\\/\\\/blogdofarnesio.com.br\\\/#\\\/schema\\\/logo\\\/image\\\/\"},\"sameAs\":[\"https:\\\/\\\/www.facebook.com\\\/BlogQuerSaberPolitica\\\/\"]},{\"@type\":\"Person\",\"@id\":\"https:\\\/\\\/blogdofarnesio.com.br\\\/#\\\/schema\\\/person\\\/dd1bf5eba40b687199ba45ca6b97dff9\",\"name\":\"teste\",\"image\":{\"@type\":\"ImageObject\",\"inLanguage\":\"pt-BR\",\"@id\":\"https:\\\/\\\/secure.gravatar.com\\\/avatar\\\/2172498d4914b51e1d89a0f97957b035ac4938723a5cac208135d389b6972a6d?s=96&d=mm&r=g\",\"url\":\"https:\\\/\\\/secure.gravatar.com\\\/avatar\\\/2172498d4914b51e1d89a0f97957b035ac4938723a5cac208135d389b6972a6d?s=96&d=mm&r=g\",\"contentUrl\":\"https:\\\/\\\/secure.gravatar.com\\\/avatar\\\/2172498d4914b51e1d89a0f97957b035ac4938723a5cac208135d389b6972a6d?s=96&d=mm&r=g\",\"caption\":\"teste\"},\"url\":\"https:\\\/\\\/blogdofarnesio.com.br\\\/?author=3\"}]}<\/script>\n<!-- \/ Yoast SEO plugin. -->","yoast_head_json":{"title":"VI\u00aa SCIENTEX PROSSEGUE AT\u00c9 S\u00c1BADO EM PETROLINA - Blog do Farn\u00e9sio","robots":{"index":"index","follow":"follow","max-snippet":"max-snippet:-1","max-image-preview":"max-image-preview:large","max-video-preview":"max-video-preview:-1"},"canonical":"https:\/\/blogdofarnesio.com.br\/?p=64384","og_locale":"pt_BR","og_type":"article","og_title":"VI\u00aa SCIENTEX PROSSEGUE AT\u00c9 S\u00c1BADO EM PETROLINA - Blog do Farn\u00e9sio","og_description":"A 6\u00aa edi\u00e7\u00e3o da Semana de Ensino, Pesquisa e Extens\u00e3o (Scientex) da Universidade Federal do Vale do S\u00e3o Francisco (Univasf) que come\u00e7ou ontem (20) prossegue at\u00e9 o s\u00e1bado (23), no campus Petrolina Sede, com atividades realizadas nas salas de aula, nos laborat\u00f3rios, n\u00facleos tem\u00e1ticos e no audit\u00f3rio da Biblioteca. A programa\u00e7\u00e3o da 6\u00aa Scientex \u00e9 composta por minicursos, mesas redondas, palestras e apresenta\u00e7\u00f5es orais e culturais. Todas as atividades acontecer\u00e3o no per\u00edodo das 8h \u00e0s 21h nos tr\u00eas dias do evento, sendo finalizadas sempre com uma atra\u00e7\u00e3o cultural. A solenidade de abertura foi realizada hoje no audit\u00f3rio da Biblioteca. O professor Marcos Vale, da Faculdade de Medicina da Universidade Federal do Cear\u00e1 (UFC), proferiu palestra sobre o tema \u201cO olho:&hellip;","og_url":"https:\/\/blogdofarnesio.com.br\/?p=64384","og_site_name":"Blog do Farn\u00e9sio","article_publisher":"https:\/\/www.facebook.com\/BlogQuerSaberPolitica\/","article_published_time":"2013-11-21T17:00:27+00:00","og_image":[{"url":"http:\/\/www.quersaberpolitica.com.br\/2016\/wp-content\/uploads\/2013\/05\/blogqspredemeioambiente-1.jpg","type":"","width":"","height":""}],"author":"teste","twitter_card":"summary_large_image","twitter_misc":{"Escrito por":"teste","Est. tempo de leitura":"2 minutos"},"schema":{"@context":"https:\/\/schema.org","@graph":[{"@type":"Article","@id":"https:\/\/blogdofarnesio.com.br\/?p=64384#article","isPartOf":{"@id":"https:\/\/blogdofarnesio.com.br\/?p=64384"},"author":{"name":"teste","@id":"https:\/\/blogdofarnesio.com.br\/#\/schema\/person\/dd1bf5eba40b687199ba45ca6b97dff9"},"headline":"VI\u00aa SCIENTEX PROSSEGUE AT\u00c9 S\u00c1BADO EM PETROLINA","datePublished":"2013-11-21T17:00:27+00:00","mainEntityOfPage":{"@id":"https:\/\/blogdofarnesio.com.br\/?p=64384"},"wordCount":397,"commentCount":0,"publisher":{"@id":"https:\/\/blogdofarnesio.com.br\/#organization"},"image":{"@id":"https:\/\/blogdofarnesio.com.br\/?p=64384#primaryimage"},"thumbnailUrl":"http:\/\/www.quersaberpolitica.com.br\/2016\/wp-content\/uploads\/2013\/05\/blogqspredemeioambiente-1.jpg","articleSection":["Educa\u00e7\u00e3o"],"inLanguage":"pt-BR","potentialAction":[{"@type":"CommentAction","name":"Comment","target":["https:\/\/blogdofarnesio.com.br\/?p=64384#respond"]}]},{"@type":"WebPage","@id":"https:\/\/blogdofarnesio.com.br\/?p=64384","url":"https:\/\/blogdofarnesio.com.br\/?p=64384","name":"VI\u00aa SCIENTEX PROSSEGUE AT\u00c9 S\u00c1BADO EM PETROLINA - Blog do Farn\u00e9sio","isPartOf":{"@id":"https:\/\/blogdofarnesio.com.br\/#website"},"primaryImageOfPage":{"@id":"https:\/\/blogdofarnesio.com.br\/?p=64384#primaryimage"},"image":{"@id":"https:\/\/blogdofarnesio.com.br\/?p=64384#primaryimage"},"thumbnailUrl":"http:\/\/www.quersaberpolitica.com.br\/2016\/wp-content\/uploads\/2013\/05\/blogqspredemeioambiente-1.jpg","datePublished":"2013-11-21T17:00:27+00:00","breadcrumb":{"@id":"https:\/\/blogdofarnesio.com.br\/?p=64384#breadcrumb"},"inLanguage":"pt-BR","potentialAction":[{"@type":"ReadAction","target":["https:\/\/blogdofarnesio.com.br\/?p=64384"]}]},{"@type":"ImageObject","inLanguage":"pt-BR","@id":"https:\/\/blogdofarnesio.com.br\/?p=64384#primaryimage","url":"http:\/\/www.quersaberpolitica.com.br\/2016\/wp-content\/uploads\/2013\/05\/blogqspredemeioambiente-1.jpg","contentUrl":"http:\/\/www.quersaberpolitica.com.br\/2016\/wp-content\/uploads\/2013\/05\/blogqspredemeioambiente-1.jpg"},{"@type":"BreadcrumbList","@id":"https:\/\/blogdofarnesio.com.br\/?p=64384#breadcrumb","itemListElement":[{"@type":"ListItem","position":1,"name":"In\u00edcio","item":"https:\/\/blogdofarnesio.com.br\/"},{"@type":"ListItem","position":2,"name":"VI\u00aa SCIENTEX PROSSEGUE AT\u00c9 S\u00c1BADO EM PETROLINA"}]},{"@type":"WebSite","@id":"https:\/\/blogdofarnesio.com.br\/#website","url":"https:\/\/blogdofarnesio.com.br\/","name":"Blog do Farn\u00e9sio","description":"Quer Saber Pol\u00edtica?","publisher":{"@id":"https:\/\/blogdofarnesio.com.br\/#organization"},"potentialAction":[{"@type":"SearchAction","target":{"@type":"EntryPoint","urlTemplate":"https:\/\/blogdofarnesio.com.br\/?s={search_term_string}"},"query-input":{"@type":"PropertyValueSpecification","valueRequired":true,"valueName":"search_term_string"}}],"inLanguage":"pt-BR"},{"@type":"Organization","@id":"https:\/\/blogdofarnesio.com.br\/#organization","name":"Blog do Farn\u00e9sio","url":"https:\/\/blogdofarnesio.com.br\/","logo":{"@type":"ImageObject","inLanguage":"pt-BR","@id":"https:\/\/blogdofarnesio.com.br\/#\/schema\/logo\/image\/","url":"https:\/\/blogdofarnesio.com.br\/wp-content\/uploads\/2026\/03\/cropped-logo_new-1.png","contentUrl":"https:\/\/blogdofarnesio.com.br\/wp-content\/uploads\/2026\/03\/cropped-logo_new-1.png","width":881,"height":685,"caption":"Blog do Farn\u00e9sio"},"image":{"@id":"https:\/\/blogdofarnesio.com.br\/#\/schema\/logo\/image\/"},"sameAs":["https:\/\/www.facebook.com\/BlogQuerSaberPolitica\/"]},{"@type":"Person","@id":"https:\/\/blogdofarnesio.com.br\/#\/schema\/person\/dd1bf5eba40b687199ba45ca6b97dff9","name":"teste","image":{"@type":"ImageObject","inLanguage":"pt-BR","@id":"https:\/\/secure.gravatar.com\/avatar\/2172498d4914b51e1d89a0f97957b035ac4938723a5cac208135d389b6972a6d?s=96&d=mm&r=g","url":"https:\/\/secure.gravatar.com\/avatar\/2172498d4914b51e1d89a0f97957b035ac4938723a5cac208135d389b6972a6d?s=96&d=mm&r=g","contentUrl":"https:\/\/secure.gravatar.com\/avatar\/2172498d4914b51e1d89a0f97957b035ac4938723a5cac208135d389b6972a6d?s=96&d=mm&r=g","caption":"teste"},"url":"https:\/\/blogdofarnesio.com.br\/?author=3"}]}},"_links":{"self":[{"href":"https:\/\/blogdofarnesio.com.br\/index.php?rest_route=\/wp\/v2\/posts\/64384","targetHints":{"allow":["GET"]}}],"collection":[{"href":"https:\/\/blogdofarnesio.com.br\/index.php?rest_route=\/wp\/v2\/posts"}],"about":[{"href":"https:\/\/blogdofarnesio.com.br\/index.php?rest_route=\/wp\/v2\/types\/post"}],"author":[{"embeddable":true,"href":"https:\/\/blogdofarnesio.com.br\/index.php?rest_route=\/wp\/v2\/users\/3"}],"replies":[{"embeddable":true,"href":"https:\/\/blogdofarnesio.com.br\/index.php?rest_route=%2Fwp%2Fv2%2Fcomments&post=64384"}],"version-history":[{"count":0,"href":"https:\/\/blogdofarnesio.com.br\/index.php?rest_route=\/wp\/v2\/posts\/64384\/revisions"}],"wp:attachment":[{"href":"https:\/\/blogdofarnesio.com.br\/index.php?rest_route=%2Fwp%2Fv2%2Fmedia&parent=64384"}],"wp:term":[{"taxonomy":"category","embeddable":true,"href":"https:\/\/blogdofarnesio.com.br\/index.php?rest_route=%2Fwp%2Fv2%2Fcategories&post=64384"},{"taxonomy":"post_tag","embeddable":true,"href":"https:\/\/blogdofarnesio.com.br\/index.php?rest_route=%2Fwp%2Fv2%2Ftags&post=64384"}],"curies":[{"name":"wp","href":"https:\/\/api.w.org\/{rel}","templated":true}]}}