{"id":64382,"date":"2013-11-21T15:42:44","date_gmt":"2013-11-21T18:42:44","guid":{"rendered":"http:\/\/www.quersaberpolitica.com.br\/?p=64382"},"modified":"2013-11-21T14:43:05","modified_gmt":"2013-11-21T17:43:05","slug":"mulheres-do-pt-apoiam-rui-ao-governo-da-bahia","status":"publish","type":"post","link":"https:\/\/blogdofarnesio.com.br\/?p=64382","title":{"rendered":"MULHERES DO PT APOIAM RUI AO GOVERNO DA BAHIA"},"content":{"rendered":"<p style=\"text-align: justify\"><a href=\"http:\/\/www.quersaberpolitica.com.br\/2016\/wp-content\/uploads\/2013\/05\/blogqsp.Rui-Costa.jpg\"><img loading=\"lazy\" decoding=\"async\" class=\"alignleft size-medium wp-image-39516\" alt=\"blogqsp.Rui-Costa\" src=\"http:\/\/www.quersaberpolitica.com.br\/2016\/wp-content\/uploads\/2013\/05\/blogqsp.Rui-Costa-300x238.jpg\" width=\"300\" height=\"238\" \/><\/a>Ap\u00f3s o apoio da Juventude do PT e de lideran\u00e7as do MST, agora s\u00e3o as mulheres petistas que declaram apoio \u00e0 candidatura de Rui Costa ao governo baiano.<\/p>\n<p style=\"text-align: justify\">Para Vera L\u00facia, Secret\u00e1ria da SPM (Secretaria de Pol\u00edticas para Mulheres), \u201cRui sempre foi um incentivador de a\u00e7\u00f5es voltadas para as mulheres e para os movimentos sociais.Como secret\u00e1rio da Casa Civil, tem sido mais que um parceiro, n\u00e3o medindo esfor\u00e7os em apoio \u00e0 nossa luta\u201d.<\/p>\n<p style=\"text-align: justify\">Segundo as mulheres petistas, a trajet\u00f3ria de Rui no governo da Bahia, desde o per\u00edodo em que esteve \u00e0 frente da SERIN, tem sido de refor\u00e7o \u00e0s pol\u00edticas para as mulheres. Ant\u00f4nia Garcia, militante hist\u00f3rica na luta feminista, afirma que o trabalho desenvolvido pelo Governador Jaques Wagner \u201cestar\u00e1 em boas m\u00e3os com Rui, pois desde a SERIN e agora na Casa Civil tem tido um papel importante na execu\u00e7\u00e3o das pol\u00edticas de governo\u201d.<!--more--><\/p>\n<p style=\"text-align: justify\">Segundo Moema Gramacho, \u201co perfil de Rui \u00e9 o melhor para dar sequ\u00eancia ao nosso projeto, que vem mudando o Brasil e a Bahia, j\u00e1 que desde o tempo em que era sindicalista, sempre se pautou na luta contra a desigualdade social e contra a discrimina\u00e7\u00e3o de g\u00eanero e de ra\u00e7a.\u201d Destacou tamb\u00e9m, que quando prefeita testemunhou o compromisso de Rui com o desenvolvimento dos munic\u00edpios.<\/p>\n<p style=\"text-align: justify\">A deputada estadual F\u00e1tima Nunes diz que v\u00ea em Rui \u201cum jovem pol\u00edtico, s\u00e9rio e ao mesmo tempo inovador, capaz de olhar pra frente, partindo do j\u00e1 constru\u00eddo, mas agregando propostas e a\u00e7\u00f5es inovadoras e avan\u00e7adas\u201d.<\/p>\n<p style=\"text-align: justify\"><strong>ASCOM<\/strong><\/p>\n","protected":false},"excerpt":{"rendered":"<p>Ap\u00f3s o apoio da Juventude do PT e de lideran\u00e7as do MST, agora s\u00e3o as mulheres petistas que declaram apoio \u00e0 candidatura de Rui Costa ao governo baiano. Para Vera L\u00facia, Secret\u00e1ria da SPM (Secretaria de Pol\u00edticas para Mulheres), \u201cRui sempre foi um incentivador de a\u00e7\u00f5es voltadas para as mulheres e para os movimentos sociais.Como secret\u00e1rio da Casa Civil, tem sido mais que um parceiro, n\u00e3o medindo esfor\u00e7os em apoio \u00e0 nossa luta\u201d. Segundo as mulheres petistas, a trajet\u00f3ria de Rui no governo da Bahia, desde o per\u00edodo em que esteve \u00e0 frente da SERIN, tem sido de refor\u00e7o \u00e0s pol\u00edticas para as mulheres. Ant\u00f4nia Garcia, militante hist\u00f3rica na luta feminista, afirma que o trabalho desenvolvido pelo Governador Jaques Wagner&hellip; <\/p>\n","protected":false},"author":3,"featured_media":0,"comment_status":"open","ping_status":"open","sticky":false,"template":"","format":"standard","meta":{"_acf_changed":false,"footnotes":""},"categories":[1],"tags":[],"class_list":["post-64382","post","type-post","status-publish","format-standard","hentry","category-politica"],"acf":[],"yoast_head":"<!-- This site is optimized with the Yoast SEO plugin v27.4 - https:\/\/yoast.com\/product\/yoast-seo-wordpress\/ -->\n<title>MULHERES DO PT APOIAM RUI AO GOVERNO DA BAHIA - Blog do Farn\u00e9sio<\/title>\n<meta name=\"robots\" content=\"index, follow, max-snippet:-1, max-image-preview:large, max-video-preview:-1\" \/>\n<link rel=\"canonical\" href=\"https:\/\/blogdofarnesio.com.br\/?p=64382\" \/>\n<meta property=\"og:locale\" content=\"pt_BR\" \/>\n<meta property=\"og:type\" content=\"article\" \/>\n<meta property=\"og:title\" content=\"MULHERES DO PT APOIAM RUI AO GOVERNO DA BAHIA - Blog do Farn\u00e9sio\" \/>\n<meta property=\"og:description\" content=\"Ap\u00f3s o apoio da Juventude do PT e de lideran\u00e7as do MST, agora s\u00e3o as mulheres petistas que declaram apoio \u00e0 candidatura de Rui Costa ao governo baiano. Para Vera L\u00facia, Secret\u00e1ria da SPM (Secretaria de Pol\u00edticas para Mulheres), \u201cRui sempre foi um incentivador de a\u00e7\u00f5es voltadas para as mulheres e para os movimentos sociais.Como secret\u00e1rio da Casa Civil, tem sido mais que um parceiro, n\u00e3o medindo esfor\u00e7os em apoio \u00e0 nossa luta\u201d. Segundo as mulheres petistas, a trajet\u00f3ria de Rui no governo da Bahia, desde o per\u00edodo em que esteve \u00e0 frente da SERIN, tem sido de refor\u00e7o \u00e0s pol\u00edticas para as mulheres. Ant\u00f4nia Garcia, militante hist\u00f3rica na luta feminista, afirma que o trabalho desenvolvido pelo Governador Jaques Wagner&hellip;\" \/>\n<meta property=\"og:url\" content=\"https:\/\/blogdofarnesio.com.br\/?p=64382\" \/>\n<meta property=\"og:site_name\" content=\"Blog do Farn\u00e9sio\" \/>\n<meta property=\"article:publisher\" content=\"https:\/\/www.facebook.com\/BlogQuerSaberPolitica\/\" \/>\n<meta property=\"article:published_time\" content=\"2013-11-21T18:42:44+00:00\" \/>\n<meta property=\"og:image\" content=\"http:\/\/www.quersaberpolitica.com.br\/2016\/wp-content\/uploads\/2013\/05\/blogqsp.Rui-Costa-300x238.jpg\" \/>\n<meta name=\"author\" content=\"teste\" \/>\n<meta name=\"twitter:card\" content=\"summary_large_image\" \/>\n<meta name=\"twitter:label1\" content=\"Escrito por\" \/>\n\t<meta name=\"twitter:data1\" content=\"teste\" \/>\n\t<meta name=\"twitter:label2\" content=\"Est. tempo de leitura\" \/>\n\t<meta name=\"twitter:data2\" content=\"1 minuto\" \/>\n<script type=\"application\/ld+json\" class=\"yoast-schema-graph\">{\"@context\":\"https:\\\/\\\/schema.org\",\"@graph\":[{\"@type\":\"Article\",\"@id\":\"https:\\\/\\\/blogdofarnesio.com.br\\\/?p=64382#article\",\"isPartOf\":{\"@id\":\"https:\\\/\\\/blogdofarnesio.com.br\\\/?p=64382\"},\"author\":{\"name\":\"teste\",\"@id\":\"https:\\\/\\\/blogdofarnesio.com.br\\\/#\\\/schema\\\/person\\\/dd1bf5eba40b687199ba45ca6b97dff9\"},\"headline\":\"MULHERES DO PT APOIAM RUI AO GOVERNO DA BAHIA\",\"datePublished\":\"2013-11-21T18:42:44+00:00\",\"mainEntityOfPage\":{\"@id\":\"https:\\\/\\\/blogdofarnesio.com.br\\\/?p=64382\"},\"wordCount\":286,\"commentCount\":0,\"publisher\":{\"@id\":\"https:\\\/\\\/blogdofarnesio.com.br\\\/#organization\"},\"image\":{\"@id\":\"https:\\\/\\\/blogdofarnesio.com.br\\\/?p=64382#primaryimage\"},\"thumbnailUrl\":\"http:\\\/\\\/www.quersaberpolitica.com.br\\\/2016\\\/wp-content\\\/uploads\\\/2013\\\/05\\\/blogqsp.Rui-Costa-300x238.jpg\",\"articleSection\":[\"Pol\u00edtica\"],\"inLanguage\":\"pt-BR\",\"potentialAction\":[{\"@type\":\"CommentAction\",\"name\":\"Comment\",\"target\":[\"https:\\\/\\\/blogdofarnesio.com.br\\\/?p=64382#respond\"]}]},{\"@type\":\"WebPage\",\"@id\":\"https:\\\/\\\/blogdofarnesio.com.br\\\/?p=64382\",\"url\":\"https:\\\/\\\/blogdofarnesio.com.br\\\/?p=64382\",\"name\":\"MULHERES DO PT APOIAM RUI AO GOVERNO DA BAHIA - Blog do Farn\u00e9sio\",\"isPartOf\":{\"@id\":\"https:\\\/\\\/blogdofarnesio.com.br\\\/#website\"},\"primaryImageOfPage\":{\"@id\":\"https:\\\/\\\/blogdofarnesio.com.br\\\/?p=64382#primaryimage\"},\"image\":{\"@id\":\"https:\\\/\\\/blogdofarnesio.com.br\\\/?p=64382#primaryimage\"},\"thumbnailUrl\":\"http:\\\/\\\/www.quersaberpolitica.com.br\\\/2016\\\/wp-content\\\/uploads\\\/2013\\\/05\\\/blogqsp.Rui-Costa-300x238.jpg\",\"datePublished\":\"2013-11-21T18:42:44+00:00\",\"breadcrumb\":{\"@id\":\"https:\\\/\\\/blogdofarnesio.com.br\\\/?p=64382#breadcrumb\"},\"inLanguage\":\"pt-BR\",\"potentialAction\":[{\"@type\":\"ReadAction\",\"target\":[\"https:\\\/\\\/blogdofarnesio.com.br\\\/?p=64382\"]}]},{\"@type\":\"ImageObject\",\"inLanguage\":\"pt-BR\",\"@id\":\"https:\\\/\\\/blogdofarnesio.com.br\\\/?p=64382#primaryimage\",\"url\":\"http:\\\/\\\/www.quersaberpolitica.com.br\\\/2016\\\/wp-content\\\/uploads\\\/2013\\\/05\\\/blogqsp.Rui-Costa-300x238.jpg\",\"contentUrl\":\"http:\\\/\\\/www.quersaberpolitica.com.br\\\/2016\\\/wp-content\\\/uploads\\\/2013\\\/05\\\/blogqsp.Rui-Costa-300x238.jpg\"},{\"@type\":\"BreadcrumbList\",\"@id\":\"https:\\\/\\\/blogdofarnesio.com.br\\\/?p=64382#breadcrumb\",\"itemListElement\":[{\"@type\":\"ListItem\",\"position\":1,\"name\":\"In\u00edcio\",\"item\":\"https:\\\/\\\/blogdofarnesio.com.br\\\/\"},{\"@type\":\"ListItem\",\"position\":2,\"name\":\"MULHERES DO PT APOIAM RUI AO GOVERNO DA BAHIA\"}]},{\"@type\":\"WebSite\",\"@id\":\"https:\\\/\\\/blogdofarnesio.com.br\\\/#website\",\"url\":\"https:\\\/\\\/blogdofarnesio.com.br\\\/\",\"name\":\"Blog do Farn\u00e9sio\",\"description\":\"Quer Saber Pol\u00edtica?\",\"publisher\":{\"@id\":\"https:\\\/\\\/blogdofarnesio.com.br\\\/#organization\"},\"potentialAction\":[{\"@type\":\"SearchAction\",\"target\":{\"@type\":\"EntryPoint\",\"urlTemplate\":\"https:\\\/\\\/blogdofarnesio.com.br\\\/?s={search_term_string}\"},\"query-input\":{\"@type\":\"PropertyValueSpecification\",\"valueRequired\":true,\"valueName\":\"search_term_string\"}}],\"inLanguage\":\"pt-BR\"},{\"@type\":\"Organization\",\"@id\":\"https:\\\/\\\/blogdofarnesio.com.br\\\/#organization\",\"name\":\"Blog do Farn\u00e9sio\",\"url\":\"https:\\\/\\\/blogdofarnesio.com.br\\\/\",\"logo\":{\"@type\":\"ImageObject\",\"inLanguage\":\"pt-BR\",\"@id\":\"https:\\\/\\\/blogdofarnesio.com.br\\\/#\\\/schema\\\/logo\\\/image\\\/\",\"url\":\"https:\\\/\\\/blogdofarnesio.com.br\\\/wp-content\\\/uploads\\\/2026\\\/03\\\/cropped-logo_new-1.png\",\"contentUrl\":\"https:\\\/\\\/blogdofarnesio.com.br\\\/wp-content\\\/uploads\\\/2026\\\/03\\\/cropped-logo_new-1.png\",\"width\":881,\"height\":685,\"caption\":\"Blog do Farn\u00e9sio\"},\"image\":{\"@id\":\"https:\\\/\\\/blogdofarnesio.com.br\\\/#\\\/schema\\\/logo\\\/image\\\/\"},\"sameAs\":[\"https:\\\/\\\/www.facebook.com\\\/BlogQuerSaberPolitica\\\/\"]},{\"@type\":\"Person\",\"@id\":\"https:\\\/\\\/blogdofarnesio.com.br\\\/#\\\/schema\\\/person\\\/dd1bf5eba40b687199ba45ca6b97dff9\",\"name\":\"teste\",\"image\":{\"@type\":\"ImageObject\",\"inLanguage\":\"pt-BR\",\"@id\":\"https:\\\/\\\/secure.gravatar.com\\\/avatar\\\/2172498d4914b51e1d89a0f97957b035ac4938723a5cac208135d389b6972a6d?s=96&d=mm&r=g\",\"url\":\"https:\\\/\\\/secure.gravatar.com\\\/avatar\\\/2172498d4914b51e1d89a0f97957b035ac4938723a5cac208135d389b6972a6d?s=96&d=mm&r=g\",\"contentUrl\":\"https:\\\/\\\/secure.gravatar.com\\\/avatar\\\/2172498d4914b51e1d89a0f97957b035ac4938723a5cac208135d389b6972a6d?s=96&d=mm&r=g\",\"caption\":\"teste\"},\"url\":\"https:\\\/\\\/blogdofarnesio.com.br\\\/?author=3\"}]}<\/script>\n<!-- \/ Yoast SEO plugin. -->","yoast_head_json":{"title":"MULHERES DO PT APOIAM RUI AO GOVERNO DA BAHIA - Blog do Farn\u00e9sio","robots":{"index":"index","follow":"follow","max-snippet":"max-snippet:-1","max-image-preview":"max-image-preview:large","max-video-preview":"max-video-preview:-1"},"canonical":"https:\/\/blogdofarnesio.com.br\/?p=64382","og_locale":"pt_BR","og_type":"article","og_title":"MULHERES DO PT APOIAM RUI AO GOVERNO DA BAHIA - Blog do Farn\u00e9sio","og_description":"Ap\u00f3s o apoio da Juventude do PT e de lideran\u00e7as do MST, agora s\u00e3o as mulheres petistas que declaram apoio \u00e0 candidatura de Rui Costa ao governo baiano. Para Vera L\u00facia, Secret\u00e1ria da SPM (Secretaria de Pol\u00edticas para Mulheres), \u201cRui sempre foi um incentivador de a\u00e7\u00f5es voltadas para as mulheres e para os movimentos sociais.Como secret\u00e1rio da Casa Civil, tem sido mais que um parceiro, n\u00e3o medindo esfor\u00e7os em apoio \u00e0 nossa luta\u201d. Segundo as mulheres petistas, a trajet\u00f3ria de Rui no governo da Bahia, desde o per\u00edodo em que esteve \u00e0 frente da SERIN, tem sido de refor\u00e7o \u00e0s pol\u00edticas para as mulheres. Ant\u00f4nia Garcia, militante hist\u00f3rica na luta feminista, afirma que o trabalho desenvolvido pelo Governador Jaques Wagner&hellip;","og_url":"https:\/\/blogdofarnesio.com.br\/?p=64382","og_site_name":"Blog do Farn\u00e9sio","article_publisher":"https:\/\/www.facebook.com\/BlogQuerSaberPolitica\/","article_published_time":"2013-11-21T18:42:44+00:00","og_image":[{"url":"http:\/\/www.quersaberpolitica.com.br\/2016\/wp-content\/uploads\/2013\/05\/blogqsp.Rui-Costa-300x238.jpg","type":"","width":"","height":""}],"author":"teste","twitter_card":"summary_large_image","twitter_misc":{"Escrito por":"teste","Est. tempo de leitura":"1 minuto"},"schema":{"@context":"https:\/\/schema.org","@graph":[{"@type":"Article","@id":"https:\/\/blogdofarnesio.com.br\/?p=64382#article","isPartOf":{"@id":"https:\/\/blogdofarnesio.com.br\/?p=64382"},"author":{"name":"teste","@id":"https:\/\/blogdofarnesio.com.br\/#\/schema\/person\/dd1bf5eba40b687199ba45ca6b97dff9"},"headline":"MULHERES DO PT APOIAM RUI AO GOVERNO DA BAHIA","datePublished":"2013-11-21T18:42:44+00:00","mainEntityOfPage":{"@id":"https:\/\/blogdofarnesio.com.br\/?p=64382"},"wordCount":286,"commentCount":0,"publisher":{"@id":"https:\/\/blogdofarnesio.com.br\/#organization"},"image":{"@id":"https:\/\/blogdofarnesio.com.br\/?p=64382#primaryimage"},"thumbnailUrl":"http:\/\/www.quersaberpolitica.com.br\/2016\/wp-content\/uploads\/2013\/05\/blogqsp.Rui-Costa-300x238.jpg","articleSection":["Pol\u00edtica"],"inLanguage":"pt-BR","potentialAction":[{"@type":"CommentAction","name":"Comment","target":["https:\/\/blogdofarnesio.com.br\/?p=64382#respond"]}]},{"@type":"WebPage","@id":"https:\/\/blogdofarnesio.com.br\/?p=64382","url":"https:\/\/blogdofarnesio.com.br\/?p=64382","name":"MULHERES DO PT APOIAM RUI AO GOVERNO DA BAHIA - Blog do Farn\u00e9sio","isPartOf":{"@id":"https:\/\/blogdofarnesio.com.br\/#website"},"primaryImageOfPage":{"@id":"https:\/\/blogdofarnesio.com.br\/?p=64382#primaryimage"},"image":{"@id":"https:\/\/blogdofarnesio.com.br\/?p=64382#primaryimage"},"thumbnailUrl":"http:\/\/www.quersaberpolitica.com.br\/2016\/wp-content\/uploads\/2013\/05\/blogqsp.Rui-Costa-300x238.jpg","datePublished":"2013-11-21T18:42:44+00:00","breadcrumb":{"@id":"https:\/\/blogdofarnesio.com.br\/?p=64382#breadcrumb"},"inLanguage":"pt-BR","potentialAction":[{"@type":"ReadAction","target":["https:\/\/blogdofarnesio.com.br\/?p=64382"]}]},{"@type":"ImageObject","inLanguage":"pt-BR","@id":"https:\/\/blogdofarnesio.com.br\/?p=64382#primaryimage","url":"http:\/\/www.quersaberpolitica.com.br\/2016\/wp-content\/uploads\/2013\/05\/blogqsp.Rui-Costa-300x238.jpg","contentUrl":"http:\/\/www.quersaberpolitica.com.br\/2016\/wp-content\/uploads\/2013\/05\/blogqsp.Rui-Costa-300x238.jpg"},{"@type":"BreadcrumbList","@id":"https:\/\/blogdofarnesio.com.br\/?p=64382#breadcrumb","itemListElement":[{"@type":"ListItem","position":1,"name":"In\u00edcio","item":"https:\/\/blogdofarnesio.com.br\/"},{"@type":"ListItem","position":2,"name":"MULHERES DO PT APOIAM RUI AO GOVERNO DA BAHIA"}]},{"@type":"WebSite","@id":"https:\/\/blogdofarnesio.com.br\/#website","url":"https:\/\/blogdofarnesio.com.br\/","name":"Blog do Farn\u00e9sio","description":"Quer Saber Pol\u00edtica?","publisher":{"@id":"https:\/\/blogdofarnesio.com.br\/#organization"},"potentialAction":[{"@type":"SearchAction","target":{"@type":"EntryPoint","urlTemplate":"https:\/\/blogdofarnesio.com.br\/?s={search_term_string}"},"query-input":{"@type":"PropertyValueSpecification","valueRequired":true,"valueName":"search_term_string"}}],"inLanguage":"pt-BR"},{"@type":"Organization","@id":"https:\/\/blogdofarnesio.com.br\/#organization","name":"Blog do Farn\u00e9sio","url":"https:\/\/blogdofarnesio.com.br\/","logo":{"@type":"ImageObject","inLanguage":"pt-BR","@id":"https:\/\/blogdofarnesio.com.br\/#\/schema\/logo\/image\/","url":"https:\/\/blogdofarnesio.com.br\/wp-content\/uploads\/2026\/03\/cropped-logo_new-1.png","contentUrl":"https:\/\/blogdofarnesio.com.br\/wp-content\/uploads\/2026\/03\/cropped-logo_new-1.png","width":881,"height":685,"caption":"Blog do Farn\u00e9sio"},"image":{"@id":"https:\/\/blogdofarnesio.com.br\/#\/schema\/logo\/image\/"},"sameAs":["https:\/\/www.facebook.com\/BlogQuerSaberPolitica\/"]},{"@type":"Person","@id":"https:\/\/blogdofarnesio.com.br\/#\/schema\/person\/dd1bf5eba40b687199ba45ca6b97dff9","name":"teste","image":{"@type":"ImageObject","inLanguage":"pt-BR","@id":"https:\/\/secure.gravatar.com\/avatar\/2172498d4914b51e1d89a0f97957b035ac4938723a5cac208135d389b6972a6d?s=96&d=mm&r=g","url":"https:\/\/secure.gravatar.com\/avatar\/2172498d4914b51e1d89a0f97957b035ac4938723a5cac208135d389b6972a6d?s=96&d=mm&r=g","contentUrl":"https:\/\/secure.gravatar.com\/avatar\/2172498d4914b51e1d89a0f97957b035ac4938723a5cac208135d389b6972a6d?s=96&d=mm&r=g","caption":"teste"},"url":"https:\/\/blogdofarnesio.com.br\/?author=3"}]}},"_links":{"self":[{"href":"https:\/\/blogdofarnesio.com.br\/index.php?rest_route=\/wp\/v2\/posts\/64382","targetHints":{"allow":["GET"]}}],"collection":[{"href":"https:\/\/blogdofarnesio.com.br\/index.php?rest_route=\/wp\/v2\/posts"}],"about":[{"href":"https:\/\/blogdofarnesio.com.br\/index.php?rest_route=\/wp\/v2\/types\/post"}],"author":[{"embeddable":true,"href":"https:\/\/blogdofarnesio.com.br\/index.php?rest_route=\/wp\/v2\/users\/3"}],"replies":[{"embeddable":true,"href":"https:\/\/blogdofarnesio.com.br\/index.php?rest_route=%2Fwp%2Fv2%2Fcomments&post=64382"}],"version-history":[{"count":0,"href":"https:\/\/blogdofarnesio.com.br\/index.php?rest_route=\/wp\/v2\/posts\/64382\/revisions"}],"wp:attachment":[{"href":"https:\/\/blogdofarnesio.com.br\/index.php?rest_route=%2Fwp%2Fv2%2Fmedia&parent=64382"}],"wp:term":[{"taxonomy":"category","embeddable":true,"href":"https:\/\/blogdofarnesio.com.br\/index.php?rest_route=%2Fwp%2Fv2%2Fcategories&post=64382"},{"taxonomy":"post_tag","embeddable":true,"href":"https:\/\/blogdofarnesio.com.br\/index.php?rest_route=%2Fwp%2Fv2%2Ftags&post=64382"}],"curies":[{"name":"wp","href":"https:\/\/api.w.org\/{rel}","templated":true}]}}