{"id":64359,"date":"2013-11-20T16:30:09","date_gmt":"2013-11-20T19:30:09","guid":{"rendered":"http:\/\/www.quersaberpolitica.com.br\/?p=64359"},"modified":"2013-11-20T15:56:02","modified_gmt":"2013-11-20T18:56:02","slug":"de-recife-para-ouricuri","status":"publish","type":"post","link":"https:\/\/blogdofarnesio.com.br\/?p=64359","title":{"rendered":"DE RECIFE PARA OURICURI"},"content":{"rendered":"<div>\n<h2><a title=\"Ex-prefeito de Ouricuri tem recurso negado pelo TJ\" href=\"http:\/\/www.folhape.com.br\/blogdafolha\/?p=138345\" rel=\"bookmark\">EX-PREFEITO BIU RAMOS TEM RECURSO NEGADO PELO TJ<\/a><\/h2>\n<\/div>\n<div>\n<p>Por Geraldo L\u00e9lis\/\u00a0FolhaPE<\/p>\n<p style=\"text-align: justify\">\u00a0<a href=\"http:\/\/www.quersaberpolitica.com.br\/2016\/wp-content\/uploads\/2013\/11\/blogqspouricuribiuramos.jpg\"><img loading=\"lazy\" decoding=\"async\" class=\"alignleft size-medium wp-image-64361\" alt=\"blogqspouricuribiuramos\" src=\"http:\/\/www.quersaberpolitica.com.br\/2016\/wp-content\/uploads\/2013\/11\/blogqspouricuribiuramos-300x198.jpg\" width=\"300\" height=\"198\" srcset=\"https:\/\/blogdofarnesio.com.br\/wp-content\/uploads\/2013\/11\/blogqspouricuribiuramos-300x198.jpg 300w, https:\/\/blogdofarnesio.com.br\/wp-content\/uploads\/2013\/11\/blogqspouricuribiuramos.jpg 400w\" sizes=\"auto, (max-width: 300px) 100vw, 300px\" \/><\/a>Foi negado o provimento ao apelo do ex-prefeito de Ouricuri, Francisco Ramos da Silva, condenado \u00e0 suspens\u00e3o dos direitos pol\u00edticos por oito anos e a ressarcir a prefeitura daquela cidade em R$ 365 mil, por improbidade administrativa.<\/p>\n<p style=\"text-align: justify\">O ex-gestor tamb\u00e9m ficou proibido de contratar com o Poder P\u00fablico, e receber benef\u00edcios ou incentivos fiscais ou credit\u00edcios, direta ou indiretamente, ainda que por interm\u00e9dio de pessoa jur\u00eddica da qual seja s\u00f3cio majorit\u00e1rio, pelo prazo de cinco anos.<\/p>\n<p style=\"text-align: justify\">Segundo den\u00fancia do Minist\u00e9rio P\u00fablico de Pernambuco (MPPE), Francisco Ramos, tamb\u00e9m conhecido como Biu Ramos, estava aplicando indevidamente as verbas do Fundo de Manuten\u00e7\u00e3o e Desenvolvimento do Ensino Fundamental e Valoriza\u00e7\u00e3o do Magist\u00e9rio (Fundef). Segundo extratos banc\u00e1rios, o r\u00e9u, no dia 31 de dezembro de 2003, teria efetuado transfer\u00eancias do fundo nos valores de R$ 46 mil, R$ 105 mil, R$60 mil, R$ 119 mil e R$35 mil.<!--more--><\/p>\n<p>O ex-prefeito alegou que as despesas foram pagamentos para servi\u00e7os de drenagem superficial de \u00e1guas pluviais, pavimenta\u00e7\u00e3o de vias urbanas do povoado Passagem de Pedras e aluguel de ve\u00edculo para enfermos. Ele ainda afirmou que utilizou o dinheiro para pagar servi\u00e7os de constru\u00e7\u00e3o de \u00e1guas pluviais no povoado de Santa Rita e servi\u00e7os art\u00edsticos de bandas para per\u00edodo de festejo, entre outros gastos. O r\u00e9u completou dizendo que os recursos foram utilizados para o pagamento emergencial de despesas do munic\u00edpio no interesse da coletividade, pois a popula\u00e7\u00e3o estava vivendo o momento de prenuncia de seca e que haveria a devolu\u00e7\u00e3o dos valores no exerc\u00edcio de 2004. As irregularidades aconteceram no ano de 2003.<\/p>\n<p>Na senten\u00e7a, proferida no dia 23 de agosto de 2012, o magistrado tamb\u00e9m destacou que existe uma a\u00e7\u00e3o p\u00fablica, em que o ex-prefeito e seus associados s\u00e3o acusados pela morte de um vereador municipal, que supostamente havia lhe denunciado por improbidade administrativa e que Francisco da Ramos foi condenado na Justi\u00e7a Federal por ato de improbidade por desvio de verbas em recursos federais.<\/p>\n<\/div>\n","protected":false},"excerpt":{"rendered":"<p>EX-PREFEITO BIU RAMOS TEM RECURSO NEGADO PELO TJ Por Geraldo L\u00e9lis\/\u00a0FolhaPE \u00a0Foi negado o provimento ao apelo do ex-prefeito de Ouricuri, Francisco Ramos da Silva, condenado \u00e0 suspens\u00e3o dos direitos pol\u00edticos por oito anos e a ressarcir a prefeitura daquela cidade em R$ 365 mil, por improbidade administrativa. O ex-gestor tamb\u00e9m ficou proibido de contratar com o Poder P\u00fablico, e receber benef\u00edcios ou incentivos fiscais ou credit\u00edcios, direta ou indiretamente, ainda que por interm\u00e9dio de pessoa jur\u00eddica da qual seja s\u00f3cio majorit\u00e1rio, pelo prazo de cinco anos. Segundo den\u00fancia do Minist\u00e9rio P\u00fablico de Pernambuco (MPPE), Francisco Ramos, tamb\u00e9m conhecido como Biu Ramos, estava aplicando indevidamente as verbas do Fundo de Manuten\u00e7\u00e3o e Desenvolvimento do Ensino Fundamental e Valoriza\u00e7\u00e3o do Magist\u00e9rio&hellip; <\/p>\n","protected":false},"author":3,"featured_media":0,"comment_status":"open","ping_status":"open","sticky":false,"template":"","format":"standard","meta":{"_acf_changed":false,"footnotes":""},"categories":[27],"tags":[],"class_list":["post-64359","post","type-post","status-publish","format-standard","hentry","category-cidades"],"acf":[],"yoast_head":"<!-- This site is optimized with the Yoast SEO plugin v27.4 - https:\/\/yoast.com\/product\/yoast-seo-wordpress\/ -->\n<title>DE RECIFE PARA OURICURI - Blog do Farn\u00e9sio<\/title>\n<meta name=\"robots\" content=\"index, follow, max-snippet:-1, max-image-preview:large, max-video-preview:-1\" \/>\n<link rel=\"canonical\" href=\"https:\/\/blogdofarnesio.com.br\/?p=64359\" \/>\n<meta property=\"og:locale\" content=\"pt_BR\" \/>\n<meta property=\"og:type\" content=\"article\" \/>\n<meta property=\"og:title\" content=\"DE RECIFE PARA OURICURI - Blog do Farn\u00e9sio\" \/>\n<meta property=\"og:description\" content=\"EX-PREFEITO BIU RAMOS TEM RECURSO NEGADO PELO TJ Por Geraldo L\u00e9lis\/\u00a0FolhaPE \u00a0Foi negado o provimento ao apelo do ex-prefeito de Ouricuri, Francisco Ramos da Silva, condenado \u00e0 suspens\u00e3o dos direitos pol\u00edticos por oito anos e a ressarcir a prefeitura daquela cidade em R$ 365 mil, por improbidade administrativa. O ex-gestor tamb\u00e9m ficou proibido de contratar com o Poder P\u00fablico, e receber benef\u00edcios ou incentivos fiscais ou credit\u00edcios, direta ou indiretamente, ainda que por interm\u00e9dio de pessoa jur\u00eddica da qual seja s\u00f3cio majorit\u00e1rio, pelo prazo de cinco anos. Segundo den\u00fancia do Minist\u00e9rio P\u00fablico de Pernambuco (MPPE), Francisco Ramos, tamb\u00e9m conhecido como Biu Ramos, estava aplicando indevidamente as verbas do Fundo de Manuten\u00e7\u00e3o e Desenvolvimento do Ensino Fundamental e Valoriza\u00e7\u00e3o do Magist\u00e9rio&hellip;\" \/>\n<meta property=\"og:url\" content=\"https:\/\/blogdofarnesio.com.br\/?p=64359\" \/>\n<meta property=\"og:site_name\" content=\"Blog do Farn\u00e9sio\" \/>\n<meta property=\"article:publisher\" content=\"https:\/\/www.facebook.com\/BlogQuerSaberPolitica\/\" \/>\n<meta property=\"article:published_time\" content=\"2013-11-20T19:30:09+00:00\" \/>\n<meta property=\"og:image\" content=\"http:\/\/www.quersaberpolitica.com.br\/2016\/wp-content\/uploads\/2013\/11\/blogqspouricuribiuramos-300x198.jpg\" \/>\n<meta name=\"author\" content=\"teste\" \/>\n<meta name=\"twitter:card\" content=\"summary_large_image\" \/>\n<meta name=\"twitter:label1\" content=\"Escrito por\" \/>\n\t<meta name=\"twitter:data1\" content=\"teste\" \/>\n\t<meta name=\"twitter:label2\" content=\"Est. tempo de leitura\" \/>\n\t<meta name=\"twitter:data2\" content=\"2 minutos\" \/>\n<script type=\"application\/ld+json\" class=\"yoast-schema-graph\">{\"@context\":\"https:\\\/\\\/schema.org\",\"@graph\":[{\"@type\":\"Article\",\"@id\":\"https:\\\/\\\/blogdofarnesio.com.br\\\/?p=64359#article\",\"isPartOf\":{\"@id\":\"https:\\\/\\\/blogdofarnesio.com.br\\\/?p=64359\"},\"author\":{\"name\":\"teste\",\"@id\":\"https:\\\/\\\/blogdofarnesio.com.br\\\/#\\\/schema\\\/person\\\/dd1bf5eba40b687199ba45ca6b97dff9\"},\"headline\":\"DE RECIFE PARA OURICURI\",\"datePublished\":\"2013-11-20T19:30:09+00:00\",\"mainEntityOfPage\":{\"@id\":\"https:\\\/\\\/blogdofarnesio.com.br\\\/?p=64359\"},\"wordCount\":365,\"commentCount\":0,\"publisher\":{\"@id\":\"https:\\\/\\\/blogdofarnesio.com.br\\\/#organization\"},\"image\":{\"@id\":\"https:\\\/\\\/blogdofarnesio.com.br\\\/?p=64359#primaryimage\"},\"thumbnailUrl\":\"http:\\\/\\\/www.quersaberpolitica.com.br\\\/2016\\\/wp-content\\\/uploads\\\/2013\\\/11\\\/blogqspouricuribiuramos-300x198.jpg\",\"articleSection\":[\"Cidades\"],\"inLanguage\":\"pt-BR\",\"potentialAction\":[{\"@type\":\"CommentAction\",\"name\":\"Comment\",\"target\":[\"https:\\\/\\\/blogdofarnesio.com.br\\\/?p=64359#respond\"]}]},{\"@type\":\"WebPage\",\"@id\":\"https:\\\/\\\/blogdofarnesio.com.br\\\/?p=64359\",\"url\":\"https:\\\/\\\/blogdofarnesio.com.br\\\/?p=64359\",\"name\":\"DE RECIFE PARA OURICURI - Blog do Farn\u00e9sio\",\"isPartOf\":{\"@id\":\"https:\\\/\\\/blogdofarnesio.com.br\\\/#website\"},\"primaryImageOfPage\":{\"@id\":\"https:\\\/\\\/blogdofarnesio.com.br\\\/?p=64359#primaryimage\"},\"image\":{\"@id\":\"https:\\\/\\\/blogdofarnesio.com.br\\\/?p=64359#primaryimage\"},\"thumbnailUrl\":\"http:\\\/\\\/www.quersaberpolitica.com.br\\\/2016\\\/wp-content\\\/uploads\\\/2013\\\/11\\\/blogqspouricuribiuramos-300x198.jpg\",\"datePublished\":\"2013-11-20T19:30:09+00:00\",\"breadcrumb\":{\"@id\":\"https:\\\/\\\/blogdofarnesio.com.br\\\/?p=64359#breadcrumb\"},\"inLanguage\":\"pt-BR\",\"potentialAction\":[{\"@type\":\"ReadAction\",\"target\":[\"https:\\\/\\\/blogdofarnesio.com.br\\\/?p=64359\"]}]},{\"@type\":\"ImageObject\",\"inLanguage\":\"pt-BR\",\"@id\":\"https:\\\/\\\/blogdofarnesio.com.br\\\/?p=64359#primaryimage\",\"url\":\"http:\\\/\\\/www.quersaberpolitica.com.br\\\/2016\\\/wp-content\\\/uploads\\\/2013\\\/11\\\/blogqspouricuribiuramos-300x198.jpg\",\"contentUrl\":\"http:\\\/\\\/www.quersaberpolitica.com.br\\\/2016\\\/wp-content\\\/uploads\\\/2013\\\/11\\\/blogqspouricuribiuramos-300x198.jpg\"},{\"@type\":\"BreadcrumbList\",\"@id\":\"https:\\\/\\\/blogdofarnesio.com.br\\\/?p=64359#breadcrumb\",\"itemListElement\":[{\"@type\":\"ListItem\",\"position\":1,\"name\":\"In\u00edcio\",\"item\":\"https:\\\/\\\/blogdofarnesio.com.br\\\/\"},{\"@type\":\"ListItem\",\"position\":2,\"name\":\"DE RECIFE PARA OURICURI\"}]},{\"@type\":\"WebSite\",\"@id\":\"https:\\\/\\\/blogdofarnesio.com.br\\\/#website\",\"url\":\"https:\\\/\\\/blogdofarnesio.com.br\\\/\",\"name\":\"Blog do Farn\u00e9sio\",\"description\":\"Quer Saber Pol\u00edtica?\",\"publisher\":{\"@id\":\"https:\\\/\\\/blogdofarnesio.com.br\\\/#organization\"},\"potentialAction\":[{\"@type\":\"SearchAction\",\"target\":{\"@type\":\"EntryPoint\",\"urlTemplate\":\"https:\\\/\\\/blogdofarnesio.com.br\\\/?s={search_term_string}\"},\"query-input\":{\"@type\":\"PropertyValueSpecification\",\"valueRequired\":true,\"valueName\":\"search_term_string\"}}],\"inLanguage\":\"pt-BR\"},{\"@type\":\"Organization\",\"@id\":\"https:\\\/\\\/blogdofarnesio.com.br\\\/#organization\",\"name\":\"Blog do Farn\u00e9sio\",\"url\":\"https:\\\/\\\/blogdofarnesio.com.br\\\/\",\"logo\":{\"@type\":\"ImageObject\",\"inLanguage\":\"pt-BR\",\"@id\":\"https:\\\/\\\/blogdofarnesio.com.br\\\/#\\\/schema\\\/logo\\\/image\\\/\",\"url\":\"https:\\\/\\\/blogdofarnesio.com.br\\\/wp-content\\\/uploads\\\/2026\\\/03\\\/cropped-logo_new-1.png\",\"contentUrl\":\"https:\\\/\\\/blogdofarnesio.com.br\\\/wp-content\\\/uploads\\\/2026\\\/03\\\/cropped-logo_new-1.png\",\"width\":881,\"height\":685,\"caption\":\"Blog do Farn\u00e9sio\"},\"image\":{\"@id\":\"https:\\\/\\\/blogdofarnesio.com.br\\\/#\\\/schema\\\/logo\\\/image\\\/\"},\"sameAs\":[\"https:\\\/\\\/www.facebook.com\\\/BlogQuerSaberPolitica\\\/\"]},{\"@type\":\"Person\",\"@id\":\"https:\\\/\\\/blogdofarnesio.com.br\\\/#\\\/schema\\\/person\\\/dd1bf5eba40b687199ba45ca6b97dff9\",\"name\":\"teste\",\"image\":{\"@type\":\"ImageObject\",\"inLanguage\":\"pt-BR\",\"@id\":\"https:\\\/\\\/secure.gravatar.com\\\/avatar\\\/2172498d4914b51e1d89a0f97957b035ac4938723a5cac208135d389b6972a6d?s=96&d=mm&r=g\",\"url\":\"https:\\\/\\\/secure.gravatar.com\\\/avatar\\\/2172498d4914b51e1d89a0f97957b035ac4938723a5cac208135d389b6972a6d?s=96&d=mm&r=g\",\"contentUrl\":\"https:\\\/\\\/secure.gravatar.com\\\/avatar\\\/2172498d4914b51e1d89a0f97957b035ac4938723a5cac208135d389b6972a6d?s=96&d=mm&r=g\",\"caption\":\"teste\"},\"url\":\"https:\\\/\\\/blogdofarnesio.com.br\\\/?author=3\"}]}<\/script>\n<!-- \/ Yoast SEO plugin. -->","yoast_head_json":{"title":"DE RECIFE PARA OURICURI - Blog do Farn\u00e9sio","robots":{"index":"index","follow":"follow","max-snippet":"max-snippet:-1","max-image-preview":"max-image-preview:large","max-video-preview":"max-video-preview:-1"},"canonical":"https:\/\/blogdofarnesio.com.br\/?p=64359","og_locale":"pt_BR","og_type":"article","og_title":"DE RECIFE PARA OURICURI - Blog do Farn\u00e9sio","og_description":"EX-PREFEITO BIU RAMOS TEM RECURSO NEGADO PELO TJ Por Geraldo L\u00e9lis\/\u00a0FolhaPE \u00a0Foi negado o provimento ao apelo do ex-prefeito de Ouricuri, Francisco Ramos da Silva, condenado \u00e0 suspens\u00e3o dos direitos pol\u00edticos por oito anos e a ressarcir a prefeitura daquela cidade em R$ 365 mil, por improbidade administrativa. O ex-gestor tamb\u00e9m ficou proibido de contratar com o Poder P\u00fablico, e receber benef\u00edcios ou incentivos fiscais ou credit\u00edcios, direta ou indiretamente, ainda que por interm\u00e9dio de pessoa jur\u00eddica da qual seja s\u00f3cio majorit\u00e1rio, pelo prazo de cinco anos. Segundo den\u00fancia do Minist\u00e9rio P\u00fablico de Pernambuco (MPPE), Francisco Ramos, tamb\u00e9m conhecido como Biu Ramos, estava aplicando indevidamente as verbas do Fundo de Manuten\u00e7\u00e3o e Desenvolvimento do Ensino Fundamental e Valoriza\u00e7\u00e3o do Magist\u00e9rio&hellip;","og_url":"https:\/\/blogdofarnesio.com.br\/?p=64359","og_site_name":"Blog do Farn\u00e9sio","article_publisher":"https:\/\/www.facebook.com\/BlogQuerSaberPolitica\/","article_published_time":"2013-11-20T19:30:09+00:00","og_image":[{"url":"http:\/\/www.quersaberpolitica.com.br\/2016\/wp-content\/uploads\/2013\/11\/blogqspouricuribiuramos-300x198.jpg","type":"","width":"","height":""}],"author":"teste","twitter_card":"summary_large_image","twitter_misc":{"Escrito por":"teste","Est. tempo de leitura":"2 minutos"},"schema":{"@context":"https:\/\/schema.org","@graph":[{"@type":"Article","@id":"https:\/\/blogdofarnesio.com.br\/?p=64359#article","isPartOf":{"@id":"https:\/\/blogdofarnesio.com.br\/?p=64359"},"author":{"name":"teste","@id":"https:\/\/blogdofarnesio.com.br\/#\/schema\/person\/dd1bf5eba40b687199ba45ca6b97dff9"},"headline":"DE RECIFE PARA OURICURI","datePublished":"2013-11-20T19:30:09+00:00","mainEntityOfPage":{"@id":"https:\/\/blogdofarnesio.com.br\/?p=64359"},"wordCount":365,"commentCount":0,"publisher":{"@id":"https:\/\/blogdofarnesio.com.br\/#organization"},"image":{"@id":"https:\/\/blogdofarnesio.com.br\/?p=64359#primaryimage"},"thumbnailUrl":"http:\/\/www.quersaberpolitica.com.br\/2016\/wp-content\/uploads\/2013\/11\/blogqspouricuribiuramos-300x198.jpg","articleSection":["Cidades"],"inLanguage":"pt-BR","potentialAction":[{"@type":"CommentAction","name":"Comment","target":["https:\/\/blogdofarnesio.com.br\/?p=64359#respond"]}]},{"@type":"WebPage","@id":"https:\/\/blogdofarnesio.com.br\/?p=64359","url":"https:\/\/blogdofarnesio.com.br\/?p=64359","name":"DE RECIFE PARA OURICURI - Blog do Farn\u00e9sio","isPartOf":{"@id":"https:\/\/blogdofarnesio.com.br\/#website"},"primaryImageOfPage":{"@id":"https:\/\/blogdofarnesio.com.br\/?p=64359#primaryimage"},"image":{"@id":"https:\/\/blogdofarnesio.com.br\/?p=64359#primaryimage"},"thumbnailUrl":"http:\/\/www.quersaberpolitica.com.br\/2016\/wp-content\/uploads\/2013\/11\/blogqspouricuribiuramos-300x198.jpg","datePublished":"2013-11-20T19:30:09+00:00","breadcrumb":{"@id":"https:\/\/blogdofarnesio.com.br\/?p=64359#breadcrumb"},"inLanguage":"pt-BR","potentialAction":[{"@type":"ReadAction","target":["https:\/\/blogdofarnesio.com.br\/?p=64359"]}]},{"@type":"ImageObject","inLanguage":"pt-BR","@id":"https:\/\/blogdofarnesio.com.br\/?p=64359#primaryimage","url":"http:\/\/www.quersaberpolitica.com.br\/2016\/wp-content\/uploads\/2013\/11\/blogqspouricuribiuramos-300x198.jpg","contentUrl":"http:\/\/www.quersaberpolitica.com.br\/2016\/wp-content\/uploads\/2013\/11\/blogqspouricuribiuramos-300x198.jpg"},{"@type":"BreadcrumbList","@id":"https:\/\/blogdofarnesio.com.br\/?p=64359#breadcrumb","itemListElement":[{"@type":"ListItem","position":1,"name":"In\u00edcio","item":"https:\/\/blogdofarnesio.com.br\/"},{"@type":"ListItem","position":2,"name":"DE RECIFE PARA OURICURI"}]},{"@type":"WebSite","@id":"https:\/\/blogdofarnesio.com.br\/#website","url":"https:\/\/blogdofarnesio.com.br\/","name":"Blog do Farn\u00e9sio","description":"Quer Saber Pol\u00edtica?","publisher":{"@id":"https:\/\/blogdofarnesio.com.br\/#organization"},"potentialAction":[{"@type":"SearchAction","target":{"@type":"EntryPoint","urlTemplate":"https:\/\/blogdofarnesio.com.br\/?s={search_term_string}"},"query-input":{"@type":"PropertyValueSpecification","valueRequired":true,"valueName":"search_term_string"}}],"inLanguage":"pt-BR"},{"@type":"Organization","@id":"https:\/\/blogdofarnesio.com.br\/#organization","name":"Blog do Farn\u00e9sio","url":"https:\/\/blogdofarnesio.com.br\/","logo":{"@type":"ImageObject","inLanguage":"pt-BR","@id":"https:\/\/blogdofarnesio.com.br\/#\/schema\/logo\/image\/","url":"https:\/\/blogdofarnesio.com.br\/wp-content\/uploads\/2026\/03\/cropped-logo_new-1.png","contentUrl":"https:\/\/blogdofarnesio.com.br\/wp-content\/uploads\/2026\/03\/cropped-logo_new-1.png","width":881,"height":685,"caption":"Blog do Farn\u00e9sio"},"image":{"@id":"https:\/\/blogdofarnesio.com.br\/#\/schema\/logo\/image\/"},"sameAs":["https:\/\/www.facebook.com\/BlogQuerSaberPolitica\/"]},{"@type":"Person","@id":"https:\/\/blogdofarnesio.com.br\/#\/schema\/person\/dd1bf5eba40b687199ba45ca6b97dff9","name":"teste","image":{"@type":"ImageObject","inLanguage":"pt-BR","@id":"https:\/\/secure.gravatar.com\/avatar\/2172498d4914b51e1d89a0f97957b035ac4938723a5cac208135d389b6972a6d?s=96&d=mm&r=g","url":"https:\/\/secure.gravatar.com\/avatar\/2172498d4914b51e1d89a0f97957b035ac4938723a5cac208135d389b6972a6d?s=96&d=mm&r=g","contentUrl":"https:\/\/secure.gravatar.com\/avatar\/2172498d4914b51e1d89a0f97957b035ac4938723a5cac208135d389b6972a6d?s=96&d=mm&r=g","caption":"teste"},"url":"https:\/\/blogdofarnesio.com.br\/?author=3"}]}},"_links":{"self":[{"href":"https:\/\/blogdofarnesio.com.br\/index.php?rest_route=\/wp\/v2\/posts\/64359","targetHints":{"allow":["GET"]}}],"collection":[{"href":"https:\/\/blogdofarnesio.com.br\/index.php?rest_route=\/wp\/v2\/posts"}],"about":[{"href":"https:\/\/blogdofarnesio.com.br\/index.php?rest_route=\/wp\/v2\/types\/post"}],"author":[{"embeddable":true,"href":"https:\/\/blogdofarnesio.com.br\/index.php?rest_route=\/wp\/v2\/users\/3"}],"replies":[{"embeddable":true,"href":"https:\/\/blogdofarnesio.com.br\/index.php?rest_route=%2Fwp%2Fv2%2Fcomments&post=64359"}],"version-history":[{"count":0,"href":"https:\/\/blogdofarnesio.com.br\/index.php?rest_route=\/wp\/v2\/posts\/64359\/revisions"}],"wp:attachment":[{"href":"https:\/\/blogdofarnesio.com.br\/index.php?rest_route=%2Fwp%2Fv2%2Fmedia&parent=64359"}],"wp:term":[{"taxonomy":"category","embeddable":true,"href":"https:\/\/blogdofarnesio.com.br\/index.php?rest_route=%2Fwp%2Fv2%2Fcategories&post=64359"},{"taxonomy":"post_tag","embeddable":true,"href":"https:\/\/blogdofarnesio.com.br\/index.php?rest_route=%2Fwp%2Fv2%2Ftags&post=64359"}],"curies":[{"name":"wp","href":"https:\/\/api.w.org\/{rel}","templated":true}]}}