{"id":64316,"date":"2013-11-20T20:06:27","date_gmt":"2013-11-20T23:06:27","guid":{"rendered":"http:\/\/www.quersaberpolitica.com.br\/?p=64316"},"modified":"2013-11-20T17:07:03","modified_gmt":"2013-11-20T20:07:03","slug":"policia-civil-fecha-ponto-de-venda-ilegal-de-combustivel-na-zona-rural-de-petrolina","status":"publish","type":"post","link":"https:\/\/blogdofarnesio.com.br\/?p=64316","title":{"rendered":"POL\u00cdCIA CIVIL FECHA PONTO DE VENDA ILEGAL DE COMBUST\u00cdVEL  NA ZONA RURAL DE PETROLINA"},"content":{"rendered":"<p style=\"text-align: justify\"><a href=\"http:\/\/www.quersaberpolitica.com.br\/2016\/wp-content\/uploads\/2013\/11\/SEVERINO-MARTINS-DA-SILVA-2.jpg\"><img loading=\"lazy\" decoding=\"async\" class=\"alignleft size-full wp-image-64317\" alt=\"BLOGQSP.PRESO\" src=\"http:\/\/www.quersaberpolitica.com.br\/2016\/wp-content\/uploads\/2013\/11\/SEVERINO-MARTINS-DA-SILVA-2.jpg\" width=\"300\" height=\"219\" \/><\/a>Ap\u00f3s seis meses de investiga\u00e7\u00f5es, policiai civis da primeira delegacia de Petrolina (213\u00aa Circunscri\u00e7\u00e3o), prenderam em flagrante, o trabalhador rural Severino Martins da Silva de 55 anos, na vila Nova do N-7 (N\u00facleo Sete do projeto de irriga\u00e7\u00e3o Senador Nilo Coelho), \u00e1rea irrigada da cidade, com ele a pol\u00edcia apreendeu mais de 155litros de combust\u00edvel armazenados de forma ilegal.<\/p>\n<p style=\"text-align: justify\">A pol\u00edcia chegou ao suspeito ap\u00f3s denuncias an\u00f4nimas de pessoas da comunidade que estavam apreensivas com a armazenagem inadequada do combust\u00edvel. As investiga\u00e7\u00f5es apontaram que a gasolina armazenada era vendida em embalagens pl\u00e1sticas tipo pet, guardadas em um c\u00f4modo na resid\u00eancia do suspeito. De acordo com as investiga\u00e7\u00f5es um litro do combust\u00edvel era vendido por Severino ao pre\u00e7o de R$4.<!--more--><\/p>\n<p style=\"text-align: justify\">Autuado em flagrante por crime contra a ordem econ\u00f4mica, suspeito foi levado \u00e0 delegacia onde prestou esclarecimentos, foi constatado pelos policiais, que Severino Martins j\u00e1 possui passagens por venda ilegal de gasolina e posse ilegal de arma de fogo, ap\u00f3s prestar esclarecimentos, o suspeito foi autuado em flagrante e recolhido ao Pres\u00eddio Doutor Edvaldo Gomes em Petrolina. Al\u00e9m dos 155,5litros de combust\u00edvel apreendidos, os policiais recolheram para delegacia mangueiras e funis e a quantia de R$411. De acordo com o Delegado Humberto Lima Junior, as investiga\u00e7\u00f5es continuam, e a Pol\u00edcia Civil j\u00e1 identificou o posto de combust\u00edvel onde o suspeito comprava toda a gasolina que apreendida.<\/p>\n<p style=\"text-align: justify\"><strong>Assessoria de Comunica\u00e7\u00e3o<\/strong><\/p>\n","protected":false},"excerpt":{"rendered":"<p>Ap\u00f3s seis meses de investiga\u00e7\u00f5es, policiai civis da primeira delegacia de Petrolina (213\u00aa Circunscri\u00e7\u00e3o), prenderam em flagrante, o trabalhador rural Severino Martins da Silva de 55 anos, na vila Nova do N-7 (N\u00facleo Sete do projeto de irriga\u00e7\u00e3o Senador Nilo Coelho), \u00e1rea irrigada da cidade, com ele a pol\u00edcia apreendeu mais de 155litros de combust\u00edvel armazenados de forma ilegal. A pol\u00edcia chegou ao suspeito ap\u00f3s denuncias an\u00f4nimas de pessoas da comunidade que estavam apreensivas com a armazenagem inadequada do combust\u00edvel. As investiga\u00e7\u00f5es apontaram que a gasolina armazenada era vendida em embalagens pl\u00e1sticas tipo pet, guardadas em um c\u00f4modo na resid\u00eancia do suspeito. De acordo com as investiga\u00e7\u00f5es um litro do combust\u00edvel era vendido por Severino ao pre\u00e7o de R$4.<\/p>\n","protected":false},"author":3,"featured_media":0,"comment_status":"open","ping_status":"open","sticky":false,"template":"","format":"standard","meta":{"_acf_changed":false,"footnotes":""},"categories":[9],"tags":[],"class_list":["post-64316","post","type-post","status-publish","format-standard","hentry","category-policia"],"acf":[],"yoast_head":"<!-- This site is optimized with the Yoast SEO plugin v27.4 - https:\/\/yoast.com\/product\/yoast-seo-wordpress\/ -->\n<title>POL\u00cdCIA CIVIL FECHA PONTO DE VENDA ILEGAL DE COMBUST\u00cdVEL NA ZONA RURAL DE PETROLINA  - Blog do Farn\u00e9sio<\/title>\n<meta name=\"robots\" content=\"index, follow, max-snippet:-1, max-image-preview:large, max-video-preview:-1\" \/>\n<link rel=\"canonical\" href=\"https:\/\/blogdofarnesio.com.br\/?p=64316\" \/>\n<meta property=\"og:locale\" content=\"pt_BR\" \/>\n<meta property=\"og:type\" content=\"article\" \/>\n<meta property=\"og:title\" content=\"POL\u00cdCIA CIVIL FECHA PONTO DE VENDA ILEGAL DE COMBUST\u00cdVEL NA ZONA RURAL DE PETROLINA  - Blog do Farn\u00e9sio\" \/>\n<meta property=\"og:description\" content=\"Ap\u00f3s seis meses de investiga\u00e7\u00f5es, policiai civis da primeira delegacia de Petrolina (213\u00aa Circunscri\u00e7\u00e3o), prenderam em flagrante, o trabalhador rural Severino Martins da Silva de 55 anos, na vila Nova do N-7 (N\u00facleo Sete do projeto de irriga\u00e7\u00e3o Senador Nilo Coelho), \u00e1rea irrigada da cidade, com ele a pol\u00edcia apreendeu mais de 155litros de combust\u00edvel armazenados de forma ilegal. A pol\u00edcia chegou ao suspeito ap\u00f3s denuncias an\u00f4nimas de pessoas da comunidade que estavam apreensivas com a armazenagem inadequada do combust\u00edvel. As investiga\u00e7\u00f5es apontaram que a gasolina armazenada era vendida em embalagens pl\u00e1sticas tipo pet, guardadas em um c\u00f4modo na resid\u00eancia do suspeito. De acordo com as investiga\u00e7\u00f5es um litro do combust\u00edvel era vendido por Severino ao pre\u00e7o de R$4.\" \/>\n<meta property=\"og:url\" content=\"https:\/\/blogdofarnesio.com.br\/?p=64316\" \/>\n<meta property=\"og:site_name\" content=\"Blog do Farn\u00e9sio\" \/>\n<meta property=\"article:publisher\" content=\"https:\/\/www.facebook.com\/BlogQuerSaberPolitica\/\" \/>\n<meta property=\"article:published_time\" content=\"2013-11-20T23:06:27+00:00\" \/>\n<meta property=\"og:image\" content=\"http:\/\/www.quersaberpolitica.com.br\/2016\/wp-content\/uploads\/2013\/11\/SEVERINO-MARTINS-DA-SILVA-2.jpg\" \/>\n<meta name=\"author\" content=\"teste\" \/>\n<meta name=\"twitter:card\" content=\"summary_large_image\" \/>\n<meta name=\"twitter:label1\" content=\"Escrito por\" \/>\n\t<meta name=\"twitter:data1\" content=\"teste\" \/>\n\t<meta name=\"twitter:label2\" content=\"Est. tempo de leitura\" \/>\n\t<meta name=\"twitter:data2\" content=\"1 minuto\" \/>\n<script type=\"application\/ld+json\" class=\"yoast-schema-graph\">{\"@context\":\"https:\\\/\\\/schema.org\",\"@graph\":[{\"@type\":\"Article\",\"@id\":\"https:\\\/\\\/blogdofarnesio.com.br\\\/?p=64316#article\",\"isPartOf\":{\"@id\":\"https:\\\/\\\/blogdofarnesio.com.br\\\/?p=64316\"},\"author\":{\"name\":\"teste\",\"@id\":\"https:\\\/\\\/blogdofarnesio.com.br\\\/#\\\/schema\\\/person\\\/dd1bf5eba40b687199ba45ca6b97dff9\"},\"headline\":\"POL\u00cdCIA CIVIL FECHA PONTO DE VENDA ILEGAL DE COMBUST\u00cdVEL NA ZONA RURAL DE PETROLINA\",\"datePublished\":\"2013-11-20T23:06:27+00:00\",\"mainEntityOfPage\":{\"@id\":\"https:\\\/\\\/blogdofarnesio.com.br\\\/?p=64316\"},\"wordCount\":268,\"commentCount\":0,\"publisher\":{\"@id\":\"https:\\\/\\\/blogdofarnesio.com.br\\\/#organization\"},\"image\":{\"@id\":\"https:\\\/\\\/blogdofarnesio.com.br\\\/?p=64316#primaryimage\"},\"thumbnailUrl\":\"http:\\\/\\\/www.quersaberpolitica.com.br\\\/2016\\\/wp-content\\\/uploads\\\/2013\\\/11\\\/SEVERINO-MARTINS-DA-SILVA-2.jpg\",\"articleSection\":[\"Pol\u00edcia\"],\"inLanguage\":\"pt-BR\",\"potentialAction\":[{\"@type\":\"CommentAction\",\"name\":\"Comment\",\"target\":[\"https:\\\/\\\/blogdofarnesio.com.br\\\/?p=64316#respond\"]}]},{\"@type\":\"WebPage\",\"@id\":\"https:\\\/\\\/blogdofarnesio.com.br\\\/?p=64316\",\"url\":\"https:\\\/\\\/blogdofarnesio.com.br\\\/?p=64316\",\"name\":\"POL\u00cdCIA CIVIL FECHA PONTO DE VENDA ILEGAL DE COMBUST\u00cdVEL NA ZONA RURAL DE PETROLINA - Blog do Farn\u00e9sio\",\"isPartOf\":{\"@id\":\"https:\\\/\\\/blogdofarnesio.com.br\\\/#website\"},\"primaryImageOfPage\":{\"@id\":\"https:\\\/\\\/blogdofarnesio.com.br\\\/?p=64316#primaryimage\"},\"image\":{\"@id\":\"https:\\\/\\\/blogdofarnesio.com.br\\\/?p=64316#primaryimage\"},\"thumbnailUrl\":\"http:\\\/\\\/www.quersaberpolitica.com.br\\\/2016\\\/wp-content\\\/uploads\\\/2013\\\/11\\\/SEVERINO-MARTINS-DA-SILVA-2.jpg\",\"datePublished\":\"2013-11-20T23:06:27+00:00\",\"breadcrumb\":{\"@id\":\"https:\\\/\\\/blogdofarnesio.com.br\\\/?p=64316#breadcrumb\"},\"inLanguage\":\"pt-BR\",\"potentialAction\":[{\"@type\":\"ReadAction\",\"target\":[\"https:\\\/\\\/blogdofarnesio.com.br\\\/?p=64316\"]}]},{\"@type\":\"ImageObject\",\"inLanguage\":\"pt-BR\",\"@id\":\"https:\\\/\\\/blogdofarnesio.com.br\\\/?p=64316#primaryimage\",\"url\":\"http:\\\/\\\/www.quersaberpolitica.com.br\\\/2016\\\/wp-content\\\/uploads\\\/2013\\\/11\\\/SEVERINO-MARTINS-DA-SILVA-2.jpg\",\"contentUrl\":\"http:\\\/\\\/www.quersaberpolitica.com.br\\\/2016\\\/wp-content\\\/uploads\\\/2013\\\/11\\\/SEVERINO-MARTINS-DA-SILVA-2.jpg\"},{\"@type\":\"BreadcrumbList\",\"@id\":\"https:\\\/\\\/blogdofarnesio.com.br\\\/?p=64316#breadcrumb\",\"itemListElement\":[{\"@type\":\"ListItem\",\"position\":1,\"name\":\"In\u00edcio\",\"item\":\"https:\\\/\\\/blogdofarnesio.com.br\\\/\"},{\"@type\":\"ListItem\",\"position\":2,\"name\":\"POL\u00cdCIA CIVIL FECHA PONTO DE VENDA ILEGAL DE COMBUST\u00cdVEL NA ZONA RURAL DE PETROLINA\"}]},{\"@type\":\"WebSite\",\"@id\":\"https:\\\/\\\/blogdofarnesio.com.br\\\/#website\",\"url\":\"https:\\\/\\\/blogdofarnesio.com.br\\\/\",\"name\":\"Blog do Farn\u00e9sio\",\"description\":\"Quer Saber Pol\u00edtica?\",\"publisher\":{\"@id\":\"https:\\\/\\\/blogdofarnesio.com.br\\\/#organization\"},\"potentialAction\":[{\"@type\":\"SearchAction\",\"target\":{\"@type\":\"EntryPoint\",\"urlTemplate\":\"https:\\\/\\\/blogdofarnesio.com.br\\\/?s={search_term_string}\"},\"query-input\":{\"@type\":\"PropertyValueSpecification\",\"valueRequired\":true,\"valueName\":\"search_term_string\"}}],\"inLanguage\":\"pt-BR\"},{\"@type\":\"Organization\",\"@id\":\"https:\\\/\\\/blogdofarnesio.com.br\\\/#organization\",\"name\":\"Blog do Farn\u00e9sio\",\"url\":\"https:\\\/\\\/blogdofarnesio.com.br\\\/\",\"logo\":{\"@type\":\"ImageObject\",\"inLanguage\":\"pt-BR\",\"@id\":\"https:\\\/\\\/blogdofarnesio.com.br\\\/#\\\/schema\\\/logo\\\/image\\\/\",\"url\":\"https:\\\/\\\/blogdofarnesio.com.br\\\/wp-content\\\/uploads\\\/2026\\\/03\\\/cropped-logo_new-1.png\",\"contentUrl\":\"https:\\\/\\\/blogdofarnesio.com.br\\\/wp-content\\\/uploads\\\/2026\\\/03\\\/cropped-logo_new-1.png\",\"width\":881,\"height\":685,\"caption\":\"Blog do Farn\u00e9sio\"},\"image\":{\"@id\":\"https:\\\/\\\/blogdofarnesio.com.br\\\/#\\\/schema\\\/logo\\\/image\\\/\"},\"sameAs\":[\"https:\\\/\\\/www.facebook.com\\\/BlogQuerSaberPolitica\\\/\"]},{\"@type\":\"Person\",\"@id\":\"https:\\\/\\\/blogdofarnesio.com.br\\\/#\\\/schema\\\/person\\\/dd1bf5eba40b687199ba45ca6b97dff9\",\"name\":\"teste\",\"image\":{\"@type\":\"ImageObject\",\"inLanguage\":\"pt-BR\",\"@id\":\"https:\\\/\\\/secure.gravatar.com\\\/avatar\\\/2172498d4914b51e1d89a0f97957b035ac4938723a5cac208135d389b6972a6d?s=96&d=mm&r=g\",\"url\":\"https:\\\/\\\/secure.gravatar.com\\\/avatar\\\/2172498d4914b51e1d89a0f97957b035ac4938723a5cac208135d389b6972a6d?s=96&d=mm&r=g\",\"contentUrl\":\"https:\\\/\\\/secure.gravatar.com\\\/avatar\\\/2172498d4914b51e1d89a0f97957b035ac4938723a5cac208135d389b6972a6d?s=96&d=mm&r=g\",\"caption\":\"teste\"},\"url\":\"https:\\\/\\\/blogdofarnesio.com.br\\\/?author=3\"}]}<\/script>\n<!-- \/ Yoast SEO plugin. -->","yoast_head_json":{"title":"POL\u00cdCIA CIVIL FECHA PONTO DE VENDA ILEGAL DE COMBUST\u00cdVEL NA ZONA RURAL DE PETROLINA  - Blog do Farn\u00e9sio","robots":{"index":"index","follow":"follow","max-snippet":"max-snippet:-1","max-image-preview":"max-image-preview:large","max-video-preview":"max-video-preview:-1"},"canonical":"https:\/\/blogdofarnesio.com.br\/?p=64316","og_locale":"pt_BR","og_type":"article","og_title":"POL\u00cdCIA CIVIL FECHA PONTO DE VENDA ILEGAL DE COMBUST\u00cdVEL NA ZONA RURAL DE PETROLINA  - Blog do Farn\u00e9sio","og_description":"Ap\u00f3s seis meses de investiga\u00e7\u00f5es, policiai civis da primeira delegacia de Petrolina (213\u00aa Circunscri\u00e7\u00e3o), prenderam em flagrante, o trabalhador rural Severino Martins da Silva de 55 anos, na vila Nova do N-7 (N\u00facleo Sete do projeto de irriga\u00e7\u00e3o Senador Nilo Coelho), \u00e1rea irrigada da cidade, com ele a pol\u00edcia apreendeu mais de 155litros de combust\u00edvel armazenados de forma ilegal. A pol\u00edcia chegou ao suspeito ap\u00f3s denuncias an\u00f4nimas de pessoas da comunidade que estavam apreensivas com a armazenagem inadequada do combust\u00edvel. As investiga\u00e7\u00f5es apontaram que a gasolina armazenada era vendida em embalagens pl\u00e1sticas tipo pet, guardadas em um c\u00f4modo na resid\u00eancia do suspeito. De acordo com as investiga\u00e7\u00f5es um litro do combust\u00edvel era vendido por Severino ao pre\u00e7o de R$4.","og_url":"https:\/\/blogdofarnesio.com.br\/?p=64316","og_site_name":"Blog do Farn\u00e9sio","article_publisher":"https:\/\/www.facebook.com\/BlogQuerSaberPolitica\/","article_published_time":"2013-11-20T23:06:27+00:00","og_image":[{"url":"http:\/\/www.quersaberpolitica.com.br\/2016\/wp-content\/uploads\/2013\/11\/SEVERINO-MARTINS-DA-SILVA-2.jpg","type":"","width":"","height":""}],"author":"teste","twitter_card":"summary_large_image","twitter_misc":{"Escrito por":"teste","Est. tempo de leitura":"1 minuto"},"schema":{"@context":"https:\/\/schema.org","@graph":[{"@type":"Article","@id":"https:\/\/blogdofarnesio.com.br\/?p=64316#article","isPartOf":{"@id":"https:\/\/blogdofarnesio.com.br\/?p=64316"},"author":{"name":"teste","@id":"https:\/\/blogdofarnesio.com.br\/#\/schema\/person\/dd1bf5eba40b687199ba45ca6b97dff9"},"headline":"POL\u00cdCIA CIVIL FECHA PONTO DE VENDA ILEGAL DE COMBUST\u00cdVEL NA ZONA RURAL DE PETROLINA","datePublished":"2013-11-20T23:06:27+00:00","mainEntityOfPage":{"@id":"https:\/\/blogdofarnesio.com.br\/?p=64316"},"wordCount":268,"commentCount":0,"publisher":{"@id":"https:\/\/blogdofarnesio.com.br\/#organization"},"image":{"@id":"https:\/\/blogdofarnesio.com.br\/?p=64316#primaryimage"},"thumbnailUrl":"http:\/\/www.quersaberpolitica.com.br\/2016\/wp-content\/uploads\/2013\/11\/SEVERINO-MARTINS-DA-SILVA-2.jpg","articleSection":["Pol\u00edcia"],"inLanguage":"pt-BR","potentialAction":[{"@type":"CommentAction","name":"Comment","target":["https:\/\/blogdofarnesio.com.br\/?p=64316#respond"]}]},{"@type":"WebPage","@id":"https:\/\/blogdofarnesio.com.br\/?p=64316","url":"https:\/\/blogdofarnesio.com.br\/?p=64316","name":"POL\u00cdCIA CIVIL FECHA PONTO DE VENDA ILEGAL DE COMBUST\u00cdVEL NA ZONA RURAL DE PETROLINA - Blog do Farn\u00e9sio","isPartOf":{"@id":"https:\/\/blogdofarnesio.com.br\/#website"},"primaryImageOfPage":{"@id":"https:\/\/blogdofarnesio.com.br\/?p=64316#primaryimage"},"image":{"@id":"https:\/\/blogdofarnesio.com.br\/?p=64316#primaryimage"},"thumbnailUrl":"http:\/\/www.quersaberpolitica.com.br\/2016\/wp-content\/uploads\/2013\/11\/SEVERINO-MARTINS-DA-SILVA-2.jpg","datePublished":"2013-11-20T23:06:27+00:00","breadcrumb":{"@id":"https:\/\/blogdofarnesio.com.br\/?p=64316#breadcrumb"},"inLanguage":"pt-BR","potentialAction":[{"@type":"ReadAction","target":["https:\/\/blogdofarnesio.com.br\/?p=64316"]}]},{"@type":"ImageObject","inLanguage":"pt-BR","@id":"https:\/\/blogdofarnesio.com.br\/?p=64316#primaryimage","url":"http:\/\/www.quersaberpolitica.com.br\/2016\/wp-content\/uploads\/2013\/11\/SEVERINO-MARTINS-DA-SILVA-2.jpg","contentUrl":"http:\/\/www.quersaberpolitica.com.br\/2016\/wp-content\/uploads\/2013\/11\/SEVERINO-MARTINS-DA-SILVA-2.jpg"},{"@type":"BreadcrumbList","@id":"https:\/\/blogdofarnesio.com.br\/?p=64316#breadcrumb","itemListElement":[{"@type":"ListItem","position":1,"name":"In\u00edcio","item":"https:\/\/blogdofarnesio.com.br\/"},{"@type":"ListItem","position":2,"name":"POL\u00cdCIA CIVIL FECHA PONTO DE VENDA ILEGAL DE COMBUST\u00cdVEL NA ZONA RURAL DE PETROLINA"}]},{"@type":"WebSite","@id":"https:\/\/blogdofarnesio.com.br\/#website","url":"https:\/\/blogdofarnesio.com.br\/","name":"Blog do Farn\u00e9sio","description":"Quer Saber Pol\u00edtica?","publisher":{"@id":"https:\/\/blogdofarnesio.com.br\/#organization"},"potentialAction":[{"@type":"SearchAction","target":{"@type":"EntryPoint","urlTemplate":"https:\/\/blogdofarnesio.com.br\/?s={search_term_string}"},"query-input":{"@type":"PropertyValueSpecification","valueRequired":true,"valueName":"search_term_string"}}],"inLanguage":"pt-BR"},{"@type":"Organization","@id":"https:\/\/blogdofarnesio.com.br\/#organization","name":"Blog do Farn\u00e9sio","url":"https:\/\/blogdofarnesio.com.br\/","logo":{"@type":"ImageObject","inLanguage":"pt-BR","@id":"https:\/\/blogdofarnesio.com.br\/#\/schema\/logo\/image\/","url":"https:\/\/blogdofarnesio.com.br\/wp-content\/uploads\/2026\/03\/cropped-logo_new-1.png","contentUrl":"https:\/\/blogdofarnesio.com.br\/wp-content\/uploads\/2026\/03\/cropped-logo_new-1.png","width":881,"height":685,"caption":"Blog do Farn\u00e9sio"},"image":{"@id":"https:\/\/blogdofarnesio.com.br\/#\/schema\/logo\/image\/"},"sameAs":["https:\/\/www.facebook.com\/BlogQuerSaberPolitica\/"]},{"@type":"Person","@id":"https:\/\/blogdofarnesio.com.br\/#\/schema\/person\/dd1bf5eba40b687199ba45ca6b97dff9","name":"teste","image":{"@type":"ImageObject","inLanguage":"pt-BR","@id":"https:\/\/secure.gravatar.com\/avatar\/2172498d4914b51e1d89a0f97957b035ac4938723a5cac208135d389b6972a6d?s=96&d=mm&r=g","url":"https:\/\/secure.gravatar.com\/avatar\/2172498d4914b51e1d89a0f97957b035ac4938723a5cac208135d389b6972a6d?s=96&d=mm&r=g","contentUrl":"https:\/\/secure.gravatar.com\/avatar\/2172498d4914b51e1d89a0f97957b035ac4938723a5cac208135d389b6972a6d?s=96&d=mm&r=g","caption":"teste"},"url":"https:\/\/blogdofarnesio.com.br\/?author=3"}]}},"_links":{"self":[{"href":"https:\/\/blogdofarnesio.com.br\/index.php?rest_route=\/wp\/v2\/posts\/64316","targetHints":{"allow":["GET"]}}],"collection":[{"href":"https:\/\/blogdofarnesio.com.br\/index.php?rest_route=\/wp\/v2\/posts"}],"about":[{"href":"https:\/\/blogdofarnesio.com.br\/index.php?rest_route=\/wp\/v2\/types\/post"}],"author":[{"embeddable":true,"href":"https:\/\/blogdofarnesio.com.br\/index.php?rest_route=\/wp\/v2\/users\/3"}],"replies":[{"embeddable":true,"href":"https:\/\/blogdofarnesio.com.br\/index.php?rest_route=%2Fwp%2Fv2%2Fcomments&post=64316"}],"version-history":[{"count":0,"href":"https:\/\/blogdofarnesio.com.br\/index.php?rest_route=\/wp\/v2\/posts\/64316\/revisions"}],"wp:attachment":[{"href":"https:\/\/blogdofarnesio.com.br\/index.php?rest_route=%2Fwp%2Fv2%2Fmedia&parent=64316"}],"wp:term":[{"taxonomy":"category","embeddable":true,"href":"https:\/\/blogdofarnesio.com.br\/index.php?rest_route=%2Fwp%2Fv2%2Fcategories&post=64316"},{"taxonomy":"post_tag","embeddable":true,"href":"https:\/\/blogdofarnesio.com.br\/index.php?rest_route=%2Fwp%2Fv2%2Ftags&post=64316"}],"curies":[{"name":"wp","href":"https:\/\/api.w.org\/{rel}","templated":true}]}}