{"id":64246,"date":"2013-11-26T11:01:02","date_gmt":"2013-11-26T14:01:02","guid":{"rendered":"http:\/\/www.quersaberpolitica.com.br\/?p=64246"},"modified":"2013-11-26T09:48:35","modified_gmt":"2013-11-26T12:48:35","slug":"univasf-lanca-consultorios-itinerantes-com-atendimento-de-saude-para-criancas-da-rede-publica-de-ensino","status":"publish","type":"post","link":"https:\/\/blogdofarnesio.com.br\/?p=64246","title":{"rendered":"UNIVASF LAN\u00c7A \u201cCONSULT\u00d3RIOS ITINERANTES\u201d COM ATENDIMENTO DE SA\u00daDE PARA CRIAN\u00c7AS DA REDE P\u00daBLICA DE ENSINO"},"content":{"rendered":"<p style=\"text-align: justify\"><a href=\"http:\/\/www.quersaberpolitica.com.br\/2016\/wp-content\/uploads\/2013\/11\/Sa\u00fade-na-Escola-1_Final.jpg\"><img loading=\"lazy\" decoding=\"async\" class=\"alignleft size-full wp-image-64250\" alt=\"blogqsp.univasf\" src=\"http:\/\/www.quersaberpolitica.com.br\/2016\/wp-content\/uploads\/2013\/11\/Sa\u00fade-na-Escola-1_Final.jpg\" width=\"300\" height=\"201\" \/><\/a>A Universidade Federal do Vale do S\u00e3o Francisco (Univasf) iniciou nesta manh\u00e3 (26), o projeto \u201cConsult\u00f3rios Itinerantes\u201d, uma iniciativa promovida em parceria com o Programa Sa\u00fade na Escola, dos Minist\u00e9rios da Educa\u00e7\u00e3o e da Sa\u00fade.<\/p>\n<p style=\"text-align: justify\">O projeto visa levar atendimento m\u00e9dico oftalmol\u00f3gico e odontol\u00f3gico a crian\u00e7as matriculadas em escolas p\u00fablicas em munic\u00edpios do semi\u00e1rido. O lan\u00e7amento aconteceu \u00e0s 9h, no campus Juazeiro (BA), onde foram realizados os primeiros atendimentos aos estudantes da rede municipal de ensino.<\/p>\n<p style=\"text-align: justify\">Os equipamentos do projeto, or\u00e7ados em R$ 2,5 milh\u00f5es, s\u00e3o financiados pelo Fundo Nacional de Desenvolvimento da Educa\u00e7\u00e3o (FNDE) e os insumos ser\u00e3o custeados pelo Sistema \u00danico de Sa\u00fade (SUS). Os atendimentos ser\u00e3o realizados em cont\u00eaineres que se encontram na Univasf desde agosto, quando a etapa de planejamento para a oferta do servi\u00e7o \u00e0 popula\u00e7\u00e3o foi iniciada. Para trazer os \u201cConsult\u00f3rios Itinerantes\u201d para o Vale do S\u00e3o Francisco, a Univasf contou com o apoio da Empresa Brasileira de Servi\u00e7os Hospitalares (EBSERH), cuja participa\u00e7\u00e3o foi decisiva para a implanta\u00e7\u00e3o do projeto na regi\u00e3o.<!--more--><\/p>\n<p style=\"text-align: justify\">Quando estiver funcionando plenamente, o que est\u00e1 previsto para 2014, ser\u00e3o ofertados servi\u00e7os de atendimento oftalmol\u00f3gico e odontol\u00f3gico. Neste primeiro momento, apenas o Consult\u00f3rio Itinerante Oftalmol\u00f3gico entrar\u00e1 em funcionamento. Al\u00e9m da consulta m\u00e9dica, as crian\u00e7as que tiverem \u00f3culos prescritos durante o atendimento j\u00e1 ir\u00e3o receb\u00ea-los ao sair do consult\u00f3rio. O cont\u00eainer tamb\u00e9m est\u00e1 equipado com um laborat\u00f3rio de lentes corretivas para confeccionar os \u00f3culos.<\/p>\n<p style=\"text-align: justify\">O coordenador do projeto, o professor do Colegiado de Educa\u00e7\u00e3o F\u00edsica da Univasf Alexsandro Machado, destaca que os \u201cConsult\u00f3rios Itinerantes\u201d t\u00eam um grande valor para a regi\u00e3o, pois ir\u00e1 atender vazios assistenciais identificados por meio do Programa Sa\u00fade na Escola. \u201cS\u00e3o crian\u00e7as que est\u00e3o em idade escolar e n\u00e3o t\u00eam acesso a esse tipo de assist\u00eancia em sa\u00fade, o que acaba prejudicando o rendimento escolar\u201d, diz. Segundo o professor, jovens e adultos matriculados no Programa Brasil Alfabetizado tamb\u00e9m poder\u00e3o receber atendimento m\u00e9dico e os \u00f3culos.<\/p>\n<p style=\"text-align: justify\">Machado frisa que as parcerias com as prefeituras de munic\u00edpios da regi\u00e3o foram essenciais para a implanta\u00e7\u00e3o dos consult\u00f3rios e, principalmente, para agilizar o in\u00edcio das atividades, pois os m\u00e9dicos que estar\u00e3o \u00e0 frente dos atendimentos pertencem \u00e0s equipes dos mun\u00edcipios. No futuro, o projeto passar\u00e1 a ter uma equipe pr\u00f3pria, contratada por meio de concurso p\u00fablico.<\/p>\n<p style=\"text-align: justify\">A implanta\u00e7\u00e3o do projeto tamb\u00e9m foi pactuada com o Colegiado Regional Interestadual (CRIE), da Rede PEBA de Sa\u00fade, que re\u00fane secretarias municipais de sa\u00fade de cidades do M\u00e9dio S\u00e3o Francisco dos Estados de Pernambuco e Bahia. Machado informa que foi a CRIE que definiu o in\u00edcio do projeto pela cidade de Juazeiro, onde, segundo levantamento realizado pelas equipes do Programa de Sa\u00fade da Fam\u00edlia junto \u00e0s escolas p\u00fablicas, h\u00e1 989 crian\u00e7as que precisam de atendimento oftalmol\u00f3gico. \u201cA m\u00e9dia nacional indica que 25% dessas crian\u00e7as precisam de \u00f3culos. E n\u00f3s iremos atender todas elas\u201d, informa o professor.<\/p>\n<p style=\"text-align: justify\">A expectativa \u00e9 que ap\u00f3s os atendimentos em Juazeiro, o Consult\u00f3rio Itinerante Oftalmol\u00f3gico venha para Petrolina, dando in\u00edcio \u00e0 proposta de visitar diferentes cidades da regi\u00e3o para levar atendimento de sa\u00fade \u00e0s crian\u00e7as. \u201cNossa ideia \u00e9 transform\u00e1-lo num projeto de extens\u00e3o, envolvendo v\u00e1rios outros projetos da universidade, fazendo uma interface forte com educa\u00e7\u00e3o na sa\u00fade e levando um atendimento multidisciplinar aos munic\u00edpios do Vale do S\u00e3o Francisco\u201d, explica Machado.<\/p>\n<p style=\"text-align: justify\">Para o reitor da Univasf, Julianeli Tolentino de Lima, implantar o projeto \u201cConsult\u00f3rios Itinerantes\u201d foi um desafio que a institui\u00e7\u00e3o abra\u00e7ou. \u201c\u00c9 papel da Univasf contribuir para o desenvolvimento regional e n\u00e3o h\u00e1 desenvolvimento sociopol\u00edtico, nem econ\u00f4mico, que se sustente sem que as crian\u00e7as estejam na escola. E n\u00f3s sabemos que \u00e9 preciso proporcionar boas condi\u00e7\u00f5es para que as crian\u00e7as possam permanecer na escola at\u00e9 concluir seus estudos e isso passa pela assist\u00eancia \u00e0 sa\u00fade tamb\u00e9m\u201d, afirma.<\/p>\n<p style=\"text-align: justify\"><strong>Por: Assessoria de Comunica\u00e7\u00e3o<\/strong><\/p>\n","protected":false},"excerpt":{"rendered":"<p>A Universidade Federal do Vale do S\u00e3o Francisco (Univasf) iniciou nesta manh\u00e3 (26), o projeto \u201cConsult\u00f3rios Itinerantes\u201d, uma iniciativa promovida em parceria com o Programa Sa\u00fade na Escola, dos Minist\u00e9rios da Educa\u00e7\u00e3o e da Sa\u00fade. O projeto visa levar atendimento m\u00e9dico oftalmol\u00f3gico e odontol\u00f3gico a crian\u00e7as matriculadas em escolas p\u00fablicas em munic\u00edpios do semi\u00e1rido. O lan\u00e7amento aconteceu \u00e0s 9h, no campus Juazeiro (BA), onde foram realizados os primeiros atendimentos aos estudantes da rede municipal de ensino. Os equipamentos do projeto, or\u00e7ados em R$ 2,5 milh\u00f5es, s\u00e3o financiados pelo Fundo Nacional de Desenvolvimento da Educa\u00e7\u00e3o (FNDE) e os insumos ser\u00e3o custeados pelo Sistema \u00danico de Sa\u00fade (SUS). Os atendimentos ser\u00e3o realizados em cont\u00eaineres que se encontram na Univasf desde agosto, quando&hellip; <\/p>\n","protected":false},"author":3,"featured_media":0,"comment_status":"open","ping_status":"open","sticky":false,"template":"","format":"standard","meta":{"_acf_changed":false,"footnotes":""},"categories":[4],"tags":[],"class_list":["post-64246","post","type-post","status-publish","format-standard","hentry","category-saude"],"acf":[],"yoast_head":"<!-- This site is optimized with the Yoast SEO plugin v27.4 - https:\/\/yoast.com\/product\/yoast-seo-wordpress\/ -->\n<title>UNIVASF LAN\u00c7A \u201cCONSULT\u00d3RIOS ITINERANTES\u201d COM ATENDIMENTO DE SA\u00daDE PARA CRIAN\u00c7AS DA REDE P\u00daBLICA DE ENSINO - Blog do Farn\u00e9sio<\/title>\n<meta name=\"robots\" content=\"index, follow, max-snippet:-1, max-image-preview:large, max-video-preview:-1\" \/>\n<link rel=\"canonical\" href=\"https:\/\/blogdofarnesio.com.br\/?p=64246\" \/>\n<meta property=\"og:locale\" content=\"pt_BR\" \/>\n<meta property=\"og:type\" content=\"article\" \/>\n<meta property=\"og:title\" content=\"UNIVASF LAN\u00c7A \u201cCONSULT\u00d3RIOS ITINERANTES\u201d COM ATENDIMENTO DE SA\u00daDE PARA CRIAN\u00c7AS DA REDE P\u00daBLICA DE ENSINO - Blog do Farn\u00e9sio\" \/>\n<meta property=\"og:description\" content=\"A Universidade Federal do Vale do S\u00e3o Francisco (Univasf) iniciou nesta manh\u00e3 (26), o projeto \u201cConsult\u00f3rios Itinerantes\u201d, uma iniciativa promovida em parceria com o Programa Sa\u00fade na Escola, dos Minist\u00e9rios da Educa\u00e7\u00e3o e da Sa\u00fade. O projeto visa levar atendimento m\u00e9dico oftalmol\u00f3gico e odontol\u00f3gico a crian\u00e7as matriculadas em escolas p\u00fablicas em munic\u00edpios do semi\u00e1rido. O lan\u00e7amento aconteceu \u00e0s 9h, no campus Juazeiro (BA), onde foram realizados os primeiros atendimentos aos estudantes da rede municipal de ensino. Os equipamentos do projeto, or\u00e7ados em R$ 2,5 milh\u00f5es, s\u00e3o financiados pelo Fundo Nacional de Desenvolvimento da Educa\u00e7\u00e3o (FNDE) e os insumos ser\u00e3o custeados pelo Sistema \u00danico de Sa\u00fade (SUS). Os atendimentos ser\u00e3o realizados em cont\u00eaineres que se encontram na Univasf desde agosto, quando&hellip;\" \/>\n<meta property=\"og:url\" content=\"https:\/\/blogdofarnesio.com.br\/?p=64246\" \/>\n<meta property=\"og:site_name\" content=\"Blog do Farn\u00e9sio\" \/>\n<meta property=\"article:publisher\" content=\"https:\/\/www.facebook.com\/BlogQuerSaberPolitica\/\" \/>\n<meta property=\"article:published_time\" content=\"2013-11-26T14:01:02+00:00\" \/>\n<meta name=\"author\" content=\"teste\" \/>\n<meta name=\"twitter:card\" content=\"summary_large_image\" \/>\n<meta name=\"twitter:label1\" content=\"Escrito por\" \/>\n\t<meta name=\"twitter:data1\" content=\"teste\" \/>\n\t<meta name=\"twitter:label2\" content=\"Est. tempo de leitura\" \/>\n\t<meta name=\"twitter:data2\" content=\"4 minutos\" \/>\n<script type=\"application\/ld+json\" class=\"yoast-schema-graph\">{\"@context\":\"https:\\\/\\\/schema.org\",\"@graph\":[{\"@type\":\"Article\",\"@id\":\"https:\\\/\\\/blogdofarnesio.com.br\\\/?p=64246#article\",\"isPartOf\":{\"@id\":\"https:\\\/\\\/blogdofarnesio.com.br\\\/?p=64246\"},\"author\":{\"name\":\"teste\",\"@id\":\"https:\\\/\\\/blogdofarnesio.com.br\\\/#\\\/schema\\\/person\\\/dd1bf5eba40b687199ba45ca6b97dff9\"},\"headline\":\"UNIVASF LAN\u00c7A \u201cCONSULT\u00d3RIOS ITINERANTES\u201d COM ATENDIMENTO DE SA\u00daDE PARA CRIAN\u00c7AS DA REDE P\u00daBLICA DE ENSINO\",\"datePublished\":\"2013-11-26T14:01:02+00:00\",\"mainEntityOfPage\":{\"@id\":\"https:\\\/\\\/blogdofarnesio.com.br\\\/?p=64246\"},\"wordCount\":742,\"commentCount\":0,\"publisher\":{\"@id\":\"https:\\\/\\\/blogdofarnesio.com.br\\\/#organization\"},\"articleSection\":[\"Sa\u00fade\"],\"inLanguage\":\"pt-BR\",\"potentialAction\":[{\"@type\":\"CommentAction\",\"name\":\"Comment\",\"target\":[\"https:\\\/\\\/blogdofarnesio.com.br\\\/?p=64246#respond\"]}]},{\"@type\":\"WebPage\",\"@id\":\"https:\\\/\\\/blogdofarnesio.com.br\\\/?p=64246\",\"url\":\"https:\\\/\\\/blogdofarnesio.com.br\\\/?p=64246\",\"name\":\"UNIVASF LAN\u00c7A \u201cCONSULT\u00d3RIOS ITINERANTES\u201d COM ATENDIMENTO DE SA\u00daDE PARA CRIAN\u00c7AS DA REDE P\u00daBLICA DE ENSINO - Blog do Farn\u00e9sio\",\"isPartOf\":{\"@id\":\"https:\\\/\\\/blogdofarnesio.com.br\\\/#website\"},\"datePublished\":\"2013-11-26T14:01:02+00:00\",\"breadcrumb\":{\"@id\":\"https:\\\/\\\/blogdofarnesio.com.br\\\/?p=64246#breadcrumb\"},\"inLanguage\":\"pt-BR\",\"potentialAction\":[{\"@type\":\"ReadAction\",\"target\":[\"https:\\\/\\\/blogdofarnesio.com.br\\\/?p=64246\"]}]},{\"@type\":\"BreadcrumbList\",\"@id\":\"https:\\\/\\\/blogdofarnesio.com.br\\\/?p=64246#breadcrumb\",\"itemListElement\":[{\"@type\":\"ListItem\",\"position\":1,\"name\":\"In\u00edcio\",\"item\":\"https:\\\/\\\/blogdofarnesio.com.br\\\/\"},{\"@type\":\"ListItem\",\"position\":2,\"name\":\"UNIVASF LAN\u00c7A \u201cCONSULT\u00d3RIOS ITINERANTES\u201d COM ATENDIMENTO DE SA\u00daDE PARA CRIAN\u00c7AS DA REDE P\u00daBLICA DE ENSINO\"}]},{\"@type\":\"WebSite\",\"@id\":\"https:\\\/\\\/blogdofarnesio.com.br\\\/#website\",\"url\":\"https:\\\/\\\/blogdofarnesio.com.br\\\/\",\"name\":\"Blog do Farn\u00e9sio\",\"description\":\"Quer Saber Pol\u00edtica?\",\"publisher\":{\"@id\":\"https:\\\/\\\/blogdofarnesio.com.br\\\/#organization\"},\"potentialAction\":[{\"@type\":\"SearchAction\",\"target\":{\"@type\":\"EntryPoint\",\"urlTemplate\":\"https:\\\/\\\/blogdofarnesio.com.br\\\/?s={search_term_string}\"},\"query-input\":{\"@type\":\"PropertyValueSpecification\",\"valueRequired\":true,\"valueName\":\"search_term_string\"}}],\"inLanguage\":\"pt-BR\"},{\"@type\":\"Organization\",\"@id\":\"https:\\\/\\\/blogdofarnesio.com.br\\\/#organization\",\"name\":\"Blog do Farn\u00e9sio\",\"url\":\"https:\\\/\\\/blogdofarnesio.com.br\\\/\",\"logo\":{\"@type\":\"ImageObject\",\"inLanguage\":\"pt-BR\",\"@id\":\"https:\\\/\\\/blogdofarnesio.com.br\\\/#\\\/schema\\\/logo\\\/image\\\/\",\"url\":\"https:\\\/\\\/blogdofarnesio.com.br\\\/wp-content\\\/uploads\\\/2026\\\/03\\\/cropped-logo_new-1.png\",\"contentUrl\":\"https:\\\/\\\/blogdofarnesio.com.br\\\/wp-content\\\/uploads\\\/2026\\\/03\\\/cropped-logo_new-1.png\",\"width\":881,\"height\":685,\"caption\":\"Blog do Farn\u00e9sio\"},\"image\":{\"@id\":\"https:\\\/\\\/blogdofarnesio.com.br\\\/#\\\/schema\\\/logo\\\/image\\\/\"},\"sameAs\":[\"https:\\\/\\\/www.facebook.com\\\/BlogQuerSaberPolitica\\\/\"]},{\"@type\":\"Person\",\"@id\":\"https:\\\/\\\/blogdofarnesio.com.br\\\/#\\\/schema\\\/person\\\/dd1bf5eba40b687199ba45ca6b97dff9\",\"name\":\"teste\",\"image\":{\"@type\":\"ImageObject\",\"inLanguage\":\"pt-BR\",\"@id\":\"https:\\\/\\\/secure.gravatar.com\\\/avatar\\\/2172498d4914b51e1d89a0f97957b035ac4938723a5cac208135d389b6972a6d?s=96&d=mm&r=g\",\"url\":\"https:\\\/\\\/secure.gravatar.com\\\/avatar\\\/2172498d4914b51e1d89a0f97957b035ac4938723a5cac208135d389b6972a6d?s=96&d=mm&r=g\",\"contentUrl\":\"https:\\\/\\\/secure.gravatar.com\\\/avatar\\\/2172498d4914b51e1d89a0f97957b035ac4938723a5cac208135d389b6972a6d?s=96&d=mm&r=g\",\"caption\":\"teste\"},\"url\":\"https:\\\/\\\/blogdofarnesio.com.br\\\/?author=3\"}]}<\/script>\n<!-- \/ Yoast SEO plugin. -->","yoast_head_json":{"title":"UNIVASF LAN\u00c7A \u201cCONSULT\u00d3RIOS ITINERANTES\u201d COM ATENDIMENTO DE SA\u00daDE PARA CRIAN\u00c7AS DA REDE P\u00daBLICA DE ENSINO - Blog do Farn\u00e9sio","robots":{"index":"index","follow":"follow","max-snippet":"max-snippet:-1","max-image-preview":"max-image-preview:large","max-video-preview":"max-video-preview:-1"},"canonical":"https:\/\/blogdofarnesio.com.br\/?p=64246","og_locale":"pt_BR","og_type":"article","og_title":"UNIVASF LAN\u00c7A \u201cCONSULT\u00d3RIOS ITINERANTES\u201d COM ATENDIMENTO DE SA\u00daDE PARA CRIAN\u00c7AS DA REDE P\u00daBLICA DE ENSINO - Blog do Farn\u00e9sio","og_description":"A Universidade Federal do Vale do S\u00e3o Francisco (Univasf) iniciou nesta manh\u00e3 (26), o projeto \u201cConsult\u00f3rios Itinerantes\u201d, uma iniciativa promovida em parceria com o Programa Sa\u00fade na Escola, dos Minist\u00e9rios da Educa\u00e7\u00e3o e da Sa\u00fade. O projeto visa levar atendimento m\u00e9dico oftalmol\u00f3gico e odontol\u00f3gico a crian\u00e7as matriculadas em escolas p\u00fablicas em munic\u00edpios do semi\u00e1rido. O lan\u00e7amento aconteceu \u00e0s 9h, no campus Juazeiro (BA), onde foram realizados os primeiros atendimentos aos estudantes da rede municipal de ensino. Os equipamentos do projeto, or\u00e7ados em R$ 2,5 milh\u00f5es, s\u00e3o financiados pelo Fundo Nacional de Desenvolvimento da Educa\u00e7\u00e3o (FNDE) e os insumos ser\u00e3o custeados pelo Sistema \u00danico de Sa\u00fade (SUS). Os atendimentos ser\u00e3o realizados em cont\u00eaineres que se encontram na Univasf desde agosto, quando&hellip;","og_url":"https:\/\/blogdofarnesio.com.br\/?p=64246","og_site_name":"Blog do Farn\u00e9sio","article_publisher":"https:\/\/www.facebook.com\/BlogQuerSaberPolitica\/","article_published_time":"2013-11-26T14:01:02+00:00","author":"teste","twitter_card":"summary_large_image","twitter_misc":{"Escrito por":"teste","Est. tempo de leitura":"4 minutos"},"schema":{"@context":"https:\/\/schema.org","@graph":[{"@type":"Article","@id":"https:\/\/blogdofarnesio.com.br\/?p=64246#article","isPartOf":{"@id":"https:\/\/blogdofarnesio.com.br\/?p=64246"},"author":{"name":"teste","@id":"https:\/\/blogdofarnesio.com.br\/#\/schema\/person\/dd1bf5eba40b687199ba45ca6b97dff9"},"headline":"UNIVASF LAN\u00c7A \u201cCONSULT\u00d3RIOS ITINERANTES\u201d COM ATENDIMENTO DE SA\u00daDE PARA CRIAN\u00c7AS DA REDE P\u00daBLICA DE ENSINO","datePublished":"2013-11-26T14:01:02+00:00","mainEntityOfPage":{"@id":"https:\/\/blogdofarnesio.com.br\/?p=64246"},"wordCount":742,"commentCount":0,"publisher":{"@id":"https:\/\/blogdofarnesio.com.br\/#organization"},"articleSection":["Sa\u00fade"],"inLanguage":"pt-BR","potentialAction":[{"@type":"CommentAction","name":"Comment","target":["https:\/\/blogdofarnesio.com.br\/?p=64246#respond"]}]},{"@type":"WebPage","@id":"https:\/\/blogdofarnesio.com.br\/?p=64246","url":"https:\/\/blogdofarnesio.com.br\/?p=64246","name":"UNIVASF LAN\u00c7A \u201cCONSULT\u00d3RIOS ITINERANTES\u201d COM ATENDIMENTO DE SA\u00daDE PARA CRIAN\u00c7AS DA REDE P\u00daBLICA DE ENSINO - Blog do Farn\u00e9sio","isPartOf":{"@id":"https:\/\/blogdofarnesio.com.br\/#website"},"datePublished":"2013-11-26T14:01:02+00:00","breadcrumb":{"@id":"https:\/\/blogdofarnesio.com.br\/?p=64246#breadcrumb"},"inLanguage":"pt-BR","potentialAction":[{"@type":"ReadAction","target":["https:\/\/blogdofarnesio.com.br\/?p=64246"]}]},{"@type":"BreadcrumbList","@id":"https:\/\/blogdofarnesio.com.br\/?p=64246#breadcrumb","itemListElement":[{"@type":"ListItem","position":1,"name":"In\u00edcio","item":"https:\/\/blogdofarnesio.com.br\/"},{"@type":"ListItem","position":2,"name":"UNIVASF LAN\u00c7A \u201cCONSULT\u00d3RIOS ITINERANTES\u201d COM ATENDIMENTO DE SA\u00daDE PARA CRIAN\u00c7AS DA REDE P\u00daBLICA DE ENSINO"}]},{"@type":"WebSite","@id":"https:\/\/blogdofarnesio.com.br\/#website","url":"https:\/\/blogdofarnesio.com.br\/","name":"Blog do Farn\u00e9sio","description":"Quer Saber Pol\u00edtica?","publisher":{"@id":"https:\/\/blogdofarnesio.com.br\/#organization"},"potentialAction":[{"@type":"SearchAction","target":{"@type":"EntryPoint","urlTemplate":"https:\/\/blogdofarnesio.com.br\/?s={search_term_string}"},"query-input":{"@type":"PropertyValueSpecification","valueRequired":true,"valueName":"search_term_string"}}],"inLanguage":"pt-BR"},{"@type":"Organization","@id":"https:\/\/blogdofarnesio.com.br\/#organization","name":"Blog do Farn\u00e9sio","url":"https:\/\/blogdofarnesio.com.br\/","logo":{"@type":"ImageObject","inLanguage":"pt-BR","@id":"https:\/\/blogdofarnesio.com.br\/#\/schema\/logo\/image\/","url":"https:\/\/blogdofarnesio.com.br\/wp-content\/uploads\/2026\/03\/cropped-logo_new-1.png","contentUrl":"https:\/\/blogdofarnesio.com.br\/wp-content\/uploads\/2026\/03\/cropped-logo_new-1.png","width":881,"height":685,"caption":"Blog do Farn\u00e9sio"},"image":{"@id":"https:\/\/blogdofarnesio.com.br\/#\/schema\/logo\/image\/"},"sameAs":["https:\/\/www.facebook.com\/BlogQuerSaberPolitica\/"]},{"@type":"Person","@id":"https:\/\/blogdofarnesio.com.br\/#\/schema\/person\/dd1bf5eba40b687199ba45ca6b97dff9","name":"teste","image":{"@type":"ImageObject","inLanguage":"pt-BR","@id":"https:\/\/secure.gravatar.com\/avatar\/2172498d4914b51e1d89a0f97957b035ac4938723a5cac208135d389b6972a6d?s=96&d=mm&r=g","url":"https:\/\/secure.gravatar.com\/avatar\/2172498d4914b51e1d89a0f97957b035ac4938723a5cac208135d389b6972a6d?s=96&d=mm&r=g","contentUrl":"https:\/\/secure.gravatar.com\/avatar\/2172498d4914b51e1d89a0f97957b035ac4938723a5cac208135d389b6972a6d?s=96&d=mm&r=g","caption":"teste"},"url":"https:\/\/blogdofarnesio.com.br\/?author=3"}]}},"_links":{"self":[{"href":"https:\/\/blogdofarnesio.com.br\/index.php?rest_route=\/wp\/v2\/posts\/64246","targetHints":{"allow":["GET"]}}],"collection":[{"href":"https:\/\/blogdofarnesio.com.br\/index.php?rest_route=\/wp\/v2\/posts"}],"about":[{"href":"https:\/\/blogdofarnesio.com.br\/index.php?rest_route=\/wp\/v2\/types\/post"}],"author":[{"embeddable":true,"href":"https:\/\/blogdofarnesio.com.br\/index.php?rest_route=\/wp\/v2\/users\/3"}],"replies":[{"embeddable":true,"href":"https:\/\/blogdofarnesio.com.br\/index.php?rest_route=%2Fwp%2Fv2%2Fcomments&post=64246"}],"version-history":[{"count":0,"href":"https:\/\/blogdofarnesio.com.br\/index.php?rest_route=\/wp\/v2\/posts\/64246\/revisions"}],"wp:attachment":[{"href":"https:\/\/blogdofarnesio.com.br\/index.php?rest_route=%2Fwp%2Fv2%2Fmedia&parent=64246"}],"wp:term":[{"taxonomy":"category","embeddable":true,"href":"https:\/\/blogdofarnesio.com.br\/index.php?rest_route=%2Fwp%2Fv2%2Fcategories&post=64246"},{"taxonomy":"post_tag","embeddable":true,"href":"https:\/\/blogdofarnesio.com.br\/index.php?rest_route=%2Fwp%2Fv2%2Ftags&post=64246"}],"curies":[{"name":"wp","href":"https:\/\/api.w.org\/{rel}","templated":true}]}}