{"id":64225,"date":"2013-11-19T20:00:34","date_gmt":"2013-11-19T23:00:34","guid":{"rendered":"http:\/\/www.quersaberpolitica.com.br\/?p=64225"},"modified":"2013-11-19T16:53:57","modified_gmt":"2013-11-19T19:53:57","slug":"a-carta-dos-presidiarios","status":"publish","type":"post","link":"https:\/\/blogdofarnesio.com.br\/?p=64225","title":{"rendered":"A CARTA DOS PRESIDI\u00c1RIOS"},"content":{"rendered":"<div>\n<h2 style=\"text-align: center\">&#8220;N\u00c3O ACEITAREMOS A HUMILHA\u00c7\u00c3O&#8221;<\/h2>\n<p><img loading=\"lazy\" decoding=\"async\" class=\"aligncenter\" alt=\": \" src=\"http:\/\/www.brasil247.com\/images\/cache\/1000x357\/crop\/images%7Ccms-image-000344099.jpg\" width=\"480\" height=\"171\" \/><\/p>\n<p style=\"text-align: justify\">Em carta dram\u00e1tica, ex-presidentes do PT Jos\u00e9 Dirceu e Jos\u00e9 Geno\u00edno e o ex-tesoureiro Del\u00fabio Soares agradecem da pris\u00e3o em que se encontram, no Complexo da Papuda, em Bras\u00edlia, o apoio recebido de militantes e cidad\u00e3os; &#8220;A a\u00e7\u00e3o de voc\u00eas nos sustenta muito, nos alimenta. \u00c9 a solidariedade pol\u00edtica &#8211; valor essencial da esquerda&#8221;, registraram; &#8220;Queremos o respeito \u00e0 lei&#8221;; eles t\u00eam direito ao regime de pris\u00e3o semiaberto, segundo decis\u00e3o do Supremo Tribunal Federal, mas decreto assinado por Joaquim Barbosa resultou em transfer\u00eancia para o Distrito Federal, onde o benef\u00edcio \u00e9 restrito; \u00edntegra<\/p>\n<p>&nbsp;<\/p>\n<p>19 DE NOVEMBRO DE 2013 \u00c0S 14:10<\/p>\n<\/div>\n<div>\n<section>&nbsp;<\/p>\n<p>247 &#8211; Numa carta endere\u00e7ada aos &#8220;companheiros e companheiras&#8221;, os ex-presidentes do PT Jos\u00e9 Dirceu e Jos\u00e9 Geno\u00edno e o ex-tesoureiro Del\u00fabio Soares agradecem da pris\u00e3o onde est\u00e3o, no Complexo da Papuda, em Bras\u00edlia, a solidariedade recebida de militantes do PT e apoiadores pol\u00edticos.<\/p>\n<p>&#8220;O apoio de voc\u00eas nos sustenta, nos alimenta. Solidariedade, valor essencial da esquerda&#8221;, registraram. Eles afirmam que n\u00e3o aceitar\u00e3o serem humilhados, mas que esperam que a lei seja cumprida. Os tr\u00eas t\u00eam direito ao regime de pris\u00e3o semiaberto.<\/p>\n<p>Eis a \u00edntegra:<\/p>\n<p>&#8220;Companheiros e companheiras,<\/p>\n<p>a a\u00e7\u00e3o de voc\u00eas nos sustenta muito, nos alimenta. \u00c9 a solidariedade pol\u00edtica &#8211; valor essencial da esquerda.<\/p>\n<p>O nosso agradecimento \u00e9 a luta. Queremos o respeito a lei. N\u00e3o aceitaremos a humilha\u00e7\u00e3o. Preferimos o risco e a dignidade da luta.<\/p>\n<p>Muitos abra\u00e7os e beijos.<\/p>\n<p>Geno\u00edno, Z\u00e9 Dirceu, Del\u00fabio Soares<\/p>\n<p>BSB, 19.11.13<\/p>\n<p>&nbsp;<\/p>\n<p>&nbsp;<\/p>\n<div>\n<p style=\"text-align: center\"><a href=\"http:\/\/www.brasil247.com\/get_img?ImageId=344106\"><img loading=\"lazy\" decoding=\"async\" class=\"aligncenter\" style=\"border: 0px\" alt=\"\" src=\"http:\/\/www.brasil247.com\/get_img?ImageWidth=620&amp;ImageHeight=465&amp;ImageId=344106\" width=\"260\" height=\"195\" border=\"0\" \/><\/a><\/p>\n<\/div>\n<div>\n<p style=\"text-align: center\"><a href=\"http:\/\/www.brasil247.com\/get_img?ImageId=344107\"><img loading=\"lazy\" decoding=\"async\" class=\"aligncenter\" style=\"border: 0px\" alt=\"\" src=\"http:\/\/www.brasil247.com\/get_img?ImageWidth=620&amp;ImageHeight=465&amp;ImageId=344107\" width=\"260\" height=\"195\" border=\"0\" \/><\/a><\/p>\n<p style=\"text-align: center\">\n<p style=\"text-align: center\"><strong>Brasil247<\/strong><\/p>\n<\/div>\n<\/section>\n<\/div>\n","protected":false},"excerpt":{"rendered":"<p>&#8220;N\u00c3O ACEITAREMOS A HUMILHA\u00c7\u00c3O&#8221; Em carta dram\u00e1tica, ex-presidentes do PT Jos\u00e9 Dirceu e Jos\u00e9 Geno\u00edno e o ex-tesoureiro Del\u00fabio Soares agradecem da pris\u00e3o em que se encontram, no Complexo da Papuda, em Bras\u00edlia, o apoio recebido de militantes e cidad\u00e3os; &#8220;A a\u00e7\u00e3o de voc\u00eas nos sustenta muito, nos alimenta. \u00c9 a solidariedade pol\u00edtica &#8211; valor essencial da esquerda&#8221;, registraram; &#8220;Queremos o respeito \u00e0 lei&#8221;; eles t\u00eam direito ao regime de pris\u00e3o semiaberto, segundo decis\u00e3o do Supremo Tribunal Federal, mas decreto assinado por Joaquim Barbosa resultou em transfer\u00eancia para o Distrito Federal, onde o benef\u00edcio \u00e9 restrito; \u00edntegra &nbsp; 19 DE NOVEMBRO DE 2013 \u00c0S 14:10 &nbsp; 247 &#8211; Numa carta endere\u00e7ada aos &#8220;companheiros e companheiras&#8221;, os ex-presidentes do PT Jos\u00e9&hellip; <\/p>\n","protected":false},"author":3,"featured_media":0,"comment_status":"open","ping_status":"open","sticky":false,"template":"","format":"standard","meta":{"_acf_changed":false,"footnotes":""},"categories":[9,1],"tags":[],"class_list":["post-64225","post","type-post","status-publish","format-standard","hentry","category-policia","category-politica"],"acf":[],"yoast_head":"<!-- This site is optimized with the Yoast SEO plugin v27.4 - https:\/\/yoast.com\/product\/yoast-seo-wordpress\/ -->\n<title>A CARTA DOS PRESIDI\u00c1RIOS - Blog do Farn\u00e9sio<\/title>\n<meta name=\"robots\" content=\"index, follow, max-snippet:-1, max-image-preview:large, max-video-preview:-1\" \/>\n<link rel=\"canonical\" href=\"https:\/\/blogdofarnesio.com.br\/?p=64225\" \/>\n<meta property=\"og:locale\" content=\"pt_BR\" \/>\n<meta property=\"og:type\" content=\"article\" \/>\n<meta property=\"og:title\" content=\"A CARTA DOS PRESIDI\u00c1RIOS - Blog do Farn\u00e9sio\" \/>\n<meta property=\"og:description\" content=\"&#8220;N\u00c3O ACEITAREMOS A HUMILHA\u00c7\u00c3O&#8221; Em carta dram\u00e1tica, ex-presidentes do PT Jos\u00e9 Dirceu e Jos\u00e9 Geno\u00edno e o ex-tesoureiro Del\u00fabio Soares agradecem da pris\u00e3o em que se encontram, no Complexo da Papuda, em Bras\u00edlia, o apoio recebido de militantes e cidad\u00e3os; &#8220;A a\u00e7\u00e3o de voc\u00eas nos sustenta muito, nos alimenta. \u00c9 a solidariedade pol\u00edtica &#8211; valor essencial da esquerda&#8221;, registraram; &#8220;Queremos o respeito \u00e0 lei&#8221;; eles t\u00eam direito ao regime de pris\u00e3o semiaberto, segundo decis\u00e3o do Supremo Tribunal Federal, mas decreto assinado por Joaquim Barbosa resultou em transfer\u00eancia para o Distrito Federal, onde o benef\u00edcio \u00e9 restrito; \u00edntegra &nbsp; 19 DE NOVEMBRO DE 2013 \u00c0S 14:10 &nbsp; 247 &#8211; Numa carta endere\u00e7ada aos &#8220;companheiros e companheiras&#8221;, os ex-presidentes do PT Jos\u00e9&hellip;\" \/>\n<meta property=\"og:url\" content=\"https:\/\/blogdofarnesio.com.br\/?p=64225\" \/>\n<meta property=\"og:site_name\" content=\"Blog do Farn\u00e9sio\" \/>\n<meta property=\"article:publisher\" content=\"https:\/\/www.facebook.com\/BlogQuerSaberPolitica\/\" \/>\n<meta property=\"article:published_time\" content=\"2013-11-19T23:00:34+00:00\" \/>\n<meta property=\"og:image\" content=\"http:\/\/www.brasil247.com\/images\/cache\/1000x357\/crop\/images%7Ccms-image-000344099.jpg\" \/>\n<meta name=\"author\" content=\"teste\" \/>\n<meta name=\"twitter:card\" content=\"summary_large_image\" \/>\n<meta name=\"twitter:label1\" content=\"Escrito por\" \/>\n\t<meta name=\"twitter:data1\" content=\"teste\" \/>\n\t<meta name=\"twitter:label2\" content=\"Est. tempo de leitura\" \/>\n\t<meta name=\"twitter:data2\" content=\"1 minuto\" \/>\n<script type=\"application\/ld+json\" class=\"yoast-schema-graph\">{\"@context\":\"https:\\\/\\\/schema.org\",\"@graph\":[{\"@type\":\"Article\",\"@id\":\"https:\\\/\\\/blogdofarnesio.com.br\\\/?p=64225#article\",\"isPartOf\":{\"@id\":\"https:\\\/\\\/blogdofarnesio.com.br\\\/?p=64225\"},\"author\":{\"name\":\"teste\",\"@id\":\"https:\\\/\\\/blogdofarnesio.com.br\\\/#\\\/schema\\\/person\\\/dd1bf5eba40b687199ba45ca6b97dff9\"},\"headline\":\"A CARTA DOS PRESIDI\u00c1RIOS\",\"datePublished\":\"2013-11-19T23:00:34+00:00\",\"mainEntityOfPage\":{\"@id\":\"https:\\\/\\\/blogdofarnesio.com.br\\\/?p=64225\"},\"wordCount\":281,\"commentCount\":0,\"publisher\":{\"@id\":\"https:\\\/\\\/blogdofarnesio.com.br\\\/#organization\"},\"image\":{\"@id\":\"https:\\\/\\\/blogdofarnesio.com.br\\\/?p=64225#primaryimage\"},\"thumbnailUrl\":\"http:\\\/\\\/www.brasil247.com\\\/images\\\/cache\\\/1000x357\\\/crop\\\/images%7Ccms-image-000344099.jpg\",\"articleSection\":[\"Pol\u00edcia\",\"Pol\u00edtica\"],\"inLanguage\":\"pt-BR\",\"potentialAction\":[{\"@type\":\"CommentAction\",\"name\":\"Comment\",\"target\":[\"https:\\\/\\\/blogdofarnesio.com.br\\\/?p=64225#respond\"]}]},{\"@type\":\"WebPage\",\"@id\":\"https:\\\/\\\/blogdofarnesio.com.br\\\/?p=64225\",\"url\":\"https:\\\/\\\/blogdofarnesio.com.br\\\/?p=64225\",\"name\":\"A CARTA DOS PRESIDI\u00c1RIOS - Blog do Farn\u00e9sio\",\"isPartOf\":{\"@id\":\"https:\\\/\\\/blogdofarnesio.com.br\\\/#website\"},\"primaryImageOfPage\":{\"@id\":\"https:\\\/\\\/blogdofarnesio.com.br\\\/?p=64225#primaryimage\"},\"image\":{\"@id\":\"https:\\\/\\\/blogdofarnesio.com.br\\\/?p=64225#primaryimage\"},\"thumbnailUrl\":\"http:\\\/\\\/www.brasil247.com\\\/images\\\/cache\\\/1000x357\\\/crop\\\/images%7Ccms-image-000344099.jpg\",\"datePublished\":\"2013-11-19T23:00:34+00:00\",\"breadcrumb\":{\"@id\":\"https:\\\/\\\/blogdofarnesio.com.br\\\/?p=64225#breadcrumb\"},\"inLanguage\":\"pt-BR\",\"potentialAction\":[{\"@type\":\"ReadAction\",\"target\":[\"https:\\\/\\\/blogdofarnesio.com.br\\\/?p=64225\"]}]},{\"@type\":\"ImageObject\",\"inLanguage\":\"pt-BR\",\"@id\":\"https:\\\/\\\/blogdofarnesio.com.br\\\/?p=64225#primaryimage\",\"url\":\"http:\\\/\\\/www.brasil247.com\\\/images\\\/cache\\\/1000x357\\\/crop\\\/images%7Ccms-image-000344099.jpg\",\"contentUrl\":\"http:\\\/\\\/www.brasil247.com\\\/images\\\/cache\\\/1000x357\\\/crop\\\/images%7Ccms-image-000344099.jpg\"},{\"@type\":\"BreadcrumbList\",\"@id\":\"https:\\\/\\\/blogdofarnesio.com.br\\\/?p=64225#breadcrumb\",\"itemListElement\":[{\"@type\":\"ListItem\",\"position\":1,\"name\":\"In\u00edcio\",\"item\":\"https:\\\/\\\/blogdofarnesio.com.br\\\/\"},{\"@type\":\"ListItem\",\"position\":2,\"name\":\"A CARTA DOS PRESIDI\u00c1RIOS\"}]},{\"@type\":\"WebSite\",\"@id\":\"https:\\\/\\\/blogdofarnesio.com.br\\\/#website\",\"url\":\"https:\\\/\\\/blogdofarnesio.com.br\\\/\",\"name\":\"Blog do Farn\u00e9sio\",\"description\":\"Quer Saber Pol\u00edtica?\",\"publisher\":{\"@id\":\"https:\\\/\\\/blogdofarnesio.com.br\\\/#organization\"},\"potentialAction\":[{\"@type\":\"SearchAction\",\"target\":{\"@type\":\"EntryPoint\",\"urlTemplate\":\"https:\\\/\\\/blogdofarnesio.com.br\\\/?s={search_term_string}\"},\"query-input\":{\"@type\":\"PropertyValueSpecification\",\"valueRequired\":true,\"valueName\":\"search_term_string\"}}],\"inLanguage\":\"pt-BR\"},{\"@type\":\"Organization\",\"@id\":\"https:\\\/\\\/blogdofarnesio.com.br\\\/#organization\",\"name\":\"Blog do Farn\u00e9sio\",\"url\":\"https:\\\/\\\/blogdofarnesio.com.br\\\/\",\"logo\":{\"@type\":\"ImageObject\",\"inLanguage\":\"pt-BR\",\"@id\":\"https:\\\/\\\/blogdofarnesio.com.br\\\/#\\\/schema\\\/logo\\\/image\\\/\",\"url\":\"https:\\\/\\\/blogdofarnesio.com.br\\\/wp-content\\\/uploads\\\/2026\\\/03\\\/cropped-logo_new-1.png\",\"contentUrl\":\"https:\\\/\\\/blogdofarnesio.com.br\\\/wp-content\\\/uploads\\\/2026\\\/03\\\/cropped-logo_new-1.png\",\"width\":881,\"height\":685,\"caption\":\"Blog do Farn\u00e9sio\"},\"image\":{\"@id\":\"https:\\\/\\\/blogdofarnesio.com.br\\\/#\\\/schema\\\/logo\\\/image\\\/\"},\"sameAs\":[\"https:\\\/\\\/www.facebook.com\\\/BlogQuerSaberPolitica\\\/\"]},{\"@type\":\"Person\",\"@id\":\"https:\\\/\\\/blogdofarnesio.com.br\\\/#\\\/schema\\\/person\\\/dd1bf5eba40b687199ba45ca6b97dff9\",\"name\":\"teste\",\"image\":{\"@type\":\"ImageObject\",\"inLanguage\":\"pt-BR\",\"@id\":\"https:\\\/\\\/secure.gravatar.com\\\/avatar\\\/2172498d4914b51e1d89a0f97957b035ac4938723a5cac208135d389b6972a6d?s=96&d=mm&r=g\",\"url\":\"https:\\\/\\\/secure.gravatar.com\\\/avatar\\\/2172498d4914b51e1d89a0f97957b035ac4938723a5cac208135d389b6972a6d?s=96&d=mm&r=g\",\"contentUrl\":\"https:\\\/\\\/secure.gravatar.com\\\/avatar\\\/2172498d4914b51e1d89a0f97957b035ac4938723a5cac208135d389b6972a6d?s=96&d=mm&r=g\",\"caption\":\"teste\"},\"url\":\"https:\\\/\\\/blogdofarnesio.com.br\\\/?author=3\"}]}<\/script>\n<!-- \/ Yoast SEO plugin. -->","yoast_head_json":{"title":"A CARTA DOS PRESIDI\u00c1RIOS - Blog do Farn\u00e9sio","robots":{"index":"index","follow":"follow","max-snippet":"max-snippet:-1","max-image-preview":"max-image-preview:large","max-video-preview":"max-video-preview:-1"},"canonical":"https:\/\/blogdofarnesio.com.br\/?p=64225","og_locale":"pt_BR","og_type":"article","og_title":"A CARTA DOS PRESIDI\u00c1RIOS - Blog do Farn\u00e9sio","og_description":"&#8220;N\u00c3O ACEITAREMOS A HUMILHA\u00c7\u00c3O&#8221; Em carta dram\u00e1tica, ex-presidentes do PT Jos\u00e9 Dirceu e Jos\u00e9 Geno\u00edno e o ex-tesoureiro Del\u00fabio Soares agradecem da pris\u00e3o em que se encontram, no Complexo da Papuda, em Bras\u00edlia, o apoio recebido de militantes e cidad\u00e3os; &#8220;A a\u00e7\u00e3o de voc\u00eas nos sustenta muito, nos alimenta. \u00c9 a solidariedade pol\u00edtica &#8211; valor essencial da esquerda&#8221;, registraram; &#8220;Queremos o respeito \u00e0 lei&#8221;; eles t\u00eam direito ao regime de pris\u00e3o semiaberto, segundo decis\u00e3o do Supremo Tribunal Federal, mas decreto assinado por Joaquim Barbosa resultou em transfer\u00eancia para o Distrito Federal, onde o benef\u00edcio \u00e9 restrito; \u00edntegra &nbsp; 19 DE NOVEMBRO DE 2013 \u00c0S 14:10 &nbsp; 247 &#8211; Numa carta endere\u00e7ada aos &#8220;companheiros e companheiras&#8221;, os ex-presidentes do PT Jos\u00e9&hellip;","og_url":"https:\/\/blogdofarnesio.com.br\/?p=64225","og_site_name":"Blog do Farn\u00e9sio","article_publisher":"https:\/\/www.facebook.com\/BlogQuerSaberPolitica\/","article_published_time":"2013-11-19T23:00:34+00:00","og_image":[{"url":"http:\/\/www.brasil247.com\/images\/cache\/1000x357\/crop\/images%7Ccms-image-000344099.jpg","type":"","width":"","height":""}],"author":"teste","twitter_card":"summary_large_image","twitter_misc":{"Escrito por":"teste","Est. tempo de leitura":"1 minuto"},"schema":{"@context":"https:\/\/schema.org","@graph":[{"@type":"Article","@id":"https:\/\/blogdofarnesio.com.br\/?p=64225#article","isPartOf":{"@id":"https:\/\/blogdofarnesio.com.br\/?p=64225"},"author":{"name":"teste","@id":"https:\/\/blogdofarnesio.com.br\/#\/schema\/person\/dd1bf5eba40b687199ba45ca6b97dff9"},"headline":"A CARTA DOS PRESIDI\u00c1RIOS","datePublished":"2013-11-19T23:00:34+00:00","mainEntityOfPage":{"@id":"https:\/\/blogdofarnesio.com.br\/?p=64225"},"wordCount":281,"commentCount":0,"publisher":{"@id":"https:\/\/blogdofarnesio.com.br\/#organization"},"image":{"@id":"https:\/\/blogdofarnesio.com.br\/?p=64225#primaryimage"},"thumbnailUrl":"http:\/\/www.brasil247.com\/images\/cache\/1000x357\/crop\/images%7Ccms-image-000344099.jpg","articleSection":["Pol\u00edcia","Pol\u00edtica"],"inLanguage":"pt-BR","potentialAction":[{"@type":"CommentAction","name":"Comment","target":["https:\/\/blogdofarnesio.com.br\/?p=64225#respond"]}]},{"@type":"WebPage","@id":"https:\/\/blogdofarnesio.com.br\/?p=64225","url":"https:\/\/blogdofarnesio.com.br\/?p=64225","name":"A CARTA DOS PRESIDI\u00c1RIOS - Blog do Farn\u00e9sio","isPartOf":{"@id":"https:\/\/blogdofarnesio.com.br\/#website"},"primaryImageOfPage":{"@id":"https:\/\/blogdofarnesio.com.br\/?p=64225#primaryimage"},"image":{"@id":"https:\/\/blogdofarnesio.com.br\/?p=64225#primaryimage"},"thumbnailUrl":"http:\/\/www.brasil247.com\/images\/cache\/1000x357\/crop\/images%7Ccms-image-000344099.jpg","datePublished":"2013-11-19T23:00:34+00:00","breadcrumb":{"@id":"https:\/\/blogdofarnesio.com.br\/?p=64225#breadcrumb"},"inLanguage":"pt-BR","potentialAction":[{"@type":"ReadAction","target":["https:\/\/blogdofarnesio.com.br\/?p=64225"]}]},{"@type":"ImageObject","inLanguage":"pt-BR","@id":"https:\/\/blogdofarnesio.com.br\/?p=64225#primaryimage","url":"http:\/\/www.brasil247.com\/images\/cache\/1000x357\/crop\/images%7Ccms-image-000344099.jpg","contentUrl":"http:\/\/www.brasil247.com\/images\/cache\/1000x357\/crop\/images%7Ccms-image-000344099.jpg"},{"@type":"BreadcrumbList","@id":"https:\/\/blogdofarnesio.com.br\/?p=64225#breadcrumb","itemListElement":[{"@type":"ListItem","position":1,"name":"In\u00edcio","item":"https:\/\/blogdofarnesio.com.br\/"},{"@type":"ListItem","position":2,"name":"A CARTA DOS PRESIDI\u00c1RIOS"}]},{"@type":"WebSite","@id":"https:\/\/blogdofarnesio.com.br\/#website","url":"https:\/\/blogdofarnesio.com.br\/","name":"Blog do Farn\u00e9sio","description":"Quer Saber Pol\u00edtica?","publisher":{"@id":"https:\/\/blogdofarnesio.com.br\/#organization"},"potentialAction":[{"@type":"SearchAction","target":{"@type":"EntryPoint","urlTemplate":"https:\/\/blogdofarnesio.com.br\/?s={search_term_string}"},"query-input":{"@type":"PropertyValueSpecification","valueRequired":true,"valueName":"search_term_string"}}],"inLanguage":"pt-BR"},{"@type":"Organization","@id":"https:\/\/blogdofarnesio.com.br\/#organization","name":"Blog do Farn\u00e9sio","url":"https:\/\/blogdofarnesio.com.br\/","logo":{"@type":"ImageObject","inLanguage":"pt-BR","@id":"https:\/\/blogdofarnesio.com.br\/#\/schema\/logo\/image\/","url":"https:\/\/blogdofarnesio.com.br\/wp-content\/uploads\/2026\/03\/cropped-logo_new-1.png","contentUrl":"https:\/\/blogdofarnesio.com.br\/wp-content\/uploads\/2026\/03\/cropped-logo_new-1.png","width":881,"height":685,"caption":"Blog do Farn\u00e9sio"},"image":{"@id":"https:\/\/blogdofarnesio.com.br\/#\/schema\/logo\/image\/"},"sameAs":["https:\/\/www.facebook.com\/BlogQuerSaberPolitica\/"]},{"@type":"Person","@id":"https:\/\/blogdofarnesio.com.br\/#\/schema\/person\/dd1bf5eba40b687199ba45ca6b97dff9","name":"teste","image":{"@type":"ImageObject","inLanguage":"pt-BR","@id":"https:\/\/secure.gravatar.com\/avatar\/2172498d4914b51e1d89a0f97957b035ac4938723a5cac208135d389b6972a6d?s=96&d=mm&r=g","url":"https:\/\/secure.gravatar.com\/avatar\/2172498d4914b51e1d89a0f97957b035ac4938723a5cac208135d389b6972a6d?s=96&d=mm&r=g","contentUrl":"https:\/\/secure.gravatar.com\/avatar\/2172498d4914b51e1d89a0f97957b035ac4938723a5cac208135d389b6972a6d?s=96&d=mm&r=g","caption":"teste"},"url":"https:\/\/blogdofarnesio.com.br\/?author=3"}]}},"_links":{"self":[{"href":"https:\/\/blogdofarnesio.com.br\/index.php?rest_route=\/wp\/v2\/posts\/64225","targetHints":{"allow":["GET"]}}],"collection":[{"href":"https:\/\/blogdofarnesio.com.br\/index.php?rest_route=\/wp\/v2\/posts"}],"about":[{"href":"https:\/\/blogdofarnesio.com.br\/index.php?rest_route=\/wp\/v2\/types\/post"}],"author":[{"embeddable":true,"href":"https:\/\/blogdofarnesio.com.br\/index.php?rest_route=\/wp\/v2\/users\/3"}],"replies":[{"embeddable":true,"href":"https:\/\/blogdofarnesio.com.br\/index.php?rest_route=%2Fwp%2Fv2%2Fcomments&post=64225"}],"version-history":[{"count":0,"href":"https:\/\/blogdofarnesio.com.br\/index.php?rest_route=\/wp\/v2\/posts\/64225\/revisions"}],"wp:attachment":[{"href":"https:\/\/blogdofarnesio.com.br\/index.php?rest_route=%2Fwp%2Fv2%2Fmedia&parent=64225"}],"wp:term":[{"taxonomy":"category","embeddable":true,"href":"https:\/\/blogdofarnesio.com.br\/index.php?rest_route=%2Fwp%2Fv2%2Fcategories&post=64225"},{"taxonomy":"post_tag","embeddable":true,"href":"https:\/\/blogdofarnesio.com.br\/index.php?rest_route=%2Fwp%2Fv2%2Ftags&post=64225"}],"curies":[{"name":"wp","href":"https:\/\/api.w.org\/{rel}","templated":true}]}}