{"id":64038,"date":"2013-11-18T09:01:25","date_gmt":"2013-11-18T12:01:25","guid":{"rendered":"http:\/\/www.quersaberpolitica.com.br\/?p=64038"},"modified":"2013-11-17T21:48:44","modified_gmt":"2013-11-18T00:48:44","slug":"geddel-mantem-lideranca-para-o-governo-da-bahia","status":"publish","type":"post","link":"https:\/\/blogdofarnesio.com.br\/?p=64038","title":{"rendered":"GEDDEL MANT\u00c9M LIDERAN\u00c7A PARA O GOVERNO DA BAHIA"},"content":{"rendered":"<div style=\"text-align: justify\">\n<h2><img loading=\"lazy\" decoding=\"async\" class=\"aligncenter\" title=\"Edi\u00e7\u00e3o247-VALTER CAMPANATO-ABR \/ Mateus Pereira-GEBA\" alt=\"Edi\u00e7\u00e3o247-VALTER CAMPANATO-ABR \/ Mateus Pereira-GEBA: \" src=\"http:\/\/www.brasil247.com\/images\/cache\/1000x357\/crop\/images%7Ccms-image-000343644.jpg\" width=\"480\" height=\"171\" \/><\/h2>\n<\/div>\n<div style=\"text-align: justify\">\n<section>Enquanto o governador Jaques Wagner (PT) est\u00e1 incumbido da miss\u00e3o imposs\u00edvel de acomodar os principais partidos de sua base nas tr\u00eas vagas da chapa majorit\u00e1ria para sua sucess\u00e3o em 2014, o peemedebista Geddel Vieira Lima corre solto na articula\u00e7\u00e3o de seu nome entre as legendas de oposi\u00e7\u00e3o ao PT.<\/p>\n<p>Embora DEM e PSDB demarquem territ\u00f3rio com pr\u00e9-candidatos, os caciques da oposi\u00e7\u00e3o t\u00eam consci\u00eancia, e at\u00e9 mesmo admitem em p\u00fablico, que s\u00f3 ter\u00e3o chance contra o candidato de Wagner se sa\u00edrem com candidatura \u00fanica j\u00e1 no primeiro turno.<\/p>\n<p>E neste sentido, o nome de Geddel cresce na base contr\u00e1ria ao PT. O peemedebista s\u00f3 perde nas pesquisas de inten\u00e7\u00e3o de voto para o prefeito ACM Neto (DEM), que n\u00e3o ser\u00e1 candidato em 2014.<\/p>\n<p>Al\u00e9m do embalo das pesquisas, Geddel regozija-se do compromisso firmado (e reiterado recentemente) de ACM de lhe retribuir apoio fundamental do PMDB no segundo turno da disputa pela Prefeitura de Salvador em 2012, disputa da qual ele saiu eleito sobre o todo-poderoso Nelson Pelegrino (PT), o candidato de Lula, Dilma e Wagner.<\/p>\n<p>Encabe\u00e7ada pelo PMDB, com Geddel, a chapa da oposi\u00e7\u00e3o caminha para ser composta pelo atual secret\u00e1rio de Urbanismo e Transporte de Salvador, ex-deputado federal Jos\u00e9 Carlos Aleluia, para o Senado; e pelo tucano Jo\u00e3o Gualberto, ex-prefeito de Mata de S\u00e3o Jo\u00e3o, para vice-governador.<\/p>\n<p>O disp\u00f5e ainda do nome do ex-governador Paulo Souto, que aparece logo depois de Geddel nas pesquisas, mas que n\u00e3o tem pretens\u00e3o de entrar na disputa.<\/p>\n<p>O marketing de Geddel segue, em sil\u00eancio, fazendo verdadeiro estudo dos pontos fracos dos oito anos de gest\u00e3o de Jaques Wagner para usar como arma eleitoral em 2014.<\/p>\n<p>E o pr\u00f3prio Geddel tem feito bem o dever de casa, percorrendo o enorme estado da Bahia de ponta a ponta. Empenho aumentar\u00e1 em breve, com sua sa\u00edda da Caixa Econ\u00f4mica Federal, onde ocupa o cargo de vice-presidente pela cota do PMDB no governo da presidente Dilma Rousseff.<\/p>\n<p><strong>A miss\u00e3o imposs\u00edvel de Wagner<!--more--><\/strong><\/p>\n<p>Se a oposi\u00e7\u00e3o tem problema aritm\u00e9tico relativamente f\u00e1cil de ser resolvido, a base do governo segue em polvorosa. Jaques Wagner precisa acomodar em apenas tr\u00eas vagas o PSD do vice-governador Otto Alencar; o PP do ex-ministro das Cidades, deputado M\u00e1rio Negromonte; e o PDT, do presidente da Assembleia Legislativa, deputado Marcelo Nillo. Esses s\u00e3o os partidos que t\u00eam pr\u00e9-candidatos, mas h\u00e1 ainda aliados como PRB, PCdoB, PR etc.<\/p>\n<p>Na verdade, Wagner ainda n\u00e3o conseguiu nem mesmo p\u00f4r fim \u00e0 batalha interna do PT. Brigam pela indica\u00e7\u00e3o do governador o ex-presidente da Petrobras e atual secret\u00e1rio do Planejamento do estado (Seplan), Jos\u00e9 S\u00e9rgio Gabrielli; o chefe da Casa Civil, Rui Costa; e o senador Walter Pinheiro.<\/p>\n<p>Problema a menos para o governador administrar \u00e9 a pr\u00e9-candidatura da senadora L\u00eddice da Mata, do PSB. Com sua candidatura praticamente imposta pela movimenta\u00e7\u00e3o do governador de Pernambuco, Eduardo Campos, que tentar\u00e1 se eleger presidente da Rep\u00fablica, L\u00eddice j\u00e1 \u00e9 tratada como oposi\u00e7\u00e3o pelo governo Wagner.<\/p>\n<p>Por ora, este \u00e9 mais ou menos o raio-x da disputa pr\u00e9-eleitoral para o governo da Bahia.<\/p>\n<p><strong>Romulo Faro \/ Bahia 247<\/strong><\/p>\n<\/section>\n<\/div>\n","protected":false},"excerpt":{"rendered":"<p>Enquanto o governador Jaques Wagner (PT) est\u00e1 incumbido da miss\u00e3o imposs\u00edvel de acomodar os principais partidos de sua base nas tr\u00eas vagas da chapa majorit\u00e1ria para sua sucess\u00e3o em 2014, o peemedebista Geddel Vieira Lima corre solto na articula\u00e7\u00e3o de seu nome entre as legendas de oposi\u00e7\u00e3o ao PT. Embora DEM e PSDB demarquem territ\u00f3rio com pr\u00e9-candidatos, os caciques da oposi\u00e7\u00e3o t\u00eam consci\u00eancia, e at\u00e9 mesmo admitem em p\u00fablico, que s\u00f3 ter\u00e3o chance contra o candidato de Wagner se sa\u00edrem com candidatura \u00fanica j\u00e1 no primeiro turno. E neste sentido, o nome de Geddel cresce na base contr\u00e1ria ao PT. O peemedebista s\u00f3 perde nas pesquisas de inten\u00e7\u00e3o de voto para o prefeito ACM Neto (DEM), que n\u00e3o ser\u00e1 candidato&hellip; <\/p>\n","protected":false},"author":3,"featured_media":0,"comment_status":"open","ping_status":"open","sticky":false,"template":"","format":"standard","meta":{"_acf_changed":false,"footnotes":""},"categories":[34],"tags":[],"class_list":["post-64038","post","type-post","status-publish","format-standard","hentry","category-eleicoes"],"acf":[],"yoast_head":"<!-- This site is optimized with the Yoast SEO plugin v27.4 - https:\/\/yoast.com\/product\/yoast-seo-wordpress\/ -->\n<title>GEDDEL MANT\u00c9M LIDERAN\u00c7A PARA O GOVERNO DA BAHIA - Blog do Farn\u00e9sio<\/title>\n<meta name=\"robots\" content=\"index, follow, max-snippet:-1, max-image-preview:large, max-video-preview:-1\" \/>\n<link rel=\"canonical\" href=\"https:\/\/blogdofarnesio.com.br\/?p=64038\" \/>\n<meta property=\"og:locale\" content=\"pt_BR\" \/>\n<meta property=\"og:type\" content=\"article\" \/>\n<meta property=\"og:title\" content=\"GEDDEL MANT\u00c9M LIDERAN\u00c7A PARA O GOVERNO DA BAHIA - Blog do Farn\u00e9sio\" \/>\n<meta property=\"og:description\" content=\"Enquanto o governador Jaques Wagner (PT) est\u00e1 incumbido da miss\u00e3o imposs\u00edvel de acomodar os principais partidos de sua base nas tr\u00eas vagas da chapa majorit\u00e1ria para sua sucess\u00e3o em 2014, o peemedebista Geddel Vieira Lima corre solto na articula\u00e7\u00e3o de seu nome entre as legendas de oposi\u00e7\u00e3o ao PT. Embora DEM e PSDB demarquem territ\u00f3rio com pr\u00e9-candidatos, os caciques da oposi\u00e7\u00e3o t\u00eam consci\u00eancia, e at\u00e9 mesmo admitem em p\u00fablico, que s\u00f3 ter\u00e3o chance contra o candidato de Wagner se sa\u00edrem com candidatura \u00fanica j\u00e1 no primeiro turno. E neste sentido, o nome de Geddel cresce na base contr\u00e1ria ao PT. O peemedebista s\u00f3 perde nas pesquisas de inten\u00e7\u00e3o de voto para o prefeito ACM Neto (DEM), que n\u00e3o ser\u00e1 candidato&hellip;\" \/>\n<meta property=\"og:url\" content=\"https:\/\/blogdofarnesio.com.br\/?p=64038\" \/>\n<meta property=\"og:site_name\" content=\"Blog do Farn\u00e9sio\" \/>\n<meta property=\"article:publisher\" content=\"https:\/\/www.facebook.com\/BlogQuerSaberPolitica\/\" \/>\n<meta property=\"article:published_time\" content=\"2013-11-18T12:01:25+00:00\" \/>\n<meta property=\"og:image\" content=\"http:\/\/www.brasil247.com\/images\/cache\/1000x357\/crop\/images%7Ccms-image-000343644.jpg\" \/>\n<meta name=\"author\" content=\"teste\" \/>\n<meta name=\"twitter:card\" content=\"summary_large_image\" \/>\n<meta name=\"twitter:label1\" content=\"Escrito por\" \/>\n\t<meta name=\"twitter:data1\" content=\"teste\" \/>\n\t<meta name=\"twitter:label2\" content=\"Est. tempo de leitura\" \/>\n\t<meta name=\"twitter:data2\" content=\"3 minutos\" \/>\n<script type=\"application\/ld+json\" class=\"yoast-schema-graph\">{\"@context\":\"https:\\\/\\\/schema.org\",\"@graph\":[{\"@type\":\"Article\",\"@id\":\"https:\\\/\\\/blogdofarnesio.com.br\\\/?p=64038#article\",\"isPartOf\":{\"@id\":\"https:\\\/\\\/blogdofarnesio.com.br\\\/?p=64038\"},\"author\":{\"name\":\"teste\",\"@id\":\"https:\\\/\\\/blogdofarnesio.com.br\\\/#\\\/schema\\\/person\\\/dd1bf5eba40b687199ba45ca6b97dff9\"},\"headline\":\"GEDDEL MANT\u00c9M LIDERAN\u00c7A PARA O GOVERNO DA BAHIA\",\"datePublished\":\"2013-11-18T12:01:25+00:00\",\"mainEntityOfPage\":{\"@id\":\"https:\\\/\\\/blogdofarnesio.com.br\\\/?p=64038\"},\"wordCount\":562,\"commentCount\":0,\"publisher\":{\"@id\":\"https:\\\/\\\/blogdofarnesio.com.br\\\/#organization\"},\"image\":{\"@id\":\"https:\\\/\\\/blogdofarnesio.com.br\\\/?p=64038#primaryimage\"},\"thumbnailUrl\":\"http:\\\/\\\/www.brasil247.com\\\/images\\\/cache\\\/1000x357\\\/crop\\\/images%7Ccms-image-000343644.jpg\",\"articleSection\":[\"Elei\u00e7\u00f5es\"],\"inLanguage\":\"pt-BR\",\"potentialAction\":[{\"@type\":\"CommentAction\",\"name\":\"Comment\",\"target\":[\"https:\\\/\\\/blogdofarnesio.com.br\\\/?p=64038#respond\"]}]},{\"@type\":\"WebPage\",\"@id\":\"https:\\\/\\\/blogdofarnesio.com.br\\\/?p=64038\",\"url\":\"https:\\\/\\\/blogdofarnesio.com.br\\\/?p=64038\",\"name\":\"GEDDEL MANT\u00c9M LIDERAN\u00c7A PARA O GOVERNO DA BAHIA - Blog do Farn\u00e9sio\",\"isPartOf\":{\"@id\":\"https:\\\/\\\/blogdofarnesio.com.br\\\/#website\"},\"primaryImageOfPage\":{\"@id\":\"https:\\\/\\\/blogdofarnesio.com.br\\\/?p=64038#primaryimage\"},\"image\":{\"@id\":\"https:\\\/\\\/blogdofarnesio.com.br\\\/?p=64038#primaryimage\"},\"thumbnailUrl\":\"http:\\\/\\\/www.brasil247.com\\\/images\\\/cache\\\/1000x357\\\/crop\\\/images%7Ccms-image-000343644.jpg\",\"datePublished\":\"2013-11-18T12:01:25+00:00\",\"breadcrumb\":{\"@id\":\"https:\\\/\\\/blogdofarnesio.com.br\\\/?p=64038#breadcrumb\"},\"inLanguage\":\"pt-BR\",\"potentialAction\":[{\"@type\":\"ReadAction\",\"target\":[\"https:\\\/\\\/blogdofarnesio.com.br\\\/?p=64038\"]}]},{\"@type\":\"ImageObject\",\"inLanguage\":\"pt-BR\",\"@id\":\"https:\\\/\\\/blogdofarnesio.com.br\\\/?p=64038#primaryimage\",\"url\":\"http:\\\/\\\/www.brasil247.com\\\/images\\\/cache\\\/1000x357\\\/crop\\\/images%7Ccms-image-000343644.jpg\",\"contentUrl\":\"http:\\\/\\\/www.brasil247.com\\\/images\\\/cache\\\/1000x357\\\/crop\\\/images%7Ccms-image-000343644.jpg\"},{\"@type\":\"BreadcrumbList\",\"@id\":\"https:\\\/\\\/blogdofarnesio.com.br\\\/?p=64038#breadcrumb\",\"itemListElement\":[{\"@type\":\"ListItem\",\"position\":1,\"name\":\"In\u00edcio\",\"item\":\"https:\\\/\\\/blogdofarnesio.com.br\\\/\"},{\"@type\":\"ListItem\",\"position\":2,\"name\":\"GEDDEL MANT\u00c9M LIDERAN\u00c7A PARA O GOVERNO DA BAHIA\"}]},{\"@type\":\"WebSite\",\"@id\":\"https:\\\/\\\/blogdofarnesio.com.br\\\/#website\",\"url\":\"https:\\\/\\\/blogdofarnesio.com.br\\\/\",\"name\":\"Blog do Farn\u00e9sio\",\"description\":\"Quer Saber Pol\u00edtica?\",\"publisher\":{\"@id\":\"https:\\\/\\\/blogdofarnesio.com.br\\\/#organization\"},\"potentialAction\":[{\"@type\":\"SearchAction\",\"target\":{\"@type\":\"EntryPoint\",\"urlTemplate\":\"https:\\\/\\\/blogdofarnesio.com.br\\\/?s={search_term_string}\"},\"query-input\":{\"@type\":\"PropertyValueSpecification\",\"valueRequired\":true,\"valueName\":\"search_term_string\"}}],\"inLanguage\":\"pt-BR\"},{\"@type\":\"Organization\",\"@id\":\"https:\\\/\\\/blogdofarnesio.com.br\\\/#organization\",\"name\":\"Blog do Farn\u00e9sio\",\"url\":\"https:\\\/\\\/blogdofarnesio.com.br\\\/\",\"logo\":{\"@type\":\"ImageObject\",\"inLanguage\":\"pt-BR\",\"@id\":\"https:\\\/\\\/blogdofarnesio.com.br\\\/#\\\/schema\\\/logo\\\/image\\\/\",\"url\":\"https:\\\/\\\/blogdofarnesio.com.br\\\/wp-content\\\/uploads\\\/2026\\\/03\\\/cropped-logo_new-1.png\",\"contentUrl\":\"https:\\\/\\\/blogdofarnesio.com.br\\\/wp-content\\\/uploads\\\/2026\\\/03\\\/cropped-logo_new-1.png\",\"width\":881,\"height\":685,\"caption\":\"Blog do Farn\u00e9sio\"},\"image\":{\"@id\":\"https:\\\/\\\/blogdofarnesio.com.br\\\/#\\\/schema\\\/logo\\\/image\\\/\"},\"sameAs\":[\"https:\\\/\\\/www.facebook.com\\\/BlogQuerSaberPolitica\\\/\"]},{\"@type\":\"Person\",\"@id\":\"https:\\\/\\\/blogdofarnesio.com.br\\\/#\\\/schema\\\/person\\\/dd1bf5eba40b687199ba45ca6b97dff9\",\"name\":\"teste\",\"image\":{\"@type\":\"ImageObject\",\"inLanguage\":\"pt-BR\",\"@id\":\"https:\\\/\\\/secure.gravatar.com\\\/avatar\\\/2172498d4914b51e1d89a0f97957b035ac4938723a5cac208135d389b6972a6d?s=96&d=mm&r=g\",\"url\":\"https:\\\/\\\/secure.gravatar.com\\\/avatar\\\/2172498d4914b51e1d89a0f97957b035ac4938723a5cac208135d389b6972a6d?s=96&d=mm&r=g\",\"contentUrl\":\"https:\\\/\\\/secure.gravatar.com\\\/avatar\\\/2172498d4914b51e1d89a0f97957b035ac4938723a5cac208135d389b6972a6d?s=96&d=mm&r=g\",\"caption\":\"teste\"},\"url\":\"https:\\\/\\\/blogdofarnesio.com.br\\\/?author=3\"}]}<\/script>\n<!-- \/ Yoast SEO plugin. -->","yoast_head_json":{"title":"GEDDEL MANT\u00c9M LIDERAN\u00c7A PARA O GOVERNO DA BAHIA - Blog do Farn\u00e9sio","robots":{"index":"index","follow":"follow","max-snippet":"max-snippet:-1","max-image-preview":"max-image-preview:large","max-video-preview":"max-video-preview:-1"},"canonical":"https:\/\/blogdofarnesio.com.br\/?p=64038","og_locale":"pt_BR","og_type":"article","og_title":"GEDDEL MANT\u00c9M LIDERAN\u00c7A PARA O GOVERNO DA BAHIA - Blog do Farn\u00e9sio","og_description":"Enquanto o governador Jaques Wagner (PT) est\u00e1 incumbido da miss\u00e3o imposs\u00edvel de acomodar os principais partidos de sua base nas tr\u00eas vagas da chapa majorit\u00e1ria para sua sucess\u00e3o em 2014, o peemedebista Geddel Vieira Lima corre solto na articula\u00e7\u00e3o de seu nome entre as legendas de oposi\u00e7\u00e3o ao PT. Embora DEM e PSDB demarquem territ\u00f3rio com pr\u00e9-candidatos, os caciques da oposi\u00e7\u00e3o t\u00eam consci\u00eancia, e at\u00e9 mesmo admitem em p\u00fablico, que s\u00f3 ter\u00e3o chance contra o candidato de Wagner se sa\u00edrem com candidatura \u00fanica j\u00e1 no primeiro turno. E neste sentido, o nome de Geddel cresce na base contr\u00e1ria ao PT. O peemedebista s\u00f3 perde nas pesquisas de inten\u00e7\u00e3o de voto para o prefeito ACM Neto (DEM), que n\u00e3o ser\u00e1 candidato&hellip;","og_url":"https:\/\/blogdofarnesio.com.br\/?p=64038","og_site_name":"Blog do Farn\u00e9sio","article_publisher":"https:\/\/www.facebook.com\/BlogQuerSaberPolitica\/","article_published_time":"2013-11-18T12:01:25+00:00","og_image":[{"url":"http:\/\/www.brasil247.com\/images\/cache\/1000x357\/crop\/images%7Ccms-image-000343644.jpg","type":"","width":"","height":""}],"author":"teste","twitter_card":"summary_large_image","twitter_misc":{"Escrito por":"teste","Est. tempo de leitura":"3 minutos"},"schema":{"@context":"https:\/\/schema.org","@graph":[{"@type":"Article","@id":"https:\/\/blogdofarnesio.com.br\/?p=64038#article","isPartOf":{"@id":"https:\/\/blogdofarnesio.com.br\/?p=64038"},"author":{"name":"teste","@id":"https:\/\/blogdofarnesio.com.br\/#\/schema\/person\/dd1bf5eba40b687199ba45ca6b97dff9"},"headline":"GEDDEL MANT\u00c9M LIDERAN\u00c7A PARA O GOVERNO DA BAHIA","datePublished":"2013-11-18T12:01:25+00:00","mainEntityOfPage":{"@id":"https:\/\/blogdofarnesio.com.br\/?p=64038"},"wordCount":562,"commentCount":0,"publisher":{"@id":"https:\/\/blogdofarnesio.com.br\/#organization"},"image":{"@id":"https:\/\/blogdofarnesio.com.br\/?p=64038#primaryimage"},"thumbnailUrl":"http:\/\/www.brasil247.com\/images\/cache\/1000x357\/crop\/images%7Ccms-image-000343644.jpg","articleSection":["Elei\u00e7\u00f5es"],"inLanguage":"pt-BR","potentialAction":[{"@type":"CommentAction","name":"Comment","target":["https:\/\/blogdofarnesio.com.br\/?p=64038#respond"]}]},{"@type":"WebPage","@id":"https:\/\/blogdofarnesio.com.br\/?p=64038","url":"https:\/\/blogdofarnesio.com.br\/?p=64038","name":"GEDDEL MANT\u00c9M LIDERAN\u00c7A PARA O GOVERNO DA BAHIA - Blog do Farn\u00e9sio","isPartOf":{"@id":"https:\/\/blogdofarnesio.com.br\/#website"},"primaryImageOfPage":{"@id":"https:\/\/blogdofarnesio.com.br\/?p=64038#primaryimage"},"image":{"@id":"https:\/\/blogdofarnesio.com.br\/?p=64038#primaryimage"},"thumbnailUrl":"http:\/\/www.brasil247.com\/images\/cache\/1000x357\/crop\/images%7Ccms-image-000343644.jpg","datePublished":"2013-11-18T12:01:25+00:00","breadcrumb":{"@id":"https:\/\/blogdofarnesio.com.br\/?p=64038#breadcrumb"},"inLanguage":"pt-BR","potentialAction":[{"@type":"ReadAction","target":["https:\/\/blogdofarnesio.com.br\/?p=64038"]}]},{"@type":"ImageObject","inLanguage":"pt-BR","@id":"https:\/\/blogdofarnesio.com.br\/?p=64038#primaryimage","url":"http:\/\/www.brasil247.com\/images\/cache\/1000x357\/crop\/images%7Ccms-image-000343644.jpg","contentUrl":"http:\/\/www.brasil247.com\/images\/cache\/1000x357\/crop\/images%7Ccms-image-000343644.jpg"},{"@type":"BreadcrumbList","@id":"https:\/\/blogdofarnesio.com.br\/?p=64038#breadcrumb","itemListElement":[{"@type":"ListItem","position":1,"name":"In\u00edcio","item":"https:\/\/blogdofarnesio.com.br\/"},{"@type":"ListItem","position":2,"name":"GEDDEL MANT\u00c9M LIDERAN\u00c7A PARA O GOVERNO DA BAHIA"}]},{"@type":"WebSite","@id":"https:\/\/blogdofarnesio.com.br\/#website","url":"https:\/\/blogdofarnesio.com.br\/","name":"Blog do Farn\u00e9sio","description":"Quer Saber Pol\u00edtica?","publisher":{"@id":"https:\/\/blogdofarnesio.com.br\/#organization"},"potentialAction":[{"@type":"SearchAction","target":{"@type":"EntryPoint","urlTemplate":"https:\/\/blogdofarnesio.com.br\/?s={search_term_string}"},"query-input":{"@type":"PropertyValueSpecification","valueRequired":true,"valueName":"search_term_string"}}],"inLanguage":"pt-BR"},{"@type":"Organization","@id":"https:\/\/blogdofarnesio.com.br\/#organization","name":"Blog do Farn\u00e9sio","url":"https:\/\/blogdofarnesio.com.br\/","logo":{"@type":"ImageObject","inLanguage":"pt-BR","@id":"https:\/\/blogdofarnesio.com.br\/#\/schema\/logo\/image\/","url":"https:\/\/blogdofarnesio.com.br\/wp-content\/uploads\/2026\/03\/cropped-logo_new-1.png","contentUrl":"https:\/\/blogdofarnesio.com.br\/wp-content\/uploads\/2026\/03\/cropped-logo_new-1.png","width":881,"height":685,"caption":"Blog do Farn\u00e9sio"},"image":{"@id":"https:\/\/blogdofarnesio.com.br\/#\/schema\/logo\/image\/"},"sameAs":["https:\/\/www.facebook.com\/BlogQuerSaberPolitica\/"]},{"@type":"Person","@id":"https:\/\/blogdofarnesio.com.br\/#\/schema\/person\/dd1bf5eba40b687199ba45ca6b97dff9","name":"teste","image":{"@type":"ImageObject","inLanguage":"pt-BR","@id":"https:\/\/secure.gravatar.com\/avatar\/2172498d4914b51e1d89a0f97957b035ac4938723a5cac208135d389b6972a6d?s=96&d=mm&r=g","url":"https:\/\/secure.gravatar.com\/avatar\/2172498d4914b51e1d89a0f97957b035ac4938723a5cac208135d389b6972a6d?s=96&d=mm&r=g","contentUrl":"https:\/\/secure.gravatar.com\/avatar\/2172498d4914b51e1d89a0f97957b035ac4938723a5cac208135d389b6972a6d?s=96&d=mm&r=g","caption":"teste"},"url":"https:\/\/blogdofarnesio.com.br\/?author=3"}]}},"_links":{"self":[{"href":"https:\/\/blogdofarnesio.com.br\/index.php?rest_route=\/wp\/v2\/posts\/64038","targetHints":{"allow":["GET"]}}],"collection":[{"href":"https:\/\/blogdofarnesio.com.br\/index.php?rest_route=\/wp\/v2\/posts"}],"about":[{"href":"https:\/\/blogdofarnesio.com.br\/index.php?rest_route=\/wp\/v2\/types\/post"}],"author":[{"embeddable":true,"href":"https:\/\/blogdofarnesio.com.br\/index.php?rest_route=\/wp\/v2\/users\/3"}],"replies":[{"embeddable":true,"href":"https:\/\/blogdofarnesio.com.br\/index.php?rest_route=%2Fwp%2Fv2%2Fcomments&post=64038"}],"version-history":[{"count":0,"href":"https:\/\/blogdofarnesio.com.br\/index.php?rest_route=\/wp\/v2\/posts\/64038\/revisions"}],"wp:attachment":[{"href":"https:\/\/blogdofarnesio.com.br\/index.php?rest_route=%2Fwp%2Fv2%2Fmedia&parent=64038"}],"wp:term":[{"taxonomy":"category","embeddable":true,"href":"https:\/\/blogdofarnesio.com.br\/index.php?rest_route=%2Fwp%2Fv2%2Fcategories&post=64038"},{"taxonomy":"post_tag","embeddable":true,"href":"https:\/\/blogdofarnesio.com.br\/index.php?rest_route=%2Fwp%2Fv2%2Ftags&post=64038"}],"curies":[{"name":"wp","href":"https:\/\/api.w.org\/{rel}","templated":true}]}}