{"id":63975,"date":"2013-11-16T11:32:23","date_gmt":"2013-11-16T14:32:23","guid":{"rendered":"http:\/\/www.quersaberpolitica.com.br\/?p=63975"},"modified":"2013-11-16T08:58:13","modified_gmt":"2013-11-16T11:58:13","slug":"genoino-se-entrega-a-policia-gritando-que-e-preso-politico","status":"publish","type":"post","link":"https:\/\/blogdofarnesio.com.br\/?p=63975","title":{"rendered":"GENOINO SE ENTREGA \u00c0 POL\u00cdCIA GRITANDO QUE \u00c9 \u201cPRESO POL\u00cdTICO\u201d"},"content":{"rendered":"<div style=\"text-align: justify\"><strong>GENOINO SE DISSE PERSEGUIDO, MAS FOI CONDENADO POR CORRUP\u00c7\u00c3O ATIVA<\/strong><\/div>\n<div>\n<p><a href=\"http:\/\/www.diariodopoder.com.br\/wp-content\/uploads\/2013\/11\/Robson-Fernandes-Estadao-Conteudo-Jose-Genoino.jpg\"><img loading=\"lazy\" decoding=\"async\" class=\"alignleft\" alt=\"Jos\u00c8 Genoino se entrega \u2021 Pol\u00cccia\" src=\"http:\/\/www.diariodopoder.com.br\/wp-content\/uploads\/2013\/11\/Robson-Fernandes-Estadao-Conteudo-Jose-Genoino.jpg\" width=\"280\" height=\"150\" \/><\/a><\/p>\n<p style=\"text-align: justify\">O deputado Jos\u00e9 Genoino se apresentou h\u00e1 pouco na Pol\u00edcia Federal, logo ap\u00f3s os mandado de pris\u00e3o terem sido expedido pelo Supremo Tribunal Federal (STF).<\/p>\n<p style=\"text-align: justify\">Ele chegou ao local por volta das 18h20 para come\u00e7ar a cumprir sua pena. Ele foi condenado por corrup\u00e7\u00e3o ativa, mas ao adentrar o pr\u00e9dio onde passar\u00e1 sua primeira noite encarcerado, Genoino levantou o punho cerrado e gritou: \u201cSou preso pol\u00edtico!\u201d. E depois ainda deu vivas ao PT.<\/p>\n<p style=\"text-align: justify\">Genoino foi o primeiro dos doze mensaleiros que se apresenta \u00e0 Pol\u00edcia Federal ap\u00f3s o presidente do Supremo, Joaquim Barbosa, expedir os mandados de pris\u00e3o nesta sexta-feira (15). Depois dele, outros quatro condenados se apresentaram:\u00a0\u00a0Simone Vasconcelos, Cristiano Paz e Romeu Queiroz.<\/p>\n<p style=\"text-align: justify\">Os condenados foram notificados a\u00a0comparecer \u00e0s sedes da PF em seus estados e, em seguida, ser\u00e3o\u00a0encaminhados para Bras\u00edlia.<\/p>\n<\/div>\n","protected":false},"excerpt":{"rendered":"<p>GENOINO SE DISSE PERSEGUIDO, MAS FOI CONDENADO POR CORRUP\u00c7\u00c3O ATIVA O deputado Jos\u00e9 Genoino se apresentou h\u00e1 pouco na Pol\u00edcia Federal, logo ap\u00f3s os mandado de pris\u00e3o terem sido expedido pelo Supremo Tribunal Federal (STF). Ele chegou ao local por volta das 18h20 para come\u00e7ar a cumprir sua pena. Ele foi condenado por corrup\u00e7\u00e3o ativa, mas ao adentrar o pr\u00e9dio onde passar\u00e1 sua primeira noite encarcerado, Genoino levantou o punho cerrado e gritou: \u201cSou preso pol\u00edtico!\u201d. E depois ainda deu vivas ao PT. Genoino foi o primeiro dos doze mensaleiros que se apresenta \u00e0 Pol\u00edcia Federal ap\u00f3s o presidente do Supremo, Joaquim Barbosa, expedir os mandados de pris\u00e3o nesta sexta-feira (15). Depois dele, outros quatro condenados se apresentaram:\u00a0\u00a0Simone Vasconcelos, Cristiano&hellip; <\/p>\n","protected":false},"author":3,"featured_media":0,"comment_status":"open","ping_status":"open","sticky":false,"template":"","format":"standard","meta":{"_acf_changed":false,"footnotes":""},"categories":[1],"tags":[],"class_list":["post-63975","post","type-post","status-publish","format-standard","hentry","category-politica"],"acf":[],"yoast_head":"<!-- This site is optimized with the Yoast SEO plugin v27.4 - https:\/\/yoast.com\/product\/yoast-seo-wordpress\/ -->\n<title>GENOINO SE ENTREGA \u00c0 POL\u00cdCIA GRITANDO QUE \u00c9 \u201cPRESO POL\u00cdTICO\u201d - Blog do Farn\u00e9sio<\/title>\n<meta name=\"robots\" content=\"index, follow, max-snippet:-1, max-image-preview:large, max-video-preview:-1\" \/>\n<link rel=\"canonical\" href=\"https:\/\/blogdofarnesio.com.br\/?p=63975\" \/>\n<meta property=\"og:locale\" content=\"pt_BR\" \/>\n<meta property=\"og:type\" content=\"article\" \/>\n<meta property=\"og:title\" content=\"GENOINO SE ENTREGA \u00c0 POL\u00cdCIA GRITANDO QUE \u00c9 \u201cPRESO POL\u00cdTICO\u201d - Blog do Farn\u00e9sio\" \/>\n<meta property=\"og:description\" content=\"GENOINO SE DISSE PERSEGUIDO, MAS FOI CONDENADO POR CORRUP\u00c7\u00c3O ATIVA O deputado Jos\u00e9 Genoino se apresentou h\u00e1 pouco na Pol\u00edcia Federal, logo ap\u00f3s os mandado de pris\u00e3o terem sido expedido pelo Supremo Tribunal Federal (STF). Ele chegou ao local por volta das 18h20 para come\u00e7ar a cumprir sua pena. Ele foi condenado por corrup\u00e7\u00e3o ativa, mas ao adentrar o pr\u00e9dio onde passar\u00e1 sua primeira noite encarcerado, Genoino levantou o punho cerrado e gritou: \u201cSou preso pol\u00edtico!\u201d. E depois ainda deu vivas ao PT. Genoino foi o primeiro dos doze mensaleiros que se apresenta \u00e0 Pol\u00edcia Federal ap\u00f3s o presidente do Supremo, Joaquim Barbosa, expedir os mandados de pris\u00e3o nesta sexta-feira (15). Depois dele, outros quatro condenados se apresentaram:\u00a0\u00a0Simone Vasconcelos, Cristiano&hellip;\" \/>\n<meta property=\"og:url\" content=\"https:\/\/blogdofarnesio.com.br\/?p=63975\" \/>\n<meta property=\"og:site_name\" content=\"Blog do Farn\u00e9sio\" \/>\n<meta property=\"article:publisher\" content=\"https:\/\/www.facebook.com\/BlogQuerSaberPolitica\/\" \/>\n<meta property=\"article:published_time\" content=\"2013-11-16T14:32:23+00:00\" \/>\n<meta property=\"og:image\" content=\"http:\/\/www.diariodopoder.com.br\/wp-content\/uploads\/2013\/11\/Robson-Fernandes-Estadao-Conteudo-Jose-Genoino.jpg\" \/>\n<meta name=\"author\" content=\"teste\" \/>\n<meta name=\"twitter:card\" content=\"summary_large_image\" \/>\n<meta name=\"twitter:label1\" content=\"Escrito por\" \/>\n\t<meta name=\"twitter:data1\" content=\"teste\" \/>\n\t<meta name=\"twitter:label2\" content=\"Est. tempo de leitura\" \/>\n\t<meta name=\"twitter:data2\" content=\"1 minuto\" \/>\n<script type=\"application\/ld+json\" class=\"yoast-schema-graph\">{\"@context\":\"https:\\\/\\\/schema.org\",\"@graph\":[{\"@type\":\"Article\",\"@id\":\"https:\\\/\\\/blogdofarnesio.com.br\\\/?p=63975#article\",\"isPartOf\":{\"@id\":\"https:\\\/\\\/blogdofarnesio.com.br\\\/?p=63975\"},\"author\":{\"name\":\"teste\",\"@id\":\"https:\\\/\\\/blogdofarnesio.com.br\\\/#\\\/schema\\\/person\\\/dd1bf5eba40b687199ba45ca6b97dff9\"},\"headline\":\"GENOINO SE ENTREGA \u00c0 POL\u00cdCIA GRITANDO QUE \u00c9 \u201cPRESO POL\u00cdTICO\u201d\",\"datePublished\":\"2013-11-16T14:32:23+00:00\",\"mainEntityOfPage\":{\"@id\":\"https:\\\/\\\/blogdofarnesio.com.br\\\/?p=63975\"},\"wordCount\":166,\"commentCount\":0,\"publisher\":{\"@id\":\"https:\\\/\\\/blogdofarnesio.com.br\\\/#organization\"},\"image\":{\"@id\":\"https:\\\/\\\/blogdofarnesio.com.br\\\/?p=63975#primaryimage\"},\"thumbnailUrl\":\"http:\\\/\\\/www.diariodopoder.com.br\\\/wp-content\\\/uploads\\\/2013\\\/11\\\/Robson-Fernandes-Estadao-Conteudo-Jose-Genoino.jpg\",\"articleSection\":[\"Pol\u00edtica\"],\"inLanguage\":\"pt-BR\",\"potentialAction\":[{\"@type\":\"CommentAction\",\"name\":\"Comment\",\"target\":[\"https:\\\/\\\/blogdofarnesio.com.br\\\/?p=63975#respond\"]}]},{\"@type\":\"WebPage\",\"@id\":\"https:\\\/\\\/blogdofarnesio.com.br\\\/?p=63975\",\"url\":\"https:\\\/\\\/blogdofarnesio.com.br\\\/?p=63975\",\"name\":\"GENOINO SE ENTREGA \u00c0 POL\u00cdCIA GRITANDO QUE \u00c9 \u201cPRESO POL\u00cdTICO\u201d - Blog do Farn\u00e9sio\",\"isPartOf\":{\"@id\":\"https:\\\/\\\/blogdofarnesio.com.br\\\/#website\"},\"primaryImageOfPage\":{\"@id\":\"https:\\\/\\\/blogdofarnesio.com.br\\\/?p=63975#primaryimage\"},\"image\":{\"@id\":\"https:\\\/\\\/blogdofarnesio.com.br\\\/?p=63975#primaryimage\"},\"thumbnailUrl\":\"http:\\\/\\\/www.diariodopoder.com.br\\\/wp-content\\\/uploads\\\/2013\\\/11\\\/Robson-Fernandes-Estadao-Conteudo-Jose-Genoino.jpg\",\"datePublished\":\"2013-11-16T14:32:23+00:00\",\"breadcrumb\":{\"@id\":\"https:\\\/\\\/blogdofarnesio.com.br\\\/?p=63975#breadcrumb\"},\"inLanguage\":\"pt-BR\",\"potentialAction\":[{\"@type\":\"ReadAction\",\"target\":[\"https:\\\/\\\/blogdofarnesio.com.br\\\/?p=63975\"]}]},{\"@type\":\"ImageObject\",\"inLanguage\":\"pt-BR\",\"@id\":\"https:\\\/\\\/blogdofarnesio.com.br\\\/?p=63975#primaryimage\",\"url\":\"http:\\\/\\\/www.diariodopoder.com.br\\\/wp-content\\\/uploads\\\/2013\\\/11\\\/Robson-Fernandes-Estadao-Conteudo-Jose-Genoino.jpg\",\"contentUrl\":\"http:\\\/\\\/www.diariodopoder.com.br\\\/wp-content\\\/uploads\\\/2013\\\/11\\\/Robson-Fernandes-Estadao-Conteudo-Jose-Genoino.jpg\"},{\"@type\":\"BreadcrumbList\",\"@id\":\"https:\\\/\\\/blogdofarnesio.com.br\\\/?p=63975#breadcrumb\",\"itemListElement\":[{\"@type\":\"ListItem\",\"position\":1,\"name\":\"In\u00edcio\",\"item\":\"https:\\\/\\\/blogdofarnesio.com.br\\\/\"},{\"@type\":\"ListItem\",\"position\":2,\"name\":\"GENOINO SE ENTREGA \u00c0 POL\u00cdCIA GRITANDO QUE \u00c9 \u201cPRESO POL\u00cdTICO\u201d\"}]},{\"@type\":\"WebSite\",\"@id\":\"https:\\\/\\\/blogdofarnesio.com.br\\\/#website\",\"url\":\"https:\\\/\\\/blogdofarnesio.com.br\\\/\",\"name\":\"Blog do Farn\u00e9sio\",\"description\":\"Quer Saber Pol\u00edtica?\",\"publisher\":{\"@id\":\"https:\\\/\\\/blogdofarnesio.com.br\\\/#organization\"},\"potentialAction\":[{\"@type\":\"SearchAction\",\"target\":{\"@type\":\"EntryPoint\",\"urlTemplate\":\"https:\\\/\\\/blogdofarnesio.com.br\\\/?s={search_term_string}\"},\"query-input\":{\"@type\":\"PropertyValueSpecification\",\"valueRequired\":true,\"valueName\":\"search_term_string\"}}],\"inLanguage\":\"pt-BR\"},{\"@type\":\"Organization\",\"@id\":\"https:\\\/\\\/blogdofarnesio.com.br\\\/#organization\",\"name\":\"Blog do Farn\u00e9sio\",\"url\":\"https:\\\/\\\/blogdofarnesio.com.br\\\/\",\"logo\":{\"@type\":\"ImageObject\",\"inLanguage\":\"pt-BR\",\"@id\":\"https:\\\/\\\/blogdofarnesio.com.br\\\/#\\\/schema\\\/logo\\\/image\\\/\",\"url\":\"https:\\\/\\\/blogdofarnesio.com.br\\\/wp-content\\\/uploads\\\/2026\\\/03\\\/cropped-logo_new-1.png\",\"contentUrl\":\"https:\\\/\\\/blogdofarnesio.com.br\\\/wp-content\\\/uploads\\\/2026\\\/03\\\/cropped-logo_new-1.png\",\"width\":881,\"height\":685,\"caption\":\"Blog do Farn\u00e9sio\"},\"image\":{\"@id\":\"https:\\\/\\\/blogdofarnesio.com.br\\\/#\\\/schema\\\/logo\\\/image\\\/\"},\"sameAs\":[\"https:\\\/\\\/www.facebook.com\\\/BlogQuerSaberPolitica\\\/\"]},{\"@type\":\"Person\",\"@id\":\"https:\\\/\\\/blogdofarnesio.com.br\\\/#\\\/schema\\\/person\\\/dd1bf5eba40b687199ba45ca6b97dff9\",\"name\":\"teste\",\"image\":{\"@type\":\"ImageObject\",\"inLanguage\":\"pt-BR\",\"@id\":\"https:\\\/\\\/secure.gravatar.com\\\/avatar\\\/2172498d4914b51e1d89a0f97957b035ac4938723a5cac208135d389b6972a6d?s=96&d=mm&r=g\",\"url\":\"https:\\\/\\\/secure.gravatar.com\\\/avatar\\\/2172498d4914b51e1d89a0f97957b035ac4938723a5cac208135d389b6972a6d?s=96&d=mm&r=g\",\"contentUrl\":\"https:\\\/\\\/secure.gravatar.com\\\/avatar\\\/2172498d4914b51e1d89a0f97957b035ac4938723a5cac208135d389b6972a6d?s=96&d=mm&r=g\",\"caption\":\"teste\"},\"url\":\"https:\\\/\\\/blogdofarnesio.com.br\\\/?author=3\"}]}<\/script>\n<!-- \/ Yoast SEO plugin. -->","yoast_head_json":{"title":"GENOINO SE ENTREGA \u00c0 POL\u00cdCIA GRITANDO QUE \u00c9 \u201cPRESO POL\u00cdTICO\u201d - Blog do Farn\u00e9sio","robots":{"index":"index","follow":"follow","max-snippet":"max-snippet:-1","max-image-preview":"max-image-preview:large","max-video-preview":"max-video-preview:-1"},"canonical":"https:\/\/blogdofarnesio.com.br\/?p=63975","og_locale":"pt_BR","og_type":"article","og_title":"GENOINO SE ENTREGA \u00c0 POL\u00cdCIA GRITANDO QUE \u00c9 \u201cPRESO POL\u00cdTICO\u201d - Blog do Farn\u00e9sio","og_description":"GENOINO SE DISSE PERSEGUIDO, MAS FOI CONDENADO POR CORRUP\u00c7\u00c3O ATIVA O deputado Jos\u00e9 Genoino se apresentou h\u00e1 pouco na Pol\u00edcia Federal, logo ap\u00f3s os mandado de pris\u00e3o terem sido expedido pelo Supremo Tribunal Federal (STF). Ele chegou ao local por volta das 18h20 para come\u00e7ar a cumprir sua pena. Ele foi condenado por corrup\u00e7\u00e3o ativa, mas ao adentrar o pr\u00e9dio onde passar\u00e1 sua primeira noite encarcerado, Genoino levantou o punho cerrado e gritou: \u201cSou preso pol\u00edtico!\u201d. E depois ainda deu vivas ao PT. Genoino foi o primeiro dos doze mensaleiros que se apresenta \u00e0 Pol\u00edcia Federal ap\u00f3s o presidente do Supremo, Joaquim Barbosa, expedir os mandados de pris\u00e3o nesta sexta-feira (15). Depois dele, outros quatro condenados se apresentaram:\u00a0\u00a0Simone Vasconcelos, Cristiano&hellip;","og_url":"https:\/\/blogdofarnesio.com.br\/?p=63975","og_site_name":"Blog do Farn\u00e9sio","article_publisher":"https:\/\/www.facebook.com\/BlogQuerSaberPolitica\/","article_published_time":"2013-11-16T14:32:23+00:00","og_image":[{"url":"http:\/\/www.diariodopoder.com.br\/wp-content\/uploads\/2013\/11\/Robson-Fernandes-Estadao-Conteudo-Jose-Genoino.jpg","type":"","width":"","height":""}],"author":"teste","twitter_card":"summary_large_image","twitter_misc":{"Escrito por":"teste","Est. tempo de leitura":"1 minuto"},"schema":{"@context":"https:\/\/schema.org","@graph":[{"@type":"Article","@id":"https:\/\/blogdofarnesio.com.br\/?p=63975#article","isPartOf":{"@id":"https:\/\/blogdofarnesio.com.br\/?p=63975"},"author":{"name":"teste","@id":"https:\/\/blogdofarnesio.com.br\/#\/schema\/person\/dd1bf5eba40b687199ba45ca6b97dff9"},"headline":"GENOINO SE ENTREGA \u00c0 POL\u00cdCIA GRITANDO QUE \u00c9 \u201cPRESO POL\u00cdTICO\u201d","datePublished":"2013-11-16T14:32:23+00:00","mainEntityOfPage":{"@id":"https:\/\/blogdofarnesio.com.br\/?p=63975"},"wordCount":166,"commentCount":0,"publisher":{"@id":"https:\/\/blogdofarnesio.com.br\/#organization"},"image":{"@id":"https:\/\/blogdofarnesio.com.br\/?p=63975#primaryimage"},"thumbnailUrl":"http:\/\/www.diariodopoder.com.br\/wp-content\/uploads\/2013\/11\/Robson-Fernandes-Estadao-Conteudo-Jose-Genoino.jpg","articleSection":["Pol\u00edtica"],"inLanguage":"pt-BR","potentialAction":[{"@type":"CommentAction","name":"Comment","target":["https:\/\/blogdofarnesio.com.br\/?p=63975#respond"]}]},{"@type":"WebPage","@id":"https:\/\/blogdofarnesio.com.br\/?p=63975","url":"https:\/\/blogdofarnesio.com.br\/?p=63975","name":"GENOINO SE ENTREGA \u00c0 POL\u00cdCIA GRITANDO QUE \u00c9 \u201cPRESO POL\u00cdTICO\u201d - Blog do Farn\u00e9sio","isPartOf":{"@id":"https:\/\/blogdofarnesio.com.br\/#website"},"primaryImageOfPage":{"@id":"https:\/\/blogdofarnesio.com.br\/?p=63975#primaryimage"},"image":{"@id":"https:\/\/blogdofarnesio.com.br\/?p=63975#primaryimage"},"thumbnailUrl":"http:\/\/www.diariodopoder.com.br\/wp-content\/uploads\/2013\/11\/Robson-Fernandes-Estadao-Conteudo-Jose-Genoino.jpg","datePublished":"2013-11-16T14:32:23+00:00","breadcrumb":{"@id":"https:\/\/blogdofarnesio.com.br\/?p=63975#breadcrumb"},"inLanguage":"pt-BR","potentialAction":[{"@type":"ReadAction","target":["https:\/\/blogdofarnesio.com.br\/?p=63975"]}]},{"@type":"ImageObject","inLanguage":"pt-BR","@id":"https:\/\/blogdofarnesio.com.br\/?p=63975#primaryimage","url":"http:\/\/www.diariodopoder.com.br\/wp-content\/uploads\/2013\/11\/Robson-Fernandes-Estadao-Conteudo-Jose-Genoino.jpg","contentUrl":"http:\/\/www.diariodopoder.com.br\/wp-content\/uploads\/2013\/11\/Robson-Fernandes-Estadao-Conteudo-Jose-Genoino.jpg"},{"@type":"BreadcrumbList","@id":"https:\/\/blogdofarnesio.com.br\/?p=63975#breadcrumb","itemListElement":[{"@type":"ListItem","position":1,"name":"In\u00edcio","item":"https:\/\/blogdofarnesio.com.br\/"},{"@type":"ListItem","position":2,"name":"GENOINO SE ENTREGA \u00c0 POL\u00cdCIA GRITANDO QUE \u00c9 \u201cPRESO POL\u00cdTICO\u201d"}]},{"@type":"WebSite","@id":"https:\/\/blogdofarnesio.com.br\/#website","url":"https:\/\/blogdofarnesio.com.br\/","name":"Blog do Farn\u00e9sio","description":"Quer Saber Pol\u00edtica?","publisher":{"@id":"https:\/\/blogdofarnesio.com.br\/#organization"},"potentialAction":[{"@type":"SearchAction","target":{"@type":"EntryPoint","urlTemplate":"https:\/\/blogdofarnesio.com.br\/?s={search_term_string}"},"query-input":{"@type":"PropertyValueSpecification","valueRequired":true,"valueName":"search_term_string"}}],"inLanguage":"pt-BR"},{"@type":"Organization","@id":"https:\/\/blogdofarnesio.com.br\/#organization","name":"Blog do Farn\u00e9sio","url":"https:\/\/blogdofarnesio.com.br\/","logo":{"@type":"ImageObject","inLanguage":"pt-BR","@id":"https:\/\/blogdofarnesio.com.br\/#\/schema\/logo\/image\/","url":"https:\/\/blogdofarnesio.com.br\/wp-content\/uploads\/2026\/03\/cropped-logo_new-1.png","contentUrl":"https:\/\/blogdofarnesio.com.br\/wp-content\/uploads\/2026\/03\/cropped-logo_new-1.png","width":881,"height":685,"caption":"Blog do Farn\u00e9sio"},"image":{"@id":"https:\/\/blogdofarnesio.com.br\/#\/schema\/logo\/image\/"},"sameAs":["https:\/\/www.facebook.com\/BlogQuerSaberPolitica\/"]},{"@type":"Person","@id":"https:\/\/blogdofarnesio.com.br\/#\/schema\/person\/dd1bf5eba40b687199ba45ca6b97dff9","name":"teste","image":{"@type":"ImageObject","inLanguage":"pt-BR","@id":"https:\/\/secure.gravatar.com\/avatar\/2172498d4914b51e1d89a0f97957b035ac4938723a5cac208135d389b6972a6d?s=96&d=mm&r=g","url":"https:\/\/secure.gravatar.com\/avatar\/2172498d4914b51e1d89a0f97957b035ac4938723a5cac208135d389b6972a6d?s=96&d=mm&r=g","contentUrl":"https:\/\/secure.gravatar.com\/avatar\/2172498d4914b51e1d89a0f97957b035ac4938723a5cac208135d389b6972a6d?s=96&d=mm&r=g","caption":"teste"},"url":"https:\/\/blogdofarnesio.com.br\/?author=3"}]}},"_links":{"self":[{"href":"https:\/\/blogdofarnesio.com.br\/index.php?rest_route=\/wp\/v2\/posts\/63975","targetHints":{"allow":["GET"]}}],"collection":[{"href":"https:\/\/blogdofarnesio.com.br\/index.php?rest_route=\/wp\/v2\/posts"}],"about":[{"href":"https:\/\/blogdofarnesio.com.br\/index.php?rest_route=\/wp\/v2\/types\/post"}],"author":[{"embeddable":true,"href":"https:\/\/blogdofarnesio.com.br\/index.php?rest_route=\/wp\/v2\/users\/3"}],"replies":[{"embeddable":true,"href":"https:\/\/blogdofarnesio.com.br\/index.php?rest_route=%2Fwp%2Fv2%2Fcomments&post=63975"}],"version-history":[{"count":0,"href":"https:\/\/blogdofarnesio.com.br\/index.php?rest_route=\/wp\/v2\/posts\/63975\/revisions"}],"wp:attachment":[{"href":"https:\/\/blogdofarnesio.com.br\/index.php?rest_route=%2Fwp%2Fv2%2Fmedia&parent=63975"}],"wp:term":[{"taxonomy":"category","embeddable":true,"href":"https:\/\/blogdofarnesio.com.br\/index.php?rest_route=%2Fwp%2Fv2%2Fcategories&post=63975"},{"taxonomy":"post_tag","embeddable":true,"href":"https:\/\/blogdofarnesio.com.br\/index.php?rest_route=%2Fwp%2Fv2%2Ftags&post=63975"}],"curies":[{"name":"wp","href":"https:\/\/api.w.org\/{rel}","templated":true}]}}