{"id":63950,"date":"2013-11-16T08:30:34","date_gmt":"2013-11-16T11:30:34","guid":{"rendered":"http:\/\/www.quersaberpolitica.com.br\/?p=63950"},"modified":"2013-11-15T15:20:26","modified_gmt":"2013-11-15T18:20:26","slug":"novo-presidente-do-pt-em-salvador-abre-o-verbo-contra-vereadores-do-partido","status":"publish","type":"post","link":"https:\/\/blogdofarnesio.com.br\/?p=63950","title":{"rendered":"NOVO PRESIDENTE DO PT EM SALVADOR, &#8220;ABRE O VERBO&#8221; CONTRA VEREADORES DO PARTIDO"},"content":{"rendered":"<div style=\"text-align: justify\"><img decoding=\"async\" class=\"alignleft\" alt=\"Presidente eleito do PT chama bancada de vereadores do partido de \u2018anomalia\u2019\" src=\"http:\/\/www.bahianoticias.com.br\/fotos\/principal_noticias\/146554\/xIMAGEM_NOTICIA_5.jpg.pagespeed.ic.1qtFwMtqOD.jpg\" \/><strong>BN<\/strong>-Eleito h\u00e1 menos de uma semana para a presid\u00eancia do PT da capital baiana, cargo que assume em janeiro, Edson Valadares, j\u00e1 partiu para o ataque contra o grupo de sete vereadores do partido na C\u00e2mara Municipal, que classificou como uma \u201canomalia organizativa\u201d.<\/div>\n<div style=\"text-align: justify\"><\/div>\n<div style=\"text-align: justify\">\u201cUma bancada tem de ter planos, metas, objetivos comuns, um sistema de coopera\u00e7\u00e3o, reuni\u00f5es ordin\u00e1rias, elabora\u00e7\u00e3o de projetos coletivos, fiscaliza\u00e7\u00e3o do executivo, interven\u00e7\u00e3o articulada no plen\u00e1rio, portanto, uma a\u00e7\u00e3o potencializada dos vereadores e o fortalecimento do discurso do partido\u201d, justificou o petista em nota.<\/div>\n<div style=\"text-align: justify\"><\/div>\n<div style=\"text-align: justify\">Na atual legislatura, alguns atos de vereadores do partido foram alvo de cr\u00edticas de correligion\u00e1rios, incluindo o l\u00edder da bancada de oposi\u00e7\u00e3o, Gilmar Santiago (PT). Entre as situa\u00e7\u00f5es, as alfinetadas do petista Luiz Carlos Su\u00edca, que j\u00e1 participou da ocupa\u00e7\u00e3o de um pr\u00e9dio do governo estadual (ver\u00a0<a href=\"http:\/\/www.bahianoticias.com.br\/principal\/noticia\/136191-petista-organiza-e-lidera-protesto-contra-governo-wagner.html\" target=\"_blank\">aqui<\/a>), criticou a seguran\u00e7a estadual (ver\u00a0<a href=\"http:\/\/www.bahianoticias.com.br\/principal\/noticia\/144720-vereador-petista-volta-a-criticar-ssp-apos-morte-de-sobrinha-de-leo-kret.html\" target=\"_blank\">aqui<\/a>) disparou contra colegas (ver\u00a0<a href=\"http:\/\/www.bahianoticias.com.br\/principal\/noticia\/137947-petista-critica-orientacao-de-pelegrino-contra-reforma-tributaria-039-nao-sou-liderado-por-nelson-03.html\" target=\"_blank\">aqui<\/a>), foi a um evento de advers\u00e1rios (ver\u00a0<a href=\"http:\/\/www.bahianoticias.com.br\/principal\/noticia\/144590-com-amigos-no-pmdb-petista-comparece-a-festa-da-oposicao-qual-e-o-problema-039.html\" target=\"_blank\">aqui<\/a>) e at\u00e9 classificou os condenados no mensal\u00e3o como \u201c<a href=\"http:\/\/www.bahianoticias.com.br\/principal\/noticia\/143846-mensalao-petista-considera-nova-chance-para-dirceu-e-companhia-uma-vergonha.html\" target=\"_blank\">uma vergonha<\/a>\u201d para o Partido dos Trabalhadores.<\/div>\n<div style=\"text-align: justify\"><\/div>\n<div style=\"text-align: justify\">Outro que recebeu cr\u00edticas do PT foi o vereador Henrique Carballal, acusado de costurar um acordo com o prefeito ACM Neto (DEM) (ver<a href=\"http:\/\/www.bahianoticias.com.br\/principal\/noticia\/143854-para-conseguir-aprovacao-acm-neto-muda-projeto-do-iptu-a-pedido-de-petistas.html\" target=\"_blank\">aqui<\/a>), justamente um dos maiores advers\u00e1rios do PT. Segundo Valadares, a bancada deveria ter a \u201csintonia de uma constela\u00e7\u00e3o de estrelas e n\u00e3o a dispers\u00e3o de um grupo de astros individualizados\u201d.<\/div>\n<div style=\"text-align: justify\"><\/div>\n<div style=\"text-align: justify\">O novo presidente soteropolitano da sigla afirma que \u201cser\u00e1 feito um acordo com os sete vereadores eleitos para definir a metodologia de implanta\u00e7\u00e3o desta estrutura que \u00e9 uma cultura partid\u00e1ria e funciona na Assembleia Legislativa e na C\u00e2mara de Deputados, sem engessar as caracter\u00edsticas dos mandatos\u201d.\u00a0A bancada do PT na C\u00e2mara \u00e9 comandada por Mois\u00e9s Rocha.<\/div>\n","protected":false},"excerpt":{"rendered":"<p>BN-Eleito h\u00e1 menos de uma semana para a presid\u00eancia do PT da capital baiana, cargo que assume em janeiro, Edson Valadares, j\u00e1 partiu para o ataque contra o grupo de sete vereadores do partido na C\u00e2mara Municipal, que classificou como uma \u201canomalia organizativa\u201d. \u201cUma bancada tem de ter planos, metas, objetivos comuns, um sistema de coopera\u00e7\u00e3o, reuni\u00f5es ordin\u00e1rias, elabora\u00e7\u00e3o de projetos coletivos, fiscaliza\u00e7\u00e3o do executivo, interven\u00e7\u00e3o articulada no plen\u00e1rio, portanto, uma a\u00e7\u00e3o potencializada dos vereadores e o fortalecimento do discurso do partido\u201d, justificou o petista em nota. Na atual legislatura, alguns atos de vereadores do partido foram alvo de cr\u00edticas de correligion\u00e1rios, incluindo o l\u00edder da bancada de oposi\u00e7\u00e3o, Gilmar Santiago (PT). Entre as situa\u00e7\u00f5es, as alfinetadas do petista Luiz&hellip; <\/p>\n","protected":false},"author":3,"featured_media":0,"comment_status":"open","ping_status":"open","sticky":false,"template":"","format":"standard","meta":{"_acf_changed":false,"footnotes":""},"categories":[1],"tags":[],"class_list":["post-63950","post","type-post","status-publish","format-standard","hentry","category-politica"],"acf":[],"yoast_head":"<!-- This site is optimized with the Yoast SEO plugin v27.4 - https:\/\/yoast.com\/product\/yoast-seo-wordpress\/ -->\n<title>NOVO PRESIDENTE DO PT EM SALVADOR, &quot;ABRE O VERBO&quot; CONTRA VEREADORES DO PARTIDO  - Blog do Farn\u00e9sio<\/title>\n<meta name=\"robots\" content=\"index, follow, max-snippet:-1, max-image-preview:large, max-video-preview:-1\" \/>\n<link rel=\"canonical\" href=\"https:\/\/blogdofarnesio.com.br\/?p=63950\" \/>\n<meta property=\"og:locale\" content=\"pt_BR\" \/>\n<meta property=\"og:type\" content=\"article\" \/>\n<meta property=\"og:title\" content=\"NOVO PRESIDENTE DO PT EM SALVADOR, &quot;ABRE O VERBO&quot; CONTRA VEREADORES DO PARTIDO  - Blog do Farn\u00e9sio\" \/>\n<meta property=\"og:description\" content=\"BN-Eleito h\u00e1 menos de uma semana para a presid\u00eancia do PT da capital baiana, cargo que assume em janeiro, Edson Valadares, j\u00e1 partiu para o ataque contra o grupo de sete vereadores do partido na C\u00e2mara Municipal, que classificou como uma \u201canomalia organizativa\u201d. \u201cUma bancada tem de ter planos, metas, objetivos comuns, um sistema de coopera\u00e7\u00e3o, reuni\u00f5es ordin\u00e1rias, elabora\u00e7\u00e3o de projetos coletivos, fiscaliza\u00e7\u00e3o do executivo, interven\u00e7\u00e3o articulada no plen\u00e1rio, portanto, uma a\u00e7\u00e3o potencializada dos vereadores e o fortalecimento do discurso do partido\u201d, justificou o petista em nota. Na atual legislatura, alguns atos de vereadores do partido foram alvo de cr\u00edticas de correligion\u00e1rios, incluindo o l\u00edder da bancada de oposi\u00e7\u00e3o, Gilmar Santiago (PT). Entre as situa\u00e7\u00f5es, as alfinetadas do petista Luiz&hellip;\" \/>\n<meta property=\"og:url\" content=\"https:\/\/blogdofarnesio.com.br\/?p=63950\" \/>\n<meta property=\"og:site_name\" content=\"Blog do Farn\u00e9sio\" \/>\n<meta property=\"article:publisher\" content=\"https:\/\/www.facebook.com\/BlogQuerSaberPolitica\/\" \/>\n<meta property=\"article:published_time\" content=\"2013-11-16T11:30:34+00:00\" \/>\n<meta property=\"og:image\" content=\"http:\/\/www.bahianoticias.com.br\/fotos\/principal_noticias\/146554\/xIMAGEM_NOTICIA_5.jpg.pagespeed.ic.1qtFwMtqOD.jpg\" \/>\n<meta name=\"author\" content=\"teste\" \/>\n<meta name=\"twitter:card\" content=\"summary_large_image\" \/>\n<meta name=\"twitter:label1\" content=\"Escrito por\" \/>\n\t<meta name=\"twitter:data1\" content=\"teste\" \/>\n\t<meta name=\"twitter:label2\" content=\"Est. tempo de leitura\" \/>\n\t<meta name=\"twitter:data2\" content=\"2 minutos\" \/>\n<script type=\"application\/ld+json\" class=\"yoast-schema-graph\">{\"@context\":\"https:\\\/\\\/schema.org\",\"@graph\":[{\"@type\":\"Article\",\"@id\":\"https:\\\/\\\/blogdofarnesio.com.br\\\/?p=63950#article\",\"isPartOf\":{\"@id\":\"https:\\\/\\\/blogdofarnesio.com.br\\\/?p=63950\"},\"author\":{\"name\":\"teste\",\"@id\":\"https:\\\/\\\/blogdofarnesio.com.br\\\/#\\\/schema\\\/person\\\/dd1bf5eba40b687199ba45ca6b97dff9\"},\"headline\":\"NOVO PRESIDENTE DO PT EM SALVADOR, &#8220;ABRE O VERBO&#8221; CONTRA VEREADORES DO PARTIDO\",\"datePublished\":\"2013-11-16T11:30:34+00:00\",\"mainEntityOfPage\":{\"@id\":\"https:\\\/\\\/blogdofarnesio.com.br\\\/?p=63950\"},\"wordCount\":322,\"commentCount\":0,\"publisher\":{\"@id\":\"https:\\\/\\\/blogdofarnesio.com.br\\\/#organization\"},\"image\":{\"@id\":\"https:\\\/\\\/blogdofarnesio.com.br\\\/?p=63950#primaryimage\"},\"thumbnailUrl\":\"http:\\\/\\\/www.bahianoticias.com.br\\\/fotos\\\/principal_noticias\\\/146554\\\/xIMAGEM_NOTICIA_5.jpg.pagespeed.ic.1qtFwMtqOD.jpg\",\"articleSection\":[\"Pol\u00edtica\"],\"inLanguage\":\"pt-BR\",\"potentialAction\":[{\"@type\":\"CommentAction\",\"name\":\"Comment\",\"target\":[\"https:\\\/\\\/blogdofarnesio.com.br\\\/?p=63950#respond\"]}]},{\"@type\":\"WebPage\",\"@id\":\"https:\\\/\\\/blogdofarnesio.com.br\\\/?p=63950\",\"url\":\"https:\\\/\\\/blogdofarnesio.com.br\\\/?p=63950\",\"name\":\"NOVO PRESIDENTE DO PT EM SALVADOR, \\\"ABRE O VERBO\\\" CONTRA VEREADORES DO PARTIDO - Blog do Farn\u00e9sio\",\"isPartOf\":{\"@id\":\"https:\\\/\\\/blogdofarnesio.com.br\\\/#website\"},\"primaryImageOfPage\":{\"@id\":\"https:\\\/\\\/blogdofarnesio.com.br\\\/?p=63950#primaryimage\"},\"image\":{\"@id\":\"https:\\\/\\\/blogdofarnesio.com.br\\\/?p=63950#primaryimage\"},\"thumbnailUrl\":\"http:\\\/\\\/www.bahianoticias.com.br\\\/fotos\\\/principal_noticias\\\/146554\\\/xIMAGEM_NOTICIA_5.jpg.pagespeed.ic.1qtFwMtqOD.jpg\",\"datePublished\":\"2013-11-16T11:30:34+00:00\",\"breadcrumb\":{\"@id\":\"https:\\\/\\\/blogdofarnesio.com.br\\\/?p=63950#breadcrumb\"},\"inLanguage\":\"pt-BR\",\"potentialAction\":[{\"@type\":\"ReadAction\",\"target\":[\"https:\\\/\\\/blogdofarnesio.com.br\\\/?p=63950\"]}]},{\"@type\":\"ImageObject\",\"inLanguage\":\"pt-BR\",\"@id\":\"https:\\\/\\\/blogdofarnesio.com.br\\\/?p=63950#primaryimage\",\"url\":\"http:\\\/\\\/www.bahianoticias.com.br\\\/fotos\\\/principal_noticias\\\/146554\\\/xIMAGEM_NOTICIA_5.jpg.pagespeed.ic.1qtFwMtqOD.jpg\",\"contentUrl\":\"http:\\\/\\\/www.bahianoticias.com.br\\\/fotos\\\/principal_noticias\\\/146554\\\/xIMAGEM_NOTICIA_5.jpg.pagespeed.ic.1qtFwMtqOD.jpg\"},{\"@type\":\"BreadcrumbList\",\"@id\":\"https:\\\/\\\/blogdofarnesio.com.br\\\/?p=63950#breadcrumb\",\"itemListElement\":[{\"@type\":\"ListItem\",\"position\":1,\"name\":\"In\u00edcio\",\"item\":\"https:\\\/\\\/blogdofarnesio.com.br\\\/\"},{\"@type\":\"ListItem\",\"position\":2,\"name\":\"NOVO PRESIDENTE DO PT EM SALVADOR, &#8220;ABRE O VERBO&#8221; CONTRA VEREADORES DO PARTIDO\"}]},{\"@type\":\"WebSite\",\"@id\":\"https:\\\/\\\/blogdofarnesio.com.br\\\/#website\",\"url\":\"https:\\\/\\\/blogdofarnesio.com.br\\\/\",\"name\":\"Blog do Farn\u00e9sio\",\"description\":\"Quer Saber Pol\u00edtica?\",\"publisher\":{\"@id\":\"https:\\\/\\\/blogdofarnesio.com.br\\\/#organization\"},\"potentialAction\":[{\"@type\":\"SearchAction\",\"target\":{\"@type\":\"EntryPoint\",\"urlTemplate\":\"https:\\\/\\\/blogdofarnesio.com.br\\\/?s={search_term_string}\"},\"query-input\":{\"@type\":\"PropertyValueSpecification\",\"valueRequired\":true,\"valueName\":\"search_term_string\"}}],\"inLanguage\":\"pt-BR\"},{\"@type\":\"Organization\",\"@id\":\"https:\\\/\\\/blogdofarnesio.com.br\\\/#organization\",\"name\":\"Blog do Farn\u00e9sio\",\"url\":\"https:\\\/\\\/blogdofarnesio.com.br\\\/\",\"logo\":{\"@type\":\"ImageObject\",\"inLanguage\":\"pt-BR\",\"@id\":\"https:\\\/\\\/blogdofarnesio.com.br\\\/#\\\/schema\\\/logo\\\/image\\\/\",\"url\":\"https:\\\/\\\/blogdofarnesio.com.br\\\/wp-content\\\/uploads\\\/2026\\\/03\\\/cropped-logo_new-1.png\",\"contentUrl\":\"https:\\\/\\\/blogdofarnesio.com.br\\\/wp-content\\\/uploads\\\/2026\\\/03\\\/cropped-logo_new-1.png\",\"width\":881,\"height\":685,\"caption\":\"Blog do Farn\u00e9sio\"},\"image\":{\"@id\":\"https:\\\/\\\/blogdofarnesio.com.br\\\/#\\\/schema\\\/logo\\\/image\\\/\"},\"sameAs\":[\"https:\\\/\\\/www.facebook.com\\\/BlogQuerSaberPolitica\\\/\"]},{\"@type\":\"Person\",\"@id\":\"https:\\\/\\\/blogdofarnesio.com.br\\\/#\\\/schema\\\/person\\\/dd1bf5eba40b687199ba45ca6b97dff9\",\"name\":\"teste\",\"image\":{\"@type\":\"ImageObject\",\"inLanguage\":\"pt-BR\",\"@id\":\"https:\\\/\\\/secure.gravatar.com\\\/avatar\\\/2172498d4914b51e1d89a0f97957b035ac4938723a5cac208135d389b6972a6d?s=96&d=mm&r=g\",\"url\":\"https:\\\/\\\/secure.gravatar.com\\\/avatar\\\/2172498d4914b51e1d89a0f97957b035ac4938723a5cac208135d389b6972a6d?s=96&d=mm&r=g\",\"contentUrl\":\"https:\\\/\\\/secure.gravatar.com\\\/avatar\\\/2172498d4914b51e1d89a0f97957b035ac4938723a5cac208135d389b6972a6d?s=96&d=mm&r=g\",\"caption\":\"teste\"},\"url\":\"https:\\\/\\\/blogdofarnesio.com.br\\\/?author=3\"}]}<\/script>\n<!-- \/ Yoast SEO plugin. -->","yoast_head_json":{"title":"NOVO PRESIDENTE DO PT EM SALVADOR, \"ABRE O VERBO\" CONTRA VEREADORES DO PARTIDO  - Blog do Farn\u00e9sio","robots":{"index":"index","follow":"follow","max-snippet":"max-snippet:-1","max-image-preview":"max-image-preview:large","max-video-preview":"max-video-preview:-1"},"canonical":"https:\/\/blogdofarnesio.com.br\/?p=63950","og_locale":"pt_BR","og_type":"article","og_title":"NOVO PRESIDENTE DO PT EM SALVADOR, \"ABRE O VERBO\" CONTRA VEREADORES DO PARTIDO  - Blog do Farn\u00e9sio","og_description":"BN-Eleito h\u00e1 menos de uma semana para a presid\u00eancia do PT da capital baiana, cargo que assume em janeiro, Edson Valadares, j\u00e1 partiu para o ataque contra o grupo de sete vereadores do partido na C\u00e2mara Municipal, que classificou como uma \u201canomalia organizativa\u201d. \u201cUma bancada tem de ter planos, metas, objetivos comuns, um sistema de coopera\u00e7\u00e3o, reuni\u00f5es ordin\u00e1rias, elabora\u00e7\u00e3o de projetos coletivos, fiscaliza\u00e7\u00e3o do executivo, interven\u00e7\u00e3o articulada no plen\u00e1rio, portanto, uma a\u00e7\u00e3o potencializada dos vereadores e o fortalecimento do discurso do partido\u201d, justificou o petista em nota. Na atual legislatura, alguns atos de vereadores do partido foram alvo de cr\u00edticas de correligion\u00e1rios, incluindo o l\u00edder da bancada de oposi\u00e7\u00e3o, Gilmar Santiago (PT). Entre as situa\u00e7\u00f5es, as alfinetadas do petista Luiz&hellip;","og_url":"https:\/\/blogdofarnesio.com.br\/?p=63950","og_site_name":"Blog do Farn\u00e9sio","article_publisher":"https:\/\/www.facebook.com\/BlogQuerSaberPolitica\/","article_published_time":"2013-11-16T11:30:34+00:00","og_image":[{"url":"http:\/\/www.bahianoticias.com.br\/fotos\/principal_noticias\/146554\/xIMAGEM_NOTICIA_5.jpg.pagespeed.ic.1qtFwMtqOD.jpg","type":"","width":"","height":""}],"author":"teste","twitter_card":"summary_large_image","twitter_misc":{"Escrito por":"teste","Est. tempo de leitura":"2 minutos"},"schema":{"@context":"https:\/\/schema.org","@graph":[{"@type":"Article","@id":"https:\/\/blogdofarnesio.com.br\/?p=63950#article","isPartOf":{"@id":"https:\/\/blogdofarnesio.com.br\/?p=63950"},"author":{"name":"teste","@id":"https:\/\/blogdofarnesio.com.br\/#\/schema\/person\/dd1bf5eba40b687199ba45ca6b97dff9"},"headline":"NOVO PRESIDENTE DO PT EM SALVADOR, &#8220;ABRE O VERBO&#8221; CONTRA VEREADORES DO PARTIDO","datePublished":"2013-11-16T11:30:34+00:00","mainEntityOfPage":{"@id":"https:\/\/blogdofarnesio.com.br\/?p=63950"},"wordCount":322,"commentCount":0,"publisher":{"@id":"https:\/\/blogdofarnesio.com.br\/#organization"},"image":{"@id":"https:\/\/blogdofarnesio.com.br\/?p=63950#primaryimage"},"thumbnailUrl":"http:\/\/www.bahianoticias.com.br\/fotos\/principal_noticias\/146554\/xIMAGEM_NOTICIA_5.jpg.pagespeed.ic.1qtFwMtqOD.jpg","articleSection":["Pol\u00edtica"],"inLanguage":"pt-BR","potentialAction":[{"@type":"CommentAction","name":"Comment","target":["https:\/\/blogdofarnesio.com.br\/?p=63950#respond"]}]},{"@type":"WebPage","@id":"https:\/\/blogdofarnesio.com.br\/?p=63950","url":"https:\/\/blogdofarnesio.com.br\/?p=63950","name":"NOVO PRESIDENTE DO PT EM SALVADOR, \"ABRE O VERBO\" CONTRA VEREADORES DO PARTIDO - Blog do Farn\u00e9sio","isPartOf":{"@id":"https:\/\/blogdofarnesio.com.br\/#website"},"primaryImageOfPage":{"@id":"https:\/\/blogdofarnesio.com.br\/?p=63950#primaryimage"},"image":{"@id":"https:\/\/blogdofarnesio.com.br\/?p=63950#primaryimage"},"thumbnailUrl":"http:\/\/www.bahianoticias.com.br\/fotos\/principal_noticias\/146554\/xIMAGEM_NOTICIA_5.jpg.pagespeed.ic.1qtFwMtqOD.jpg","datePublished":"2013-11-16T11:30:34+00:00","breadcrumb":{"@id":"https:\/\/blogdofarnesio.com.br\/?p=63950#breadcrumb"},"inLanguage":"pt-BR","potentialAction":[{"@type":"ReadAction","target":["https:\/\/blogdofarnesio.com.br\/?p=63950"]}]},{"@type":"ImageObject","inLanguage":"pt-BR","@id":"https:\/\/blogdofarnesio.com.br\/?p=63950#primaryimage","url":"http:\/\/www.bahianoticias.com.br\/fotos\/principal_noticias\/146554\/xIMAGEM_NOTICIA_5.jpg.pagespeed.ic.1qtFwMtqOD.jpg","contentUrl":"http:\/\/www.bahianoticias.com.br\/fotos\/principal_noticias\/146554\/xIMAGEM_NOTICIA_5.jpg.pagespeed.ic.1qtFwMtqOD.jpg"},{"@type":"BreadcrumbList","@id":"https:\/\/blogdofarnesio.com.br\/?p=63950#breadcrumb","itemListElement":[{"@type":"ListItem","position":1,"name":"In\u00edcio","item":"https:\/\/blogdofarnesio.com.br\/"},{"@type":"ListItem","position":2,"name":"NOVO PRESIDENTE DO PT EM SALVADOR, &#8220;ABRE O VERBO&#8221; CONTRA VEREADORES DO PARTIDO"}]},{"@type":"WebSite","@id":"https:\/\/blogdofarnesio.com.br\/#website","url":"https:\/\/blogdofarnesio.com.br\/","name":"Blog do Farn\u00e9sio","description":"Quer Saber Pol\u00edtica?","publisher":{"@id":"https:\/\/blogdofarnesio.com.br\/#organization"},"potentialAction":[{"@type":"SearchAction","target":{"@type":"EntryPoint","urlTemplate":"https:\/\/blogdofarnesio.com.br\/?s={search_term_string}"},"query-input":{"@type":"PropertyValueSpecification","valueRequired":true,"valueName":"search_term_string"}}],"inLanguage":"pt-BR"},{"@type":"Organization","@id":"https:\/\/blogdofarnesio.com.br\/#organization","name":"Blog do Farn\u00e9sio","url":"https:\/\/blogdofarnesio.com.br\/","logo":{"@type":"ImageObject","inLanguage":"pt-BR","@id":"https:\/\/blogdofarnesio.com.br\/#\/schema\/logo\/image\/","url":"https:\/\/blogdofarnesio.com.br\/wp-content\/uploads\/2026\/03\/cropped-logo_new-1.png","contentUrl":"https:\/\/blogdofarnesio.com.br\/wp-content\/uploads\/2026\/03\/cropped-logo_new-1.png","width":881,"height":685,"caption":"Blog do Farn\u00e9sio"},"image":{"@id":"https:\/\/blogdofarnesio.com.br\/#\/schema\/logo\/image\/"},"sameAs":["https:\/\/www.facebook.com\/BlogQuerSaberPolitica\/"]},{"@type":"Person","@id":"https:\/\/blogdofarnesio.com.br\/#\/schema\/person\/dd1bf5eba40b687199ba45ca6b97dff9","name":"teste","image":{"@type":"ImageObject","inLanguage":"pt-BR","@id":"https:\/\/secure.gravatar.com\/avatar\/2172498d4914b51e1d89a0f97957b035ac4938723a5cac208135d389b6972a6d?s=96&d=mm&r=g","url":"https:\/\/secure.gravatar.com\/avatar\/2172498d4914b51e1d89a0f97957b035ac4938723a5cac208135d389b6972a6d?s=96&d=mm&r=g","contentUrl":"https:\/\/secure.gravatar.com\/avatar\/2172498d4914b51e1d89a0f97957b035ac4938723a5cac208135d389b6972a6d?s=96&d=mm&r=g","caption":"teste"},"url":"https:\/\/blogdofarnesio.com.br\/?author=3"}]}},"_links":{"self":[{"href":"https:\/\/blogdofarnesio.com.br\/index.php?rest_route=\/wp\/v2\/posts\/63950","targetHints":{"allow":["GET"]}}],"collection":[{"href":"https:\/\/blogdofarnesio.com.br\/index.php?rest_route=\/wp\/v2\/posts"}],"about":[{"href":"https:\/\/blogdofarnesio.com.br\/index.php?rest_route=\/wp\/v2\/types\/post"}],"author":[{"embeddable":true,"href":"https:\/\/blogdofarnesio.com.br\/index.php?rest_route=\/wp\/v2\/users\/3"}],"replies":[{"embeddable":true,"href":"https:\/\/blogdofarnesio.com.br\/index.php?rest_route=%2Fwp%2Fv2%2Fcomments&post=63950"}],"version-history":[{"count":0,"href":"https:\/\/blogdofarnesio.com.br\/index.php?rest_route=\/wp\/v2\/posts\/63950\/revisions"}],"wp:attachment":[{"href":"https:\/\/blogdofarnesio.com.br\/index.php?rest_route=%2Fwp%2Fv2%2Fmedia&parent=63950"}],"wp:term":[{"taxonomy":"category","embeddable":true,"href":"https:\/\/blogdofarnesio.com.br\/index.php?rest_route=%2Fwp%2Fv2%2Fcategories&post=63950"},{"taxonomy":"post_tag","embeddable":true,"href":"https:\/\/blogdofarnesio.com.br\/index.php?rest_route=%2Fwp%2Fv2%2Ftags&post=63950"}],"curies":[{"name":"wp","href":"https:\/\/api.w.org\/{rel}","templated":true}]}}