{"id":6392,"date":"2011-09-06T16:30:50","date_gmt":"2011-09-06T16:30:50","guid":{"rendered":"http:\/\/www.quersaberpolitica.com.br?p=6392"},"modified":"2011-09-06T14:15:56","modified_gmt":"2011-09-06T14:15:56","slug":"salitre-popular-defende-criacao-de-comissao-para-pressionar-acoes-da-codevasf","status":"publish","type":"post","link":"https:\/\/blogdofarnesio.com.br\/?p=6392","title":{"rendered":"Salitre: Popular defende cria\u00e7\u00e3o de Comiss\u00e3o para pressionar a\u00e7\u00f5es da Codevasf"},"content":{"rendered":"<p><span><a rel=\"lightbox\" href=\"http:\/\/www.quersaberpolitica.com.br\/2016\/wp-content\/uploads\/2012\/12\/blogqspsalitrecomissao.jpg\"><img loading=\"lazy\" decoding=\"async\" style=\"float: left; margin-top: 5px; margin-bottom: 5px; margin-left: 10px; margin-right: 10px;\" src=\"http:\/\/www.quersaberpolitica.com.br\/2016\/wp-content\/uploads\/2012\/12\/blogqspsalitrecomissao.jpg\" alt=\"\" width=\"200\" height=\"150\" \/><\/a><\/span><\/p>\n<p style=\"text-align: justify;\"><span style=\"font-size: small;\"><span style=\"font-family: arial,helvetica,sans-serif;\">No &uacute;ltimo domingo  (04), a Comiss&atilde;o da Pr&oacute;-emancipa&ccedil;&atilde;o Salitre se reuniu na Comunidade  Campo dos Cavalos  com o objetivo de discutir a cria&ccedil;&atilde;o de Comit&ecirc; para  envidar esfor&ccedil;os em busca de a&ccedil;&otilde;es junto a Codevasf para o local. Obras,  que segundo Ant&ocirc;nio Carlos Chaves, precisam abrandar a falta de &aacute;gua na  regi&atilde;o e fortalecer a economia local.      <br \/>Estiveram no encontro,  representantes das 26 associa&ccedil;&otilde;es comunit&aacute;rias do entorno, al&eacute;m dos  componentes da Comiss&atilde;o, Antonio Chaves, Davi Lima, representante da  Comiss&atilde;o de Emancipa&ccedil;&atilde;o de Munic&iacute;pios do Norte da Bahia, Antonio  Cursino, do radialista Walterm&aacute;rio Pimentel, do presidente da Comiss&atilde;o  Pr&oacute;-emancipa&ccedil;&atilde;o, Geronilson Pereira, mais conhecido como Zeca, e do  ex-superintendente da Codevasf em Juazeiro, Wilson Matos, que exp&ocirc;s na  oitava reuni&atilde;o da localidade, a import&acirc;ncia do funcion&aacute;rio da Codevasf,  Antonio Carlos Chaves para a defini&ccedil;&atilde;o de elabora&ccedil;&atilde;o de  Projetos,  inclusive, das Adutoras saindo do Canal Principal do Projeto Salitre  para parte da pereniza&ccedil;&atilde;o do Rio. Matos salientou que &#8220;Vale do Salitre  h&aacute; viabilidade econ&ocirc;mica e que, a regi&atilde;o t&ecirc;m condi&ccedil;&otilde;es de gerar receita  pr&oacute;pria&#8221;, disse. <br \/>Zeca lamentou tanta riqueza mal aproveitada, e  frisou que &#8220;o Salitre apesar de rico em min&eacute;rio &eacute; pobre de investimentos  e o povo morre de sede&#8221;. O Comunit&aacute;rio pediu solu&ccedil;&otilde;es para a  pereniza&ccedil;&atilde;o do Rio Salitre, principal gargalo das comunidades. &#8220;Os  canais de irriga&ccedil;&atilde;o s&oacute; atendem o grande projeto Salitre, que apesar de  ter 5 mil hectares irrigados, com 256 lotes, tem somente  60 em  atividade e n&oacute;s aqui continuamos sem &aacute;gua desde 1984, quando o rio  come&ccedil;ou a secar&#8221;, reclamou.  Em &eacute;pocas de seca, os salitreiros chegam a  pagar R$ 150 por uma carrada de &aacute;gua.   <br \/>Na oportunidade, Cursino  apresentou um estudo atestando que no Campo dos Cavalos est&aacute; a maior  concentra&ccedil;&atilde;o de ouro do Vale do Salitre, e estudos que estudos j&aacute;  comprovaram as presen&ccedil;as de outros minerais como diamante, pirita,  ametistas, pedras preciosas, cristais, entre outras pedras ornamentais  como ard&oacute;sias, m&aacute;rmores, granito e at&eacute; a exist&ecirc;ncia de amianto, que tem a  extra&ccedil;&atilde;o proibida por causar dano &agrave; sa&uacute;de [produto cancer&iacute;geno].<br \/>O pr&oacute;ximo encontro est&aacute; marcado para acontecer no pr&oacute;ximo domingo (11).<br \/><\/span><\/span><\/p>\n<p style=\"text-align: justify;\"><strong><span style=\"font-size: small;\"><span style=\"font-family: arial,helvetica,sans-serif;\">Texto e Fotos M&ocirc;nia Ramos<\/span><\/span><\/strong><\/p>\n<p style=\"text-align: justify;\"><span style=\"font-size: small;\"><span style=\"font-family: arial,helvetica,sans-serif;\"><br \/><\/span><\/span><\/p>\n","protected":false},"excerpt":{"rendered":"<p>No &uacute;ltimo domingo (04), a Comiss&atilde;o da Pr&oacute;-emancipa&ccedil;&atilde;o Salitre se reuniu na Comunidade Campo dos Cavalos com o objetivo de discutir a cria&ccedil;&atilde;o de Comit&ecirc; para envidar esfor&ccedil;os em busca de a&ccedil;&otilde;es junto a Codevasf para o local. Obras, que segundo Ant&ocirc;nio Carlos Chaves, precisam abrandar a falta de &aacute;gua na regi&atilde;o e fortalecer a economia local. Estiveram no encontro, representantes das 26 associa&ccedil;&otilde;es comunit&aacute;rias do entorno, al&eacute;m dos componentes da Comiss&atilde;o, Antonio Chaves, Davi Lima, representante da Comiss&atilde;o de Emancipa&ccedil;&atilde;o de Munic&iacute;pios do Norte da Bahia, Antonio Cursino, do radialista Walterm&aacute;rio Pimentel, do presidente da Comiss&atilde;o Pr&oacute;-emancipa&ccedil;&atilde;o, Geronilson Pereira, mais conhecido como Zeca, e do ex-superintendente da Codevasf em Juazeiro, Wilson Matos, que exp&ocirc;s na oitava reuni&atilde;o da localidade,&hellip; <\/p>\n","protected":false},"author":0,"featured_media":0,"comment_status":"open","ping_status":"open","sticky":false,"template":"","format":"standard","meta":{"_acf_changed":false,"footnotes":""},"categories":[13],"tags":[],"class_list":["post-6392","post","type-post","status-publish","format-standard","hentry","category-fruticultura"],"acf":[],"yoast_head":"<!-- This site is optimized with the Yoast SEO plugin v27.4 - https:\/\/yoast.com\/product\/yoast-seo-wordpress\/ -->\n<title>Salitre: Popular defende cria\u00e7\u00e3o de Comiss\u00e3o para pressionar a\u00e7\u00f5es da Codevasf  - Blog do Farn\u00e9sio<\/title>\n<meta name=\"robots\" content=\"index, follow, max-snippet:-1, max-image-preview:large, max-video-preview:-1\" \/>\n<link rel=\"canonical\" href=\"https:\/\/blogdofarnesio.com.br\/?p=6392\" \/>\n<meta property=\"og:locale\" content=\"pt_BR\" \/>\n<meta property=\"og:type\" content=\"article\" \/>\n<meta property=\"og:title\" content=\"Salitre: Popular defende cria\u00e7\u00e3o de Comiss\u00e3o para pressionar a\u00e7\u00f5es da Codevasf  - Blog do Farn\u00e9sio\" \/>\n<meta property=\"og:description\" content=\"No &uacute;ltimo domingo (04), a Comiss&atilde;o da Pr&oacute;-emancipa&ccedil;&atilde;o Salitre se reuniu na Comunidade Campo dos Cavalos com o objetivo de discutir a cria&ccedil;&atilde;o de Comit&ecirc; para envidar esfor&ccedil;os em busca de a&ccedil;&otilde;es junto a Codevasf para o local. Obras, que segundo Ant&ocirc;nio Carlos Chaves, precisam abrandar a falta de &aacute;gua na regi&atilde;o e fortalecer a economia local. Estiveram no encontro, representantes das 26 associa&ccedil;&otilde;es comunit&aacute;rias do entorno, al&eacute;m dos componentes da Comiss&atilde;o, Antonio Chaves, Davi Lima, representante da Comiss&atilde;o de Emancipa&ccedil;&atilde;o de Munic&iacute;pios do Norte da Bahia, Antonio Cursino, do radialista Walterm&aacute;rio Pimentel, do presidente da Comiss&atilde;o Pr&oacute;-emancipa&ccedil;&atilde;o, Geronilson Pereira, mais conhecido como Zeca, e do ex-superintendente da Codevasf em Juazeiro, Wilson Matos, que exp&ocirc;s na oitava reuni&atilde;o da localidade,&hellip;\" \/>\n<meta property=\"og:url\" content=\"https:\/\/blogdofarnesio.com.br\/?p=6392\" \/>\n<meta property=\"og:site_name\" content=\"Blog do Farn\u00e9sio\" \/>\n<meta property=\"article:publisher\" content=\"https:\/\/www.facebook.com\/BlogQuerSaberPolitica\/\" \/>\n<meta property=\"article:published_time\" content=\"2011-09-06T16:30:50+00:00\" \/>\n<meta property=\"og:image\" content=\"http:\/\/www.quersaberpolitica.com.br\/2016\/wp-content\/uploads\/2012\/12\/blogqspsalitrecomissao.jpg\" \/>\n<meta name=\"twitter:card\" content=\"summary_large_image\" \/>\n<meta name=\"twitter:label1\" content=\"Est. tempo de leitura\" \/>\n\t<meta name=\"twitter:data1\" content=\"2 minutos\" \/>\n<script type=\"application\/ld+json\" class=\"yoast-schema-graph\">{\"@context\":\"https:\\\/\\\/schema.org\",\"@graph\":[{\"@type\":\"Article\",\"@id\":\"https:\\\/\\\/blogdofarnesio.com.br\\\/?p=6392#article\",\"isPartOf\":{\"@id\":\"https:\\\/\\\/blogdofarnesio.com.br\\\/?p=6392\"},\"author\":{\"name\":\"\",\"@id\":\"\"},\"headline\":\"Salitre: Popular defende cria\u00e7\u00e3o de Comiss\u00e3o para pressionar a\u00e7\u00f5es da Codevasf\",\"datePublished\":\"2011-09-06T16:30:50+00:00\",\"mainEntityOfPage\":{\"@id\":\"https:\\\/\\\/blogdofarnesio.com.br\\\/?p=6392\"},\"wordCount\":482,\"commentCount\":0,\"publisher\":{\"@id\":\"https:\\\/\\\/blogdofarnesio.com.br\\\/#organization\"},\"image\":{\"@id\":\"https:\\\/\\\/blogdofarnesio.com.br\\\/?p=6392#primaryimage\"},\"thumbnailUrl\":\"http:\\\/\\\/www.quersaberpolitica.com.br\\\/2016\\\/wp-content\\\/uploads\\\/2012\\\/12\\\/blogqspsalitrecomissao.jpg\",\"articleSection\":[\"Fruticultura\"],\"inLanguage\":\"pt-BR\",\"potentialAction\":[{\"@type\":\"CommentAction\",\"name\":\"Comment\",\"target\":[\"https:\\\/\\\/blogdofarnesio.com.br\\\/?p=6392#respond\"]}]},{\"@type\":\"WebPage\",\"@id\":\"https:\\\/\\\/blogdofarnesio.com.br\\\/?p=6392\",\"url\":\"https:\\\/\\\/blogdofarnesio.com.br\\\/?p=6392\",\"name\":\"Salitre: Popular defende cria\u00e7\u00e3o de Comiss\u00e3o para pressionar a\u00e7\u00f5es da Codevasf - Blog do Farn\u00e9sio\",\"isPartOf\":{\"@id\":\"https:\\\/\\\/blogdofarnesio.com.br\\\/#website\"},\"primaryImageOfPage\":{\"@id\":\"https:\\\/\\\/blogdofarnesio.com.br\\\/?p=6392#primaryimage\"},\"image\":{\"@id\":\"https:\\\/\\\/blogdofarnesio.com.br\\\/?p=6392#primaryimage\"},\"thumbnailUrl\":\"http:\\\/\\\/www.quersaberpolitica.com.br\\\/2016\\\/wp-content\\\/uploads\\\/2012\\\/12\\\/blogqspsalitrecomissao.jpg\",\"datePublished\":\"2011-09-06T16:30:50+00:00\",\"breadcrumb\":{\"@id\":\"https:\\\/\\\/blogdofarnesio.com.br\\\/?p=6392#breadcrumb\"},\"inLanguage\":\"pt-BR\",\"potentialAction\":[{\"@type\":\"ReadAction\",\"target\":[\"https:\\\/\\\/blogdofarnesio.com.br\\\/?p=6392\"]}]},{\"@type\":\"ImageObject\",\"inLanguage\":\"pt-BR\",\"@id\":\"https:\\\/\\\/blogdofarnesio.com.br\\\/?p=6392#primaryimage\",\"url\":\"http:\\\/\\\/www.quersaberpolitica.com.br\\\/2016\\\/wp-content\\\/uploads\\\/2012\\\/12\\\/blogqspsalitrecomissao.jpg\",\"contentUrl\":\"http:\\\/\\\/www.quersaberpolitica.com.br\\\/2016\\\/wp-content\\\/uploads\\\/2012\\\/12\\\/blogqspsalitrecomissao.jpg\"},{\"@type\":\"BreadcrumbList\",\"@id\":\"https:\\\/\\\/blogdofarnesio.com.br\\\/?p=6392#breadcrumb\",\"itemListElement\":[{\"@type\":\"ListItem\",\"position\":1,\"name\":\"In\u00edcio\",\"item\":\"https:\\\/\\\/blogdofarnesio.com.br\\\/\"},{\"@type\":\"ListItem\",\"position\":2,\"name\":\"Salitre: Popular defende cria\u00e7\u00e3o de Comiss\u00e3o para pressionar a\u00e7\u00f5es da Codevasf\"}]},{\"@type\":\"WebSite\",\"@id\":\"https:\\\/\\\/blogdofarnesio.com.br\\\/#website\",\"url\":\"https:\\\/\\\/blogdofarnesio.com.br\\\/\",\"name\":\"Blog do Farn\u00e9sio\",\"description\":\"Quer Saber Pol\u00edtica?\",\"publisher\":{\"@id\":\"https:\\\/\\\/blogdofarnesio.com.br\\\/#organization\"},\"potentialAction\":[{\"@type\":\"SearchAction\",\"target\":{\"@type\":\"EntryPoint\",\"urlTemplate\":\"https:\\\/\\\/blogdofarnesio.com.br\\\/?s={search_term_string}\"},\"query-input\":{\"@type\":\"PropertyValueSpecification\",\"valueRequired\":true,\"valueName\":\"search_term_string\"}}],\"inLanguage\":\"pt-BR\"},{\"@type\":\"Organization\",\"@id\":\"https:\\\/\\\/blogdofarnesio.com.br\\\/#organization\",\"name\":\"Blog do Farn\u00e9sio\",\"url\":\"https:\\\/\\\/blogdofarnesio.com.br\\\/\",\"logo\":{\"@type\":\"ImageObject\",\"inLanguage\":\"pt-BR\",\"@id\":\"https:\\\/\\\/blogdofarnesio.com.br\\\/#\\\/schema\\\/logo\\\/image\\\/\",\"url\":\"https:\\\/\\\/blogdofarnesio.com.br\\\/wp-content\\\/uploads\\\/2026\\\/03\\\/cropped-logo_new-1.png\",\"contentUrl\":\"https:\\\/\\\/blogdofarnesio.com.br\\\/wp-content\\\/uploads\\\/2026\\\/03\\\/cropped-logo_new-1.png\",\"width\":881,\"height\":685,\"caption\":\"Blog do Farn\u00e9sio\"},\"image\":{\"@id\":\"https:\\\/\\\/blogdofarnesio.com.br\\\/#\\\/schema\\\/logo\\\/image\\\/\"},\"sameAs\":[\"https:\\\/\\\/www.facebook.com\\\/BlogQuerSaberPolitica\\\/\"]}]}<\/script>\n<!-- \/ Yoast SEO plugin. -->","yoast_head_json":{"title":"Salitre: Popular defende cria\u00e7\u00e3o de Comiss\u00e3o para pressionar a\u00e7\u00f5es da Codevasf  - Blog do Farn\u00e9sio","robots":{"index":"index","follow":"follow","max-snippet":"max-snippet:-1","max-image-preview":"max-image-preview:large","max-video-preview":"max-video-preview:-1"},"canonical":"https:\/\/blogdofarnesio.com.br\/?p=6392","og_locale":"pt_BR","og_type":"article","og_title":"Salitre: Popular defende cria\u00e7\u00e3o de Comiss\u00e3o para pressionar a\u00e7\u00f5es da Codevasf  - Blog do Farn\u00e9sio","og_description":"No &uacute;ltimo domingo (04), a Comiss&atilde;o da Pr&oacute;-emancipa&ccedil;&atilde;o Salitre se reuniu na Comunidade Campo dos Cavalos com o objetivo de discutir a cria&ccedil;&atilde;o de Comit&ecirc; para envidar esfor&ccedil;os em busca de a&ccedil;&otilde;es junto a Codevasf para o local. Obras, que segundo Ant&ocirc;nio Carlos Chaves, precisam abrandar a falta de &aacute;gua na regi&atilde;o e fortalecer a economia local. Estiveram no encontro, representantes das 26 associa&ccedil;&otilde;es comunit&aacute;rias do entorno, al&eacute;m dos componentes da Comiss&atilde;o, Antonio Chaves, Davi Lima, representante da Comiss&atilde;o de Emancipa&ccedil;&atilde;o de Munic&iacute;pios do Norte da Bahia, Antonio Cursino, do radialista Walterm&aacute;rio Pimentel, do presidente da Comiss&atilde;o Pr&oacute;-emancipa&ccedil;&atilde;o, Geronilson Pereira, mais conhecido como Zeca, e do ex-superintendente da Codevasf em Juazeiro, Wilson Matos, que exp&ocirc;s na oitava reuni&atilde;o da localidade,&hellip;","og_url":"https:\/\/blogdofarnesio.com.br\/?p=6392","og_site_name":"Blog do Farn\u00e9sio","article_publisher":"https:\/\/www.facebook.com\/BlogQuerSaberPolitica\/","article_published_time":"2011-09-06T16:30:50+00:00","og_image":[{"url":"http:\/\/www.quersaberpolitica.com.br\/2016\/wp-content\/uploads\/2012\/12\/blogqspsalitrecomissao.jpg","type":"","width":"","height":""}],"twitter_card":"summary_large_image","twitter_misc":{"Est. tempo de leitura":"2 minutos"},"schema":{"@context":"https:\/\/schema.org","@graph":[{"@type":"Article","@id":"https:\/\/blogdofarnesio.com.br\/?p=6392#article","isPartOf":{"@id":"https:\/\/blogdofarnesio.com.br\/?p=6392"},"author":{"name":"","@id":""},"headline":"Salitre: Popular defende cria\u00e7\u00e3o de Comiss\u00e3o para pressionar a\u00e7\u00f5es da Codevasf","datePublished":"2011-09-06T16:30:50+00:00","mainEntityOfPage":{"@id":"https:\/\/blogdofarnesio.com.br\/?p=6392"},"wordCount":482,"commentCount":0,"publisher":{"@id":"https:\/\/blogdofarnesio.com.br\/#organization"},"image":{"@id":"https:\/\/blogdofarnesio.com.br\/?p=6392#primaryimage"},"thumbnailUrl":"http:\/\/www.quersaberpolitica.com.br\/2016\/wp-content\/uploads\/2012\/12\/blogqspsalitrecomissao.jpg","articleSection":["Fruticultura"],"inLanguage":"pt-BR","potentialAction":[{"@type":"CommentAction","name":"Comment","target":["https:\/\/blogdofarnesio.com.br\/?p=6392#respond"]}]},{"@type":"WebPage","@id":"https:\/\/blogdofarnesio.com.br\/?p=6392","url":"https:\/\/blogdofarnesio.com.br\/?p=6392","name":"Salitre: Popular defende cria\u00e7\u00e3o de Comiss\u00e3o para pressionar a\u00e7\u00f5es da Codevasf - Blog do Farn\u00e9sio","isPartOf":{"@id":"https:\/\/blogdofarnesio.com.br\/#website"},"primaryImageOfPage":{"@id":"https:\/\/blogdofarnesio.com.br\/?p=6392#primaryimage"},"image":{"@id":"https:\/\/blogdofarnesio.com.br\/?p=6392#primaryimage"},"thumbnailUrl":"http:\/\/www.quersaberpolitica.com.br\/2016\/wp-content\/uploads\/2012\/12\/blogqspsalitrecomissao.jpg","datePublished":"2011-09-06T16:30:50+00:00","breadcrumb":{"@id":"https:\/\/blogdofarnesio.com.br\/?p=6392#breadcrumb"},"inLanguage":"pt-BR","potentialAction":[{"@type":"ReadAction","target":["https:\/\/blogdofarnesio.com.br\/?p=6392"]}]},{"@type":"ImageObject","inLanguage":"pt-BR","@id":"https:\/\/blogdofarnesio.com.br\/?p=6392#primaryimage","url":"http:\/\/www.quersaberpolitica.com.br\/2016\/wp-content\/uploads\/2012\/12\/blogqspsalitrecomissao.jpg","contentUrl":"http:\/\/www.quersaberpolitica.com.br\/2016\/wp-content\/uploads\/2012\/12\/blogqspsalitrecomissao.jpg"},{"@type":"BreadcrumbList","@id":"https:\/\/blogdofarnesio.com.br\/?p=6392#breadcrumb","itemListElement":[{"@type":"ListItem","position":1,"name":"In\u00edcio","item":"https:\/\/blogdofarnesio.com.br\/"},{"@type":"ListItem","position":2,"name":"Salitre: Popular defende cria\u00e7\u00e3o de Comiss\u00e3o para pressionar a\u00e7\u00f5es da Codevasf"}]},{"@type":"WebSite","@id":"https:\/\/blogdofarnesio.com.br\/#website","url":"https:\/\/blogdofarnesio.com.br\/","name":"Blog do Farn\u00e9sio","description":"Quer Saber Pol\u00edtica?","publisher":{"@id":"https:\/\/blogdofarnesio.com.br\/#organization"},"potentialAction":[{"@type":"SearchAction","target":{"@type":"EntryPoint","urlTemplate":"https:\/\/blogdofarnesio.com.br\/?s={search_term_string}"},"query-input":{"@type":"PropertyValueSpecification","valueRequired":true,"valueName":"search_term_string"}}],"inLanguage":"pt-BR"},{"@type":"Organization","@id":"https:\/\/blogdofarnesio.com.br\/#organization","name":"Blog do Farn\u00e9sio","url":"https:\/\/blogdofarnesio.com.br\/","logo":{"@type":"ImageObject","inLanguage":"pt-BR","@id":"https:\/\/blogdofarnesio.com.br\/#\/schema\/logo\/image\/","url":"https:\/\/blogdofarnesio.com.br\/wp-content\/uploads\/2026\/03\/cropped-logo_new-1.png","contentUrl":"https:\/\/blogdofarnesio.com.br\/wp-content\/uploads\/2026\/03\/cropped-logo_new-1.png","width":881,"height":685,"caption":"Blog do Farn\u00e9sio"},"image":{"@id":"https:\/\/blogdofarnesio.com.br\/#\/schema\/logo\/image\/"},"sameAs":["https:\/\/www.facebook.com\/BlogQuerSaberPolitica\/"]}]}},"_links":{"self":[{"href":"https:\/\/blogdofarnesio.com.br\/index.php?rest_route=\/wp\/v2\/posts\/6392","targetHints":{"allow":["GET"]}}],"collection":[{"href":"https:\/\/blogdofarnesio.com.br\/index.php?rest_route=\/wp\/v2\/posts"}],"about":[{"href":"https:\/\/blogdofarnesio.com.br\/index.php?rest_route=\/wp\/v2\/types\/post"}],"replies":[{"embeddable":true,"href":"https:\/\/blogdofarnesio.com.br\/index.php?rest_route=%2Fwp%2Fv2%2Fcomments&post=6392"}],"version-history":[{"count":0,"href":"https:\/\/blogdofarnesio.com.br\/index.php?rest_route=\/wp\/v2\/posts\/6392\/revisions"}],"wp:attachment":[{"href":"https:\/\/blogdofarnesio.com.br\/index.php?rest_route=%2Fwp%2Fv2%2Fmedia&parent=6392"}],"wp:term":[{"taxonomy":"category","embeddable":true,"href":"https:\/\/blogdofarnesio.com.br\/index.php?rest_route=%2Fwp%2Fv2%2Fcategories&post=6392"},{"taxonomy":"post_tag","embeddable":true,"href":"https:\/\/blogdofarnesio.com.br\/index.php?rest_route=%2Fwp%2Fv2%2Ftags&post=6392"}],"curies":[{"name":"wp","href":"https:\/\/api.w.org\/{rel}","templated":true}]}}