{"id":63767,"date":"2013-11-14T20:03:52","date_gmt":"2013-11-14T23:03:52","guid":{"rendered":"http:\/\/www.quersaberpolitica.com.br\/?p=63767"},"modified":"2013-11-14T17:18:49","modified_gmt":"2013-11-14T20:18:49","slug":"senac-bahia-inscreve-para-15-novos-cursos-de-pos-graduacao-ead","status":"publish","type":"post","link":"https:\/\/blogdofarnesio.com.br\/?p=63767","title":{"rendered":"SENAC BAHIA INSCREVE PARA 15 NOVOS CURSOS DE P\u00d3S-GRADUA\u00c7\u00c3O EAD"},"content":{"rendered":"<p style=\"text-align: justify\"><a href=\"http:\/\/www.quersaberpolitica.com.br\/2016\/wp-content\/uploads\/2013\/11\/senac.jpg\"><img loading=\"lazy\" decoding=\"async\" class=\"size-medium wp-image-63768 aligncenter\" alt=\"blogqsp.senac\" src=\"http:\/\/www.quersaberpolitica.com.br\/2016\/wp-content\/uploads\/2013\/11\/senac-300x65.jpg\" width=\"300\" height=\"65\" srcset=\"https:\/\/blogdofarnesio.com.br\/wp-content\/uploads\/2013\/11\/senac-300x65.jpg 300w, https:\/\/blogdofarnesio.com.br\/wp-content\/uploads\/2013\/11\/senac.jpg 327w\" sizes=\"auto, (max-width: 300px) 100vw, 300px\" \/><\/a>Criada este ano, a Rede Senac EAD amplia o seu portfolio com o lan\u00e7amento de 15 cursos de p\u00f3s-gradua\u00e7\u00e3o a dist\u00e2ncia (especializa\u00e7\u00e3o lato sensu). As inscri\u00e7\u00f5es j\u00e1 podem ser feitas atrav\u00e9s do portal www.ead.senac.br, onde tamb\u00e9m est\u00e3o as informa\u00e7\u00f5es detalhadas sobre cada curso, bem como o valor do investimento. A previs\u00e3o de in\u00edcio das turmas \u00e9 para mar\u00e7o de 2013.<\/p>\n<p style=\"text-align: justify\">Na EAD do Senac as aulas s\u00e3o ministradas atrav\u00e9s da plataforma Moodle, o ambiente virtual de aprendizagem utilizado pela institui\u00e7\u00e3o em todo Brasil, que objetiva oferecer a mesma qualidade dos cursos presenciais. Al\u00e9m das aulas via internet, os alunos ter\u00e3o um encontro presencial por semestre para avalia\u00e7\u00f5es obrigat\u00f3rias no polo de educa\u00e7\u00e3o escolhido. Na Bahia s\u00e3o tr\u00eas op\u00e7\u00f5es de polos: Salvador (unidade Pituba), Vit\u00f3ria da Conquista e Porto Seguro.<!--more--><\/p>\n<p style=\"text-align: justify\">Podem se inscrever portadores de diploma de gradua\u00e7\u00e3o que possuam acesso \u00e0 internet, fundamental para acompanhamento do curso. O Senac tamb\u00e9m pode ministrar turmas exclusivas de p\u00f3s-gradua\u00e7\u00e3o a dist\u00e2ncia para empresas por meio da \u00e1rea de Atendimento Corporativo.<\/p>\n<p style=\"text-align: justify\">Cursos oferecidos de p\u00f3s-gradua\u00e7\u00e3o a dist\u00e2ncia:<\/p>\n<p style=\"text-align: justify\">Doc\u00eancia no Ensino Superior<\/p>\n<p style=\"text-align: justify\">Doc\u00eancia no Ensino T\u00e9cnico<\/p>\n<p style=\"text-align: justify\">Design Instrucional<\/p>\n<p style=\"text-align: justify\">Educa\u00e7\u00e3o Ambiental para a Sustentabilidade<\/p>\n<p style=\"text-align: justify\">Gest\u00e3o Cultural: cultura, desenvolvimento e mercado<\/p>\n<p style=\"text-align: justify\">Gest\u00e3o Empreendedora<\/p>\n<p style=\"text-align: justify\">Gest\u00e3o Empresarial<\/p>\n<p style=\"text-align: justify\">Gest\u00e3o Escolar<\/p>\n<p style=\"text-align: justify\">Gest\u00e3o de Marketing<\/p>\n<p style=\"text-align: justify\">Gest\u00e3o de Pessoas<\/p>\n<p style=\"text-align: justify\">Gest\u00e3o do Varejo<\/p>\n<p style=\"text-align: justify\">Gest\u00e3o do Relacionamento com o Cliente<\/p>\n<p style=\"text-align: justify\">Gest\u00e3o da Seguran\u00e7a dos Alimentos<\/p>\n<p style=\"text-align: justify\">Governan\u00e7a de Tecnologia da Informa\u00e7\u00e3o<\/p>\n<p style=\"text-align: justify\">Tecnologias na Aprendizagem<\/p>\n","protected":false},"excerpt":{"rendered":"<p>Criada este ano, a Rede Senac EAD amplia o seu portfolio com o lan\u00e7amento de 15 cursos de p\u00f3s-gradua\u00e7\u00e3o a dist\u00e2ncia (especializa\u00e7\u00e3o lato sensu). As inscri\u00e7\u00f5es j\u00e1 podem ser feitas atrav\u00e9s do portal www.ead.senac.br, onde tamb\u00e9m est\u00e3o as informa\u00e7\u00f5es detalhadas sobre cada curso, bem como o valor do investimento. A previs\u00e3o de in\u00edcio das turmas \u00e9 para mar\u00e7o de 2013. Na EAD do Senac as aulas s\u00e3o ministradas atrav\u00e9s da plataforma Moodle, o ambiente virtual de aprendizagem utilizado pela institui\u00e7\u00e3o em todo Brasil, que objetiva oferecer a mesma qualidade dos cursos presenciais. Al\u00e9m das aulas via internet, os alunos ter\u00e3o um encontro presencial por semestre para avalia\u00e7\u00f5es obrigat\u00f3rias no polo de educa\u00e7\u00e3o escolhido. Na Bahia s\u00e3o tr\u00eas op\u00e7\u00f5es de polos:&hellip; <\/p>\n","protected":false},"author":3,"featured_media":0,"comment_status":"open","ping_status":"open","sticky":false,"template":"","format":"standard","meta":{"_acf_changed":false,"footnotes":""},"categories":[6],"tags":[],"class_list":["post-63767","post","type-post","status-publish","format-standard","hentry","category-educacao"],"acf":[],"yoast_head":"<!-- This site is optimized with the Yoast SEO plugin v27.4 - https:\/\/yoast.com\/product\/yoast-seo-wordpress\/ -->\n<title>SENAC BAHIA INSCREVE PARA 15 NOVOS CURSOS DE P\u00d3S-GRADUA\u00c7\u00c3O EAD - Blog do Farn\u00e9sio<\/title>\n<meta name=\"robots\" content=\"index, follow, max-snippet:-1, max-image-preview:large, max-video-preview:-1\" \/>\n<link rel=\"canonical\" href=\"https:\/\/blogdofarnesio.com.br\/?p=63767\" \/>\n<meta property=\"og:locale\" content=\"pt_BR\" \/>\n<meta property=\"og:type\" content=\"article\" \/>\n<meta property=\"og:title\" content=\"SENAC BAHIA INSCREVE PARA 15 NOVOS CURSOS DE P\u00d3S-GRADUA\u00c7\u00c3O EAD - Blog do Farn\u00e9sio\" \/>\n<meta property=\"og:description\" content=\"Criada este ano, a Rede Senac EAD amplia o seu portfolio com o lan\u00e7amento de 15 cursos de p\u00f3s-gradua\u00e7\u00e3o a dist\u00e2ncia (especializa\u00e7\u00e3o lato sensu). As inscri\u00e7\u00f5es j\u00e1 podem ser feitas atrav\u00e9s do portal www.ead.senac.br, onde tamb\u00e9m est\u00e3o as informa\u00e7\u00f5es detalhadas sobre cada curso, bem como o valor do investimento. A previs\u00e3o de in\u00edcio das turmas \u00e9 para mar\u00e7o de 2013. Na EAD do Senac as aulas s\u00e3o ministradas atrav\u00e9s da plataforma Moodle, o ambiente virtual de aprendizagem utilizado pela institui\u00e7\u00e3o em todo Brasil, que objetiva oferecer a mesma qualidade dos cursos presenciais. Al\u00e9m das aulas via internet, os alunos ter\u00e3o um encontro presencial por semestre para avalia\u00e7\u00f5es obrigat\u00f3rias no polo de educa\u00e7\u00e3o escolhido. Na Bahia s\u00e3o tr\u00eas op\u00e7\u00f5es de polos:&hellip;\" \/>\n<meta property=\"og:url\" content=\"https:\/\/blogdofarnesio.com.br\/?p=63767\" \/>\n<meta property=\"og:site_name\" content=\"Blog do Farn\u00e9sio\" \/>\n<meta property=\"article:publisher\" content=\"https:\/\/www.facebook.com\/BlogQuerSaberPolitica\/\" \/>\n<meta property=\"article:published_time\" content=\"2013-11-14T23:03:52+00:00\" \/>\n<meta property=\"og:image\" content=\"http:\/\/www.quersaberpolitica.com.br\/2016\/wp-content\/uploads\/2013\/11\/senac-300x65.jpg\" \/>\n<meta name=\"author\" content=\"teste\" \/>\n<meta name=\"twitter:card\" content=\"summary_large_image\" \/>\n<meta name=\"twitter:label1\" content=\"Escrito por\" \/>\n\t<meta name=\"twitter:data1\" content=\"teste\" \/>\n\t<meta name=\"twitter:label2\" content=\"Est. tempo de leitura\" \/>\n\t<meta name=\"twitter:data2\" content=\"1 minuto\" \/>\n<script type=\"application\/ld+json\" class=\"yoast-schema-graph\">{\"@context\":\"https:\\\/\\\/schema.org\",\"@graph\":[{\"@type\":\"Article\",\"@id\":\"https:\\\/\\\/blogdofarnesio.com.br\\\/?p=63767#article\",\"isPartOf\":{\"@id\":\"https:\\\/\\\/blogdofarnesio.com.br\\\/?p=63767\"},\"author\":{\"name\":\"teste\",\"@id\":\"https:\\\/\\\/blogdofarnesio.com.br\\\/#\\\/schema\\\/person\\\/dd1bf5eba40b687199ba45ca6b97dff9\"},\"headline\":\"SENAC BAHIA INSCREVE PARA 15 NOVOS CURSOS DE P\u00d3S-GRADUA\u00c7\u00c3O EAD\",\"datePublished\":\"2013-11-14T23:03:52+00:00\",\"mainEntityOfPage\":{\"@id\":\"https:\\\/\\\/blogdofarnesio.com.br\\\/?p=63767\"},\"wordCount\":287,\"commentCount\":0,\"publisher\":{\"@id\":\"https:\\\/\\\/blogdofarnesio.com.br\\\/#organization\"},\"image\":{\"@id\":\"https:\\\/\\\/blogdofarnesio.com.br\\\/?p=63767#primaryimage\"},\"thumbnailUrl\":\"http:\\\/\\\/www.quersaberpolitica.com.br\\\/2016\\\/wp-content\\\/uploads\\\/2013\\\/11\\\/senac-300x65.jpg\",\"articleSection\":[\"Educa\u00e7\u00e3o\"],\"inLanguage\":\"pt-BR\",\"potentialAction\":[{\"@type\":\"CommentAction\",\"name\":\"Comment\",\"target\":[\"https:\\\/\\\/blogdofarnesio.com.br\\\/?p=63767#respond\"]}]},{\"@type\":\"WebPage\",\"@id\":\"https:\\\/\\\/blogdofarnesio.com.br\\\/?p=63767\",\"url\":\"https:\\\/\\\/blogdofarnesio.com.br\\\/?p=63767\",\"name\":\"SENAC BAHIA INSCREVE PARA 15 NOVOS CURSOS DE P\u00d3S-GRADUA\u00c7\u00c3O EAD - Blog do Farn\u00e9sio\",\"isPartOf\":{\"@id\":\"https:\\\/\\\/blogdofarnesio.com.br\\\/#website\"},\"primaryImageOfPage\":{\"@id\":\"https:\\\/\\\/blogdofarnesio.com.br\\\/?p=63767#primaryimage\"},\"image\":{\"@id\":\"https:\\\/\\\/blogdofarnesio.com.br\\\/?p=63767#primaryimage\"},\"thumbnailUrl\":\"http:\\\/\\\/www.quersaberpolitica.com.br\\\/2016\\\/wp-content\\\/uploads\\\/2013\\\/11\\\/senac-300x65.jpg\",\"datePublished\":\"2013-11-14T23:03:52+00:00\",\"breadcrumb\":{\"@id\":\"https:\\\/\\\/blogdofarnesio.com.br\\\/?p=63767#breadcrumb\"},\"inLanguage\":\"pt-BR\",\"potentialAction\":[{\"@type\":\"ReadAction\",\"target\":[\"https:\\\/\\\/blogdofarnesio.com.br\\\/?p=63767\"]}]},{\"@type\":\"ImageObject\",\"inLanguage\":\"pt-BR\",\"@id\":\"https:\\\/\\\/blogdofarnesio.com.br\\\/?p=63767#primaryimage\",\"url\":\"http:\\\/\\\/www.quersaberpolitica.com.br\\\/2016\\\/wp-content\\\/uploads\\\/2013\\\/11\\\/senac-300x65.jpg\",\"contentUrl\":\"http:\\\/\\\/www.quersaberpolitica.com.br\\\/2016\\\/wp-content\\\/uploads\\\/2013\\\/11\\\/senac-300x65.jpg\"},{\"@type\":\"BreadcrumbList\",\"@id\":\"https:\\\/\\\/blogdofarnesio.com.br\\\/?p=63767#breadcrumb\",\"itemListElement\":[{\"@type\":\"ListItem\",\"position\":1,\"name\":\"In\u00edcio\",\"item\":\"https:\\\/\\\/blogdofarnesio.com.br\\\/\"},{\"@type\":\"ListItem\",\"position\":2,\"name\":\"SENAC BAHIA INSCREVE PARA 15 NOVOS CURSOS DE P\u00d3S-GRADUA\u00c7\u00c3O EAD\"}]},{\"@type\":\"WebSite\",\"@id\":\"https:\\\/\\\/blogdofarnesio.com.br\\\/#website\",\"url\":\"https:\\\/\\\/blogdofarnesio.com.br\\\/\",\"name\":\"Blog do Farn\u00e9sio\",\"description\":\"Quer Saber Pol\u00edtica?\",\"publisher\":{\"@id\":\"https:\\\/\\\/blogdofarnesio.com.br\\\/#organization\"},\"potentialAction\":[{\"@type\":\"SearchAction\",\"target\":{\"@type\":\"EntryPoint\",\"urlTemplate\":\"https:\\\/\\\/blogdofarnesio.com.br\\\/?s={search_term_string}\"},\"query-input\":{\"@type\":\"PropertyValueSpecification\",\"valueRequired\":true,\"valueName\":\"search_term_string\"}}],\"inLanguage\":\"pt-BR\"},{\"@type\":\"Organization\",\"@id\":\"https:\\\/\\\/blogdofarnesio.com.br\\\/#organization\",\"name\":\"Blog do Farn\u00e9sio\",\"url\":\"https:\\\/\\\/blogdofarnesio.com.br\\\/\",\"logo\":{\"@type\":\"ImageObject\",\"inLanguage\":\"pt-BR\",\"@id\":\"https:\\\/\\\/blogdofarnesio.com.br\\\/#\\\/schema\\\/logo\\\/image\\\/\",\"url\":\"https:\\\/\\\/blogdofarnesio.com.br\\\/wp-content\\\/uploads\\\/2026\\\/03\\\/cropped-logo_new-1.png\",\"contentUrl\":\"https:\\\/\\\/blogdofarnesio.com.br\\\/wp-content\\\/uploads\\\/2026\\\/03\\\/cropped-logo_new-1.png\",\"width\":881,\"height\":685,\"caption\":\"Blog do Farn\u00e9sio\"},\"image\":{\"@id\":\"https:\\\/\\\/blogdofarnesio.com.br\\\/#\\\/schema\\\/logo\\\/image\\\/\"},\"sameAs\":[\"https:\\\/\\\/www.facebook.com\\\/BlogQuerSaberPolitica\\\/\"]},{\"@type\":\"Person\",\"@id\":\"https:\\\/\\\/blogdofarnesio.com.br\\\/#\\\/schema\\\/person\\\/dd1bf5eba40b687199ba45ca6b97dff9\",\"name\":\"teste\",\"image\":{\"@type\":\"ImageObject\",\"inLanguage\":\"pt-BR\",\"@id\":\"https:\\\/\\\/secure.gravatar.com\\\/avatar\\\/2172498d4914b51e1d89a0f97957b035ac4938723a5cac208135d389b6972a6d?s=96&d=mm&r=g\",\"url\":\"https:\\\/\\\/secure.gravatar.com\\\/avatar\\\/2172498d4914b51e1d89a0f97957b035ac4938723a5cac208135d389b6972a6d?s=96&d=mm&r=g\",\"contentUrl\":\"https:\\\/\\\/secure.gravatar.com\\\/avatar\\\/2172498d4914b51e1d89a0f97957b035ac4938723a5cac208135d389b6972a6d?s=96&d=mm&r=g\",\"caption\":\"teste\"},\"url\":\"https:\\\/\\\/blogdofarnesio.com.br\\\/?author=3\"}]}<\/script>\n<!-- \/ Yoast SEO plugin. -->","yoast_head_json":{"title":"SENAC BAHIA INSCREVE PARA 15 NOVOS CURSOS DE P\u00d3S-GRADUA\u00c7\u00c3O EAD - Blog do Farn\u00e9sio","robots":{"index":"index","follow":"follow","max-snippet":"max-snippet:-1","max-image-preview":"max-image-preview:large","max-video-preview":"max-video-preview:-1"},"canonical":"https:\/\/blogdofarnesio.com.br\/?p=63767","og_locale":"pt_BR","og_type":"article","og_title":"SENAC BAHIA INSCREVE PARA 15 NOVOS CURSOS DE P\u00d3S-GRADUA\u00c7\u00c3O EAD - Blog do Farn\u00e9sio","og_description":"Criada este ano, a Rede Senac EAD amplia o seu portfolio com o lan\u00e7amento de 15 cursos de p\u00f3s-gradua\u00e7\u00e3o a dist\u00e2ncia (especializa\u00e7\u00e3o lato sensu). As inscri\u00e7\u00f5es j\u00e1 podem ser feitas atrav\u00e9s do portal www.ead.senac.br, onde tamb\u00e9m est\u00e3o as informa\u00e7\u00f5es detalhadas sobre cada curso, bem como o valor do investimento. A previs\u00e3o de in\u00edcio das turmas \u00e9 para mar\u00e7o de 2013. Na EAD do Senac as aulas s\u00e3o ministradas atrav\u00e9s da plataforma Moodle, o ambiente virtual de aprendizagem utilizado pela institui\u00e7\u00e3o em todo Brasil, que objetiva oferecer a mesma qualidade dos cursos presenciais. Al\u00e9m das aulas via internet, os alunos ter\u00e3o um encontro presencial por semestre para avalia\u00e7\u00f5es obrigat\u00f3rias no polo de educa\u00e7\u00e3o escolhido. Na Bahia s\u00e3o tr\u00eas op\u00e7\u00f5es de polos:&hellip;","og_url":"https:\/\/blogdofarnesio.com.br\/?p=63767","og_site_name":"Blog do Farn\u00e9sio","article_publisher":"https:\/\/www.facebook.com\/BlogQuerSaberPolitica\/","article_published_time":"2013-11-14T23:03:52+00:00","og_image":[{"url":"http:\/\/www.quersaberpolitica.com.br\/2016\/wp-content\/uploads\/2013\/11\/senac-300x65.jpg","type":"","width":"","height":""}],"author":"teste","twitter_card":"summary_large_image","twitter_misc":{"Escrito por":"teste","Est. tempo de leitura":"1 minuto"},"schema":{"@context":"https:\/\/schema.org","@graph":[{"@type":"Article","@id":"https:\/\/blogdofarnesio.com.br\/?p=63767#article","isPartOf":{"@id":"https:\/\/blogdofarnesio.com.br\/?p=63767"},"author":{"name":"teste","@id":"https:\/\/blogdofarnesio.com.br\/#\/schema\/person\/dd1bf5eba40b687199ba45ca6b97dff9"},"headline":"SENAC BAHIA INSCREVE PARA 15 NOVOS CURSOS DE P\u00d3S-GRADUA\u00c7\u00c3O EAD","datePublished":"2013-11-14T23:03:52+00:00","mainEntityOfPage":{"@id":"https:\/\/blogdofarnesio.com.br\/?p=63767"},"wordCount":287,"commentCount":0,"publisher":{"@id":"https:\/\/blogdofarnesio.com.br\/#organization"},"image":{"@id":"https:\/\/blogdofarnesio.com.br\/?p=63767#primaryimage"},"thumbnailUrl":"http:\/\/www.quersaberpolitica.com.br\/2016\/wp-content\/uploads\/2013\/11\/senac-300x65.jpg","articleSection":["Educa\u00e7\u00e3o"],"inLanguage":"pt-BR","potentialAction":[{"@type":"CommentAction","name":"Comment","target":["https:\/\/blogdofarnesio.com.br\/?p=63767#respond"]}]},{"@type":"WebPage","@id":"https:\/\/blogdofarnesio.com.br\/?p=63767","url":"https:\/\/blogdofarnesio.com.br\/?p=63767","name":"SENAC BAHIA INSCREVE PARA 15 NOVOS CURSOS DE P\u00d3S-GRADUA\u00c7\u00c3O EAD - Blog do Farn\u00e9sio","isPartOf":{"@id":"https:\/\/blogdofarnesio.com.br\/#website"},"primaryImageOfPage":{"@id":"https:\/\/blogdofarnesio.com.br\/?p=63767#primaryimage"},"image":{"@id":"https:\/\/blogdofarnesio.com.br\/?p=63767#primaryimage"},"thumbnailUrl":"http:\/\/www.quersaberpolitica.com.br\/2016\/wp-content\/uploads\/2013\/11\/senac-300x65.jpg","datePublished":"2013-11-14T23:03:52+00:00","breadcrumb":{"@id":"https:\/\/blogdofarnesio.com.br\/?p=63767#breadcrumb"},"inLanguage":"pt-BR","potentialAction":[{"@type":"ReadAction","target":["https:\/\/blogdofarnesio.com.br\/?p=63767"]}]},{"@type":"ImageObject","inLanguage":"pt-BR","@id":"https:\/\/blogdofarnesio.com.br\/?p=63767#primaryimage","url":"http:\/\/www.quersaberpolitica.com.br\/2016\/wp-content\/uploads\/2013\/11\/senac-300x65.jpg","contentUrl":"http:\/\/www.quersaberpolitica.com.br\/2016\/wp-content\/uploads\/2013\/11\/senac-300x65.jpg"},{"@type":"BreadcrumbList","@id":"https:\/\/blogdofarnesio.com.br\/?p=63767#breadcrumb","itemListElement":[{"@type":"ListItem","position":1,"name":"In\u00edcio","item":"https:\/\/blogdofarnesio.com.br\/"},{"@type":"ListItem","position":2,"name":"SENAC BAHIA INSCREVE PARA 15 NOVOS CURSOS DE P\u00d3S-GRADUA\u00c7\u00c3O EAD"}]},{"@type":"WebSite","@id":"https:\/\/blogdofarnesio.com.br\/#website","url":"https:\/\/blogdofarnesio.com.br\/","name":"Blog do Farn\u00e9sio","description":"Quer Saber Pol\u00edtica?","publisher":{"@id":"https:\/\/blogdofarnesio.com.br\/#organization"},"potentialAction":[{"@type":"SearchAction","target":{"@type":"EntryPoint","urlTemplate":"https:\/\/blogdofarnesio.com.br\/?s={search_term_string}"},"query-input":{"@type":"PropertyValueSpecification","valueRequired":true,"valueName":"search_term_string"}}],"inLanguage":"pt-BR"},{"@type":"Organization","@id":"https:\/\/blogdofarnesio.com.br\/#organization","name":"Blog do Farn\u00e9sio","url":"https:\/\/blogdofarnesio.com.br\/","logo":{"@type":"ImageObject","inLanguage":"pt-BR","@id":"https:\/\/blogdofarnesio.com.br\/#\/schema\/logo\/image\/","url":"https:\/\/blogdofarnesio.com.br\/wp-content\/uploads\/2026\/03\/cropped-logo_new-1.png","contentUrl":"https:\/\/blogdofarnesio.com.br\/wp-content\/uploads\/2026\/03\/cropped-logo_new-1.png","width":881,"height":685,"caption":"Blog do Farn\u00e9sio"},"image":{"@id":"https:\/\/blogdofarnesio.com.br\/#\/schema\/logo\/image\/"},"sameAs":["https:\/\/www.facebook.com\/BlogQuerSaberPolitica\/"]},{"@type":"Person","@id":"https:\/\/blogdofarnesio.com.br\/#\/schema\/person\/dd1bf5eba40b687199ba45ca6b97dff9","name":"teste","image":{"@type":"ImageObject","inLanguage":"pt-BR","@id":"https:\/\/secure.gravatar.com\/avatar\/2172498d4914b51e1d89a0f97957b035ac4938723a5cac208135d389b6972a6d?s=96&d=mm&r=g","url":"https:\/\/secure.gravatar.com\/avatar\/2172498d4914b51e1d89a0f97957b035ac4938723a5cac208135d389b6972a6d?s=96&d=mm&r=g","contentUrl":"https:\/\/secure.gravatar.com\/avatar\/2172498d4914b51e1d89a0f97957b035ac4938723a5cac208135d389b6972a6d?s=96&d=mm&r=g","caption":"teste"},"url":"https:\/\/blogdofarnesio.com.br\/?author=3"}]}},"_links":{"self":[{"href":"https:\/\/blogdofarnesio.com.br\/index.php?rest_route=\/wp\/v2\/posts\/63767","targetHints":{"allow":["GET"]}}],"collection":[{"href":"https:\/\/blogdofarnesio.com.br\/index.php?rest_route=\/wp\/v2\/posts"}],"about":[{"href":"https:\/\/blogdofarnesio.com.br\/index.php?rest_route=\/wp\/v2\/types\/post"}],"author":[{"embeddable":true,"href":"https:\/\/blogdofarnesio.com.br\/index.php?rest_route=\/wp\/v2\/users\/3"}],"replies":[{"embeddable":true,"href":"https:\/\/blogdofarnesio.com.br\/index.php?rest_route=%2Fwp%2Fv2%2Fcomments&post=63767"}],"version-history":[{"count":0,"href":"https:\/\/blogdofarnesio.com.br\/index.php?rest_route=\/wp\/v2\/posts\/63767\/revisions"}],"wp:attachment":[{"href":"https:\/\/blogdofarnesio.com.br\/index.php?rest_route=%2Fwp%2Fv2%2Fmedia&parent=63767"}],"wp:term":[{"taxonomy":"category","embeddable":true,"href":"https:\/\/blogdofarnesio.com.br\/index.php?rest_route=%2Fwp%2Fv2%2Fcategories&post=63767"},{"taxonomy":"post_tag","embeddable":true,"href":"https:\/\/blogdofarnesio.com.br\/index.php?rest_route=%2Fwp%2Fv2%2Ftags&post=63767"}],"curies":[{"name":"wp","href":"https:\/\/api.w.org\/{rel}","templated":true}]}}