{"id":6376,"date":"2011-09-06T11:23:36","date_gmt":"2011-09-06T11:23:36","guid":{"rendered":"http:\/\/www.quersaberpolitica.com.br?p=6376"},"modified":"2011-09-06T11:40:06","modified_gmt":"2011-09-06T11:40:06","slug":"termina-hoje-o-prazo-para-inscricao-de-trabalhos-no-iv-encontro-de-biologia","status":"publish","type":"post","link":"https:\/\/blogdofarnesio.com.br\/?p=6376","title":{"rendered":"Termina hoje o prazo para inscri\u00e7\u00e3o de trabalhos no IV Encontro de Biologia"},"content":{"rendered":"<p style=\"text-align: justify;\"><span style=\"font-size: small;\"><span style=\"font-family: arial, helvetica, sans-serif;\"><a rel=\"lightbox\" href=\"http:\/\/www.quersaberpolitica.com.br\/2016\/wp-content\/uploads\/2012\/12\/blogqspencontrobiologia.jpg\"><img loading=\"lazy\" decoding=\"async\" style=\"float: right; margin-left: 10px; margin-right: 10px; margin-top: 5px; margin-bottom: 5px;\" src=\"http:\/\/www.quersaberpolitica.com.br\/2016\/wp-content\/uploads\/2012\/12\/blogqspencontrobiologia.jpg\" alt=\"\" width=\"200\" height=\"283\" \/><\/a>&#8220;Seguran&ccedil;a alimentar e gera&ccedil;&atilde;o de renda: desafios para os ecossistemas&#8221;. Este &eacute; o tema principal do IV Encontro de Biologia, que vai reunir estudantes, professores, profissionais das mais diversas &aacute;reas e comunidade em geral no Sesi &#8211; Petrolina entre os dias 14 e 16 deste m&ecirc;s.  Com a abertura oficial marcada para as 16h da quarta-feira (14), o encontro come&ccedil;a a programa&ccedil;&atilde;o cient&iacute;fica com o professor Ac&aacute;cio Figueir&ecirc;do Neto (Univasf), que vai apresentar a palestra: Seguran&ccedil;a Alimentar: Qualidade e Quantidade de Alimentos no Mundo de Hoje. Em seguida, os participantes v&atilde;o conferir informa&ccedil;&otilde;es e tirar d&uacute;vidas acerca de temas como: gera&ccedil;&atilde;o de renda no Semi&aacute;rido e desafios para os ecossistemas, seguran&ccedil;a alimentar e pescado, gera&ccedil;&atilde;o de renda e seguran&ccedil;a alimentar nas pequenas cooperativas. Numa realiza&ccedil;&atilde;o da Sala de Ci&ecirc;ncias do Sesc Petrolina  e  Sesi Petrolina em parceria com o IF Sert&atilde;o, Upe, Embrapa Semi&aacute;rido, Univasf e Uneb,  o IV Encontro de Biologia prossegue na quinta-feira (15), a partir das 14h com sess&atilde;o oral, sess&atilde;o p&ocirc;ster seguida da palestra Agroecologia e Agricultura Org&acirc;nica, com o professor Jairton Fraga (Uneb). Em paralelo, ser&atilde;o apresentadas oficinas sobre elabora&ccedil;&atilde;o de produtos da carne de peixes, processamento de tomate, laborat&oacute;rio de ci&ecirc;ncias, fertiliza&ccedil;&atilde;o e prote&ccedil;&atilde;o org&acirc;nica alternativa X fertilizantes sint&eacute;ticos e agrot&oacute;xicos, composi&ccedil;&atilde;o qu&iacute;mica do maracuj&aacute;, microbiologia ambiental, reciclagem e an&aacute;lise instrumental em alimentos. O IV Encontro de Biologia confere certificados aos participantes. As inscri&ccedil;&otilde;es para apresenta&ccedil;&atilde;o de trabalhos podem ser feitas at&eacute; o dia 06\/09\/11 e para ouvintes at&eacute; o dia 12\/09\/11. Os pre&ccedil;os para as taxas de inscri&ccedil;&atilde;o s&atilde;o: R$ 12,00 &#8211; Palestras, R$ 25,00 &#8211; cada trabalho e R$ 5,00 &#8211; por oficina. Maiores informa&ccedil;&otilde;es: (87) 3866 -7463\/ 3866-7459 (Sesc) e  3861-1369 (Sesi) www.saladeciencias.weebly.com<br \/> siciencias@yahoo.com.br.<\/span><\/span><\/p>\n","protected":false},"excerpt":{"rendered":"<p>&#8220;Seguran&ccedil;a alimentar e gera&ccedil;&atilde;o de renda: desafios para os ecossistemas&#8221;. Este &eacute; o tema principal do IV Encontro de Biologia, que vai reunir estudantes, professores, profissionais das mais diversas &aacute;reas e comunidade em geral no Sesi &#8211; Petrolina entre os dias 14 e 16 deste m&ecirc;s. Com a abertura oficial marcada para as 16h da quarta-feira (14), o encontro come&ccedil;a a programa&ccedil;&atilde;o cient&iacute;fica com o professor Ac&aacute;cio Figueir&ecirc;do Neto (Univasf), que vai apresentar a palestra: Seguran&ccedil;a Alimentar: Qualidade e Quantidade de Alimentos no Mundo de Hoje. Em seguida, os participantes v&atilde;o conferir informa&ccedil;&otilde;es e tirar d&uacute;vidas acerca de temas como: gera&ccedil;&atilde;o de renda no Semi&aacute;rido e desafios para os ecossistemas, seguran&ccedil;a alimentar e pescado, gera&ccedil;&atilde;o de renda e seguran&ccedil;a alimentar&hellip; <\/p>\n","protected":false},"author":0,"featured_media":0,"comment_status":"open","ping_status":"open","sticky":false,"template":"","format":"standard","meta":{"_acf_changed":false,"footnotes":""},"categories":[5],"tags":[],"class_list":["post-6376","post","type-post","status-publish","format-standard","hentry","category-seguranca"],"acf":[],"yoast_head":"<!-- This site is optimized with the Yoast SEO plugin v27.4 - https:\/\/yoast.com\/product\/yoast-seo-wordpress\/ -->\n<title>Termina hoje o prazo para inscri\u00e7\u00e3o de trabalhos no IV Encontro de Biologia  - Blog do Farn\u00e9sio<\/title>\n<meta name=\"robots\" content=\"index, follow, max-snippet:-1, max-image-preview:large, max-video-preview:-1\" \/>\n<link rel=\"canonical\" href=\"https:\/\/blogdofarnesio.com.br\/?p=6376\" \/>\n<meta property=\"og:locale\" content=\"pt_BR\" \/>\n<meta property=\"og:type\" content=\"article\" \/>\n<meta property=\"og:title\" content=\"Termina hoje o prazo para inscri\u00e7\u00e3o de trabalhos no IV Encontro de Biologia  - Blog do Farn\u00e9sio\" \/>\n<meta property=\"og:description\" content=\"&#8220;Seguran&ccedil;a alimentar e gera&ccedil;&atilde;o de renda: desafios para os ecossistemas&#8221;. Este &eacute; o tema principal do IV Encontro de Biologia, que vai reunir estudantes, professores, profissionais das mais diversas &aacute;reas e comunidade em geral no Sesi &#8211; Petrolina entre os dias 14 e 16 deste m&ecirc;s. Com a abertura oficial marcada para as 16h da quarta-feira (14), o encontro come&ccedil;a a programa&ccedil;&atilde;o cient&iacute;fica com o professor Ac&aacute;cio Figueir&ecirc;do Neto (Univasf), que vai apresentar a palestra: Seguran&ccedil;a Alimentar: Qualidade e Quantidade de Alimentos no Mundo de Hoje. Em seguida, os participantes v&atilde;o conferir informa&ccedil;&otilde;es e tirar d&uacute;vidas acerca de temas como: gera&ccedil;&atilde;o de renda no Semi&aacute;rido e desafios para os ecossistemas, seguran&ccedil;a alimentar e pescado, gera&ccedil;&atilde;o de renda e seguran&ccedil;a alimentar&hellip;\" \/>\n<meta property=\"og:url\" content=\"https:\/\/blogdofarnesio.com.br\/?p=6376\" \/>\n<meta property=\"og:site_name\" content=\"Blog do Farn\u00e9sio\" \/>\n<meta property=\"article:publisher\" content=\"https:\/\/www.facebook.com\/BlogQuerSaberPolitica\/\" \/>\n<meta property=\"article:published_time\" content=\"2011-09-06T11:23:36+00:00\" \/>\n<meta property=\"article:modified_time\" content=\"2011-09-06T11:40:06+00:00\" \/>\n<meta property=\"og:image\" content=\"http:\/\/www.quersaberpolitica.com.br\/2016\/wp-content\/uploads\/2012\/12\/blogqspencontrobiologia.jpg\" \/>\n<meta name=\"twitter:card\" content=\"summary_large_image\" \/>\n<meta name=\"twitter:label1\" content=\"Est. tempo de leitura\" \/>\n\t<meta name=\"twitter:data1\" content=\"2 minutos\" \/>\n<script type=\"application\/ld+json\" class=\"yoast-schema-graph\">{\"@context\":\"https:\\\/\\\/schema.org\",\"@graph\":[{\"@type\":\"Article\",\"@id\":\"https:\\\/\\\/blogdofarnesio.com.br\\\/?p=6376#article\",\"isPartOf\":{\"@id\":\"https:\\\/\\\/blogdofarnesio.com.br\\\/?p=6376\"},\"author\":{\"name\":\"\",\"@id\":\"\"},\"headline\":\"Termina hoje o prazo para inscri\u00e7\u00e3o de trabalhos no IV Encontro de Biologia\",\"datePublished\":\"2011-09-06T11:23:36+00:00\",\"dateModified\":\"2011-09-06T11:40:06+00:00\",\"mainEntityOfPage\":{\"@id\":\"https:\\\/\\\/blogdofarnesio.com.br\\\/?p=6376\"},\"wordCount\":396,\"commentCount\":0,\"publisher\":{\"@id\":\"https:\\\/\\\/blogdofarnesio.com.br\\\/#organization\"},\"image\":{\"@id\":\"https:\\\/\\\/blogdofarnesio.com.br\\\/?p=6376#primaryimage\"},\"thumbnailUrl\":\"http:\\\/\\\/www.quersaberpolitica.com.br\\\/2016\\\/wp-content\\\/uploads\\\/2012\\\/12\\\/blogqspencontrobiologia.jpg\",\"articleSection\":[\"Seguran\u00e7a\"],\"inLanguage\":\"pt-BR\",\"potentialAction\":[{\"@type\":\"CommentAction\",\"name\":\"Comment\",\"target\":[\"https:\\\/\\\/blogdofarnesio.com.br\\\/?p=6376#respond\"]}]},{\"@type\":\"WebPage\",\"@id\":\"https:\\\/\\\/blogdofarnesio.com.br\\\/?p=6376\",\"url\":\"https:\\\/\\\/blogdofarnesio.com.br\\\/?p=6376\",\"name\":\"Termina hoje o prazo para inscri\u00e7\u00e3o de trabalhos no IV Encontro de Biologia - Blog do Farn\u00e9sio\",\"isPartOf\":{\"@id\":\"https:\\\/\\\/blogdofarnesio.com.br\\\/#website\"},\"primaryImageOfPage\":{\"@id\":\"https:\\\/\\\/blogdofarnesio.com.br\\\/?p=6376#primaryimage\"},\"image\":{\"@id\":\"https:\\\/\\\/blogdofarnesio.com.br\\\/?p=6376#primaryimage\"},\"thumbnailUrl\":\"http:\\\/\\\/www.quersaberpolitica.com.br\\\/2016\\\/wp-content\\\/uploads\\\/2012\\\/12\\\/blogqspencontrobiologia.jpg\",\"datePublished\":\"2011-09-06T11:23:36+00:00\",\"dateModified\":\"2011-09-06T11:40:06+00:00\",\"breadcrumb\":{\"@id\":\"https:\\\/\\\/blogdofarnesio.com.br\\\/?p=6376#breadcrumb\"},\"inLanguage\":\"pt-BR\",\"potentialAction\":[{\"@type\":\"ReadAction\",\"target\":[\"https:\\\/\\\/blogdofarnesio.com.br\\\/?p=6376\"]}]},{\"@type\":\"ImageObject\",\"inLanguage\":\"pt-BR\",\"@id\":\"https:\\\/\\\/blogdofarnesio.com.br\\\/?p=6376#primaryimage\",\"url\":\"http:\\\/\\\/www.quersaberpolitica.com.br\\\/2016\\\/wp-content\\\/uploads\\\/2012\\\/12\\\/blogqspencontrobiologia.jpg\",\"contentUrl\":\"http:\\\/\\\/www.quersaberpolitica.com.br\\\/2016\\\/wp-content\\\/uploads\\\/2012\\\/12\\\/blogqspencontrobiologia.jpg\"},{\"@type\":\"BreadcrumbList\",\"@id\":\"https:\\\/\\\/blogdofarnesio.com.br\\\/?p=6376#breadcrumb\",\"itemListElement\":[{\"@type\":\"ListItem\",\"position\":1,\"name\":\"In\u00edcio\",\"item\":\"https:\\\/\\\/blogdofarnesio.com.br\\\/\"},{\"@type\":\"ListItem\",\"position\":2,\"name\":\"Termina hoje o prazo para inscri\u00e7\u00e3o de trabalhos no IV Encontro de Biologia\"}]},{\"@type\":\"WebSite\",\"@id\":\"https:\\\/\\\/blogdofarnesio.com.br\\\/#website\",\"url\":\"https:\\\/\\\/blogdofarnesio.com.br\\\/\",\"name\":\"Blog do Farn\u00e9sio\",\"description\":\"Quer Saber Pol\u00edtica?\",\"publisher\":{\"@id\":\"https:\\\/\\\/blogdofarnesio.com.br\\\/#organization\"},\"potentialAction\":[{\"@type\":\"SearchAction\",\"target\":{\"@type\":\"EntryPoint\",\"urlTemplate\":\"https:\\\/\\\/blogdofarnesio.com.br\\\/?s={search_term_string}\"},\"query-input\":{\"@type\":\"PropertyValueSpecification\",\"valueRequired\":true,\"valueName\":\"search_term_string\"}}],\"inLanguage\":\"pt-BR\"},{\"@type\":\"Organization\",\"@id\":\"https:\\\/\\\/blogdofarnesio.com.br\\\/#organization\",\"name\":\"Blog do Farn\u00e9sio\",\"url\":\"https:\\\/\\\/blogdofarnesio.com.br\\\/\",\"logo\":{\"@type\":\"ImageObject\",\"inLanguage\":\"pt-BR\",\"@id\":\"https:\\\/\\\/blogdofarnesio.com.br\\\/#\\\/schema\\\/logo\\\/image\\\/\",\"url\":\"https:\\\/\\\/blogdofarnesio.com.br\\\/wp-content\\\/uploads\\\/2026\\\/03\\\/cropped-logo_new-1.png\",\"contentUrl\":\"https:\\\/\\\/blogdofarnesio.com.br\\\/wp-content\\\/uploads\\\/2026\\\/03\\\/cropped-logo_new-1.png\",\"width\":881,\"height\":685,\"caption\":\"Blog do Farn\u00e9sio\"},\"image\":{\"@id\":\"https:\\\/\\\/blogdofarnesio.com.br\\\/#\\\/schema\\\/logo\\\/image\\\/\"},\"sameAs\":[\"https:\\\/\\\/www.facebook.com\\\/BlogQuerSaberPolitica\\\/\"]}]}<\/script>\n<!-- \/ Yoast SEO plugin. -->","yoast_head_json":{"title":"Termina hoje o prazo para inscri\u00e7\u00e3o de trabalhos no IV Encontro de Biologia  - Blog do Farn\u00e9sio","robots":{"index":"index","follow":"follow","max-snippet":"max-snippet:-1","max-image-preview":"max-image-preview:large","max-video-preview":"max-video-preview:-1"},"canonical":"https:\/\/blogdofarnesio.com.br\/?p=6376","og_locale":"pt_BR","og_type":"article","og_title":"Termina hoje o prazo para inscri\u00e7\u00e3o de trabalhos no IV Encontro de Biologia  - Blog do Farn\u00e9sio","og_description":"&#8220;Seguran&ccedil;a alimentar e gera&ccedil;&atilde;o de renda: desafios para os ecossistemas&#8221;. Este &eacute; o tema principal do IV Encontro de Biologia, que vai reunir estudantes, professores, profissionais das mais diversas &aacute;reas e comunidade em geral no Sesi &#8211; Petrolina entre os dias 14 e 16 deste m&ecirc;s. Com a abertura oficial marcada para as 16h da quarta-feira (14), o encontro come&ccedil;a a programa&ccedil;&atilde;o cient&iacute;fica com o professor Ac&aacute;cio Figueir&ecirc;do Neto (Univasf), que vai apresentar a palestra: Seguran&ccedil;a Alimentar: Qualidade e Quantidade de Alimentos no Mundo de Hoje. Em seguida, os participantes v&atilde;o conferir informa&ccedil;&otilde;es e tirar d&uacute;vidas acerca de temas como: gera&ccedil;&atilde;o de renda no Semi&aacute;rido e desafios para os ecossistemas, seguran&ccedil;a alimentar e pescado, gera&ccedil;&atilde;o de renda e seguran&ccedil;a alimentar&hellip;","og_url":"https:\/\/blogdofarnesio.com.br\/?p=6376","og_site_name":"Blog do Farn\u00e9sio","article_publisher":"https:\/\/www.facebook.com\/BlogQuerSaberPolitica\/","article_published_time":"2011-09-06T11:23:36+00:00","article_modified_time":"2011-09-06T11:40:06+00:00","og_image":[{"url":"http:\/\/www.quersaberpolitica.com.br\/2016\/wp-content\/uploads\/2012\/12\/blogqspencontrobiologia.jpg","type":"","width":"","height":""}],"twitter_card":"summary_large_image","twitter_misc":{"Est. tempo de leitura":"2 minutos"},"schema":{"@context":"https:\/\/schema.org","@graph":[{"@type":"Article","@id":"https:\/\/blogdofarnesio.com.br\/?p=6376#article","isPartOf":{"@id":"https:\/\/blogdofarnesio.com.br\/?p=6376"},"author":{"name":"","@id":""},"headline":"Termina hoje o prazo para inscri\u00e7\u00e3o de trabalhos no IV Encontro de Biologia","datePublished":"2011-09-06T11:23:36+00:00","dateModified":"2011-09-06T11:40:06+00:00","mainEntityOfPage":{"@id":"https:\/\/blogdofarnesio.com.br\/?p=6376"},"wordCount":396,"commentCount":0,"publisher":{"@id":"https:\/\/blogdofarnesio.com.br\/#organization"},"image":{"@id":"https:\/\/blogdofarnesio.com.br\/?p=6376#primaryimage"},"thumbnailUrl":"http:\/\/www.quersaberpolitica.com.br\/2016\/wp-content\/uploads\/2012\/12\/blogqspencontrobiologia.jpg","articleSection":["Seguran\u00e7a"],"inLanguage":"pt-BR","potentialAction":[{"@type":"CommentAction","name":"Comment","target":["https:\/\/blogdofarnesio.com.br\/?p=6376#respond"]}]},{"@type":"WebPage","@id":"https:\/\/blogdofarnesio.com.br\/?p=6376","url":"https:\/\/blogdofarnesio.com.br\/?p=6376","name":"Termina hoje o prazo para inscri\u00e7\u00e3o de trabalhos no IV Encontro de Biologia - Blog do Farn\u00e9sio","isPartOf":{"@id":"https:\/\/blogdofarnesio.com.br\/#website"},"primaryImageOfPage":{"@id":"https:\/\/blogdofarnesio.com.br\/?p=6376#primaryimage"},"image":{"@id":"https:\/\/blogdofarnesio.com.br\/?p=6376#primaryimage"},"thumbnailUrl":"http:\/\/www.quersaberpolitica.com.br\/2016\/wp-content\/uploads\/2012\/12\/blogqspencontrobiologia.jpg","datePublished":"2011-09-06T11:23:36+00:00","dateModified":"2011-09-06T11:40:06+00:00","breadcrumb":{"@id":"https:\/\/blogdofarnesio.com.br\/?p=6376#breadcrumb"},"inLanguage":"pt-BR","potentialAction":[{"@type":"ReadAction","target":["https:\/\/blogdofarnesio.com.br\/?p=6376"]}]},{"@type":"ImageObject","inLanguage":"pt-BR","@id":"https:\/\/blogdofarnesio.com.br\/?p=6376#primaryimage","url":"http:\/\/www.quersaberpolitica.com.br\/2016\/wp-content\/uploads\/2012\/12\/blogqspencontrobiologia.jpg","contentUrl":"http:\/\/www.quersaberpolitica.com.br\/2016\/wp-content\/uploads\/2012\/12\/blogqspencontrobiologia.jpg"},{"@type":"BreadcrumbList","@id":"https:\/\/blogdofarnesio.com.br\/?p=6376#breadcrumb","itemListElement":[{"@type":"ListItem","position":1,"name":"In\u00edcio","item":"https:\/\/blogdofarnesio.com.br\/"},{"@type":"ListItem","position":2,"name":"Termina hoje o prazo para inscri\u00e7\u00e3o de trabalhos no IV Encontro de Biologia"}]},{"@type":"WebSite","@id":"https:\/\/blogdofarnesio.com.br\/#website","url":"https:\/\/blogdofarnesio.com.br\/","name":"Blog do Farn\u00e9sio","description":"Quer Saber Pol\u00edtica?","publisher":{"@id":"https:\/\/blogdofarnesio.com.br\/#organization"},"potentialAction":[{"@type":"SearchAction","target":{"@type":"EntryPoint","urlTemplate":"https:\/\/blogdofarnesio.com.br\/?s={search_term_string}"},"query-input":{"@type":"PropertyValueSpecification","valueRequired":true,"valueName":"search_term_string"}}],"inLanguage":"pt-BR"},{"@type":"Organization","@id":"https:\/\/blogdofarnesio.com.br\/#organization","name":"Blog do Farn\u00e9sio","url":"https:\/\/blogdofarnesio.com.br\/","logo":{"@type":"ImageObject","inLanguage":"pt-BR","@id":"https:\/\/blogdofarnesio.com.br\/#\/schema\/logo\/image\/","url":"https:\/\/blogdofarnesio.com.br\/wp-content\/uploads\/2026\/03\/cropped-logo_new-1.png","contentUrl":"https:\/\/blogdofarnesio.com.br\/wp-content\/uploads\/2026\/03\/cropped-logo_new-1.png","width":881,"height":685,"caption":"Blog do Farn\u00e9sio"},"image":{"@id":"https:\/\/blogdofarnesio.com.br\/#\/schema\/logo\/image\/"},"sameAs":["https:\/\/www.facebook.com\/BlogQuerSaberPolitica\/"]}]}},"_links":{"self":[{"href":"https:\/\/blogdofarnesio.com.br\/index.php?rest_route=\/wp\/v2\/posts\/6376","targetHints":{"allow":["GET"]}}],"collection":[{"href":"https:\/\/blogdofarnesio.com.br\/index.php?rest_route=\/wp\/v2\/posts"}],"about":[{"href":"https:\/\/blogdofarnesio.com.br\/index.php?rest_route=\/wp\/v2\/types\/post"}],"replies":[{"embeddable":true,"href":"https:\/\/blogdofarnesio.com.br\/index.php?rest_route=%2Fwp%2Fv2%2Fcomments&post=6376"}],"version-history":[{"count":0,"href":"https:\/\/blogdofarnesio.com.br\/index.php?rest_route=\/wp\/v2\/posts\/6376\/revisions"}],"wp:attachment":[{"href":"https:\/\/blogdofarnesio.com.br\/index.php?rest_route=%2Fwp%2Fv2%2Fmedia&parent=6376"}],"wp:term":[{"taxonomy":"category","embeddable":true,"href":"https:\/\/blogdofarnesio.com.br\/index.php?rest_route=%2Fwp%2Fv2%2Fcategories&post=6376"},{"taxonomy":"post_tag","embeddable":true,"href":"https:\/\/blogdofarnesio.com.br\/index.php?rest_route=%2Fwp%2Fv2%2Ftags&post=6376"}],"curies":[{"name":"wp","href":"https:\/\/api.w.org\/{rel}","templated":true}]}}