{"id":63675,"date":"2013-11-13T11:34:51","date_gmt":"2013-11-13T14:34:51","guid":{"rendered":"http:\/\/www.quersaberpolitica.com.br\/?p=63675"},"modified":"2013-11-13T08:17:42","modified_gmt":"2013-11-13T11:17:42","slug":"4o-mes-das-consciencias-negras-da-univasf-tera-foco-na-mulher","status":"publish","type":"post","link":"https:\/\/blogdofarnesio.com.br\/?p=63675","title":{"rendered":"4\u00ba M\u00caS DAS CONSCI\u00caNCIAS NEGRAS DA UNIVASF TER\u00c1 FOCO NA MULHER"},"content":{"rendered":"<p style=\"text-align: justify\"><a href=\"http:\/\/www.quersaberpolitica.com.br\/2016\/wp-content\/uploads\/2013\/07\/blogqspconsciencianegra.jpg\"><img loading=\"lazy\" decoding=\"async\" class=\"alignleft size-full wp-image-50488\" alt=\"blogqspconsciencianegra\" src=\"http:\/\/www.quersaberpolitica.com.br\/2016\/wp-content\/uploads\/2013\/07\/blogqspconsciencianegra.jpg\" width=\"259\" height=\"195\" \/><\/a>Quest\u00f5es relacionadas \u00e0 mulher negra estar\u00e3o no centro das discuss\u00f5es do 4\u00ba M\u00eas das Consci\u00eancias Negras da Universidade Federal do Vale do S\u00e3o Francisco (Univasf), que acontece desde ontem (12) e se estender\u00e1 at\u00e9 o dia 5 de dezembro, no campus Juazeiro (BA).<\/p>\n<p style=\"text-align: justify\">A solenidade de abertura foi realizada a na sala do movimento estudantil, localizada no t\u00e9rreo do bloco de salas de aula, e teve a participa\u00e7\u00e3o dos professores do Colegiado de Ci\u00eancias Sociais da Univasf Cl\u00e1udio de Almeida, Nilton Almeida e Paula Galr\u00e3o.\u00a0Na ocasi\u00e3o, houve o lan\u00e7amento do N\u00facleo de Estudos Brasileiros Abdias do Nascimento e Ruth de Souza (Neafrar) e a apresenta\u00e7\u00e3o do Etc, laborat\u00f3rio de estudos e pesquisas do Colegiado de Ci\u00eancias Sociais, promotores do evento<\/p>\n<p style=\"text-align: justify\">A programa\u00e7\u00e3o prossegue hoje (13), com a realiza\u00e7\u00e3o do \u201cMinoria Quem?\u201d, projeto de extens\u00e3o formado por docentes e estudantes da Univasf, que ir\u00e1 discutir em sua terceira edi\u00e7\u00e3o do ano o tema \u201cVisibilidade da popula\u00e7\u00e3o negra e conquista de direitos\u201d.<!--more--><\/p>\n<p style=\"text-align: justify\">O debate acontece \u00e0s 9h, no Mezanino do Complexo Multieventos, no campus Juazeiro e ser\u00e1 transmitido ao vivo pela TV Caatinga. A participa\u00e7\u00e3o em todos os eventos do 4\u00ba M\u00eas das Consci\u00eancias Negras da Univasf \u00e9 gratuita e aberta a toda a comunidade. A programa\u00e7\u00e3o completa est\u00e1 dispon\u00edvel no link abaixo.<\/p>\n<p style=\"text-align: justify\">Segundo o organizador do M\u00eas das Consci\u00eancias Negras, professor Cl\u00e1udio de Almeida, que tamb\u00e9m \u00e9 coordenador do Neafrar, a tem\u00e1tica do evento visa abrir espa\u00e7o para o debate de diversas quest\u00f5es ligadas \u00e0 mulher negra, entre as quais, sua inser\u00e7\u00e3o na pol\u00edtica e na religi\u00e3o. As mesas de debate contar\u00e3o com a presen\u00e7a de mulheres de destaque em v\u00e1rias \u00e1reas, como a vereadora de Petrolina Cristina Costa (PT), a deputada estadual Isabel Cristina (PT-PE), a bi\u00f3loga Lindacy Assis, do Coletivo de Mulheres Negras de Pernambuco, e a sacerdotisa do candombl\u00e9 e ativista pol\u00edtica Ion\u00e1 Pereira, da Rede Omikaiod\u00e9, de Juazeiro.<\/p>\n<p style=\"text-align: justify\">Neafrar &#8211; O N\u00facleo de Estudos Brasileiros Abdias do Nascimento e Ruth de Souza (Neafrar) est\u00e1 ligado \u00e0 Pr\u00f3-Reitoria de Extens\u00e3o da Univasf e foi criado no \u00faltimo m\u00eas de setembro pela C\u00e2mara de Extens\u00e3o, com o objetivo propor projetos de interven\u00e7\u00e3o social e articular pol\u00edticas p\u00fablicas de combate ao racismo e ao sexismo. O coordenador do Neafrar, professor Cl\u00e1udio de Almeida, destaca que o trabalho \u00e9 realizado por meio de parcerias com \u00f3rg\u00e3os governamentais, entre eles secretarias municipais e estaduais.<\/p>\n<p style=\"text-align: justify\">O Neafrar funciona numa sala localizada no Espa\u00e7o Plural, antiga FacJu, onde j\u00e1 promoveu oficinas de capoeira para a comunidade e mant\u00e9m alguns projetos de forma\u00e7\u00e3o de professores em escolas p\u00fablicas de Petrolina e Juazeiro. A equipe do Neafrar \u00e9 composta por tr\u00eas docentes. Al\u00e9m do coordenador, integram o n\u00facleo os professores Nilton Almeida e Paula Galr\u00e3o e uma estagi\u00e1ria de Ci\u00eancias Sociais. Cl\u00e1udio de Almeida ressalta que o quadro est\u00e1 aberto \u00e0 participa\u00e7\u00e3o de novos interessados em atuar nessa \u00e1rea, que queiram contribuir com o trabalho do Neafrar.<\/p>\n<p style=\"text-align: justify\"><strong>Renata Freitas<\/strong><\/p>\n<p>&nbsp;<\/p>\n","protected":false},"excerpt":{"rendered":"<p>Quest\u00f5es relacionadas \u00e0 mulher negra estar\u00e3o no centro das discuss\u00f5es do 4\u00ba M\u00eas das Consci\u00eancias Negras da Universidade Federal do Vale do S\u00e3o Francisco (Univasf), que acontece desde ontem (12) e se estender\u00e1 at\u00e9 o dia 5 de dezembro, no campus Juazeiro (BA). A solenidade de abertura foi realizada a na sala do movimento estudantil, localizada no t\u00e9rreo do bloco de salas de aula, e teve a participa\u00e7\u00e3o dos professores do Colegiado de Ci\u00eancias Sociais da Univasf Cl\u00e1udio de Almeida, Nilton Almeida e Paula Galr\u00e3o.\u00a0Na ocasi\u00e3o, houve o lan\u00e7amento do N\u00facleo de Estudos Brasileiros Abdias do Nascimento e Ruth de Souza (Neafrar) e a apresenta\u00e7\u00e3o do Etc, laborat\u00f3rio de estudos e pesquisas do Colegiado de Ci\u00eancias Sociais, promotores do evento&hellip; <\/p>\n","protected":false},"author":3,"featured_media":0,"comment_status":"open","ping_status":"open","sticky":false,"template":"","format":"standard","meta":{"_acf_changed":false,"footnotes":""},"categories":[22],"tags":[],"class_list":["post-63675","post","type-post","status-publish","format-standard","hentry","category-acao-social"],"acf":[],"yoast_head":"<!-- This site is optimized with the Yoast SEO plugin v27.4 - https:\/\/yoast.com\/product\/yoast-seo-wordpress\/ -->\n<title>4\u00ba M\u00caS DAS CONSCI\u00caNCIAS NEGRAS DA UNIVASF TER\u00c1 FOCO NA MULHER - Blog do Farn\u00e9sio<\/title>\n<meta name=\"robots\" content=\"index, follow, max-snippet:-1, max-image-preview:large, max-video-preview:-1\" \/>\n<link rel=\"canonical\" href=\"https:\/\/blogdofarnesio.com.br\/?p=63675\" \/>\n<meta property=\"og:locale\" content=\"pt_BR\" \/>\n<meta property=\"og:type\" content=\"article\" \/>\n<meta property=\"og:title\" content=\"4\u00ba M\u00caS DAS CONSCI\u00caNCIAS NEGRAS DA UNIVASF TER\u00c1 FOCO NA MULHER - Blog do Farn\u00e9sio\" \/>\n<meta property=\"og:description\" content=\"Quest\u00f5es relacionadas \u00e0 mulher negra estar\u00e3o no centro das discuss\u00f5es do 4\u00ba M\u00eas das Consci\u00eancias Negras da Universidade Federal do Vale do S\u00e3o Francisco (Univasf), que acontece desde ontem (12) e se estender\u00e1 at\u00e9 o dia 5 de dezembro, no campus Juazeiro (BA). A solenidade de abertura foi realizada a na sala do movimento estudantil, localizada no t\u00e9rreo do bloco de salas de aula, e teve a participa\u00e7\u00e3o dos professores do Colegiado de Ci\u00eancias Sociais da Univasf Cl\u00e1udio de Almeida, Nilton Almeida e Paula Galr\u00e3o.\u00a0Na ocasi\u00e3o, houve o lan\u00e7amento do N\u00facleo de Estudos Brasileiros Abdias do Nascimento e Ruth de Souza (Neafrar) e a apresenta\u00e7\u00e3o do Etc, laborat\u00f3rio de estudos e pesquisas do Colegiado de Ci\u00eancias Sociais, promotores do evento&hellip;\" \/>\n<meta property=\"og:url\" content=\"https:\/\/blogdofarnesio.com.br\/?p=63675\" \/>\n<meta property=\"og:site_name\" content=\"Blog do Farn\u00e9sio\" \/>\n<meta property=\"article:publisher\" content=\"https:\/\/www.facebook.com\/BlogQuerSaberPolitica\/\" \/>\n<meta property=\"article:published_time\" content=\"2013-11-13T14:34:51+00:00\" \/>\n<meta property=\"og:image\" content=\"http:\/\/www.quersaberpolitica.com.br\/2016\/wp-content\/uploads\/2013\/07\/blogqspconsciencianegra.jpg\" \/>\n<meta name=\"author\" content=\"teste\" \/>\n<meta name=\"twitter:card\" content=\"summary_large_image\" \/>\n<meta name=\"twitter:label1\" content=\"Escrito por\" \/>\n\t<meta name=\"twitter:data1\" content=\"teste\" \/>\n\t<meta name=\"twitter:label2\" content=\"Est. tempo de leitura\" \/>\n\t<meta name=\"twitter:data2\" content=\"3 minutos\" \/>\n<script type=\"application\/ld+json\" class=\"yoast-schema-graph\">{\"@context\":\"https:\\\/\\\/schema.org\",\"@graph\":[{\"@type\":\"Article\",\"@id\":\"https:\\\/\\\/blogdofarnesio.com.br\\\/?p=63675#article\",\"isPartOf\":{\"@id\":\"https:\\\/\\\/blogdofarnesio.com.br\\\/?p=63675\"},\"author\":{\"name\":\"teste\",\"@id\":\"https:\\\/\\\/blogdofarnesio.com.br\\\/#\\\/schema\\\/person\\\/dd1bf5eba40b687199ba45ca6b97dff9\"},\"headline\":\"4\u00ba M\u00caS DAS CONSCI\u00caNCIAS NEGRAS DA UNIVASF TER\u00c1 FOCO NA MULHER\",\"datePublished\":\"2013-11-13T14:34:51+00:00\",\"mainEntityOfPage\":{\"@id\":\"https:\\\/\\\/blogdofarnesio.com.br\\\/?p=63675\"},\"wordCount\":549,\"commentCount\":0,\"publisher\":{\"@id\":\"https:\\\/\\\/blogdofarnesio.com.br\\\/#organization\"},\"image\":{\"@id\":\"https:\\\/\\\/blogdofarnesio.com.br\\\/?p=63675#primaryimage\"},\"thumbnailUrl\":\"http:\\\/\\\/www.quersaberpolitica.com.br\\\/2016\\\/wp-content\\\/uploads\\\/2013\\\/07\\\/blogqspconsciencianegra.jpg\",\"articleSection\":[\"A\u00e7\u00e3o Social\"],\"inLanguage\":\"pt-BR\",\"potentialAction\":[{\"@type\":\"CommentAction\",\"name\":\"Comment\",\"target\":[\"https:\\\/\\\/blogdofarnesio.com.br\\\/?p=63675#respond\"]}]},{\"@type\":\"WebPage\",\"@id\":\"https:\\\/\\\/blogdofarnesio.com.br\\\/?p=63675\",\"url\":\"https:\\\/\\\/blogdofarnesio.com.br\\\/?p=63675\",\"name\":\"4\u00ba M\u00caS DAS CONSCI\u00caNCIAS NEGRAS DA UNIVASF TER\u00c1 FOCO NA MULHER - Blog do Farn\u00e9sio\",\"isPartOf\":{\"@id\":\"https:\\\/\\\/blogdofarnesio.com.br\\\/#website\"},\"primaryImageOfPage\":{\"@id\":\"https:\\\/\\\/blogdofarnesio.com.br\\\/?p=63675#primaryimage\"},\"image\":{\"@id\":\"https:\\\/\\\/blogdofarnesio.com.br\\\/?p=63675#primaryimage\"},\"thumbnailUrl\":\"http:\\\/\\\/www.quersaberpolitica.com.br\\\/2016\\\/wp-content\\\/uploads\\\/2013\\\/07\\\/blogqspconsciencianegra.jpg\",\"datePublished\":\"2013-11-13T14:34:51+00:00\",\"breadcrumb\":{\"@id\":\"https:\\\/\\\/blogdofarnesio.com.br\\\/?p=63675#breadcrumb\"},\"inLanguage\":\"pt-BR\",\"potentialAction\":[{\"@type\":\"ReadAction\",\"target\":[\"https:\\\/\\\/blogdofarnesio.com.br\\\/?p=63675\"]}]},{\"@type\":\"ImageObject\",\"inLanguage\":\"pt-BR\",\"@id\":\"https:\\\/\\\/blogdofarnesio.com.br\\\/?p=63675#primaryimage\",\"url\":\"http:\\\/\\\/www.quersaberpolitica.com.br\\\/2016\\\/wp-content\\\/uploads\\\/2013\\\/07\\\/blogqspconsciencianegra.jpg\",\"contentUrl\":\"http:\\\/\\\/www.quersaberpolitica.com.br\\\/2016\\\/wp-content\\\/uploads\\\/2013\\\/07\\\/blogqspconsciencianegra.jpg\"},{\"@type\":\"BreadcrumbList\",\"@id\":\"https:\\\/\\\/blogdofarnesio.com.br\\\/?p=63675#breadcrumb\",\"itemListElement\":[{\"@type\":\"ListItem\",\"position\":1,\"name\":\"In\u00edcio\",\"item\":\"https:\\\/\\\/blogdofarnesio.com.br\\\/\"},{\"@type\":\"ListItem\",\"position\":2,\"name\":\"4\u00ba M\u00caS DAS CONSCI\u00caNCIAS NEGRAS DA UNIVASF TER\u00c1 FOCO NA MULHER\"}]},{\"@type\":\"WebSite\",\"@id\":\"https:\\\/\\\/blogdofarnesio.com.br\\\/#website\",\"url\":\"https:\\\/\\\/blogdofarnesio.com.br\\\/\",\"name\":\"Blog do Farn\u00e9sio\",\"description\":\"Quer Saber Pol\u00edtica?\",\"publisher\":{\"@id\":\"https:\\\/\\\/blogdofarnesio.com.br\\\/#organization\"},\"potentialAction\":[{\"@type\":\"SearchAction\",\"target\":{\"@type\":\"EntryPoint\",\"urlTemplate\":\"https:\\\/\\\/blogdofarnesio.com.br\\\/?s={search_term_string}\"},\"query-input\":{\"@type\":\"PropertyValueSpecification\",\"valueRequired\":true,\"valueName\":\"search_term_string\"}}],\"inLanguage\":\"pt-BR\"},{\"@type\":\"Organization\",\"@id\":\"https:\\\/\\\/blogdofarnesio.com.br\\\/#organization\",\"name\":\"Blog do Farn\u00e9sio\",\"url\":\"https:\\\/\\\/blogdofarnesio.com.br\\\/\",\"logo\":{\"@type\":\"ImageObject\",\"inLanguage\":\"pt-BR\",\"@id\":\"https:\\\/\\\/blogdofarnesio.com.br\\\/#\\\/schema\\\/logo\\\/image\\\/\",\"url\":\"https:\\\/\\\/blogdofarnesio.com.br\\\/wp-content\\\/uploads\\\/2026\\\/03\\\/cropped-logo_new-1.png\",\"contentUrl\":\"https:\\\/\\\/blogdofarnesio.com.br\\\/wp-content\\\/uploads\\\/2026\\\/03\\\/cropped-logo_new-1.png\",\"width\":881,\"height\":685,\"caption\":\"Blog do Farn\u00e9sio\"},\"image\":{\"@id\":\"https:\\\/\\\/blogdofarnesio.com.br\\\/#\\\/schema\\\/logo\\\/image\\\/\"},\"sameAs\":[\"https:\\\/\\\/www.facebook.com\\\/BlogQuerSaberPolitica\\\/\"]},{\"@type\":\"Person\",\"@id\":\"https:\\\/\\\/blogdofarnesio.com.br\\\/#\\\/schema\\\/person\\\/dd1bf5eba40b687199ba45ca6b97dff9\",\"name\":\"teste\",\"image\":{\"@type\":\"ImageObject\",\"inLanguage\":\"pt-BR\",\"@id\":\"https:\\\/\\\/secure.gravatar.com\\\/avatar\\\/2172498d4914b51e1d89a0f97957b035ac4938723a5cac208135d389b6972a6d?s=96&d=mm&r=g\",\"url\":\"https:\\\/\\\/secure.gravatar.com\\\/avatar\\\/2172498d4914b51e1d89a0f97957b035ac4938723a5cac208135d389b6972a6d?s=96&d=mm&r=g\",\"contentUrl\":\"https:\\\/\\\/secure.gravatar.com\\\/avatar\\\/2172498d4914b51e1d89a0f97957b035ac4938723a5cac208135d389b6972a6d?s=96&d=mm&r=g\",\"caption\":\"teste\"},\"url\":\"https:\\\/\\\/blogdofarnesio.com.br\\\/?author=3\"}]}<\/script>\n<!-- \/ Yoast SEO plugin. -->","yoast_head_json":{"title":"4\u00ba M\u00caS DAS CONSCI\u00caNCIAS NEGRAS DA UNIVASF TER\u00c1 FOCO NA MULHER - Blog do Farn\u00e9sio","robots":{"index":"index","follow":"follow","max-snippet":"max-snippet:-1","max-image-preview":"max-image-preview:large","max-video-preview":"max-video-preview:-1"},"canonical":"https:\/\/blogdofarnesio.com.br\/?p=63675","og_locale":"pt_BR","og_type":"article","og_title":"4\u00ba M\u00caS DAS CONSCI\u00caNCIAS NEGRAS DA UNIVASF TER\u00c1 FOCO NA MULHER - Blog do Farn\u00e9sio","og_description":"Quest\u00f5es relacionadas \u00e0 mulher negra estar\u00e3o no centro das discuss\u00f5es do 4\u00ba M\u00eas das Consci\u00eancias Negras da Universidade Federal do Vale do S\u00e3o Francisco (Univasf), que acontece desde ontem (12) e se estender\u00e1 at\u00e9 o dia 5 de dezembro, no campus Juazeiro (BA). A solenidade de abertura foi realizada a na sala do movimento estudantil, localizada no t\u00e9rreo do bloco de salas de aula, e teve a participa\u00e7\u00e3o dos professores do Colegiado de Ci\u00eancias Sociais da Univasf Cl\u00e1udio de Almeida, Nilton Almeida e Paula Galr\u00e3o.\u00a0Na ocasi\u00e3o, houve o lan\u00e7amento do N\u00facleo de Estudos Brasileiros Abdias do Nascimento e Ruth de Souza (Neafrar) e a apresenta\u00e7\u00e3o do Etc, laborat\u00f3rio de estudos e pesquisas do Colegiado de Ci\u00eancias Sociais, promotores do evento&hellip;","og_url":"https:\/\/blogdofarnesio.com.br\/?p=63675","og_site_name":"Blog do Farn\u00e9sio","article_publisher":"https:\/\/www.facebook.com\/BlogQuerSaberPolitica\/","article_published_time":"2013-11-13T14:34:51+00:00","og_image":[{"url":"http:\/\/www.quersaberpolitica.com.br\/2016\/wp-content\/uploads\/2013\/07\/blogqspconsciencianegra.jpg","type":"","width":"","height":""}],"author":"teste","twitter_card":"summary_large_image","twitter_misc":{"Escrito por":"teste","Est. tempo de leitura":"3 minutos"},"schema":{"@context":"https:\/\/schema.org","@graph":[{"@type":"Article","@id":"https:\/\/blogdofarnesio.com.br\/?p=63675#article","isPartOf":{"@id":"https:\/\/blogdofarnesio.com.br\/?p=63675"},"author":{"name":"teste","@id":"https:\/\/blogdofarnesio.com.br\/#\/schema\/person\/dd1bf5eba40b687199ba45ca6b97dff9"},"headline":"4\u00ba M\u00caS DAS CONSCI\u00caNCIAS NEGRAS DA UNIVASF TER\u00c1 FOCO NA MULHER","datePublished":"2013-11-13T14:34:51+00:00","mainEntityOfPage":{"@id":"https:\/\/blogdofarnesio.com.br\/?p=63675"},"wordCount":549,"commentCount":0,"publisher":{"@id":"https:\/\/blogdofarnesio.com.br\/#organization"},"image":{"@id":"https:\/\/blogdofarnesio.com.br\/?p=63675#primaryimage"},"thumbnailUrl":"http:\/\/www.quersaberpolitica.com.br\/2016\/wp-content\/uploads\/2013\/07\/blogqspconsciencianegra.jpg","articleSection":["A\u00e7\u00e3o Social"],"inLanguage":"pt-BR","potentialAction":[{"@type":"CommentAction","name":"Comment","target":["https:\/\/blogdofarnesio.com.br\/?p=63675#respond"]}]},{"@type":"WebPage","@id":"https:\/\/blogdofarnesio.com.br\/?p=63675","url":"https:\/\/blogdofarnesio.com.br\/?p=63675","name":"4\u00ba M\u00caS DAS CONSCI\u00caNCIAS NEGRAS DA UNIVASF TER\u00c1 FOCO NA MULHER - Blog do Farn\u00e9sio","isPartOf":{"@id":"https:\/\/blogdofarnesio.com.br\/#website"},"primaryImageOfPage":{"@id":"https:\/\/blogdofarnesio.com.br\/?p=63675#primaryimage"},"image":{"@id":"https:\/\/blogdofarnesio.com.br\/?p=63675#primaryimage"},"thumbnailUrl":"http:\/\/www.quersaberpolitica.com.br\/2016\/wp-content\/uploads\/2013\/07\/blogqspconsciencianegra.jpg","datePublished":"2013-11-13T14:34:51+00:00","breadcrumb":{"@id":"https:\/\/blogdofarnesio.com.br\/?p=63675#breadcrumb"},"inLanguage":"pt-BR","potentialAction":[{"@type":"ReadAction","target":["https:\/\/blogdofarnesio.com.br\/?p=63675"]}]},{"@type":"ImageObject","inLanguage":"pt-BR","@id":"https:\/\/blogdofarnesio.com.br\/?p=63675#primaryimage","url":"http:\/\/www.quersaberpolitica.com.br\/2016\/wp-content\/uploads\/2013\/07\/blogqspconsciencianegra.jpg","contentUrl":"http:\/\/www.quersaberpolitica.com.br\/2016\/wp-content\/uploads\/2013\/07\/blogqspconsciencianegra.jpg"},{"@type":"BreadcrumbList","@id":"https:\/\/blogdofarnesio.com.br\/?p=63675#breadcrumb","itemListElement":[{"@type":"ListItem","position":1,"name":"In\u00edcio","item":"https:\/\/blogdofarnesio.com.br\/"},{"@type":"ListItem","position":2,"name":"4\u00ba M\u00caS DAS CONSCI\u00caNCIAS NEGRAS DA UNIVASF TER\u00c1 FOCO NA MULHER"}]},{"@type":"WebSite","@id":"https:\/\/blogdofarnesio.com.br\/#website","url":"https:\/\/blogdofarnesio.com.br\/","name":"Blog do Farn\u00e9sio","description":"Quer Saber Pol\u00edtica?","publisher":{"@id":"https:\/\/blogdofarnesio.com.br\/#organization"},"potentialAction":[{"@type":"SearchAction","target":{"@type":"EntryPoint","urlTemplate":"https:\/\/blogdofarnesio.com.br\/?s={search_term_string}"},"query-input":{"@type":"PropertyValueSpecification","valueRequired":true,"valueName":"search_term_string"}}],"inLanguage":"pt-BR"},{"@type":"Organization","@id":"https:\/\/blogdofarnesio.com.br\/#organization","name":"Blog do Farn\u00e9sio","url":"https:\/\/blogdofarnesio.com.br\/","logo":{"@type":"ImageObject","inLanguage":"pt-BR","@id":"https:\/\/blogdofarnesio.com.br\/#\/schema\/logo\/image\/","url":"https:\/\/blogdofarnesio.com.br\/wp-content\/uploads\/2026\/03\/cropped-logo_new-1.png","contentUrl":"https:\/\/blogdofarnesio.com.br\/wp-content\/uploads\/2026\/03\/cropped-logo_new-1.png","width":881,"height":685,"caption":"Blog do Farn\u00e9sio"},"image":{"@id":"https:\/\/blogdofarnesio.com.br\/#\/schema\/logo\/image\/"},"sameAs":["https:\/\/www.facebook.com\/BlogQuerSaberPolitica\/"]},{"@type":"Person","@id":"https:\/\/blogdofarnesio.com.br\/#\/schema\/person\/dd1bf5eba40b687199ba45ca6b97dff9","name":"teste","image":{"@type":"ImageObject","inLanguage":"pt-BR","@id":"https:\/\/secure.gravatar.com\/avatar\/2172498d4914b51e1d89a0f97957b035ac4938723a5cac208135d389b6972a6d?s=96&d=mm&r=g","url":"https:\/\/secure.gravatar.com\/avatar\/2172498d4914b51e1d89a0f97957b035ac4938723a5cac208135d389b6972a6d?s=96&d=mm&r=g","contentUrl":"https:\/\/secure.gravatar.com\/avatar\/2172498d4914b51e1d89a0f97957b035ac4938723a5cac208135d389b6972a6d?s=96&d=mm&r=g","caption":"teste"},"url":"https:\/\/blogdofarnesio.com.br\/?author=3"}]}},"_links":{"self":[{"href":"https:\/\/blogdofarnesio.com.br\/index.php?rest_route=\/wp\/v2\/posts\/63675","targetHints":{"allow":["GET"]}}],"collection":[{"href":"https:\/\/blogdofarnesio.com.br\/index.php?rest_route=\/wp\/v2\/posts"}],"about":[{"href":"https:\/\/blogdofarnesio.com.br\/index.php?rest_route=\/wp\/v2\/types\/post"}],"author":[{"embeddable":true,"href":"https:\/\/blogdofarnesio.com.br\/index.php?rest_route=\/wp\/v2\/users\/3"}],"replies":[{"embeddable":true,"href":"https:\/\/blogdofarnesio.com.br\/index.php?rest_route=%2Fwp%2Fv2%2Fcomments&post=63675"}],"version-history":[{"count":0,"href":"https:\/\/blogdofarnesio.com.br\/index.php?rest_route=\/wp\/v2\/posts\/63675\/revisions"}],"wp:attachment":[{"href":"https:\/\/blogdofarnesio.com.br\/index.php?rest_route=%2Fwp%2Fv2%2Fmedia&parent=63675"}],"wp:term":[{"taxonomy":"category","embeddable":true,"href":"https:\/\/blogdofarnesio.com.br\/index.php?rest_route=%2Fwp%2Fv2%2Fcategories&post=63675"},{"taxonomy":"post_tag","embeddable":true,"href":"https:\/\/blogdofarnesio.com.br\/index.php?rest_route=%2Fwp%2Fv2%2Ftags&post=63675"}],"curies":[{"name":"wp","href":"https:\/\/api.w.org\/{rel}","templated":true}]}}