{"id":63671,"date":"2013-11-13T12:00:34","date_gmt":"2013-11-13T15:00:34","guid":{"rendered":"http:\/\/www.quersaberpolitica.com.br\/?p=63671"},"modified":"2013-11-13T08:30:04","modified_gmt":"2013-11-13T11:30:04","slug":"deputado-fala-da-expectativa-para-a-votacao-de-projeto","status":"publish","type":"post","link":"https:\/\/blogdofarnesio.com.br\/?p=63671","title":{"rendered":"DEPUTADO FALA DA EXPECTATIVA PARA A VOTA\u00c7\u00c3O DE PROJETO"},"content":{"rendered":"<p style=\"text-align: justify\"><a href=\"http:\/\/www.quersaberpolitica.com.br\/2016\/wp-content\/uploads\/2013\/05\/blogqsp.gonzaga1.jpg\"><img loading=\"lazy\" decoding=\"async\" class=\"alignleft size-medium wp-image-39563\" alt=\"blogqsp.gonzaga\" src=\"http:\/\/www.quersaberpolitica.com.br\/2016\/wp-content\/uploads\/2013\/05\/blogqsp.gonzaga1-300x200.jpg\" width=\"300\" height=\"200\" srcset=\"https:\/\/blogdofarnesio.com.br\/wp-content\/uploads\/2013\/05\/blogqsp.gonzaga1-300x200.jpg 300w, https:\/\/blogdofarnesio.com.br\/wp-content\/uploads\/2013\/05\/blogqsp.gonzaga1-1024x683.jpg 1024w, https:\/\/blogdofarnesio.com.br\/wp-content\/uploads\/2013\/05\/blogqsp.gonzaga1-449x300.jpg 449w\" sizes=\"auto, (max-width: 300px) 100vw, 300px\" \/><\/a>O deputado federal Gonzaga Patriota registrou a expectativa dos agentes comunit\u00e1rios e de combate \u00e0 endemias que se encontram em Bras\u00edlia para acompanhar a vota\u00e7\u00e3o nesta quarta-feira(23), do Projeto de Lei 7495\/06 que regulamenta a Emenda Constitucional que garante a defini\u00e7\u00e3o do piso salarial e do Plano de Cargos e Carreiras da Categoria.<\/p>\n<p style=\"text-align: justify\">\u201cDe hoje n\u00e3o passa. Nossa expectativa, Senhor Presidente, \u00e9 que no dia de hoje, impreterivelmente, n\u00f3s possamos fazer justi\u00e7a a uma das mais importantes categorias de servidor p\u00fablico. Trata-se da vota\u00e7\u00e3o do PL n\u00ba 7495\/2006, que estabelece o piso salarial dos Agentes Comunit\u00e1rios de Sa\u00fade\u201d, disse.<\/p>\n<p style=\"text-align: justify\">O texto em discuss\u00e3o prev\u00ea um piso de R$ 950 neste ano, atualizados anualmente. Mas o governo n\u00e3o quer aumentar seus repasses para os munic\u00edpios, que hoje s\u00e3o de exatos R$ 950 por agente de sa\u00fade, valor que cobre n\u00e3o apenas o sal\u00e1rio, mas tamb\u00e9m os encargos sociais, como contribui\u00e7\u00f5es previdenci\u00e1rias. Diante disso esse importante projeto tem tido sua vota\u00e7\u00e3o constantemente adiada.<!--more--><\/p>\n<p style=\"text-align: justify\">Patriota questionou os argumentos do governo que alega que a vota\u00e7\u00e3o da proposta criar\u00e1 problemas financeiros para estados e munic\u00edpios.<\/p>\n<p style=\"text-align: justify\">\u201cA realidade \u00e9 que os argumentos do l\u00edder do Governo n\u00e3o s\u00e3o nada convincentes. N\u00e3o consigo enxergar de forma nenhuma esse impacto no Or\u00e7amento da Uni\u00e3o. \u00c9 muito pouco gasto para esse drama interpretado pelo l\u00edder do Governo\u201d, desabafou.<\/p>\n<p style=\"text-align: justify\"><strong>Blog do Deputado Federal GONZAGA PATRIOTA (PSB\/PE)<\/strong><\/p>\n","protected":false},"excerpt":{"rendered":"<p>O deputado federal Gonzaga Patriota registrou a expectativa dos agentes comunit\u00e1rios e de combate \u00e0 endemias que se encontram em Bras\u00edlia para acompanhar a vota\u00e7\u00e3o nesta quarta-feira(23), do Projeto de Lei 7495\/06 que regulamenta a Emenda Constitucional que garante a defini\u00e7\u00e3o do piso salarial e do Plano de Cargos e Carreiras da Categoria. \u201cDe hoje n\u00e3o passa. Nossa expectativa, Senhor Presidente, \u00e9 que no dia de hoje, impreterivelmente, n\u00f3s possamos fazer justi\u00e7a a uma das mais importantes categorias de servidor p\u00fablico. Trata-se da vota\u00e7\u00e3o do PL n\u00ba 7495\/2006, que estabelece o piso salarial dos Agentes Comunit\u00e1rios de Sa\u00fade\u201d, disse. O texto em discuss\u00e3o prev\u00ea um piso de R$ 950 neste ano, atualizados anualmente. Mas o governo n\u00e3o quer aumentar seus&hellip; <\/p>\n","protected":false},"author":3,"featured_media":0,"comment_status":"open","ping_status":"open","sticky":false,"template":"","format":"standard","meta":{"_acf_changed":false,"footnotes":""},"categories":[1],"tags":[],"class_list":["post-63671","post","type-post","status-publish","format-standard","hentry","category-politica"],"acf":[],"yoast_head":"<!-- This site is optimized with the Yoast SEO plugin v27.4 - https:\/\/yoast.com\/product\/yoast-seo-wordpress\/ -->\n<title>DEPUTADO FALA DA EXPECTATIVA PARA A VOTA\u00c7\u00c3O DE PROJETO - Blog do Farn\u00e9sio<\/title>\n<meta name=\"robots\" content=\"index, follow, max-snippet:-1, max-image-preview:large, max-video-preview:-1\" \/>\n<link rel=\"canonical\" href=\"https:\/\/blogdofarnesio.com.br\/?p=63671\" \/>\n<meta property=\"og:locale\" content=\"pt_BR\" \/>\n<meta property=\"og:type\" content=\"article\" \/>\n<meta property=\"og:title\" content=\"DEPUTADO FALA DA EXPECTATIVA PARA A VOTA\u00c7\u00c3O DE PROJETO - Blog do Farn\u00e9sio\" \/>\n<meta property=\"og:description\" content=\"O deputado federal Gonzaga Patriota registrou a expectativa dos agentes comunit\u00e1rios e de combate \u00e0 endemias que se encontram em Bras\u00edlia para acompanhar a vota\u00e7\u00e3o nesta quarta-feira(23), do Projeto de Lei 7495\/06 que regulamenta a Emenda Constitucional que garante a defini\u00e7\u00e3o do piso salarial e do Plano de Cargos e Carreiras da Categoria. \u201cDe hoje n\u00e3o passa. Nossa expectativa, Senhor Presidente, \u00e9 que no dia de hoje, impreterivelmente, n\u00f3s possamos fazer justi\u00e7a a uma das mais importantes categorias de servidor p\u00fablico. Trata-se da vota\u00e7\u00e3o do PL n\u00ba 7495\/2006, que estabelece o piso salarial dos Agentes Comunit\u00e1rios de Sa\u00fade\u201d, disse. O texto em discuss\u00e3o prev\u00ea um piso de R$ 950 neste ano, atualizados anualmente. Mas o governo n\u00e3o quer aumentar seus&hellip;\" \/>\n<meta property=\"og:url\" content=\"https:\/\/blogdofarnesio.com.br\/?p=63671\" \/>\n<meta property=\"og:site_name\" content=\"Blog do Farn\u00e9sio\" \/>\n<meta property=\"article:publisher\" content=\"https:\/\/www.facebook.com\/BlogQuerSaberPolitica\/\" \/>\n<meta property=\"article:published_time\" content=\"2013-11-13T15:00:34+00:00\" \/>\n<meta property=\"og:image\" content=\"http:\/\/www.quersaberpolitica.com.br\/2016\/wp-content\/uploads\/2013\/05\/blogqsp.gonzaga1-300x200.jpg\" \/>\n<meta name=\"author\" content=\"teste\" \/>\n<meta name=\"twitter:card\" content=\"summary_large_image\" \/>\n<meta name=\"twitter:label1\" content=\"Escrito por\" \/>\n\t<meta name=\"twitter:data1\" content=\"teste\" \/>\n\t<meta name=\"twitter:label2\" content=\"Est. tempo de leitura\" \/>\n\t<meta name=\"twitter:data2\" content=\"1 minuto\" \/>\n<script type=\"application\/ld+json\" class=\"yoast-schema-graph\">{\"@context\":\"https:\\\/\\\/schema.org\",\"@graph\":[{\"@type\":\"Article\",\"@id\":\"https:\\\/\\\/blogdofarnesio.com.br\\\/?p=63671#article\",\"isPartOf\":{\"@id\":\"https:\\\/\\\/blogdofarnesio.com.br\\\/?p=63671\"},\"author\":{\"name\":\"teste\",\"@id\":\"https:\\\/\\\/blogdofarnesio.com.br\\\/#\\\/schema\\\/person\\\/dd1bf5eba40b687199ba45ca6b97dff9\"},\"headline\":\"DEPUTADO FALA DA EXPECTATIVA PARA A VOTA\u00c7\u00c3O DE PROJETO\",\"datePublished\":\"2013-11-13T15:00:34+00:00\",\"mainEntityOfPage\":{\"@id\":\"https:\\\/\\\/blogdofarnesio.com.br\\\/?p=63671\"},\"wordCount\":261,\"commentCount\":0,\"publisher\":{\"@id\":\"https:\\\/\\\/blogdofarnesio.com.br\\\/#organization\"},\"image\":{\"@id\":\"https:\\\/\\\/blogdofarnesio.com.br\\\/?p=63671#primaryimage\"},\"thumbnailUrl\":\"http:\\\/\\\/www.quersaberpolitica.com.br\\\/2016\\\/wp-content\\\/uploads\\\/2013\\\/05\\\/blogqsp.gonzaga1-300x200.jpg\",\"articleSection\":[\"Pol\u00edtica\"],\"inLanguage\":\"pt-BR\",\"potentialAction\":[{\"@type\":\"CommentAction\",\"name\":\"Comment\",\"target\":[\"https:\\\/\\\/blogdofarnesio.com.br\\\/?p=63671#respond\"]}]},{\"@type\":\"WebPage\",\"@id\":\"https:\\\/\\\/blogdofarnesio.com.br\\\/?p=63671\",\"url\":\"https:\\\/\\\/blogdofarnesio.com.br\\\/?p=63671\",\"name\":\"DEPUTADO FALA DA EXPECTATIVA PARA A VOTA\u00c7\u00c3O DE PROJETO - Blog do Farn\u00e9sio\",\"isPartOf\":{\"@id\":\"https:\\\/\\\/blogdofarnesio.com.br\\\/#website\"},\"primaryImageOfPage\":{\"@id\":\"https:\\\/\\\/blogdofarnesio.com.br\\\/?p=63671#primaryimage\"},\"image\":{\"@id\":\"https:\\\/\\\/blogdofarnesio.com.br\\\/?p=63671#primaryimage\"},\"thumbnailUrl\":\"http:\\\/\\\/www.quersaberpolitica.com.br\\\/2016\\\/wp-content\\\/uploads\\\/2013\\\/05\\\/blogqsp.gonzaga1-300x200.jpg\",\"datePublished\":\"2013-11-13T15:00:34+00:00\",\"breadcrumb\":{\"@id\":\"https:\\\/\\\/blogdofarnesio.com.br\\\/?p=63671#breadcrumb\"},\"inLanguage\":\"pt-BR\",\"potentialAction\":[{\"@type\":\"ReadAction\",\"target\":[\"https:\\\/\\\/blogdofarnesio.com.br\\\/?p=63671\"]}]},{\"@type\":\"ImageObject\",\"inLanguage\":\"pt-BR\",\"@id\":\"https:\\\/\\\/blogdofarnesio.com.br\\\/?p=63671#primaryimage\",\"url\":\"http:\\\/\\\/www.quersaberpolitica.com.br\\\/2016\\\/wp-content\\\/uploads\\\/2013\\\/05\\\/blogqsp.gonzaga1-300x200.jpg\",\"contentUrl\":\"http:\\\/\\\/www.quersaberpolitica.com.br\\\/2016\\\/wp-content\\\/uploads\\\/2013\\\/05\\\/blogqsp.gonzaga1-300x200.jpg\"},{\"@type\":\"BreadcrumbList\",\"@id\":\"https:\\\/\\\/blogdofarnesio.com.br\\\/?p=63671#breadcrumb\",\"itemListElement\":[{\"@type\":\"ListItem\",\"position\":1,\"name\":\"In\u00edcio\",\"item\":\"https:\\\/\\\/blogdofarnesio.com.br\\\/\"},{\"@type\":\"ListItem\",\"position\":2,\"name\":\"DEPUTADO FALA DA EXPECTATIVA PARA A VOTA\u00c7\u00c3O DE PROJETO\"}]},{\"@type\":\"WebSite\",\"@id\":\"https:\\\/\\\/blogdofarnesio.com.br\\\/#website\",\"url\":\"https:\\\/\\\/blogdofarnesio.com.br\\\/\",\"name\":\"Blog do Farn\u00e9sio\",\"description\":\"Quer Saber Pol\u00edtica?\",\"publisher\":{\"@id\":\"https:\\\/\\\/blogdofarnesio.com.br\\\/#organization\"},\"potentialAction\":[{\"@type\":\"SearchAction\",\"target\":{\"@type\":\"EntryPoint\",\"urlTemplate\":\"https:\\\/\\\/blogdofarnesio.com.br\\\/?s={search_term_string}\"},\"query-input\":{\"@type\":\"PropertyValueSpecification\",\"valueRequired\":true,\"valueName\":\"search_term_string\"}}],\"inLanguage\":\"pt-BR\"},{\"@type\":\"Organization\",\"@id\":\"https:\\\/\\\/blogdofarnesio.com.br\\\/#organization\",\"name\":\"Blog do Farn\u00e9sio\",\"url\":\"https:\\\/\\\/blogdofarnesio.com.br\\\/\",\"logo\":{\"@type\":\"ImageObject\",\"inLanguage\":\"pt-BR\",\"@id\":\"https:\\\/\\\/blogdofarnesio.com.br\\\/#\\\/schema\\\/logo\\\/image\\\/\",\"url\":\"https:\\\/\\\/blogdofarnesio.com.br\\\/wp-content\\\/uploads\\\/2026\\\/03\\\/cropped-logo_new-1.png\",\"contentUrl\":\"https:\\\/\\\/blogdofarnesio.com.br\\\/wp-content\\\/uploads\\\/2026\\\/03\\\/cropped-logo_new-1.png\",\"width\":881,\"height\":685,\"caption\":\"Blog do Farn\u00e9sio\"},\"image\":{\"@id\":\"https:\\\/\\\/blogdofarnesio.com.br\\\/#\\\/schema\\\/logo\\\/image\\\/\"},\"sameAs\":[\"https:\\\/\\\/www.facebook.com\\\/BlogQuerSaberPolitica\\\/\"]},{\"@type\":\"Person\",\"@id\":\"https:\\\/\\\/blogdofarnesio.com.br\\\/#\\\/schema\\\/person\\\/dd1bf5eba40b687199ba45ca6b97dff9\",\"name\":\"teste\",\"image\":{\"@type\":\"ImageObject\",\"inLanguage\":\"pt-BR\",\"@id\":\"https:\\\/\\\/secure.gravatar.com\\\/avatar\\\/2172498d4914b51e1d89a0f97957b035ac4938723a5cac208135d389b6972a6d?s=96&d=mm&r=g\",\"url\":\"https:\\\/\\\/secure.gravatar.com\\\/avatar\\\/2172498d4914b51e1d89a0f97957b035ac4938723a5cac208135d389b6972a6d?s=96&d=mm&r=g\",\"contentUrl\":\"https:\\\/\\\/secure.gravatar.com\\\/avatar\\\/2172498d4914b51e1d89a0f97957b035ac4938723a5cac208135d389b6972a6d?s=96&d=mm&r=g\",\"caption\":\"teste\"},\"url\":\"https:\\\/\\\/blogdofarnesio.com.br\\\/?author=3\"}]}<\/script>\n<!-- \/ Yoast SEO plugin. -->","yoast_head_json":{"title":"DEPUTADO FALA DA EXPECTATIVA PARA A VOTA\u00c7\u00c3O DE PROJETO - Blog do Farn\u00e9sio","robots":{"index":"index","follow":"follow","max-snippet":"max-snippet:-1","max-image-preview":"max-image-preview:large","max-video-preview":"max-video-preview:-1"},"canonical":"https:\/\/blogdofarnesio.com.br\/?p=63671","og_locale":"pt_BR","og_type":"article","og_title":"DEPUTADO FALA DA EXPECTATIVA PARA A VOTA\u00c7\u00c3O DE PROJETO - Blog do Farn\u00e9sio","og_description":"O deputado federal Gonzaga Patriota registrou a expectativa dos agentes comunit\u00e1rios e de combate \u00e0 endemias que se encontram em Bras\u00edlia para acompanhar a vota\u00e7\u00e3o nesta quarta-feira(23), do Projeto de Lei 7495\/06 que regulamenta a Emenda Constitucional que garante a defini\u00e7\u00e3o do piso salarial e do Plano de Cargos e Carreiras da Categoria. \u201cDe hoje n\u00e3o passa. Nossa expectativa, Senhor Presidente, \u00e9 que no dia de hoje, impreterivelmente, n\u00f3s possamos fazer justi\u00e7a a uma das mais importantes categorias de servidor p\u00fablico. Trata-se da vota\u00e7\u00e3o do PL n\u00ba 7495\/2006, que estabelece o piso salarial dos Agentes Comunit\u00e1rios de Sa\u00fade\u201d, disse. O texto em discuss\u00e3o prev\u00ea um piso de R$ 950 neste ano, atualizados anualmente. Mas o governo n\u00e3o quer aumentar seus&hellip;","og_url":"https:\/\/blogdofarnesio.com.br\/?p=63671","og_site_name":"Blog do Farn\u00e9sio","article_publisher":"https:\/\/www.facebook.com\/BlogQuerSaberPolitica\/","article_published_time":"2013-11-13T15:00:34+00:00","og_image":[{"url":"http:\/\/www.quersaberpolitica.com.br\/2016\/wp-content\/uploads\/2013\/05\/blogqsp.gonzaga1-300x200.jpg","type":"","width":"","height":""}],"author":"teste","twitter_card":"summary_large_image","twitter_misc":{"Escrito por":"teste","Est. tempo de leitura":"1 minuto"},"schema":{"@context":"https:\/\/schema.org","@graph":[{"@type":"Article","@id":"https:\/\/blogdofarnesio.com.br\/?p=63671#article","isPartOf":{"@id":"https:\/\/blogdofarnesio.com.br\/?p=63671"},"author":{"name":"teste","@id":"https:\/\/blogdofarnesio.com.br\/#\/schema\/person\/dd1bf5eba40b687199ba45ca6b97dff9"},"headline":"DEPUTADO FALA DA EXPECTATIVA PARA A VOTA\u00c7\u00c3O DE PROJETO","datePublished":"2013-11-13T15:00:34+00:00","mainEntityOfPage":{"@id":"https:\/\/blogdofarnesio.com.br\/?p=63671"},"wordCount":261,"commentCount":0,"publisher":{"@id":"https:\/\/blogdofarnesio.com.br\/#organization"},"image":{"@id":"https:\/\/blogdofarnesio.com.br\/?p=63671#primaryimage"},"thumbnailUrl":"http:\/\/www.quersaberpolitica.com.br\/2016\/wp-content\/uploads\/2013\/05\/blogqsp.gonzaga1-300x200.jpg","articleSection":["Pol\u00edtica"],"inLanguage":"pt-BR","potentialAction":[{"@type":"CommentAction","name":"Comment","target":["https:\/\/blogdofarnesio.com.br\/?p=63671#respond"]}]},{"@type":"WebPage","@id":"https:\/\/blogdofarnesio.com.br\/?p=63671","url":"https:\/\/blogdofarnesio.com.br\/?p=63671","name":"DEPUTADO FALA DA EXPECTATIVA PARA A VOTA\u00c7\u00c3O DE PROJETO - Blog do Farn\u00e9sio","isPartOf":{"@id":"https:\/\/blogdofarnesio.com.br\/#website"},"primaryImageOfPage":{"@id":"https:\/\/blogdofarnesio.com.br\/?p=63671#primaryimage"},"image":{"@id":"https:\/\/blogdofarnesio.com.br\/?p=63671#primaryimage"},"thumbnailUrl":"http:\/\/www.quersaberpolitica.com.br\/2016\/wp-content\/uploads\/2013\/05\/blogqsp.gonzaga1-300x200.jpg","datePublished":"2013-11-13T15:00:34+00:00","breadcrumb":{"@id":"https:\/\/blogdofarnesio.com.br\/?p=63671#breadcrumb"},"inLanguage":"pt-BR","potentialAction":[{"@type":"ReadAction","target":["https:\/\/blogdofarnesio.com.br\/?p=63671"]}]},{"@type":"ImageObject","inLanguage":"pt-BR","@id":"https:\/\/blogdofarnesio.com.br\/?p=63671#primaryimage","url":"http:\/\/www.quersaberpolitica.com.br\/2016\/wp-content\/uploads\/2013\/05\/blogqsp.gonzaga1-300x200.jpg","contentUrl":"http:\/\/www.quersaberpolitica.com.br\/2016\/wp-content\/uploads\/2013\/05\/blogqsp.gonzaga1-300x200.jpg"},{"@type":"BreadcrumbList","@id":"https:\/\/blogdofarnesio.com.br\/?p=63671#breadcrumb","itemListElement":[{"@type":"ListItem","position":1,"name":"In\u00edcio","item":"https:\/\/blogdofarnesio.com.br\/"},{"@type":"ListItem","position":2,"name":"DEPUTADO FALA DA EXPECTATIVA PARA A VOTA\u00c7\u00c3O DE PROJETO"}]},{"@type":"WebSite","@id":"https:\/\/blogdofarnesio.com.br\/#website","url":"https:\/\/blogdofarnesio.com.br\/","name":"Blog do Farn\u00e9sio","description":"Quer Saber Pol\u00edtica?","publisher":{"@id":"https:\/\/blogdofarnesio.com.br\/#organization"},"potentialAction":[{"@type":"SearchAction","target":{"@type":"EntryPoint","urlTemplate":"https:\/\/blogdofarnesio.com.br\/?s={search_term_string}"},"query-input":{"@type":"PropertyValueSpecification","valueRequired":true,"valueName":"search_term_string"}}],"inLanguage":"pt-BR"},{"@type":"Organization","@id":"https:\/\/blogdofarnesio.com.br\/#organization","name":"Blog do Farn\u00e9sio","url":"https:\/\/blogdofarnesio.com.br\/","logo":{"@type":"ImageObject","inLanguage":"pt-BR","@id":"https:\/\/blogdofarnesio.com.br\/#\/schema\/logo\/image\/","url":"https:\/\/blogdofarnesio.com.br\/wp-content\/uploads\/2026\/03\/cropped-logo_new-1.png","contentUrl":"https:\/\/blogdofarnesio.com.br\/wp-content\/uploads\/2026\/03\/cropped-logo_new-1.png","width":881,"height":685,"caption":"Blog do Farn\u00e9sio"},"image":{"@id":"https:\/\/blogdofarnesio.com.br\/#\/schema\/logo\/image\/"},"sameAs":["https:\/\/www.facebook.com\/BlogQuerSaberPolitica\/"]},{"@type":"Person","@id":"https:\/\/blogdofarnesio.com.br\/#\/schema\/person\/dd1bf5eba40b687199ba45ca6b97dff9","name":"teste","image":{"@type":"ImageObject","inLanguage":"pt-BR","@id":"https:\/\/secure.gravatar.com\/avatar\/2172498d4914b51e1d89a0f97957b035ac4938723a5cac208135d389b6972a6d?s=96&d=mm&r=g","url":"https:\/\/secure.gravatar.com\/avatar\/2172498d4914b51e1d89a0f97957b035ac4938723a5cac208135d389b6972a6d?s=96&d=mm&r=g","contentUrl":"https:\/\/secure.gravatar.com\/avatar\/2172498d4914b51e1d89a0f97957b035ac4938723a5cac208135d389b6972a6d?s=96&d=mm&r=g","caption":"teste"},"url":"https:\/\/blogdofarnesio.com.br\/?author=3"}]}},"_links":{"self":[{"href":"https:\/\/blogdofarnesio.com.br\/index.php?rest_route=\/wp\/v2\/posts\/63671","targetHints":{"allow":["GET"]}}],"collection":[{"href":"https:\/\/blogdofarnesio.com.br\/index.php?rest_route=\/wp\/v2\/posts"}],"about":[{"href":"https:\/\/blogdofarnesio.com.br\/index.php?rest_route=\/wp\/v2\/types\/post"}],"author":[{"embeddable":true,"href":"https:\/\/blogdofarnesio.com.br\/index.php?rest_route=\/wp\/v2\/users\/3"}],"replies":[{"embeddable":true,"href":"https:\/\/blogdofarnesio.com.br\/index.php?rest_route=%2Fwp%2Fv2%2Fcomments&post=63671"}],"version-history":[{"count":0,"href":"https:\/\/blogdofarnesio.com.br\/index.php?rest_route=\/wp\/v2\/posts\/63671\/revisions"}],"wp:attachment":[{"href":"https:\/\/blogdofarnesio.com.br\/index.php?rest_route=%2Fwp%2Fv2%2Fmedia&parent=63671"}],"wp:term":[{"taxonomy":"category","embeddable":true,"href":"https:\/\/blogdofarnesio.com.br\/index.php?rest_route=%2Fwp%2Fv2%2Fcategories&post=63671"},{"taxonomy":"post_tag","embeddable":true,"href":"https:\/\/blogdofarnesio.com.br\/index.php?rest_route=%2Fwp%2Fv2%2Ftags&post=63671"}],"curies":[{"name":"wp","href":"https:\/\/api.w.org\/{rel}","templated":true}]}}