{"id":63594,"date":"2013-11-12T13:00:25","date_gmt":"2013-11-12T16:00:25","guid":{"rendered":"http:\/\/www.quersaberpolitica.com.br\/?p=63594"},"modified":"2013-11-12T10:35:47","modified_gmt":"2013-11-12T13:35:47","slug":"anarquia-de-plantao","status":"publish","type":"post","link":"https:\/\/blogdofarnesio.com.br\/?p=63594","title":{"rendered":"ANARQUIA DE PLANT\u00c3O!"},"content":{"rendered":"<p style=\"text-align: justify\"><strong>*Geraldo Dias de Andrade<\/strong><\/p>\n<p style=\"text-align: justify\"><a href=\"http:\/\/www.quersaberpolitica.com.br\/2016\/wp-content\/uploads\/2013\/11\/blogqspANARQUIA-google.jpg\"><img loading=\"lazy\" decoding=\"async\" class=\"alignleft size-medium wp-image-63600\" alt=\"blogqspANARQUIA- google\" src=\"http:\/\/www.quersaberpolitica.com.br\/2016\/wp-content\/uploads\/2013\/11\/blogqspANARQUIA-google-300x225.jpg\" width=\"300\" height=\"225\" srcset=\"https:\/\/blogdofarnesio.com.br\/wp-content\/uploads\/2013\/11\/blogqspANARQUIA-google-300x225.jpg 300w, https:\/\/blogdofarnesio.com.br\/wp-content\/uploads\/2013\/11\/blogqspANARQUIA-google-400x300.jpg 400w, https:\/\/blogdofarnesio.com.br\/wp-content\/uploads\/2013\/11\/blogqspANARQUIA-google.jpg 1024w\" sizes=\"auto, (max-width: 300px) 100vw, 300px\" \/><\/a>\u00c9 triste, doloroso, mas infelizmente \u00e9 verdade nua e crua: o Estado jogou a toalha. Respiramos o oxig\u00eanio da instabilidade p\u00fablica, da desordem social; at\u00e9 quando? O povo n\u00e3o \u00e9 surdo nem cego para n\u00e3o ouvir nem enxergar o transtorno generalizado em que padecemos, sem esperan\u00e7a de termos a paz p\u00fablica.<\/p>\n<p style=\"text-align: justify\">Somos passarinhos engaiolados n\u00e3o m\u00e3o de delinquentes cada vez mais ousados e alvo da mira de seus fuzis. Estamos sem a prote\u00e7\u00e3o do Estado, o qual deveria esquecer-se da cupidez de elei\u00e7\u00f5es e focar sua preocupa\u00e7\u00e3o na seguran\u00e7a social, porque estamos desprotegidos e porque se mata fam\u00edlias, roubam e assaltam descaradamente, como se um cigarro em plena luz do sol.<\/p>\n<p style=\"text-align: justify\">Zombam galhardamente da impunidade: uma vergonha nacional que precisa ser combatida com urg\u00eancia e com o rigor necess\u00e1rio, deixando-se o afrouxamento que d\u00e1 guarida a sanguin\u00e1rios, v\u00e2ndalos e traficantes incendi\u00e1rios, bem como a outras esp\u00e9cies de marginais, nocivos \u00e0 sociedade.<\/p>\n<p style=\"text-align: justify\">A fam\u00edlia brasileira vive atualmente assombrada, encurralada em sua \u201ccasa-pris\u00e3o\u201d, n\u00e3o se encontrando livre de chacinas que est\u00e3o se tornando moda nacional. Bandidos, de dentro dos pres\u00eddios, determinam a morte de policiais, de outros bandidos e at\u00e9 mesmo de autoridades, governadores, ju\u00edzes, prefeitos, promotores de justi\u00e7a. Determinam o fechamento de escolas, com\u00e9rcio e outros setores vitais da sociedade. Ditam de suas celas c\u00f3digo mort\u00edfero que \u00e9 executado \u00e0 risca por seus seguidores, na maior tranquilidade, sem temer o car\u00e1ter intimidativo da pena.<\/p>\n<p style=\"text-align: justify\">A anarquia de \u201ccabelos compridos\u201d imp\u00f5e que o policial, quando estiver sem a farda, n\u00e3o porte sua c\u00e9dula de identidade, evitando ser trucidado com crueldade e humilhado, tendo que pedir de joelhos clem\u00eancia para n\u00e3o ser morto. A que ponto chega essa invers\u00e3o de valores? Respondam-me, por favor. Infelizes policiais civis e militares trucidados sem d\u00f3 ou compaix\u00e3o, e a morda\u00e7a dos Direitos Humanos \u00e9 cedi\u00e7a!<!--more--><\/p>\n<p style=\"text-align: justify\">Fac\u00ednoras incendeiam viaturas policiais, furtam armas e muni\u00e7\u00f5es de dentro dos quart\u00e9is, passando-lhes correntes para impedir o deslocamento de viaturas, e ainda fazem explodir caixas eletr\u00f4nicos. V\u00e3o embora sorrindo da pol\u00edcia e da justi\u00e7a, carregando \u201cgrana gorda\u201d para se esbaldar na esb\u00f3rnia, levando vida on\u00edrica em seus excessos geralmente sexuais. Desdenham dos servi\u00e7os de intelig\u00eancia que o pr\u00f3prio Estado, por conveni\u00eancia de certas investiga\u00e7\u00f5es, boicota por lhe temer resultado adverso.<\/p>\n<p style=\"text-align: justify\">N\u00e3o bastasse, o Estado recusa-se a recompensar a nobre tarefa do militar pagando-lhe sal\u00e1rio condigno e, ainda, preterindo l\u00eddimo direito, o que est\u00e1 levando muitos companheiros a morrerem nos corredores dos tribunais \u00e0 espera de um direito l\u00edquido e certo.<\/p>\n<p style=\"text-align: justify\">Nossa prote\u00e7\u00e3o espera-se de Deus; porque, se depender dos homens, veremos t\u00e3o somente o avan\u00e7o da criminalidade que infesta este solo tupiniquim, j\u00e1 tendo o crack e outras drogas pesadas atingido algumas aldeias ind\u00edgenas.<\/p>\n<p style=\"text-align: justify\">O povo precisa respirar liberdade, confian\u00e7a nos organismos policiais e em governo que deixe a psicose de elei\u00e7\u00f5es e procure enxergar nossas for\u00e7as de seguran\u00e7a com aten\u00e7\u00e3o, respeito e responsabilidade. S\u00e3o essas institui\u00e7\u00f5es que mant\u00e9m a ordem p\u00fablica, visto que, enquanto a cidade dorme, a Pol\u00edcia acha-se acordada e atenta, evitando o esfacelamento do Estado. Jamais deveremos nos afrouxar o combate aos transgressores da lei e da ordem, \u00e0queles que desejam transforma o estado de direito em sistema an\u00e1rquico.<\/p>\n<p style=\"text-align: justify\">Bando de dez, quinze, vinte ou mais marginais invadem delegacia e f\u00f3rum, armados de fuzis, granadas, morteiros e demais armas, umas bem superiores as de uso por nossos policiais que d\u00e3o a vida por um Estado ego\u00edsta e ingrato. Uma ousadia de liberar presos, ocasionando a morte de diversos policiais, deixando vi\u00favas e filhos que seguem o calv\u00e1rio pelos tribunais \u00e0 procura de uma pens\u00e3o vergonhosa. Virou moda os bandidos assaltarem consult\u00f3rio dent\u00e1rio, roubando a bolsa de clientes e dentistas, e que n\u00e3o se contentando com o produto do roubo, estupram e matam.<\/p>\n<p style=\"text-align: justify\">At\u00e9 nas manifesta\u00e7\u00f5es de revolta contra todos esses descasos e desmandos governamentais, marginais mascarados t\u00eam vencido os servi\u00e7os de intelig\u00eancia policial, infiltrando ao ponto de ter espancado um coronel comandante da tropa, Cel. Reinaldo Sim\u00f5es, que teve clav\u00edcula quebrada e sua arma tomada pelos marginais, que al\u00e9m do mais teve sua cabe\u00e7a bastante ferida e exposta ao p\u00fablico.<\/p>\n<p style=\"text-align: justify\">Os representantes dos Direitos Humanos nada fazem quando a v\u00edtima \u00e9 policial, como se este n\u00e3o fosse de carne e osso. \u201cCalma! N\u00e3o deixe a tropa perder a cabe\u00e7a!\u201d Uma ordem sensata de um companheiro que mesmo curtindo a dor, ao ser conduzido pelo bra\u00e7o de um companheiro militar, seu motorista, n\u00e3o deu vaz\u00e3o a excesso.<\/p>\n<p style=\"text-align: justify\">Gra\u00e7as a Deus que a tropa sob seu comando demonstrou-se altamente disciplinada, n\u00e3o se deixando levar pelo estado emocional. Melhor assim, demonstrando respeito por pessoas inocentes que ali estavam para reivindicar alguns direitos. Fato \u00e9 que estamos vivendo um clima de terror, tiroteios, fogo cruzado entre bandidos e pol\u00edcia, e balas perdidas que constantemente ceifam vidas inocentes, o que n\u00e3o se pode encobrir.<\/p>\n<p style=\"text-align: justify\">As chamas da anarquia e do vandalismo est\u00e3o transformando em cinza nosso sistema democr\u00e1tico, que permanece em estado de torpor, sem r\u00e9deas, onde imperam os desmandos e a falta de ordem; onde os princ\u00edpios da autoridade p\u00fablica n\u00e3o s\u00e3o respeitados. Casssa-se mandato de prefeitos, deputados e outras autoridades, retornando todos a seus cargos como se achassem em uma gangorra, sustentados por liminares intermin\u00e1veis. Ministros e desembargadores nomeados pelo Executivo sem crit\u00e9rio profissional, enquanto os tribunais de conta s\u00e3o apenas cabides de emprego.<\/p>\n<p style=\"text-align: justify\">Prefeitos com as contas de quatro exerc\u00edcios rejeitadas, al\u00e9m de contas que s\u00e3o aprovadas pela C\u00e2mara, \u201c\u00e0s escuras\u201d. Prefeito no exerc\u00edcio de dois mandatos sustentados por liminares (cidade \u00e0s margens do Rio S\u00e3o Francisco!).<\/p>\n<p style=\"text-align: justify\">Um modelo que a\u00ed est\u00e1 ainda recheado de mis\u00e9ria, pen\u00faria, crian\u00e7as abandonadas pelas cal\u00e7adas, passando fome, drogadas, dormindo ao relento, sem abrigo, o que torna escola preparat\u00f3ria para roubos, furtos e homic\u00eddios.<\/p>\n<p style=\"text-align: justify\">Um servi\u00e7o de sa\u00fade p\u00fablica mentiroso, n\u00facleo de esc\u00e2ndalo, com a maioria dos hospitais sendo moradia de ratos e baratas, falta de emprego para jovens que se forma, enfim uma ma\u00e7aroca de desilus\u00f5es que motivam constantes manifesta\u00e7\u00f5es por parte de jovens que nos parece n\u00e3o ter mais fim. Aonde vamos parar! S\u00f3 estamos ouvindo promessas mirabolantes, oradores (conversadores) socr\u00e1ticos, bem trajados e \u201cenforcados\u201d em gravatas, v\u00e1rios deles de olhar hipn\u00f3tico como se quisessem tapear o povo, pondo-o para dormir diante da triste realidade.<\/p>\n<p style=\"text-align: justify\">Os cidad\u00e3os brasileiros n\u00e3o est\u00e3o mais suportando tanta hipocrisia, j\u00e1 tendo chegado o momento de se respirar a t\u00e3o sonhada paz social, porque o Brasil \u00e9 de todos n\u00f3s que o queremos bem. A baderna \u00e9 um fato que n\u00e3o se pode esconder. A anarquia \u00e9 evidente. Os \u201cBlack Blocs\u201d, que s\u00e3o os v\u00e2ndalos infiltrados nos movimentos de rua, juntando-se \u00e0 serie de barbarismo, crueldade e viol\u00eancia, d\u00e3o prova de que a tend\u00eancia \u00e9 desmoralizar a pol\u00edcia, fazendo frente \u00e0 tropa de choque, seja municipal, estadual ou federal.<\/p>\n<p style=\"text-align: justify\">Coquet\u00e9is molotovs jogados em pr\u00e9dios p\u00fablicos e privados, na presen\u00e7a da Pol\u00edcia, ao mesmo tempo em que se metralha qualquer cidad\u00e3o quando bem se quer e entendem. Isso tudo constitui \u201canarquia\u201d e precisa ser tratado com urg\u00eancia, aplicando-se todo o rigor da lei.<\/p>\n<p style=\"text-align: justify\">\u00c9 de se estranhar que tanto vexame e v\u00edtimas, inclusive dentro das for\u00e7as de seguran\u00e7a, ainda n\u00e3o tenham sensibilizado as autoridades que deveriam manifestar-se publicamente em forma de mo\u00e7\u00e3o aos nossos militares que t\u00eam tido constantes baixas nessas opera\u00e7\u00f5es urbanas. \u201cN\u00e3o precisa responder, o bastante \u00e9 entender!\u201d N\u00e3o se concebe que as for\u00e7as de seguran\u00e7a passem a ser caixa de pancada de baderneiros nem servi\u00e7ais de nenhum gestor p\u00fablico.<\/p>\n<p style=\"text-align: justify\">Ser\u00e1 que o bra\u00e7o forte e varonil do nosso Brasil est\u00e1 na tipoia? Quando ter\u00e1 alta do nosso nobre \u201cpaciente!?\u201d<\/p>\n<p style=\"text-align: justify\"><strong>*Geraldo Dias de Andrade<\/strong> \u00e9 Cel. PM\/RR \u2013 Bel. em Direito \u2013 Membro da Academia Juazeirense de Letras \u2013 Escritor \u2013 Cronista \u2013 Membro da ABI\/Seccional Norte.<\/p>\n<p style=\"text-align: justify\">\n","protected":false},"excerpt":{"rendered":"<p>*Geraldo Dias de Andrade \u00c9 triste, doloroso, mas infelizmente \u00e9 verdade nua e crua: o Estado jogou a toalha. Respiramos o oxig\u00eanio da instabilidade p\u00fablica, da desordem social; at\u00e9 quando? O povo n\u00e3o \u00e9 surdo nem cego para n\u00e3o ouvir nem enxergar o transtorno generalizado em que padecemos, sem esperan\u00e7a de termos a paz p\u00fablica. Somos passarinhos engaiolados n\u00e3o m\u00e3o de delinquentes cada vez mais ousados e alvo da mira de seus fuzis. Estamos sem a prote\u00e7\u00e3o do Estado, o qual deveria esquecer-se da cupidez de elei\u00e7\u00f5es e focar sua preocupa\u00e7\u00e3o na seguran\u00e7a social, porque estamos desprotegidos e porque se mata fam\u00edlias, roubam e assaltam descaradamente, como se um cigarro em plena luz do sol. Zombam galhardamente da impunidade: uma&hellip; <\/p>\n","protected":false},"author":3,"featured_media":0,"comment_status":"open","ping_status":"open","sticky":false,"template":"","format":"standard","meta":{"_acf_changed":false,"footnotes":""},"categories":[30],"tags":[],"class_list":["post-63594","post","type-post","status-publish","format-standard","hentry","category-artigo"],"acf":[],"yoast_head":"<!-- This site is optimized with the Yoast SEO plugin v27.4 - https:\/\/yoast.com\/product\/yoast-seo-wordpress\/ -->\n<title>ANARQUIA DE PLANT\u00c3O! - Blog do Farn\u00e9sio<\/title>\n<meta name=\"robots\" content=\"index, follow, max-snippet:-1, max-image-preview:large, max-video-preview:-1\" \/>\n<link rel=\"canonical\" href=\"https:\/\/blogdofarnesio.com.br\/?p=63594\" \/>\n<meta property=\"og:locale\" content=\"pt_BR\" \/>\n<meta property=\"og:type\" content=\"article\" \/>\n<meta property=\"og:title\" content=\"ANARQUIA DE PLANT\u00c3O! - Blog do Farn\u00e9sio\" \/>\n<meta property=\"og:description\" content=\"*Geraldo Dias de Andrade \u00c9 triste, doloroso, mas infelizmente \u00e9 verdade nua e crua: o Estado jogou a toalha. Respiramos o oxig\u00eanio da instabilidade p\u00fablica, da desordem social; at\u00e9 quando? O povo n\u00e3o \u00e9 surdo nem cego para n\u00e3o ouvir nem enxergar o transtorno generalizado em que padecemos, sem esperan\u00e7a de termos a paz p\u00fablica. Somos passarinhos engaiolados n\u00e3o m\u00e3o de delinquentes cada vez mais ousados e alvo da mira de seus fuzis. Estamos sem a prote\u00e7\u00e3o do Estado, o qual deveria esquecer-se da cupidez de elei\u00e7\u00f5es e focar sua preocupa\u00e7\u00e3o na seguran\u00e7a social, porque estamos desprotegidos e porque se mata fam\u00edlias, roubam e assaltam descaradamente, como se um cigarro em plena luz do sol. Zombam galhardamente da impunidade: uma&hellip;\" \/>\n<meta property=\"og:url\" content=\"https:\/\/blogdofarnesio.com.br\/?p=63594\" \/>\n<meta property=\"og:site_name\" content=\"Blog do Farn\u00e9sio\" \/>\n<meta property=\"article:publisher\" content=\"https:\/\/www.facebook.com\/BlogQuerSaberPolitica\/\" \/>\n<meta property=\"article:published_time\" content=\"2013-11-12T16:00:25+00:00\" \/>\n<meta property=\"og:image\" content=\"http:\/\/www.quersaberpolitica.com.br\/2016\/wp-content\/uploads\/2013\/11\/blogqspANARQUIA-google-300x225.jpg\" \/>\n<meta name=\"author\" content=\"teste\" \/>\n<meta name=\"twitter:card\" content=\"summary_large_image\" \/>\n<meta name=\"twitter:label1\" content=\"Escrito por\" \/>\n\t<meta name=\"twitter:data1\" content=\"teste\" \/>\n\t<meta name=\"twitter:label2\" content=\"Est. tempo de leitura\" \/>\n\t<meta name=\"twitter:data2\" content=\"7 minutos\" \/>\n<script type=\"application\/ld+json\" class=\"yoast-schema-graph\">{\"@context\":\"https:\\\/\\\/schema.org\",\"@graph\":[{\"@type\":\"Article\",\"@id\":\"https:\\\/\\\/blogdofarnesio.com.br\\\/?p=63594#article\",\"isPartOf\":{\"@id\":\"https:\\\/\\\/blogdofarnesio.com.br\\\/?p=63594\"},\"author\":{\"name\":\"teste\",\"@id\":\"https:\\\/\\\/blogdofarnesio.com.br\\\/#\\\/schema\\\/person\\\/dd1bf5eba40b687199ba45ca6b97dff9\"},\"headline\":\"ANARQUIA DE PLANT\u00c3O!\",\"datePublished\":\"2013-11-12T16:00:25+00:00\",\"mainEntityOfPage\":{\"@id\":\"https:\\\/\\\/blogdofarnesio.com.br\\\/?p=63594\"},\"wordCount\":1423,\"commentCount\":0,\"publisher\":{\"@id\":\"https:\\\/\\\/blogdofarnesio.com.br\\\/#organization\"},\"image\":{\"@id\":\"https:\\\/\\\/blogdofarnesio.com.br\\\/?p=63594#primaryimage\"},\"thumbnailUrl\":\"http:\\\/\\\/www.quersaberpolitica.com.br\\\/2016\\\/wp-content\\\/uploads\\\/2013\\\/11\\\/blogqspANARQUIA-google-300x225.jpg\",\"articleSection\":[\"Artigo\"],\"inLanguage\":\"pt-BR\",\"potentialAction\":[{\"@type\":\"CommentAction\",\"name\":\"Comment\",\"target\":[\"https:\\\/\\\/blogdofarnesio.com.br\\\/?p=63594#respond\"]}]},{\"@type\":\"WebPage\",\"@id\":\"https:\\\/\\\/blogdofarnesio.com.br\\\/?p=63594\",\"url\":\"https:\\\/\\\/blogdofarnesio.com.br\\\/?p=63594\",\"name\":\"ANARQUIA DE PLANT\u00c3O! - Blog do Farn\u00e9sio\",\"isPartOf\":{\"@id\":\"https:\\\/\\\/blogdofarnesio.com.br\\\/#website\"},\"primaryImageOfPage\":{\"@id\":\"https:\\\/\\\/blogdofarnesio.com.br\\\/?p=63594#primaryimage\"},\"image\":{\"@id\":\"https:\\\/\\\/blogdofarnesio.com.br\\\/?p=63594#primaryimage\"},\"thumbnailUrl\":\"http:\\\/\\\/www.quersaberpolitica.com.br\\\/2016\\\/wp-content\\\/uploads\\\/2013\\\/11\\\/blogqspANARQUIA-google-300x225.jpg\",\"datePublished\":\"2013-11-12T16:00:25+00:00\",\"breadcrumb\":{\"@id\":\"https:\\\/\\\/blogdofarnesio.com.br\\\/?p=63594#breadcrumb\"},\"inLanguage\":\"pt-BR\",\"potentialAction\":[{\"@type\":\"ReadAction\",\"target\":[\"https:\\\/\\\/blogdofarnesio.com.br\\\/?p=63594\"]}]},{\"@type\":\"ImageObject\",\"inLanguage\":\"pt-BR\",\"@id\":\"https:\\\/\\\/blogdofarnesio.com.br\\\/?p=63594#primaryimage\",\"url\":\"http:\\\/\\\/www.quersaberpolitica.com.br\\\/2016\\\/wp-content\\\/uploads\\\/2013\\\/11\\\/blogqspANARQUIA-google-300x225.jpg\",\"contentUrl\":\"http:\\\/\\\/www.quersaberpolitica.com.br\\\/2016\\\/wp-content\\\/uploads\\\/2013\\\/11\\\/blogqspANARQUIA-google-300x225.jpg\"},{\"@type\":\"BreadcrumbList\",\"@id\":\"https:\\\/\\\/blogdofarnesio.com.br\\\/?p=63594#breadcrumb\",\"itemListElement\":[{\"@type\":\"ListItem\",\"position\":1,\"name\":\"In\u00edcio\",\"item\":\"https:\\\/\\\/blogdofarnesio.com.br\\\/\"},{\"@type\":\"ListItem\",\"position\":2,\"name\":\"ANARQUIA DE PLANT\u00c3O!\"}]},{\"@type\":\"WebSite\",\"@id\":\"https:\\\/\\\/blogdofarnesio.com.br\\\/#website\",\"url\":\"https:\\\/\\\/blogdofarnesio.com.br\\\/\",\"name\":\"Blog do Farn\u00e9sio\",\"description\":\"Quer Saber Pol\u00edtica?\",\"publisher\":{\"@id\":\"https:\\\/\\\/blogdofarnesio.com.br\\\/#organization\"},\"potentialAction\":[{\"@type\":\"SearchAction\",\"target\":{\"@type\":\"EntryPoint\",\"urlTemplate\":\"https:\\\/\\\/blogdofarnesio.com.br\\\/?s={search_term_string}\"},\"query-input\":{\"@type\":\"PropertyValueSpecification\",\"valueRequired\":true,\"valueName\":\"search_term_string\"}}],\"inLanguage\":\"pt-BR\"},{\"@type\":\"Organization\",\"@id\":\"https:\\\/\\\/blogdofarnesio.com.br\\\/#organization\",\"name\":\"Blog do Farn\u00e9sio\",\"url\":\"https:\\\/\\\/blogdofarnesio.com.br\\\/\",\"logo\":{\"@type\":\"ImageObject\",\"inLanguage\":\"pt-BR\",\"@id\":\"https:\\\/\\\/blogdofarnesio.com.br\\\/#\\\/schema\\\/logo\\\/image\\\/\",\"url\":\"https:\\\/\\\/blogdofarnesio.com.br\\\/wp-content\\\/uploads\\\/2026\\\/03\\\/cropped-logo_new-1.png\",\"contentUrl\":\"https:\\\/\\\/blogdofarnesio.com.br\\\/wp-content\\\/uploads\\\/2026\\\/03\\\/cropped-logo_new-1.png\",\"width\":881,\"height\":685,\"caption\":\"Blog do Farn\u00e9sio\"},\"image\":{\"@id\":\"https:\\\/\\\/blogdofarnesio.com.br\\\/#\\\/schema\\\/logo\\\/image\\\/\"},\"sameAs\":[\"https:\\\/\\\/www.facebook.com\\\/BlogQuerSaberPolitica\\\/\"]},{\"@type\":\"Person\",\"@id\":\"https:\\\/\\\/blogdofarnesio.com.br\\\/#\\\/schema\\\/person\\\/dd1bf5eba40b687199ba45ca6b97dff9\",\"name\":\"teste\",\"image\":{\"@type\":\"ImageObject\",\"inLanguage\":\"pt-BR\",\"@id\":\"https:\\\/\\\/secure.gravatar.com\\\/avatar\\\/2172498d4914b51e1d89a0f97957b035ac4938723a5cac208135d389b6972a6d?s=96&d=mm&r=g\",\"url\":\"https:\\\/\\\/secure.gravatar.com\\\/avatar\\\/2172498d4914b51e1d89a0f97957b035ac4938723a5cac208135d389b6972a6d?s=96&d=mm&r=g\",\"contentUrl\":\"https:\\\/\\\/secure.gravatar.com\\\/avatar\\\/2172498d4914b51e1d89a0f97957b035ac4938723a5cac208135d389b6972a6d?s=96&d=mm&r=g\",\"caption\":\"teste\"},\"url\":\"https:\\\/\\\/blogdofarnesio.com.br\\\/?author=3\"}]}<\/script>\n<!-- \/ Yoast SEO plugin. -->","yoast_head_json":{"title":"ANARQUIA DE PLANT\u00c3O! - Blog do Farn\u00e9sio","robots":{"index":"index","follow":"follow","max-snippet":"max-snippet:-1","max-image-preview":"max-image-preview:large","max-video-preview":"max-video-preview:-1"},"canonical":"https:\/\/blogdofarnesio.com.br\/?p=63594","og_locale":"pt_BR","og_type":"article","og_title":"ANARQUIA DE PLANT\u00c3O! - Blog do Farn\u00e9sio","og_description":"*Geraldo Dias de Andrade \u00c9 triste, doloroso, mas infelizmente \u00e9 verdade nua e crua: o Estado jogou a toalha. Respiramos o oxig\u00eanio da instabilidade p\u00fablica, da desordem social; at\u00e9 quando? O povo n\u00e3o \u00e9 surdo nem cego para n\u00e3o ouvir nem enxergar o transtorno generalizado em que padecemos, sem esperan\u00e7a de termos a paz p\u00fablica. Somos passarinhos engaiolados n\u00e3o m\u00e3o de delinquentes cada vez mais ousados e alvo da mira de seus fuzis. Estamos sem a prote\u00e7\u00e3o do Estado, o qual deveria esquecer-se da cupidez de elei\u00e7\u00f5es e focar sua preocupa\u00e7\u00e3o na seguran\u00e7a social, porque estamos desprotegidos e porque se mata fam\u00edlias, roubam e assaltam descaradamente, como se um cigarro em plena luz do sol. Zombam galhardamente da impunidade: uma&hellip;","og_url":"https:\/\/blogdofarnesio.com.br\/?p=63594","og_site_name":"Blog do Farn\u00e9sio","article_publisher":"https:\/\/www.facebook.com\/BlogQuerSaberPolitica\/","article_published_time":"2013-11-12T16:00:25+00:00","og_image":[{"url":"http:\/\/www.quersaberpolitica.com.br\/2016\/wp-content\/uploads\/2013\/11\/blogqspANARQUIA-google-300x225.jpg","type":"","width":"","height":""}],"author":"teste","twitter_card":"summary_large_image","twitter_misc":{"Escrito por":"teste","Est. tempo de leitura":"7 minutos"},"schema":{"@context":"https:\/\/schema.org","@graph":[{"@type":"Article","@id":"https:\/\/blogdofarnesio.com.br\/?p=63594#article","isPartOf":{"@id":"https:\/\/blogdofarnesio.com.br\/?p=63594"},"author":{"name":"teste","@id":"https:\/\/blogdofarnesio.com.br\/#\/schema\/person\/dd1bf5eba40b687199ba45ca6b97dff9"},"headline":"ANARQUIA DE PLANT\u00c3O!","datePublished":"2013-11-12T16:00:25+00:00","mainEntityOfPage":{"@id":"https:\/\/blogdofarnesio.com.br\/?p=63594"},"wordCount":1423,"commentCount":0,"publisher":{"@id":"https:\/\/blogdofarnesio.com.br\/#organization"},"image":{"@id":"https:\/\/blogdofarnesio.com.br\/?p=63594#primaryimage"},"thumbnailUrl":"http:\/\/www.quersaberpolitica.com.br\/2016\/wp-content\/uploads\/2013\/11\/blogqspANARQUIA-google-300x225.jpg","articleSection":["Artigo"],"inLanguage":"pt-BR","potentialAction":[{"@type":"CommentAction","name":"Comment","target":["https:\/\/blogdofarnesio.com.br\/?p=63594#respond"]}]},{"@type":"WebPage","@id":"https:\/\/blogdofarnesio.com.br\/?p=63594","url":"https:\/\/blogdofarnesio.com.br\/?p=63594","name":"ANARQUIA DE PLANT\u00c3O! - Blog do Farn\u00e9sio","isPartOf":{"@id":"https:\/\/blogdofarnesio.com.br\/#website"},"primaryImageOfPage":{"@id":"https:\/\/blogdofarnesio.com.br\/?p=63594#primaryimage"},"image":{"@id":"https:\/\/blogdofarnesio.com.br\/?p=63594#primaryimage"},"thumbnailUrl":"http:\/\/www.quersaberpolitica.com.br\/2016\/wp-content\/uploads\/2013\/11\/blogqspANARQUIA-google-300x225.jpg","datePublished":"2013-11-12T16:00:25+00:00","breadcrumb":{"@id":"https:\/\/blogdofarnesio.com.br\/?p=63594#breadcrumb"},"inLanguage":"pt-BR","potentialAction":[{"@type":"ReadAction","target":["https:\/\/blogdofarnesio.com.br\/?p=63594"]}]},{"@type":"ImageObject","inLanguage":"pt-BR","@id":"https:\/\/blogdofarnesio.com.br\/?p=63594#primaryimage","url":"http:\/\/www.quersaberpolitica.com.br\/2016\/wp-content\/uploads\/2013\/11\/blogqspANARQUIA-google-300x225.jpg","contentUrl":"http:\/\/www.quersaberpolitica.com.br\/2016\/wp-content\/uploads\/2013\/11\/blogqspANARQUIA-google-300x225.jpg"},{"@type":"BreadcrumbList","@id":"https:\/\/blogdofarnesio.com.br\/?p=63594#breadcrumb","itemListElement":[{"@type":"ListItem","position":1,"name":"In\u00edcio","item":"https:\/\/blogdofarnesio.com.br\/"},{"@type":"ListItem","position":2,"name":"ANARQUIA DE PLANT\u00c3O!"}]},{"@type":"WebSite","@id":"https:\/\/blogdofarnesio.com.br\/#website","url":"https:\/\/blogdofarnesio.com.br\/","name":"Blog do Farn\u00e9sio","description":"Quer Saber Pol\u00edtica?","publisher":{"@id":"https:\/\/blogdofarnesio.com.br\/#organization"},"potentialAction":[{"@type":"SearchAction","target":{"@type":"EntryPoint","urlTemplate":"https:\/\/blogdofarnesio.com.br\/?s={search_term_string}"},"query-input":{"@type":"PropertyValueSpecification","valueRequired":true,"valueName":"search_term_string"}}],"inLanguage":"pt-BR"},{"@type":"Organization","@id":"https:\/\/blogdofarnesio.com.br\/#organization","name":"Blog do Farn\u00e9sio","url":"https:\/\/blogdofarnesio.com.br\/","logo":{"@type":"ImageObject","inLanguage":"pt-BR","@id":"https:\/\/blogdofarnesio.com.br\/#\/schema\/logo\/image\/","url":"https:\/\/blogdofarnesio.com.br\/wp-content\/uploads\/2026\/03\/cropped-logo_new-1.png","contentUrl":"https:\/\/blogdofarnesio.com.br\/wp-content\/uploads\/2026\/03\/cropped-logo_new-1.png","width":881,"height":685,"caption":"Blog do Farn\u00e9sio"},"image":{"@id":"https:\/\/blogdofarnesio.com.br\/#\/schema\/logo\/image\/"},"sameAs":["https:\/\/www.facebook.com\/BlogQuerSaberPolitica\/"]},{"@type":"Person","@id":"https:\/\/blogdofarnesio.com.br\/#\/schema\/person\/dd1bf5eba40b687199ba45ca6b97dff9","name":"teste","image":{"@type":"ImageObject","inLanguage":"pt-BR","@id":"https:\/\/secure.gravatar.com\/avatar\/2172498d4914b51e1d89a0f97957b035ac4938723a5cac208135d389b6972a6d?s=96&d=mm&r=g","url":"https:\/\/secure.gravatar.com\/avatar\/2172498d4914b51e1d89a0f97957b035ac4938723a5cac208135d389b6972a6d?s=96&d=mm&r=g","contentUrl":"https:\/\/secure.gravatar.com\/avatar\/2172498d4914b51e1d89a0f97957b035ac4938723a5cac208135d389b6972a6d?s=96&d=mm&r=g","caption":"teste"},"url":"https:\/\/blogdofarnesio.com.br\/?author=3"}]}},"_links":{"self":[{"href":"https:\/\/blogdofarnesio.com.br\/index.php?rest_route=\/wp\/v2\/posts\/63594","targetHints":{"allow":["GET"]}}],"collection":[{"href":"https:\/\/blogdofarnesio.com.br\/index.php?rest_route=\/wp\/v2\/posts"}],"about":[{"href":"https:\/\/blogdofarnesio.com.br\/index.php?rest_route=\/wp\/v2\/types\/post"}],"author":[{"embeddable":true,"href":"https:\/\/blogdofarnesio.com.br\/index.php?rest_route=\/wp\/v2\/users\/3"}],"replies":[{"embeddable":true,"href":"https:\/\/blogdofarnesio.com.br\/index.php?rest_route=%2Fwp%2Fv2%2Fcomments&post=63594"}],"version-history":[{"count":0,"href":"https:\/\/blogdofarnesio.com.br\/index.php?rest_route=\/wp\/v2\/posts\/63594\/revisions"}],"wp:attachment":[{"href":"https:\/\/blogdofarnesio.com.br\/index.php?rest_route=%2Fwp%2Fv2%2Fmedia&parent=63594"}],"wp:term":[{"taxonomy":"category","embeddable":true,"href":"https:\/\/blogdofarnesio.com.br\/index.php?rest_route=%2Fwp%2Fv2%2Fcategories&post=63594"},{"taxonomy":"post_tag","embeddable":true,"href":"https:\/\/blogdofarnesio.com.br\/index.php?rest_route=%2Fwp%2Fv2%2Ftags&post=63594"}],"curies":[{"name":"wp","href":"https:\/\/api.w.org\/{rel}","templated":true}]}}