{"id":63561,"date":"2013-11-11T21:00:12","date_gmt":"2013-11-12T00:00:12","guid":{"rendered":"http:\/\/www.quersaberpolitica.com.br\/?p=63561"},"modified":"2013-11-11T20:22:57","modified_gmt":"2013-11-11T23:22:57","slug":"em-recepcao-a-medicos-cubanos-lossio-falou-dos-desafios-e-cuidados-para-a-saude-das-pessoas","status":"publish","type":"post","link":"https:\/\/blogdofarnesio.com.br\/?p=63561","title":{"rendered":"EM RECEP\u00c7\u00c3O A  M\u00c9DICOS CUBANOS, LOSSIO FALOU DOS DESAFIOS E CUIDADOS PARA A SA\u00daDE DAS PESSOAS"},"content":{"rendered":"<p style=\"text-align: justify\"><a href=\"http:\/\/www.quersaberpolitica.com.br\/2016\/wp-content\/uploads\/2013\/11\/prefeito-recepciona-m\u00e9dicos-cubaos.jpg\"><img loading=\"lazy\" decoding=\"async\" class=\"alignleft size-full wp-image-63562\" alt=\"BLOGQSP.prefeitoCUBANOS\" src=\"http:\/\/www.quersaberpolitica.com.br\/2016\/wp-content\/uploads\/2013\/11\/prefeito-recepciona-m\u00e9dicos-cubaos.jpg\" width=\"221\" height=\"166\" \/><\/a>No \u00faltimo fim de semana,\u00a0\u00a0o prefeito de Petrolina, Julio Lossio, e a secret\u00e1ria de Sa\u00fade do munic\u00edpio, Lucia Giesta, recepcionaram os seis novos m\u00e9dicos intercambistas cubanos que vieram somar esfor\u00e7os na aten\u00e7\u00e3o\u00a0b\u00e1sica\u00a0e no cuidado \u00e0 sa\u00fade\u00a0das pessoas deste munic\u00edpio.<\/p>\n<p style=\"text-align: justify\">Em um caf\u00e9 da manh\u00e3 bastante propositivo, o prefeito de Petrolina, deu as \u201cboas vindas\u201d a cada um dos profissionais e falou sobre os avan\u00e7os da gest\u00e3o municipal com o Programa Mais M\u00e9dicos para o Brasil. \u201cPetrolina vive um novo momento, somos o munic\u00edpio entre as cidade de m\u00e9dio e grande porte com a maior cobertura nos programas de Sa\u00fade da Fam\u00edlia, e agora conseguimos ampliar ainda mais essa cobertura\u00a0com a chegada de\u00a0voc\u00eas\u201d, disse o prefeito.<\/p>\n<p style=\"text-align: justify\">Na ocasi\u00e3o, o gestor agradeceu aos m\u00e9dicos por estarem juntos na miss\u00e3o humanizada de salvar vidas, falou sobre os desafios da medicina comunit\u00e1ria em levar sa\u00fade de qualidade a cada uma das fam\u00edlias petrolinenses e mostrou os avan\u00e7os de Petrolina na aten\u00e7\u00e3o a sa\u00fade das pessoas.<!--more--><\/p>\n<p style=\"text-align: justify\">\u201cReestruturamos toda a nossa aten\u00e7\u00e3o b\u00e1sica, visualizamos quais eram as principais e imediatas necessidades para que cada pessoa pudesse viver com sa\u00fade e\u00a0ampliasse sua expectativa de vida saud\u00e1vel.\u00a0Investimos intensamente em um novo projeto, as AME\u2019s Atendimento Multiprofissional Especializado, uma rede de unidades de sa\u00fade modernas, totalmente equipadas, e que efetivamente oferecessem um servi\u00e7o de excel\u00eancia para as pessoas\u201d, explicou\u00a0\u00a0Julio Lossio.<\/p>\n<p style=\"text-align: justify\">A m\u00e9dica cubana, Amarilys Matos, h\u00e1 13 anos trabalhando nos programas de sa\u00fade nas comunidades internacionais, fala sobre sua chegada \u00e0 Petrolina e refor\u00e7a o compromisso em cuidar da sa\u00fade de todos e todas.\u00a0 \u201cO nosso dever \u00e9 levar sa\u00fade de qualidade para todo o territ\u00f3rio de Petrolina, atender a comunidade com servi\u00e7os de sa\u00fade e fazer parte dessa gest\u00e3o que \u00e9, hoje, refer\u00eancia para todo o estado, \u00e9 para isso que estamos aqui,\u201d concluiu a intercambista.<\/p>\n<p style=\"text-align: justify\">A secret\u00e1ria de Sa\u00fade do Munic\u00edpio, Lucia Giesta, trouxe as expectativas dos novos m\u00e9dicos com a aten\u00e7\u00e3o \u00e0 sa\u00fade das comunidades e orientou os profissionais sobre a import\u00e2ncia em estarem empenhados no compromisso com a sa\u00fade p\u00fablica. \u201cAssumimos o compromisso de cuidar da sa\u00fade das pessoas, da sede e do interior de Petrolina, temos que oferecer um servi\u00e7o de sa\u00fade acolhedor, humanizado e digno para as fam\u00edlias que procuram nossas unidades\u00a0b\u00e1sicas\u201d, afirmou.<\/p>\n<p style=\"text-align: justify\"><strong>Texto e fotos: Aur\u00edlio Marcos<\/strong><\/p>\n","protected":false},"excerpt":{"rendered":"<p>No \u00faltimo fim de semana,\u00a0\u00a0o prefeito de Petrolina, Julio Lossio, e a secret\u00e1ria de Sa\u00fade do munic\u00edpio, Lucia Giesta, recepcionaram os seis novos m\u00e9dicos intercambistas cubanos que vieram somar esfor\u00e7os na aten\u00e7\u00e3o\u00a0b\u00e1sica\u00a0e no cuidado \u00e0 sa\u00fade\u00a0das pessoas deste munic\u00edpio. Em um caf\u00e9 da manh\u00e3 bastante propositivo, o prefeito de Petrolina, deu as \u201cboas vindas\u201d a cada um dos profissionais e falou sobre os avan\u00e7os da gest\u00e3o municipal com o Programa Mais M\u00e9dicos para o Brasil. \u201cPetrolina vive um novo momento, somos o munic\u00edpio entre as cidade de m\u00e9dio e grande porte com a maior cobertura nos programas de Sa\u00fade da Fam\u00edlia, e agora conseguimos ampliar ainda mais essa cobertura\u00a0com a chegada de\u00a0voc\u00eas\u201d, disse o prefeito. Na ocasi\u00e3o, o gestor agradeceu&hellip; <\/p>\n","protected":false},"author":3,"featured_media":0,"comment_status":"open","ping_status":"open","sticky":false,"template":"","format":"standard","meta":{"_acf_changed":false,"footnotes":""},"categories":[4],"tags":[],"class_list":["post-63561","post","type-post","status-publish","format-standard","hentry","category-saude"],"acf":[],"yoast_head":"<!-- This site is optimized with the Yoast SEO plugin v27.4 - https:\/\/yoast.com\/product\/yoast-seo-wordpress\/ -->\n<title>EM RECEP\u00c7\u00c3O A M\u00c9DICOS CUBANOS, LOSSIO FALOU DOS DESAFIOS E CUIDADOS PARA A SA\u00daDE DAS PESSOAS - Blog do Farn\u00e9sio<\/title>\n<meta name=\"robots\" content=\"index, follow, max-snippet:-1, max-image-preview:large, max-video-preview:-1\" \/>\n<link rel=\"canonical\" href=\"https:\/\/blogdofarnesio.com.br\/?p=63561\" \/>\n<meta property=\"og:locale\" content=\"pt_BR\" \/>\n<meta property=\"og:type\" content=\"article\" \/>\n<meta property=\"og:title\" content=\"EM RECEP\u00c7\u00c3O A M\u00c9DICOS CUBANOS, LOSSIO FALOU DOS DESAFIOS E CUIDADOS PARA A SA\u00daDE DAS PESSOAS - Blog do Farn\u00e9sio\" \/>\n<meta property=\"og:description\" content=\"No \u00faltimo fim de semana,\u00a0\u00a0o prefeito de Petrolina, Julio Lossio, e a secret\u00e1ria de Sa\u00fade do munic\u00edpio, Lucia Giesta, recepcionaram os seis novos m\u00e9dicos intercambistas cubanos que vieram somar esfor\u00e7os na aten\u00e7\u00e3o\u00a0b\u00e1sica\u00a0e no cuidado \u00e0 sa\u00fade\u00a0das pessoas deste munic\u00edpio. Em um caf\u00e9 da manh\u00e3 bastante propositivo, o prefeito de Petrolina, deu as \u201cboas vindas\u201d a cada um dos profissionais e falou sobre os avan\u00e7os da gest\u00e3o municipal com o Programa Mais M\u00e9dicos para o Brasil. \u201cPetrolina vive um novo momento, somos o munic\u00edpio entre as cidade de m\u00e9dio e grande porte com a maior cobertura nos programas de Sa\u00fade da Fam\u00edlia, e agora conseguimos ampliar ainda mais essa cobertura\u00a0com a chegada de\u00a0voc\u00eas\u201d, disse o prefeito. Na ocasi\u00e3o, o gestor agradeceu&hellip;\" \/>\n<meta property=\"og:url\" content=\"https:\/\/blogdofarnesio.com.br\/?p=63561\" \/>\n<meta property=\"og:site_name\" content=\"Blog do Farn\u00e9sio\" \/>\n<meta property=\"article:publisher\" content=\"https:\/\/www.facebook.com\/BlogQuerSaberPolitica\/\" \/>\n<meta property=\"article:published_time\" content=\"2013-11-12T00:00:12+00:00\" \/>\n<meta name=\"author\" content=\"teste\" \/>\n<meta name=\"twitter:card\" content=\"summary_large_image\" \/>\n<meta name=\"twitter:label1\" content=\"Escrito por\" \/>\n\t<meta name=\"twitter:data1\" content=\"teste\" \/>\n\t<meta name=\"twitter:label2\" content=\"Est. tempo de leitura\" \/>\n\t<meta name=\"twitter:data2\" content=\"2 minutos\" \/>\n<script type=\"application\/ld+json\" class=\"yoast-schema-graph\">{\"@context\":\"https:\\\/\\\/schema.org\",\"@graph\":[{\"@type\":\"Article\",\"@id\":\"https:\\\/\\\/blogdofarnesio.com.br\\\/?p=63561#article\",\"isPartOf\":{\"@id\":\"https:\\\/\\\/blogdofarnesio.com.br\\\/?p=63561\"},\"author\":{\"name\":\"teste\",\"@id\":\"https:\\\/\\\/blogdofarnesio.com.br\\\/#\\\/schema\\\/person\\\/dd1bf5eba40b687199ba45ca6b97dff9\"},\"headline\":\"EM RECEP\u00c7\u00c3O A M\u00c9DICOS CUBANOS, LOSSIO FALOU DOS DESAFIOS E CUIDADOS PARA A SA\u00daDE DAS PESSOAS\",\"datePublished\":\"2013-11-12T00:00:12+00:00\",\"mainEntityOfPage\":{\"@id\":\"https:\\\/\\\/blogdofarnesio.com.br\\\/?p=63561\"},\"wordCount\":456,\"commentCount\":0,\"publisher\":{\"@id\":\"https:\\\/\\\/blogdofarnesio.com.br\\\/#organization\"},\"articleSection\":[\"Sa\u00fade\"],\"inLanguage\":\"pt-BR\",\"potentialAction\":[{\"@type\":\"CommentAction\",\"name\":\"Comment\",\"target\":[\"https:\\\/\\\/blogdofarnesio.com.br\\\/?p=63561#respond\"]}]},{\"@type\":\"WebPage\",\"@id\":\"https:\\\/\\\/blogdofarnesio.com.br\\\/?p=63561\",\"url\":\"https:\\\/\\\/blogdofarnesio.com.br\\\/?p=63561\",\"name\":\"EM RECEP\u00c7\u00c3O A M\u00c9DICOS CUBANOS, LOSSIO FALOU DOS DESAFIOS E CUIDADOS PARA A SA\u00daDE DAS PESSOAS - Blog do Farn\u00e9sio\",\"isPartOf\":{\"@id\":\"https:\\\/\\\/blogdofarnesio.com.br\\\/#website\"},\"datePublished\":\"2013-11-12T00:00:12+00:00\",\"breadcrumb\":{\"@id\":\"https:\\\/\\\/blogdofarnesio.com.br\\\/?p=63561#breadcrumb\"},\"inLanguage\":\"pt-BR\",\"potentialAction\":[{\"@type\":\"ReadAction\",\"target\":[\"https:\\\/\\\/blogdofarnesio.com.br\\\/?p=63561\"]}]},{\"@type\":\"BreadcrumbList\",\"@id\":\"https:\\\/\\\/blogdofarnesio.com.br\\\/?p=63561#breadcrumb\",\"itemListElement\":[{\"@type\":\"ListItem\",\"position\":1,\"name\":\"In\u00edcio\",\"item\":\"https:\\\/\\\/blogdofarnesio.com.br\\\/\"},{\"@type\":\"ListItem\",\"position\":2,\"name\":\"EM RECEP\u00c7\u00c3O A M\u00c9DICOS CUBANOS, LOSSIO FALOU DOS DESAFIOS E CUIDADOS PARA A SA\u00daDE DAS PESSOAS\"}]},{\"@type\":\"WebSite\",\"@id\":\"https:\\\/\\\/blogdofarnesio.com.br\\\/#website\",\"url\":\"https:\\\/\\\/blogdofarnesio.com.br\\\/\",\"name\":\"Blog do Farn\u00e9sio\",\"description\":\"Quer Saber Pol\u00edtica?\",\"publisher\":{\"@id\":\"https:\\\/\\\/blogdofarnesio.com.br\\\/#organization\"},\"potentialAction\":[{\"@type\":\"SearchAction\",\"target\":{\"@type\":\"EntryPoint\",\"urlTemplate\":\"https:\\\/\\\/blogdofarnesio.com.br\\\/?s={search_term_string}\"},\"query-input\":{\"@type\":\"PropertyValueSpecification\",\"valueRequired\":true,\"valueName\":\"search_term_string\"}}],\"inLanguage\":\"pt-BR\"},{\"@type\":\"Organization\",\"@id\":\"https:\\\/\\\/blogdofarnesio.com.br\\\/#organization\",\"name\":\"Blog do Farn\u00e9sio\",\"url\":\"https:\\\/\\\/blogdofarnesio.com.br\\\/\",\"logo\":{\"@type\":\"ImageObject\",\"inLanguage\":\"pt-BR\",\"@id\":\"https:\\\/\\\/blogdofarnesio.com.br\\\/#\\\/schema\\\/logo\\\/image\\\/\",\"url\":\"https:\\\/\\\/blogdofarnesio.com.br\\\/wp-content\\\/uploads\\\/2026\\\/03\\\/cropped-logo_new-1.png\",\"contentUrl\":\"https:\\\/\\\/blogdofarnesio.com.br\\\/wp-content\\\/uploads\\\/2026\\\/03\\\/cropped-logo_new-1.png\",\"width\":881,\"height\":685,\"caption\":\"Blog do Farn\u00e9sio\"},\"image\":{\"@id\":\"https:\\\/\\\/blogdofarnesio.com.br\\\/#\\\/schema\\\/logo\\\/image\\\/\"},\"sameAs\":[\"https:\\\/\\\/www.facebook.com\\\/BlogQuerSaberPolitica\\\/\"]},{\"@type\":\"Person\",\"@id\":\"https:\\\/\\\/blogdofarnesio.com.br\\\/#\\\/schema\\\/person\\\/dd1bf5eba40b687199ba45ca6b97dff9\",\"name\":\"teste\",\"image\":{\"@type\":\"ImageObject\",\"inLanguage\":\"pt-BR\",\"@id\":\"https:\\\/\\\/secure.gravatar.com\\\/avatar\\\/2172498d4914b51e1d89a0f97957b035ac4938723a5cac208135d389b6972a6d?s=96&d=mm&r=g\",\"url\":\"https:\\\/\\\/secure.gravatar.com\\\/avatar\\\/2172498d4914b51e1d89a0f97957b035ac4938723a5cac208135d389b6972a6d?s=96&d=mm&r=g\",\"contentUrl\":\"https:\\\/\\\/secure.gravatar.com\\\/avatar\\\/2172498d4914b51e1d89a0f97957b035ac4938723a5cac208135d389b6972a6d?s=96&d=mm&r=g\",\"caption\":\"teste\"},\"url\":\"https:\\\/\\\/blogdofarnesio.com.br\\\/?author=3\"}]}<\/script>\n<!-- \/ Yoast SEO plugin. -->","yoast_head_json":{"title":"EM RECEP\u00c7\u00c3O A M\u00c9DICOS CUBANOS, LOSSIO FALOU DOS DESAFIOS E CUIDADOS PARA A SA\u00daDE DAS PESSOAS - Blog do Farn\u00e9sio","robots":{"index":"index","follow":"follow","max-snippet":"max-snippet:-1","max-image-preview":"max-image-preview:large","max-video-preview":"max-video-preview:-1"},"canonical":"https:\/\/blogdofarnesio.com.br\/?p=63561","og_locale":"pt_BR","og_type":"article","og_title":"EM RECEP\u00c7\u00c3O A M\u00c9DICOS CUBANOS, LOSSIO FALOU DOS DESAFIOS E CUIDADOS PARA A SA\u00daDE DAS PESSOAS - Blog do Farn\u00e9sio","og_description":"No \u00faltimo fim de semana,\u00a0\u00a0o prefeito de Petrolina, Julio Lossio, e a secret\u00e1ria de Sa\u00fade do munic\u00edpio, Lucia Giesta, recepcionaram os seis novos m\u00e9dicos intercambistas cubanos que vieram somar esfor\u00e7os na aten\u00e7\u00e3o\u00a0b\u00e1sica\u00a0e no cuidado \u00e0 sa\u00fade\u00a0das pessoas deste munic\u00edpio. Em um caf\u00e9 da manh\u00e3 bastante propositivo, o prefeito de Petrolina, deu as \u201cboas vindas\u201d a cada um dos profissionais e falou sobre os avan\u00e7os da gest\u00e3o municipal com o Programa Mais M\u00e9dicos para o Brasil. \u201cPetrolina vive um novo momento, somos o munic\u00edpio entre as cidade de m\u00e9dio e grande porte com a maior cobertura nos programas de Sa\u00fade da Fam\u00edlia, e agora conseguimos ampliar ainda mais essa cobertura\u00a0com a chegada de\u00a0voc\u00eas\u201d, disse o prefeito. Na ocasi\u00e3o, o gestor agradeceu&hellip;","og_url":"https:\/\/blogdofarnesio.com.br\/?p=63561","og_site_name":"Blog do Farn\u00e9sio","article_publisher":"https:\/\/www.facebook.com\/BlogQuerSaberPolitica\/","article_published_time":"2013-11-12T00:00:12+00:00","author":"teste","twitter_card":"summary_large_image","twitter_misc":{"Escrito por":"teste","Est. tempo de leitura":"2 minutos"},"schema":{"@context":"https:\/\/schema.org","@graph":[{"@type":"Article","@id":"https:\/\/blogdofarnesio.com.br\/?p=63561#article","isPartOf":{"@id":"https:\/\/blogdofarnesio.com.br\/?p=63561"},"author":{"name":"teste","@id":"https:\/\/blogdofarnesio.com.br\/#\/schema\/person\/dd1bf5eba40b687199ba45ca6b97dff9"},"headline":"EM RECEP\u00c7\u00c3O A M\u00c9DICOS CUBANOS, LOSSIO FALOU DOS DESAFIOS E CUIDADOS PARA A SA\u00daDE DAS PESSOAS","datePublished":"2013-11-12T00:00:12+00:00","mainEntityOfPage":{"@id":"https:\/\/blogdofarnesio.com.br\/?p=63561"},"wordCount":456,"commentCount":0,"publisher":{"@id":"https:\/\/blogdofarnesio.com.br\/#organization"},"articleSection":["Sa\u00fade"],"inLanguage":"pt-BR","potentialAction":[{"@type":"CommentAction","name":"Comment","target":["https:\/\/blogdofarnesio.com.br\/?p=63561#respond"]}]},{"@type":"WebPage","@id":"https:\/\/blogdofarnesio.com.br\/?p=63561","url":"https:\/\/blogdofarnesio.com.br\/?p=63561","name":"EM RECEP\u00c7\u00c3O A M\u00c9DICOS CUBANOS, LOSSIO FALOU DOS DESAFIOS E CUIDADOS PARA A SA\u00daDE DAS PESSOAS - Blog do Farn\u00e9sio","isPartOf":{"@id":"https:\/\/blogdofarnesio.com.br\/#website"},"datePublished":"2013-11-12T00:00:12+00:00","breadcrumb":{"@id":"https:\/\/blogdofarnesio.com.br\/?p=63561#breadcrumb"},"inLanguage":"pt-BR","potentialAction":[{"@type":"ReadAction","target":["https:\/\/blogdofarnesio.com.br\/?p=63561"]}]},{"@type":"BreadcrumbList","@id":"https:\/\/blogdofarnesio.com.br\/?p=63561#breadcrumb","itemListElement":[{"@type":"ListItem","position":1,"name":"In\u00edcio","item":"https:\/\/blogdofarnesio.com.br\/"},{"@type":"ListItem","position":2,"name":"EM RECEP\u00c7\u00c3O A M\u00c9DICOS CUBANOS, LOSSIO FALOU DOS DESAFIOS E CUIDADOS PARA A SA\u00daDE DAS PESSOAS"}]},{"@type":"WebSite","@id":"https:\/\/blogdofarnesio.com.br\/#website","url":"https:\/\/blogdofarnesio.com.br\/","name":"Blog do Farn\u00e9sio","description":"Quer Saber Pol\u00edtica?","publisher":{"@id":"https:\/\/blogdofarnesio.com.br\/#organization"},"potentialAction":[{"@type":"SearchAction","target":{"@type":"EntryPoint","urlTemplate":"https:\/\/blogdofarnesio.com.br\/?s={search_term_string}"},"query-input":{"@type":"PropertyValueSpecification","valueRequired":true,"valueName":"search_term_string"}}],"inLanguage":"pt-BR"},{"@type":"Organization","@id":"https:\/\/blogdofarnesio.com.br\/#organization","name":"Blog do Farn\u00e9sio","url":"https:\/\/blogdofarnesio.com.br\/","logo":{"@type":"ImageObject","inLanguage":"pt-BR","@id":"https:\/\/blogdofarnesio.com.br\/#\/schema\/logo\/image\/","url":"https:\/\/blogdofarnesio.com.br\/wp-content\/uploads\/2026\/03\/cropped-logo_new-1.png","contentUrl":"https:\/\/blogdofarnesio.com.br\/wp-content\/uploads\/2026\/03\/cropped-logo_new-1.png","width":881,"height":685,"caption":"Blog do Farn\u00e9sio"},"image":{"@id":"https:\/\/blogdofarnesio.com.br\/#\/schema\/logo\/image\/"},"sameAs":["https:\/\/www.facebook.com\/BlogQuerSaberPolitica\/"]},{"@type":"Person","@id":"https:\/\/blogdofarnesio.com.br\/#\/schema\/person\/dd1bf5eba40b687199ba45ca6b97dff9","name":"teste","image":{"@type":"ImageObject","inLanguage":"pt-BR","@id":"https:\/\/secure.gravatar.com\/avatar\/2172498d4914b51e1d89a0f97957b035ac4938723a5cac208135d389b6972a6d?s=96&d=mm&r=g","url":"https:\/\/secure.gravatar.com\/avatar\/2172498d4914b51e1d89a0f97957b035ac4938723a5cac208135d389b6972a6d?s=96&d=mm&r=g","contentUrl":"https:\/\/secure.gravatar.com\/avatar\/2172498d4914b51e1d89a0f97957b035ac4938723a5cac208135d389b6972a6d?s=96&d=mm&r=g","caption":"teste"},"url":"https:\/\/blogdofarnesio.com.br\/?author=3"}]}},"_links":{"self":[{"href":"https:\/\/blogdofarnesio.com.br\/index.php?rest_route=\/wp\/v2\/posts\/63561","targetHints":{"allow":["GET"]}}],"collection":[{"href":"https:\/\/blogdofarnesio.com.br\/index.php?rest_route=\/wp\/v2\/posts"}],"about":[{"href":"https:\/\/blogdofarnesio.com.br\/index.php?rest_route=\/wp\/v2\/types\/post"}],"author":[{"embeddable":true,"href":"https:\/\/blogdofarnesio.com.br\/index.php?rest_route=\/wp\/v2\/users\/3"}],"replies":[{"embeddable":true,"href":"https:\/\/blogdofarnesio.com.br\/index.php?rest_route=%2Fwp%2Fv2%2Fcomments&post=63561"}],"version-history":[{"count":0,"href":"https:\/\/blogdofarnesio.com.br\/index.php?rest_route=\/wp\/v2\/posts\/63561\/revisions"}],"wp:attachment":[{"href":"https:\/\/blogdofarnesio.com.br\/index.php?rest_route=%2Fwp%2Fv2%2Fmedia&parent=63561"}],"wp:term":[{"taxonomy":"category","embeddable":true,"href":"https:\/\/blogdofarnesio.com.br\/index.php?rest_route=%2Fwp%2Fv2%2Fcategories&post=63561"},{"taxonomy":"post_tag","embeddable":true,"href":"https:\/\/blogdofarnesio.com.br\/index.php?rest_route=%2Fwp%2Fv2%2Ftags&post=63561"}],"curies":[{"name":"wp","href":"https:\/\/api.w.org\/{rel}","templated":true}]}}