{"id":63482,"date":"2013-11-11T12:07:36","date_gmt":"2013-11-11T15:07:36","guid":{"rendered":"http:\/\/www.quersaberpolitica.com.br\/?p=63482"},"modified":"2013-11-10T23:19:31","modified_gmt":"2013-11-11T02:19:31","slug":"osvaldo-coelho-x-fbc","status":"publish","type":"post","link":"https:\/\/blogdofarnesio.com.br\/?p=63482","title":{"rendered":"OSVALDO COELHO  X  FBC"},"content":{"rendered":"<h3 style=\"text-align: center\"><strong><span style=\"color: #000000\"><a href=\"http:\/\/www.jornalgazzetadosertao.com\/2013\/11\/a-briga-do-cla-e-por-petrolina.html\"><span style=\"color: #000000\">A briga do cl\u00e3 \u00e9 por Petrolina<\/span><\/a><\/span><\/strong><\/h3>\n<div style=\"text-align: justify\"><\/div>\n<div id=\"post-body-4316097715801164542\" style=\"text-align: justify\">\n<div><a href=\"http:\/\/www.quersaberpolitica.com.br\/2016\/wp-content\/uploads\/2013\/10\/MG_4218.jpg\"><img loading=\"lazy\" decoding=\"async\" class=\"alignright  wp-image-61109\" alt=\"blogqsp.fbc\" src=\"http:\/\/www.quersaberpolitica.com.br\/2016\/wp-content\/uploads\/2013\/10\/MG_4218.jpg\" width=\"240\" height=\"160\" \/><\/a><a href=\"http:\/\/www.quersaberpolitica.com.br\/2016\/wp-content\/uploads\/2013\/07\/blogqsposvaldo01.jpg\"><img loading=\"lazy\" decoding=\"async\" class=\"alignleft  wp-image-51250\" alt=\"blogqsposvaldo01\" src=\"http:\/\/www.quersaberpolitica.com.br\/2016\/wp-content\/uploads\/2013\/07\/blogqsposvaldo01.jpg\" width=\"207\" height=\"155\" \/><\/a>Desde que o ex-governador Nilo Coelho morreu, em 1983, a fam\u00edlia se dividiu pol\u00edtica e economicamente e nunca mais se reunificou.<\/div>\n<div><\/div>\n<div>Era, antes da divis\u00e3o, o maior grupo econ\u00f4mico de Petrolina e um dos maiores de Pernambuco, com 23 empresas. O marco da divis\u00e3o foi a elei\u00e7\u00e3o de Miguel Arraes para governador em 1986.<\/div>\n<div><\/div>\n<div>Paulo Coelho e seu filho, Fernando, o apoiaram, ao passo que Osvaldo e os outros irm\u00e3os ficaram com Jos\u00e9 M\u00facio, que perdeu a elei\u00e7\u00e3o.<\/div>\n<div><\/div>\n<div>Hoje, a disputa se d\u00e1 entre o ex-deputado Osvaldo Coelho e seu sobrinho, Fernando, ex-ministro da Integra\u00e7\u00e3o Nacional. E o motivo foi a celebra\u00e7\u00e3o de uma Parceria P\u00fablico-Privada para explorar \u00e1reas irrig\u00e1veis no Sert\u00e3o do S\u00e3o Francisco.<\/div>\n<div><\/div>\n<div>Osvaldo defende que a Uni\u00e3o banque os projetos, ao passo que o ex-ministro apoia a decis\u00e3o do governo federal de ampliar as \u00e1reas irrig\u00e1veis por meio de PPP\u2019s. \u00c9 uma briga diferente porque seu foco principal \u00e9 quem faz mais por Petrolina.desistir em favor dela\u201d.<strong>\u00a0<\/strong><\/div>\n<div><strong>(Coluna Pinga Fogo-Jornalista Inaldo Sampaio)<\/strong><\/div>\n<\/div>\n","protected":false},"excerpt":{"rendered":"<p>A briga do cl\u00e3 \u00e9 por Petrolina Desde que o ex-governador Nilo Coelho morreu, em 1983, a fam\u00edlia se dividiu pol\u00edtica e economicamente e nunca mais se reunificou. Era, antes da divis\u00e3o, o maior grupo econ\u00f4mico de Petrolina e um dos maiores de Pernambuco, com 23 empresas. O marco da divis\u00e3o foi a elei\u00e7\u00e3o de Miguel Arraes para governador em 1986. Paulo Coelho e seu filho, Fernando, o apoiaram, ao passo que Osvaldo e os outros irm\u00e3os ficaram com Jos\u00e9 M\u00facio, que perdeu a elei\u00e7\u00e3o. Hoje, a disputa se d\u00e1 entre o ex-deputado Osvaldo Coelho e seu sobrinho, Fernando, ex-ministro da Integra\u00e7\u00e3o Nacional. E o motivo foi a celebra\u00e7\u00e3o de uma Parceria P\u00fablico-Privada para explorar \u00e1reas irrig\u00e1veis no Sert\u00e3o do&hellip; <\/p>\n","protected":false},"author":3,"featured_media":0,"comment_status":"open","ping_status":"open","sticky":false,"template":"","format":"standard","meta":{"_acf_changed":false,"footnotes":""},"categories":[30],"tags":[],"class_list":["post-63482","post","type-post","status-publish","format-standard","hentry","category-artigo"],"acf":[],"yoast_head":"<!-- This site is optimized with the Yoast SEO plugin v27.4 - https:\/\/yoast.com\/product\/yoast-seo-wordpress\/ -->\n<title>OSVALDO COELHO X FBC - Blog do Farn\u00e9sio<\/title>\n<meta name=\"robots\" content=\"index, follow, max-snippet:-1, max-image-preview:large, max-video-preview:-1\" \/>\n<link rel=\"canonical\" href=\"https:\/\/blogdofarnesio.com.br\/?p=63482\" \/>\n<meta property=\"og:locale\" content=\"pt_BR\" \/>\n<meta property=\"og:type\" content=\"article\" \/>\n<meta property=\"og:title\" content=\"OSVALDO COELHO X FBC - Blog do Farn\u00e9sio\" \/>\n<meta property=\"og:description\" content=\"A briga do cl\u00e3 \u00e9 por Petrolina Desde que o ex-governador Nilo Coelho morreu, em 1983, a fam\u00edlia se dividiu pol\u00edtica e economicamente e nunca mais se reunificou. Era, antes da divis\u00e3o, o maior grupo econ\u00f4mico de Petrolina e um dos maiores de Pernambuco, com 23 empresas. O marco da divis\u00e3o foi a elei\u00e7\u00e3o de Miguel Arraes para governador em 1986. Paulo Coelho e seu filho, Fernando, o apoiaram, ao passo que Osvaldo e os outros irm\u00e3os ficaram com Jos\u00e9 M\u00facio, que perdeu a elei\u00e7\u00e3o. Hoje, a disputa se d\u00e1 entre o ex-deputado Osvaldo Coelho e seu sobrinho, Fernando, ex-ministro da Integra\u00e7\u00e3o Nacional. E o motivo foi a celebra\u00e7\u00e3o de uma Parceria P\u00fablico-Privada para explorar \u00e1reas irrig\u00e1veis no Sert\u00e3o do&hellip;\" \/>\n<meta property=\"og:url\" content=\"https:\/\/blogdofarnesio.com.br\/?p=63482\" \/>\n<meta property=\"og:site_name\" content=\"Blog do Farn\u00e9sio\" \/>\n<meta property=\"article:publisher\" content=\"https:\/\/www.facebook.com\/BlogQuerSaberPolitica\/\" \/>\n<meta property=\"article:published_time\" content=\"2013-11-11T15:07:36+00:00\" \/>\n<meta property=\"og:image\" content=\"http:\/\/www.quersaberpolitica.com.br\/2016\/wp-content\/uploads\/2013\/10\/MG_4218.jpg\" \/>\n<meta name=\"author\" content=\"teste\" \/>\n<meta name=\"twitter:card\" content=\"summary_large_image\" \/>\n<meta name=\"twitter:label1\" content=\"Escrito por\" \/>\n\t<meta name=\"twitter:data1\" content=\"teste\" \/>\n\t<meta name=\"twitter:label2\" content=\"Est. tempo de leitura\" \/>\n\t<meta name=\"twitter:data2\" content=\"1 minuto\" \/>\n<script type=\"application\/ld+json\" class=\"yoast-schema-graph\">{\"@context\":\"https:\\\/\\\/schema.org\",\"@graph\":[{\"@type\":\"Article\",\"@id\":\"https:\\\/\\\/blogdofarnesio.com.br\\\/?p=63482#article\",\"isPartOf\":{\"@id\":\"https:\\\/\\\/blogdofarnesio.com.br\\\/?p=63482\"},\"author\":{\"name\":\"teste\",\"@id\":\"https:\\\/\\\/blogdofarnesio.com.br\\\/#\\\/schema\\\/person\\\/dd1bf5eba40b687199ba45ca6b97dff9\"},\"headline\":\"OSVALDO COELHO X FBC\",\"datePublished\":\"2013-11-11T15:07:36+00:00\",\"mainEntityOfPage\":{\"@id\":\"https:\\\/\\\/blogdofarnesio.com.br\\\/?p=63482\"},\"wordCount\":190,\"commentCount\":0,\"publisher\":{\"@id\":\"https:\\\/\\\/blogdofarnesio.com.br\\\/#organization\"},\"image\":{\"@id\":\"https:\\\/\\\/blogdofarnesio.com.br\\\/?p=63482#primaryimage\"},\"thumbnailUrl\":\"http:\\\/\\\/www.quersaberpolitica.com.br\\\/2016\\\/wp-content\\\/uploads\\\/2013\\\/10\\\/MG_4218.jpg\",\"articleSection\":[\"Artigo\"],\"inLanguage\":\"pt-BR\",\"potentialAction\":[{\"@type\":\"CommentAction\",\"name\":\"Comment\",\"target\":[\"https:\\\/\\\/blogdofarnesio.com.br\\\/?p=63482#respond\"]}]},{\"@type\":\"WebPage\",\"@id\":\"https:\\\/\\\/blogdofarnesio.com.br\\\/?p=63482\",\"url\":\"https:\\\/\\\/blogdofarnesio.com.br\\\/?p=63482\",\"name\":\"OSVALDO COELHO X FBC - Blog do Farn\u00e9sio\",\"isPartOf\":{\"@id\":\"https:\\\/\\\/blogdofarnesio.com.br\\\/#website\"},\"primaryImageOfPage\":{\"@id\":\"https:\\\/\\\/blogdofarnesio.com.br\\\/?p=63482#primaryimage\"},\"image\":{\"@id\":\"https:\\\/\\\/blogdofarnesio.com.br\\\/?p=63482#primaryimage\"},\"thumbnailUrl\":\"http:\\\/\\\/www.quersaberpolitica.com.br\\\/2016\\\/wp-content\\\/uploads\\\/2013\\\/10\\\/MG_4218.jpg\",\"datePublished\":\"2013-11-11T15:07:36+00:00\",\"breadcrumb\":{\"@id\":\"https:\\\/\\\/blogdofarnesio.com.br\\\/?p=63482#breadcrumb\"},\"inLanguage\":\"pt-BR\",\"potentialAction\":[{\"@type\":\"ReadAction\",\"target\":[\"https:\\\/\\\/blogdofarnesio.com.br\\\/?p=63482\"]}]},{\"@type\":\"ImageObject\",\"inLanguage\":\"pt-BR\",\"@id\":\"https:\\\/\\\/blogdofarnesio.com.br\\\/?p=63482#primaryimage\",\"url\":\"http:\\\/\\\/www.quersaberpolitica.com.br\\\/2016\\\/wp-content\\\/uploads\\\/2013\\\/10\\\/MG_4218.jpg\",\"contentUrl\":\"http:\\\/\\\/www.quersaberpolitica.com.br\\\/2016\\\/wp-content\\\/uploads\\\/2013\\\/10\\\/MG_4218.jpg\"},{\"@type\":\"BreadcrumbList\",\"@id\":\"https:\\\/\\\/blogdofarnesio.com.br\\\/?p=63482#breadcrumb\",\"itemListElement\":[{\"@type\":\"ListItem\",\"position\":1,\"name\":\"In\u00edcio\",\"item\":\"https:\\\/\\\/blogdofarnesio.com.br\\\/\"},{\"@type\":\"ListItem\",\"position\":2,\"name\":\"OSVALDO COELHO X FBC\"}]},{\"@type\":\"WebSite\",\"@id\":\"https:\\\/\\\/blogdofarnesio.com.br\\\/#website\",\"url\":\"https:\\\/\\\/blogdofarnesio.com.br\\\/\",\"name\":\"Blog do Farn\u00e9sio\",\"description\":\"Quer Saber Pol\u00edtica?\",\"publisher\":{\"@id\":\"https:\\\/\\\/blogdofarnesio.com.br\\\/#organization\"},\"potentialAction\":[{\"@type\":\"SearchAction\",\"target\":{\"@type\":\"EntryPoint\",\"urlTemplate\":\"https:\\\/\\\/blogdofarnesio.com.br\\\/?s={search_term_string}\"},\"query-input\":{\"@type\":\"PropertyValueSpecification\",\"valueRequired\":true,\"valueName\":\"search_term_string\"}}],\"inLanguage\":\"pt-BR\"},{\"@type\":\"Organization\",\"@id\":\"https:\\\/\\\/blogdofarnesio.com.br\\\/#organization\",\"name\":\"Blog do Farn\u00e9sio\",\"url\":\"https:\\\/\\\/blogdofarnesio.com.br\\\/\",\"logo\":{\"@type\":\"ImageObject\",\"inLanguage\":\"pt-BR\",\"@id\":\"https:\\\/\\\/blogdofarnesio.com.br\\\/#\\\/schema\\\/logo\\\/image\\\/\",\"url\":\"https:\\\/\\\/blogdofarnesio.com.br\\\/wp-content\\\/uploads\\\/2026\\\/03\\\/cropped-logo_new-1.png\",\"contentUrl\":\"https:\\\/\\\/blogdofarnesio.com.br\\\/wp-content\\\/uploads\\\/2026\\\/03\\\/cropped-logo_new-1.png\",\"width\":881,\"height\":685,\"caption\":\"Blog do Farn\u00e9sio\"},\"image\":{\"@id\":\"https:\\\/\\\/blogdofarnesio.com.br\\\/#\\\/schema\\\/logo\\\/image\\\/\"},\"sameAs\":[\"https:\\\/\\\/www.facebook.com\\\/BlogQuerSaberPolitica\\\/\"]},{\"@type\":\"Person\",\"@id\":\"https:\\\/\\\/blogdofarnesio.com.br\\\/#\\\/schema\\\/person\\\/dd1bf5eba40b687199ba45ca6b97dff9\",\"name\":\"teste\",\"image\":{\"@type\":\"ImageObject\",\"inLanguage\":\"pt-BR\",\"@id\":\"https:\\\/\\\/secure.gravatar.com\\\/avatar\\\/2172498d4914b51e1d89a0f97957b035ac4938723a5cac208135d389b6972a6d?s=96&d=mm&r=g\",\"url\":\"https:\\\/\\\/secure.gravatar.com\\\/avatar\\\/2172498d4914b51e1d89a0f97957b035ac4938723a5cac208135d389b6972a6d?s=96&d=mm&r=g\",\"contentUrl\":\"https:\\\/\\\/secure.gravatar.com\\\/avatar\\\/2172498d4914b51e1d89a0f97957b035ac4938723a5cac208135d389b6972a6d?s=96&d=mm&r=g\",\"caption\":\"teste\"},\"url\":\"https:\\\/\\\/blogdofarnesio.com.br\\\/?author=3\"}]}<\/script>\n<!-- \/ Yoast SEO plugin. -->","yoast_head_json":{"title":"OSVALDO COELHO X FBC - Blog do Farn\u00e9sio","robots":{"index":"index","follow":"follow","max-snippet":"max-snippet:-1","max-image-preview":"max-image-preview:large","max-video-preview":"max-video-preview:-1"},"canonical":"https:\/\/blogdofarnesio.com.br\/?p=63482","og_locale":"pt_BR","og_type":"article","og_title":"OSVALDO COELHO X FBC - Blog do Farn\u00e9sio","og_description":"A briga do cl\u00e3 \u00e9 por Petrolina Desde que o ex-governador Nilo Coelho morreu, em 1983, a fam\u00edlia se dividiu pol\u00edtica e economicamente e nunca mais se reunificou. Era, antes da divis\u00e3o, o maior grupo econ\u00f4mico de Petrolina e um dos maiores de Pernambuco, com 23 empresas. O marco da divis\u00e3o foi a elei\u00e7\u00e3o de Miguel Arraes para governador em 1986. Paulo Coelho e seu filho, Fernando, o apoiaram, ao passo que Osvaldo e os outros irm\u00e3os ficaram com Jos\u00e9 M\u00facio, que perdeu a elei\u00e7\u00e3o. Hoje, a disputa se d\u00e1 entre o ex-deputado Osvaldo Coelho e seu sobrinho, Fernando, ex-ministro da Integra\u00e7\u00e3o Nacional. E o motivo foi a celebra\u00e7\u00e3o de uma Parceria P\u00fablico-Privada para explorar \u00e1reas irrig\u00e1veis no Sert\u00e3o do&hellip;","og_url":"https:\/\/blogdofarnesio.com.br\/?p=63482","og_site_name":"Blog do Farn\u00e9sio","article_publisher":"https:\/\/www.facebook.com\/BlogQuerSaberPolitica\/","article_published_time":"2013-11-11T15:07:36+00:00","og_image":[{"url":"http:\/\/www.quersaberpolitica.com.br\/2016\/wp-content\/uploads\/2013\/10\/MG_4218.jpg","type":"","width":"","height":""}],"author":"teste","twitter_card":"summary_large_image","twitter_misc":{"Escrito por":"teste","Est. tempo de leitura":"1 minuto"},"schema":{"@context":"https:\/\/schema.org","@graph":[{"@type":"Article","@id":"https:\/\/blogdofarnesio.com.br\/?p=63482#article","isPartOf":{"@id":"https:\/\/blogdofarnesio.com.br\/?p=63482"},"author":{"name":"teste","@id":"https:\/\/blogdofarnesio.com.br\/#\/schema\/person\/dd1bf5eba40b687199ba45ca6b97dff9"},"headline":"OSVALDO COELHO X FBC","datePublished":"2013-11-11T15:07:36+00:00","mainEntityOfPage":{"@id":"https:\/\/blogdofarnesio.com.br\/?p=63482"},"wordCount":190,"commentCount":0,"publisher":{"@id":"https:\/\/blogdofarnesio.com.br\/#organization"},"image":{"@id":"https:\/\/blogdofarnesio.com.br\/?p=63482#primaryimage"},"thumbnailUrl":"http:\/\/www.quersaberpolitica.com.br\/2016\/wp-content\/uploads\/2013\/10\/MG_4218.jpg","articleSection":["Artigo"],"inLanguage":"pt-BR","potentialAction":[{"@type":"CommentAction","name":"Comment","target":["https:\/\/blogdofarnesio.com.br\/?p=63482#respond"]}]},{"@type":"WebPage","@id":"https:\/\/blogdofarnesio.com.br\/?p=63482","url":"https:\/\/blogdofarnesio.com.br\/?p=63482","name":"OSVALDO COELHO X FBC - Blog do Farn\u00e9sio","isPartOf":{"@id":"https:\/\/blogdofarnesio.com.br\/#website"},"primaryImageOfPage":{"@id":"https:\/\/blogdofarnesio.com.br\/?p=63482#primaryimage"},"image":{"@id":"https:\/\/blogdofarnesio.com.br\/?p=63482#primaryimage"},"thumbnailUrl":"http:\/\/www.quersaberpolitica.com.br\/2016\/wp-content\/uploads\/2013\/10\/MG_4218.jpg","datePublished":"2013-11-11T15:07:36+00:00","breadcrumb":{"@id":"https:\/\/blogdofarnesio.com.br\/?p=63482#breadcrumb"},"inLanguage":"pt-BR","potentialAction":[{"@type":"ReadAction","target":["https:\/\/blogdofarnesio.com.br\/?p=63482"]}]},{"@type":"ImageObject","inLanguage":"pt-BR","@id":"https:\/\/blogdofarnesio.com.br\/?p=63482#primaryimage","url":"http:\/\/www.quersaberpolitica.com.br\/2016\/wp-content\/uploads\/2013\/10\/MG_4218.jpg","contentUrl":"http:\/\/www.quersaberpolitica.com.br\/2016\/wp-content\/uploads\/2013\/10\/MG_4218.jpg"},{"@type":"BreadcrumbList","@id":"https:\/\/blogdofarnesio.com.br\/?p=63482#breadcrumb","itemListElement":[{"@type":"ListItem","position":1,"name":"In\u00edcio","item":"https:\/\/blogdofarnesio.com.br\/"},{"@type":"ListItem","position":2,"name":"OSVALDO COELHO X FBC"}]},{"@type":"WebSite","@id":"https:\/\/blogdofarnesio.com.br\/#website","url":"https:\/\/blogdofarnesio.com.br\/","name":"Blog do Farn\u00e9sio","description":"Quer Saber Pol\u00edtica?","publisher":{"@id":"https:\/\/blogdofarnesio.com.br\/#organization"},"potentialAction":[{"@type":"SearchAction","target":{"@type":"EntryPoint","urlTemplate":"https:\/\/blogdofarnesio.com.br\/?s={search_term_string}"},"query-input":{"@type":"PropertyValueSpecification","valueRequired":true,"valueName":"search_term_string"}}],"inLanguage":"pt-BR"},{"@type":"Organization","@id":"https:\/\/blogdofarnesio.com.br\/#organization","name":"Blog do Farn\u00e9sio","url":"https:\/\/blogdofarnesio.com.br\/","logo":{"@type":"ImageObject","inLanguage":"pt-BR","@id":"https:\/\/blogdofarnesio.com.br\/#\/schema\/logo\/image\/","url":"https:\/\/blogdofarnesio.com.br\/wp-content\/uploads\/2026\/03\/cropped-logo_new-1.png","contentUrl":"https:\/\/blogdofarnesio.com.br\/wp-content\/uploads\/2026\/03\/cropped-logo_new-1.png","width":881,"height":685,"caption":"Blog do Farn\u00e9sio"},"image":{"@id":"https:\/\/blogdofarnesio.com.br\/#\/schema\/logo\/image\/"},"sameAs":["https:\/\/www.facebook.com\/BlogQuerSaberPolitica\/"]},{"@type":"Person","@id":"https:\/\/blogdofarnesio.com.br\/#\/schema\/person\/dd1bf5eba40b687199ba45ca6b97dff9","name":"teste","image":{"@type":"ImageObject","inLanguage":"pt-BR","@id":"https:\/\/secure.gravatar.com\/avatar\/2172498d4914b51e1d89a0f97957b035ac4938723a5cac208135d389b6972a6d?s=96&d=mm&r=g","url":"https:\/\/secure.gravatar.com\/avatar\/2172498d4914b51e1d89a0f97957b035ac4938723a5cac208135d389b6972a6d?s=96&d=mm&r=g","contentUrl":"https:\/\/secure.gravatar.com\/avatar\/2172498d4914b51e1d89a0f97957b035ac4938723a5cac208135d389b6972a6d?s=96&d=mm&r=g","caption":"teste"},"url":"https:\/\/blogdofarnesio.com.br\/?author=3"}]}},"_links":{"self":[{"href":"https:\/\/blogdofarnesio.com.br\/index.php?rest_route=\/wp\/v2\/posts\/63482","targetHints":{"allow":["GET"]}}],"collection":[{"href":"https:\/\/blogdofarnesio.com.br\/index.php?rest_route=\/wp\/v2\/posts"}],"about":[{"href":"https:\/\/blogdofarnesio.com.br\/index.php?rest_route=\/wp\/v2\/types\/post"}],"author":[{"embeddable":true,"href":"https:\/\/blogdofarnesio.com.br\/index.php?rest_route=\/wp\/v2\/users\/3"}],"replies":[{"embeddable":true,"href":"https:\/\/blogdofarnesio.com.br\/index.php?rest_route=%2Fwp%2Fv2%2Fcomments&post=63482"}],"version-history":[{"count":0,"href":"https:\/\/blogdofarnesio.com.br\/index.php?rest_route=\/wp\/v2\/posts\/63482\/revisions"}],"wp:attachment":[{"href":"https:\/\/blogdofarnesio.com.br\/index.php?rest_route=%2Fwp%2Fv2%2Fmedia&parent=63482"}],"wp:term":[{"taxonomy":"category","embeddable":true,"href":"https:\/\/blogdofarnesio.com.br\/index.php?rest_route=%2Fwp%2Fv2%2Fcategories&post=63482"},{"taxonomy":"post_tag","embeddable":true,"href":"https:\/\/blogdofarnesio.com.br\/index.php?rest_route=%2Fwp%2Fv2%2Ftags&post=63482"}],"curies":[{"name":"wp","href":"https:\/\/api.w.org\/{rel}","templated":true}]}}