{"id":6330,"date":"2011-09-04T08:40:09","date_gmt":"2011-09-04T08:40:09","guid":{"rendered":"http:\/\/www.quersaberpolitica.com.br?p=6330"},"modified":"-0001-11-30T00:00:00","modified_gmt":"-0001-11-30T03:00:00","slug":"cabeca-quente-e-confusoes-marcam-empate-de-1-a-1-entre-vitoria-e-icasa","status":"publish","type":"post","link":"https:\/\/blogdofarnesio.com.br\/2011\/09\/cabeca-quente-e-confusoes-marcam-empate-de-1-a-1-entre-vitoria-e-icasa\/","title":{"rendered":"Cabe\u00e7a quente e confus\u00f5es marcam empate de 1 a 1 entre Vit\u00f3ria e Icasa"},"content":{"rendered":"<p style=\"text-align: justify;\"><span style=\"font-size: small;\"><br \/><\/span><\/p>\n<p style=\"text-align: justify;\"><span style=\"font-size: small;\">Por&nbsp;Tamires FukutaniSalvador<\/span><\/p>\n<p style=\"text-align: justify;\"><span style=\"font-size: small;\"><a rel=\"lightbox\" href=\"http:\/\/www.quersaberpolitica.com.br\/2016\/wp-content\/uploads\/2012\/12\/blogqspvitoria_icasa_ae.jpg\"><img loading=\"lazy\" decoding=\"async\" style=\"float: right; margin-top: 5px; margin-bottom: 5px; margin-left: 10px; margin-right: 10px;\" src=\"http:\/\/www.quersaberpolitica.com.br\/2016\/wp-content\/uploads\/2012\/12\/blogqspvitoria_icasa_ae.jpg\" alt=\"\" width=\"200\" height=\"152\" \/><\/a>Vit&oacute;ria e Icasa dentro de campo, pela 21&ordf; rodada da S&eacute;rie B. Time cearense lutando para se afastar da zona de rebaixamento e equipe baiana querendo aproveitar a boa fase para entrar no G-4. Objetivos definidos, est&aacute;dio cheio. Ao fim dos noventa minutos, chuva de cart&otilde;es amarelos, duas expuls&otilde;es, dois gols e muita confus&atilde;o no jogo que terminou em empate no Barrad&atilde;o. A palavra &#8220;confronto&#8221; nunca foi t&atilde;o bem utilizada para servir como sin&ocirc;nimo de &#8220;partida de futebol&#8221;.<\/span><\/p>\n<p style=\"text-align: justify;\"><span style=\"font-size: small;\">Em meio a brigas e discuss&otilde;es que chegaram a envolver os treinadores, Jo&atilde;o Sales abriu o placar no primeiro tempo. Na segunda etapa, Neto Baiano descontou de p&ecirc;nalti e ainda provocou o advers&aacute;rio com dancinha na comemora&ccedil;&atilde;o.<\/span><\/p>\n<p style=\"text-align: justify;\"><span style=\"font-size: small;\">Com o resultado, al&eacute;m de mais uma s&uacute;mula pol&ecirc;mica nos autos da S&eacute;rie B, o Vit&oacute;ria saiu com um ponto a mais na competi&ccedil;&atilde;o, mas estagnado na sexta coloca&ccedil;&atilde;o. J&aacute; o Icasa desceu uma posi&ccedil;&atilde;o e parou em 15&ordm; lugar. O Rubro-negro baiano volta a campo na pr&oacute;xima sexta-feira para enfrentar o Guarani, no Brinco de Ouro. O Verd&atilde;o do Cariri recebe no Romeir&atilde;o a Ponte Preta.<\/span><\/p>\n<p style=\"text-align: justify;\"><span style=\"font-size: small;\">Primeiro tempo: futebol sem brilho e cabe&ccedil;a quente<\/span><\/p>\n<p style=\"text-align: justify;\"><span style=\"font-size: small;\">Se o futebol sem brilho visto no Barrad&atilde;o n&atilde;o tirou o f&ocirc;lego da torcida na arquibancada, a emo&ccedil;&atilde;o rolou solta dentro de campo. O primeiro tempo da partida n&atilde;o foi refer&ecirc;ncia de t&eacute;cnica, mas deu o que falar. Prova disso &eacute; que o Icasa abriu o placar aos 14 minutos com um chute sem jeito de Jo&atilde;o Sales. A sorte do atacante &eacute; que o goleiro Fernando teve menos &#8220;jeito&#8221; ainda para tentar a defesa.<\/span><\/p>\n<p style=\"text-align: justify;\"><span style=\"font-size: small;\">A esta altura o clima j&aacute; estava tenso dentro de campo. Neto Baiano e Marcelo Pitol j&aacute; haviam se desentendido duas vezes. Por volta dos 27 minutos, o atacante do Vit&oacute;ria se envolveu em um novo bate-boca que rendeu cart&otilde;es amarelos e at&eacute; discuss&atilde;o entre os t&eacute;cnicos. No meio de campo, Neto se chocou com Guto, que protestou, e Uelliton j&aacute; chegou empurrando. A confus&atilde;o entre os jogadores se generalizou. Para acalmar os &acirc;nimos, o &aacute;rbitro advertiu Uelliton e Guto com amarelo. No entanto, na beira do campo, Vagner Benazzi e M&aacute;rcio Bittencourt perdiam as estribeiras e trocavam xingamentos.<\/span><\/p>\n<p style=\"text-align: justify;\"><span style=\"font-size: small;\">O primeiro tempo seguiu sem maiores sobressaltos, mas com bra&ccedil;os e pernas altas demais em divididas de bola, em um reflexo da tens&atilde;o que permeava a partida. O Vit&oacute;ria ainda tentou driblar os nervos &agrave; flor da pele, mas n&atilde;o conseguiu balan&ccedil;ar as redes.<\/span><\/p>\n<p style=\"text-align: justify;\"><span style=\"font-size: small;\">Aos 29, Neto Baiano n&atilde;o chegou a tempo de pegar um &oacute;timo cruzamento de Fernandinho e a bola passou com perigo em frente ao gol de Marcelo Pitol. E Uelliton poderia ter apagado a mancha do cart&atilde;o amarelo se o goleiro n&atilde;o tivesse defendido, no cantinho, a bela bicicleta do volante rubro-negro. Aos 40, de longe, Jo&atilde;o Sales amea&ccedil;ou fazer o segundo do Icasa, mas Fernando salvou para se redimir da falha que originou o primeiro tento.<\/span><\/p>\n<p style=\"text-align: justify;\"><span style=\"font-size: small;\">Segunda etapa: press&atilde;o do Vit&oacute;ria e&#8230; cabe&ccedil;a quente<\/span><\/p>\n<p style=\"text-align: justify;\"><span style=\"font-size: small;\">No segundo tempo, o Vit&oacute;ria voltou a campo disposto a correr atr&aacute;s do tempo perdido. Pressionando o advers&aacute;rio, o Le&atilde;o teve a seu favor a entrada de Geraldo, que, em dupla com Neto Baiano, come&ccedil;ou a criar oportunidades de empate. O Icasa perdeu duas boas chances logo no come&ccedil;o da segunda etapa e, em seguida, voltou ao esquema da cabe&ccedil;a quente visto na primeira parte do confronto.<\/span><\/p>\n<p style=\"text-align: justify;\"><span style=\"font-size: small;\">Se a confus&atilde;o da primeira etapa n&atilde;o havia sido suficiente, Guto fez um esfor&ccedil;o e foi expulso na segunda. Depois de derrubar Alison no meio de campo, o meia do Icasa levou o segundo amarelo e foi para o chuveiro mais cedo. Logo depois, seguindo a regra do nervosismo dentro de campo, o goleiro Marcelo Pitol tamb&eacute;m deixou sua marca. Cercado pelos companheiros, o arqueiro reclamou com o auxiliar sobre uma poss&iacute;vel falta do zagueiro Alison e se jogou no ch&atilde;o quando o assistente tocou o dedo em seu rosto. Pela simula&ccedil;&atilde;o de agress&atilde;o, amarelo para Pitol.<\/span><\/p>\n<p style=\"text-align: justify;\"><span style=\"font-size: small;\">Apesar dos sobressaltos, o Vit&oacute;ria tentava a todo custo igualar o placar. Com a vantagem de ter um a mais em campo, Vagner Benazzi n&atilde;o teve medo de partir para cima: Geraldo no lugar de Lucio Flavio, Geovanni substituindo Neto Coruja e F&aacute;bio Santos na vaga de Alison. O Le&atilde;o assustava e n&atilde;o sa&iacute;a do campo de ataque. Mas a sorte n&atilde;o ajudava&#8230;<\/span><\/p>\n<p style=\"text-align: justify;\"><span style=\"font-size: small;\">Neto Baiano tentou, mas errou o chute. Geovanni, mesmo mancando, mandou o dele, mas a bola provocou e foi para fora. Nino bateu para o gol, e a pelota repetiu a trajet&oacute;ria do chute de Geovanni. Era press&atilde;o rubro-negra, acompanhada de ansiedade na finaliza&ccedil;&atilde;o.<\/span><\/p>\n<p style=\"text-align: justify;\"><span style=\"font-size: small;\">Se o gol n&atilde;o vinha na t&eacute;cnica, o jeito era fazer de p&ecirc;nalti. Aos 39, Janilson e Lu&iacute;s Ricardo fizeram um sandu&iacute;che de F&aacute;bio Santos na &aacute;rea. Neto Baiano converteu e comemorou com direito a dancinha esquisita no gramado.<\/span><\/p>\n<p style=\"text-align: justify;\"><span style=\"font-size: small;\">&Acirc;nimos exaltados? Era s&oacute; o que se via. Na arquibancada, a torcida dava um espet&aacute;culo. No gramado, Janilson n&atilde;o suportou a press&atilde;o e partiu para cima do &aacute;rbitro. O meia perdeu a cabe&ccedil;a e amea&ccedil;ou agredir o juiz. Resultado? Segundo amarelo e Icasa com dois e menos.<\/span><\/p>\n<p style=\"text-align: justify;\"><span style=\"font-size: small;\">No finalzinho, Marquinhos ainda tentou fazer o segundo do Vit&oacute;ria. Mas Marcelo Pitol estava motivado pelas confus&otilde;es da partida e fechou a meta do Verd&atilde;o do Cariri.<\/span><\/p>\n<p style=\"text-align: justify;\"><span style=\"font-size: small;\">Ap&oacute;s o apito final, a pol&iacute;cia militar escoltou o &aacute;rbitro Fl&aacute;vio Feij&oacute; de Omena, junto com os auxiliares. Mas, entre os jogadores, n&atilde;o havia policiais que segurassem a tens&atilde;o. Mesmo sem bola rolando, os atletas das duas equipes voltaram a protagonizar cenas de viol&ecirc;ncia, provoca&ccedil;&atilde;o e xingamentos sem constrangimento diante das c&acirc;meras de televis&atilde;o.<\/span><\/p>\n<p style=\"text-align: justify;\"><span style=\"font-size: small;\"><br \/><\/span><\/p>\n<p style=\"text-align: justify;\"><span style=\"font-size: small;\"><br \/><\/span><\/p>\n<p style=\"text-align: justify;\">&nbsp;<\/p>\n","protected":false},"excerpt":{"rendered":"<p>Por&nbsp;Tamires FukutaniSalvador Vit&oacute;ria e Icasa dentro de campo, pela 21&ordf; rodada da S&eacute;rie B. Time cearense lutando para se afastar da zona de rebaixamento e equipe baiana querendo aproveitar a boa fase para entrar no G-4. Objetivos definidos, est&aacute;dio cheio. Ao fim dos noventa minutos, chuva de cart&otilde;es amarelos, duas expuls&otilde;es, dois gols e muita confus&atilde;o no jogo que terminou em empate no Barrad&atilde;o. A palavra &#8220;confronto&#8221; nunca foi t&atilde;o bem utilizada para servir como sin&ocirc;nimo de &#8220;partida de futebol&#8221;. Em meio a brigas e discuss&otilde;es que chegaram a envolver os treinadores, Jo&atilde;o Sales abriu o placar no primeiro tempo. Na segunda etapa, Neto Baiano descontou de p&ecirc;nalti e ainda provocou o advers&aacute;rio com dancinha na comemora&ccedil;&atilde;o. Com o resultado,&hellip; <\/p>\n","protected":false},"author":0,"featured_media":0,"comment_status":"open","ping_status":"open","sticky":false,"template":"","format":"standard","meta":{"_acf_changed":false,"footnotes":""},"categories":[7],"tags":[],"class_list":["post-6330","post","type-post","status-publish","format-standard","hentry","category-religiao"],"acf":[],"yoast_head":"<!-- This site is optimized with the Yoast SEO plugin v27.5 - https:\/\/yoast.com\/product\/yoast-seo-wordpress\/ -->\n<title>Cabe\u00e7a quente e confus\u00f5es marcam empate de 1 a 1 entre Vit\u00f3ria e Icasa - Blog do Farn\u00e9sio<\/title>\n<meta name=\"robots\" content=\"index, follow, max-snippet:-1, max-image-preview:large, max-video-preview:-1\" \/>\n<link rel=\"canonical\" href=\"https:\/\/blogdofarnesio.com.br\/2011\/09\/cabeca-quente-e-confusoes-marcam-empate-de-1-a-1-entre-vitoria-e-icasa\/\" \/>\n<meta property=\"og:locale\" content=\"pt_BR\" \/>\n<meta property=\"og:type\" content=\"article\" \/>\n<meta property=\"og:title\" content=\"Cabe\u00e7a quente e confus\u00f5es marcam empate de 1 a 1 entre Vit\u00f3ria e Icasa - Blog do Farn\u00e9sio\" \/>\n<meta property=\"og:description\" content=\"Por&nbsp;Tamires FukutaniSalvador Vit&oacute;ria e Icasa dentro de campo, pela 21&ordf; rodada da S&eacute;rie B. Time cearense lutando para se afastar da zona de rebaixamento e equipe baiana querendo aproveitar a boa fase para entrar no G-4. Objetivos definidos, est&aacute;dio cheio. Ao fim dos noventa minutos, chuva de cart&otilde;es amarelos, duas expuls&otilde;es, dois gols e muita confus&atilde;o no jogo que terminou em empate no Barrad&atilde;o. A palavra &#8220;confronto&#8221; nunca foi t&atilde;o bem utilizada para servir como sin&ocirc;nimo de &#8220;partida de futebol&#8221;. Em meio a brigas e discuss&otilde;es que chegaram a envolver os treinadores, Jo&atilde;o Sales abriu o placar no primeiro tempo. Na segunda etapa, Neto Baiano descontou de p&ecirc;nalti e ainda provocou o advers&aacute;rio com dancinha na comemora&ccedil;&atilde;o. Com o resultado,&hellip;\" \/>\n<meta property=\"og:url\" content=\"https:\/\/blogdofarnesio.com.br\/2011\/09\/cabeca-quente-e-confusoes-marcam-empate-de-1-a-1-entre-vitoria-e-icasa\/\" \/>\n<meta property=\"og:site_name\" content=\"Blog do Farn\u00e9sio\" \/>\n<meta property=\"article:publisher\" content=\"https:\/\/www.facebook.com\/BlogQuerSaberPolitica\/\" \/>\n<meta property=\"article:published_time\" content=\"2011-09-04T08:40:09+00:00\" \/>\n<meta property=\"og:image\" content=\"http:\/\/www.quersaberpolitica.com.br\/2016\/wp-content\/uploads\/2012\/12\/blogqspvitoria_icasa_ae.jpg\" \/>\n<meta name=\"twitter:card\" content=\"summary_large_image\" \/>\n<meta name=\"twitter:label1\" content=\"Est. tempo de leitura\" \/>\n\t<meta name=\"twitter:data1\" content=\"6 minutos\" \/>\n<script type=\"application\/ld+json\" class=\"yoast-schema-graph\">{\"@context\":\"https:\\\/\\\/schema.org\",\"@graph\":[{\"@type\":\"Article\",\"@id\":\"https:\\\/\\\/blogdofarnesio.com.br\\\/2011\\\/09\\\/cabeca-quente-e-confusoes-marcam-empate-de-1-a-1-entre-vitoria-e-icasa\\\/#article\",\"isPartOf\":{\"@id\":\"https:\\\/\\\/blogdofarnesio.com.br\\\/2011\\\/09\\\/cabeca-quente-e-confusoes-marcam-empate-de-1-a-1-entre-vitoria-e-icasa\\\/\"},\"author\":{\"name\":\"\",\"@id\":\"\"},\"headline\":\"Cabe\u00e7a quente e confus\u00f5es marcam empate de 1 a 1 entre Vit\u00f3ria e Icasa\",\"datePublished\":\"2011-09-04T08:40:09+00:00\",\"mainEntityOfPage\":{\"@id\":\"https:\\\/\\\/blogdofarnesio.com.br\\\/2011\\\/09\\\/cabeca-quente-e-confusoes-marcam-empate-de-1-a-1-entre-vitoria-e-icasa\\\/\"},\"wordCount\":1170,\"commentCount\":0,\"publisher\":{\"@id\":\"https:\\\/\\\/blogdofarnesio.com.br\\\/#organization\"},\"image\":{\"@id\":\"https:\\\/\\\/blogdofarnesio.com.br\\\/2011\\\/09\\\/cabeca-quente-e-confusoes-marcam-empate-de-1-a-1-entre-vitoria-e-icasa\\\/#primaryimage\"},\"thumbnailUrl\":\"http:\\\/\\\/www.quersaberpolitica.com.br\\\/2016\\\/wp-content\\\/uploads\\\/2012\\\/12\\\/blogqspvitoria_icasa_ae.jpg\",\"articleSection\":[\"Religi\u00e3o\"],\"inLanguage\":\"pt-BR\",\"potentialAction\":[{\"@type\":\"CommentAction\",\"name\":\"Comment\",\"target\":[\"https:\\\/\\\/blogdofarnesio.com.br\\\/2011\\\/09\\\/cabeca-quente-e-confusoes-marcam-empate-de-1-a-1-entre-vitoria-e-icasa\\\/#respond\"]}]},{\"@type\":\"WebPage\",\"@id\":\"https:\\\/\\\/blogdofarnesio.com.br\\\/2011\\\/09\\\/cabeca-quente-e-confusoes-marcam-empate-de-1-a-1-entre-vitoria-e-icasa\\\/\",\"url\":\"https:\\\/\\\/blogdofarnesio.com.br\\\/2011\\\/09\\\/cabeca-quente-e-confusoes-marcam-empate-de-1-a-1-entre-vitoria-e-icasa\\\/\",\"name\":\"Cabe\u00e7a quente e confus\u00f5es marcam empate de 1 a 1 entre Vit\u00f3ria e Icasa - Blog do Farn\u00e9sio\",\"isPartOf\":{\"@id\":\"https:\\\/\\\/blogdofarnesio.com.br\\\/#website\"},\"primaryImageOfPage\":{\"@id\":\"https:\\\/\\\/blogdofarnesio.com.br\\\/2011\\\/09\\\/cabeca-quente-e-confusoes-marcam-empate-de-1-a-1-entre-vitoria-e-icasa\\\/#primaryimage\"},\"image\":{\"@id\":\"https:\\\/\\\/blogdofarnesio.com.br\\\/2011\\\/09\\\/cabeca-quente-e-confusoes-marcam-empate-de-1-a-1-entre-vitoria-e-icasa\\\/#primaryimage\"},\"thumbnailUrl\":\"http:\\\/\\\/www.quersaberpolitica.com.br\\\/2016\\\/wp-content\\\/uploads\\\/2012\\\/12\\\/blogqspvitoria_icasa_ae.jpg\",\"datePublished\":\"2011-09-04T08:40:09+00:00\",\"breadcrumb\":{\"@id\":\"https:\\\/\\\/blogdofarnesio.com.br\\\/2011\\\/09\\\/cabeca-quente-e-confusoes-marcam-empate-de-1-a-1-entre-vitoria-e-icasa\\\/#breadcrumb\"},\"inLanguage\":\"pt-BR\",\"potentialAction\":[{\"@type\":\"ReadAction\",\"target\":[\"https:\\\/\\\/blogdofarnesio.com.br\\\/2011\\\/09\\\/cabeca-quente-e-confusoes-marcam-empate-de-1-a-1-entre-vitoria-e-icasa\\\/\"]}]},{\"@type\":\"ImageObject\",\"inLanguage\":\"pt-BR\",\"@id\":\"https:\\\/\\\/blogdofarnesio.com.br\\\/2011\\\/09\\\/cabeca-quente-e-confusoes-marcam-empate-de-1-a-1-entre-vitoria-e-icasa\\\/#primaryimage\",\"url\":\"http:\\\/\\\/www.quersaberpolitica.com.br\\\/2016\\\/wp-content\\\/uploads\\\/2012\\\/12\\\/blogqspvitoria_icasa_ae.jpg\",\"contentUrl\":\"http:\\\/\\\/www.quersaberpolitica.com.br\\\/2016\\\/wp-content\\\/uploads\\\/2012\\\/12\\\/blogqspvitoria_icasa_ae.jpg\"},{\"@type\":\"BreadcrumbList\",\"@id\":\"https:\\\/\\\/blogdofarnesio.com.br\\\/2011\\\/09\\\/cabeca-quente-e-confusoes-marcam-empate-de-1-a-1-entre-vitoria-e-icasa\\\/#breadcrumb\",\"itemListElement\":[{\"@type\":\"ListItem\",\"position\":1,\"name\":\"In\u00edcio\",\"item\":\"https:\\\/\\\/blogdofarnesio.com.br\\\/\"},{\"@type\":\"ListItem\",\"position\":2,\"name\":\"Cabe\u00e7a quente e confus\u00f5es marcam empate de 1 a 1 entre Vit\u00f3ria e Icasa\"}]},{\"@type\":\"WebSite\",\"@id\":\"https:\\\/\\\/blogdofarnesio.com.br\\\/#website\",\"url\":\"https:\\\/\\\/blogdofarnesio.com.br\\\/\",\"name\":\"Blog do Farn\u00e9sio\",\"description\":\"Quer Saber Pol\u00edtica?\",\"publisher\":{\"@id\":\"https:\\\/\\\/blogdofarnesio.com.br\\\/#organization\"},\"potentialAction\":[{\"@type\":\"SearchAction\",\"target\":{\"@type\":\"EntryPoint\",\"urlTemplate\":\"https:\\\/\\\/blogdofarnesio.com.br\\\/?s={search_term_string}\"},\"query-input\":{\"@type\":\"PropertyValueSpecification\",\"valueRequired\":true,\"valueName\":\"search_term_string\"}}],\"inLanguage\":\"pt-BR\"},{\"@type\":\"Organization\",\"@id\":\"https:\\\/\\\/blogdofarnesio.com.br\\\/#organization\",\"name\":\"Blog do Farn\u00e9sio\",\"url\":\"https:\\\/\\\/blogdofarnesio.com.br\\\/\",\"logo\":{\"@type\":\"ImageObject\",\"inLanguage\":\"pt-BR\",\"@id\":\"https:\\\/\\\/blogdofarnesio.com.br\\\/#\\\/schema\\\/logo\\\/image\\\/\",\"url\":\"https:\\\/\\\/blogdofarnesio.com.br\\\/wp-content\\\/uploads\\\/2026\\\/03\\\/cropped-logo_new-1.png\",\"contentUrl\":\"https:\\\/\\\/blogdofarnesio.com.br\\\/wp-content\\\/uploads\\\/2026\\\/03\\\/cropped-logo_new-1.png\",\"width\":881,\"height\":685,\"caption\":\"Blog do Farn\u00e9sio\"},\"image\":{\"@id\":\"https:\\\/\\\/blogdofarnesio.com.br\\\/#\\\/schema\\\/logo\\\/image\\\/\"},\"sameAs\":[\"https:\\\/\\\/www.facebook.com\\\/BlogQuerSaberPolitica\\\/\"]}]}<\/script>\n<!-- \/ Yoast SEO plugin. -->","yoast_head_json":{"title":"Cabe\u00e7a quente e confus\u00f5es marcam empate de 1 a 1 entre Vit\u00f3ria e Icasa - Blog do Farn\u00e9sio","robots":{"index":"index","follow":"follow","max-snippet":"max-snippet:-1","max-image-preview":"max-image-preview:large","max-video-preview":"max-video-preview:-1"},"canonical":"https:\/\/blogdofarnesio.com.br\/2011\/09\/cabeca-quente-e-confusoes-marcam-empate-de-1-a-1-entre-vitoria-e-icasa\/","og_locale":"pt_BR","og_type":"article","og_title":"Cabe\u00e7a quente e confus\u00f5es marcam empate de 1 a 1 entre Vit\u00f3ria e Icasa - Blog do Farn\u00e9sio","og_description":"Por&nbsp;Tamires FukutaniSalvador Vit&oacute;ria e Icasa dentro de campo, pela 21&ordf; rodada da S&eacute;rie B. Time cearense lutando para se afastar da zona de rebaixamento e equipe baiana querendo aproveitar a boa fase para entrar no G-4. Objetivos definidos, est&aacute;dio cheio. Ao fim dos noventa minutos, chuva de cart&otilde;es amarelos, duas expuls&otilde;es, dois gols e muita confus&atilde;o no jogo que terminou em empate no Barrad&atilde;o. A palavra &#8220;confronto&#8221; nunca foi t&atilde;o bem utilizada para servir como sin&ocirc;nimo de &#8220;partida de futebol&#8221;. Em meio a brigas e discuss&otilde;es que chegaram a envolver os treinadores, Jo&atilde;o Sales abriu o placar no primeiro tempo. Na segunda etapa, Neto Baiano descontou de p&ecirc;nalti e ainda provocou o advers&aacute;rio com dancinha na comemora&ccedil;&atilde;o. Com o resultado,&hellip;","og_url":"https:\/\/blogdofarnesio.com.br\/2011\/09\/cabeca-quente-e-confusoes-marcam-empate-de-1-a-1-entre-vitoria-e-icasa\/","og_site_name":"Blog do Farn\u00e9sio","article_publisher":"https:\/\/www.facebook.com\/BlogQuerSaberPolitica\/","article_published_time":"2011-09-04T08:40:09+00:00","og_image":[{"url":"http:\/\/www.quersaberpolitica.com.br\/2016\/wp-content\/uploads\/2012\/12\/blogqspvitoria_icasa_ae.jpg","type":"","width":"","height":""}],"twitter_card":"summary_large_image","twitter_misc":{"Est. tempo de leitura":"6 minutos"},"schema":{"@context":"https:\/\/schema.org","@graph":[{"@type":"Article","@id":"https:\/\/blogdofarnesio.com.br\/2011\/09\/cabeca-quente-e-confusoes-marcam-empate-de-1-a-1-entre-vitoria-e-icasa\/#article","isPartOf":{"@id":"https:\/\/blogdofarnesio.com.br\/2011\/09\/cabeca-quente-e-confusoes-marcam-empate-de-1-a-1-entre-vitoria-e-icasa\/"},"author":{"name":"","@id":""},"headline":"Cabe\u00e7a quente e confus\u00f5es marcam empate de 1 a 1 entre Vit\u00f3ria e Icasa","datePublished":"2011-09-04T08:40:09+00:00","mainEntityOfPage":{"@id":"https:\/\/blogdofarnesio.com.br\/2011\/09\/cabeca-quente-e-confusoes-marcam-empate-de-1-a-1-entre-vitoria-e-icasa\/"},"wordCount":1170,"commentCount":0,"publisher":{"@id":"https:\/\/blogdofarnesio.com.br\/#organization"},"image":{"@id":"https:\/\/blogdofarnesio.com.br\/2011\/09\/cabeca-quente-e-confusoes-marcam-empate-de-1-a-1-entre-vitoria-e-icasa\/#primaryimage"},"thumbnailUrl":"http:\/\/www.quersaberpolitica.com.br\/2016\/wp-content\/uploads\/2012\/12\/blogqspvitoria_icasa_ae.jpg","articleSection":["Religi\u00e3o"],"inLanguage":"pt-BR","potentialAction":[{"@type":"CommentAction","name":"Comment","target":["https:\/\/blogdofarnesio.com.br\/2011\/09\/cabeca-quente-e-confusoes-marcam-empate-de-1-a-1-entre-vitoria-e-icasa\/#respond"]}]},{"@type":"WebPage","@id":"https:\/\/blogdofarnesio.com.br\/2011\/09\/cabeca-quente-e-confusoes-marcam-empate-de-1-a-1-entre-vitoria-e-icasa\/","url":"https:\/\/blogdofarnesio.com.br\/2011\/09\/cabeca-quente-e-confusoes-marcam-empate-de-1-a-1-entre-vitoria-e-icasa\/","name":"Cabe\u00e7a quente e confus\u00f5es marcam empate de 1 a 1 entre Vit\u00f3ria e Icasa - Blog do Farn\u00e9sio","isPartOf":{"@id":"https:\/\/blogdofarnesio.com.br\/#website"},"primaryImageOfPage":{"@id":"https:\/\/blogdofarnesio.com.br\/2011\/09\/cabeca-quente-e-confusoes-marcam-empate-de-1-a-1-entre-vitoria-e-icasa\/#primaryimage"},"image":{"@id":"https:\/\/blogdofarnesio.com.br\/2011\/09\/cabeca-quente-e-confusoes-marcam-empate-de-1-a-1-entre-vitoria-e-icasa\/#primaryimage"},"thumbnailUrl":"http:\/\/www.quersaberpolitica.com.br\/2016\/wp-content\/uploads\/2012\/12\/blogqspvitoria_icasa_ae.jpg","datePublished":"2011-09-04T08:40:09+00:00","breadcrumb":{"@id":"https:\/\/blogdofarnesio.com.br\/2011\/09\/cabeca-quente-e-confusoes-marcam-empate-de-1-a-1-entre-vitoria-e-icasa\/#breadcrumb"},"inLanguage":"pt-BR","potentialAction":[{"@type":"ReadAction","target":["https:\/\/blogdofarnesio.com.br\/2011\/09\/cabeca-quente-e-confusoes-marcam-empate-de-1-a-1-entre-vitoria-e-icasa\/"]}]},{"@type":"ImageObject","inLanguage":"pt-BR","@id":"https:\/\/blogdofarnesio.com.br\/2011\/09\/cabeca-quente-e-confusoes-marcam-empate-de-1-a-1-entre-vitoria-e-icasa\/#primaryimage","url":"http:\/\/www.quersaberpolitica.com.br\/2016\/wp-content\/uploads\/2012\/12\/blogqspvitoria_icasa_ae.jpg","contentUrl":"http:\/\/www.quersaberpolitica.com.br\/2016\/wp-content\/uploads\/2012\/12\/blogqspvitoria_icasa_ae.jpg"},{"@type":"BreadcrumbList","@id":"https:\/\/blogdofarnesio.com.br\/2011\/09\/cabeca-quente-e-confusoes-marcam-empate-de-1-a-1-entre-vitoria-e-icasa\/#breadcrumb","itemListElement":[{"@type":"ListItem","position":1,"name":"In\u00edcio","item":"https:\/\/blogdofarnesio.com.br\/"},{"@type":"ListItem","position":2,"name":"Cabe\u00e7a quente e confus\u00f5es marcam empate de 1 a 1 entre Vit\u00f3ria e Icasa"}]},{"@type":"WebSite","@id":"https:\/\/blogdofarnesio.com.br\/#website","url":"https:\/\/blogdofarnesio.com.br\/","name":"Blog do Farn\u00e9sio","description":"Quer Saber Pol\u00edtica?","publisher":{"@id":"https:\/\/blogdofarnesio.com.br\/#organization"},"potentialAction":[{"@type":"SearchAction","target":{"@type":"EntryPoint","urlTemplate":"https:\/\/blogdofarnesio.com.br\/?s={search_term_string}"},"query-input":{"@type":"PropertyValueSpecification","valueRequired":true,"valueName":"search_term_string"}}],"inLanguage":"pt-BR"},{"@type":"Organization","@id":"https:\/\/blogdofarnesio.com.br\/#organization","name":"Blog do Farn\u00e9sio","url":"https:\/\/blogdofarnesio.com.br\/","logo":{"@type":"ImageObject","inLanguage":"pt-BR","@id":"https:\/\/blogdofarnesio.com.br\/#\/schema\/logo\/image\/","url":"https:\/\/blogdofarnesio.com.br\/wp-content\/uploads\/2026\/03\/cropped-logo_new-1.png","contentUrl":"https:\/\/blogdofarnesio.com.br\/wp-content\/uploads\/2026\/03\/cropped-logo_new-1.png","width":881,"height":685,"caption":"Blog do Farn\u00e9sio"},"image":{"@id":"https:\/\/blogdofarnesio.com.br\/#\/schema\/logo\/image\/"},"sameAs":["https:\/\/www.facebook.com\/BlogQuerSaberPolitica\/"]}]}},"_links":{"self":[{"href":"https:\/\/blogdofarnesio.com.br\/wp-json\/wp\/v2\/posts\/6330","targetHints":{"allow":["GET"]}}],"collection":[{"href":"https:\/\/blogdofarnesio.com.br\/wp-json\/wp\/v2\/posts"}],"about":[{"href":"https:\/\/blogdofarnesio.com.br\/wp-json\/wp\/v2\/types\/post"}],"replies":[{"embeddable":true,"href":"https:\/\/blogdofarnesio.com.br\/wp-json\/wp\/v2\/comments?post=6330"}],"version-history":[{"count":0,"href":"https:\/\/blogdofarnesio.com.br\/wp-json\/wp\/v2\/posts\/6330\/revisions"}],"wp:attachment":[{"href":"https:\/\/blogdofarnesio.com.br\/wp-json\/wp\/v2\/media?parent=6330"}],"wp:term":[{"taxonomy":"category","embeddable":true,"href":"https:\/\/blogdofarnesio.com.br\/wp-json\/wp\/v2\/categories?post=6330"},{"taxonomy":"post_tag","embeddable":true,"href":"https:\/\/blogdofarnesio.com.br\/wp-json\/wp\/v2\/tags?post=6330"}],"curies":[{"name":"wp","href":"https:\/\/api.w.org\/{rel}","templated":true}]}}