{"id":63257,"date":"2013-11-08T06:13:53","date_gmt":"2013-11-08T09:13:53","guid":{"rendered":"http:\/\/www.quersaberpolitica.com.br\/?p=63257"},"modified":"2013-11-08T17:23:38","modified_gmt":"2013-11-08T20:23:38","slug":"em-clima-tenso-candidatos-a-presidencia-do-str-de-petrolina-participam-de-debate","status":"publish","type":"post","link":"https:\/\/blogdofarnesio.com.br\/?p=63257","title":{"rendered":"EM CLIMA TENSO, CANDIDATOS \u00c0 PRESID\u00caNCIA DO STR DE PETROLINA PARTICIPAM DE DEBATE"},"content":{"rendered":"<p style=\"text-align: justify\"><a href=\"http:\/\/www.quersaberpolitica.com.br\/2016\/wp-content\/uploads\/2013\/11\/SAM_2034.jpg\"><img loading=\"lazy\" decoding=\"async\" class=\"aligncenter size-full wp-image-63258\" alt=\"blogqsp.STR\" src=\"http:\/\/www.quersaberpolitica.com.br\/2016\/wp-content\/uploads\/2013\/11\/SAM_2034.jpg\" width=\"400\" height=\"300\" srcset=\"https:\/\/blogdofarnesio.com.br\/wp-content\/uploads\/2013\/11\/SAM_2034.jpg 400w, https:\/\/blogdofarnesio.com.br\/wp-content\/uploads\/2013\/11\/SAM_2034-300x225.jpg 300w\" sizes=\"auto, (max-width: 400px) 100vw, 400px\" \/><\/a>Faltando poucos dias para a elei\u00e7\u00e3o, a disputa para a composi\u00e7\u00e3o da nova diretoria efetiva e do Conselho Fiscal do Sindicato dos trabalhadores Rurais de Petrolina-PE (STR) est\u00e1 esquentando cada vez mais.<\/p>\n<p style=\"text-align: justify\">Na manh\u00e3 desta quinta-feira (07), conforme noticiado pelo blog<em><strong>QSP<\/strong><\/em>, a r\u00e1dio Grande Rio AM promoveu um debate entre os concorrentes. Presentes estavam os presidentes: Chapa 01, Francisco Pascoal Cipriano da Silva (Chic\u00f4u), chapa 02, Maria Joelma da Silva, chapa 03, Rog\u00e9rio Andrade de Lima.<\/p>\n<p style=\"text-align: justify\">Em um clima tenso, durante duas horas de debate, o tr\u00eas candidatos responderam perguntas e falaram sobre seus projetos para o STR. No primeiro e segundo bloco os concorrentes fizeram perguntas entre si, e alguns pontos foram levantados.<\/p>\n<p style=\"text-align: justify\">O candidato Chic\u00f4u questionou ao concorrente Rog\u00e9rio qual sua proposta, Ele foi enf\u00e1tico ao responder que as suas ideias est\u00e3o voltadas para o trabalhador assalariado, no que diz respeito ao programa de alimenta\u00e7\u00e3o do trabalhador, sa\u00fade, e bom atendimento. \u201cN\u00e3o precisamos de dez advogados\u201d, destacou Rog\u00e9rio se referindo a o n\u00famero de advogados, que segundo ele, foram contratados por Chic\u00f4u para atuar no STR.<\/p>\n<p style=\"text-align: justify\">A candidata Joelma tamb\u00e9m deixou claro para que veio e mostrou confian\u00e7a nas suas propostas. Ao ser questionada sobre suas ideias, ela destacou que prioriza a sa\u00fade e o lazer do trabalhador. Outro questionamento para Joelma foi o porqu\u00ea da divis\u00e3o das chapas, j\u00e1 que a candidata j\u00e1 atuou com Chic\u00f4u e o antigo presidente Jos\u00e9 Ten\u00f3rio.<!--more--><\/p>\n<p style=\"text-align: justify\">\u201cN\u00e3o estou com nenhum deles por que acredito que o sindicato tem que evoluir, \u00e9 importante que o sindicato cuide da sa\u00fade da mulher. A diretoria provis\u00f3ria j\u00e1 come\u00e7ou dando errado\u201d, citando a falta do cadastro de milho em um assentamento, Joelma continuou, \u201cO sindicato tem dinheiro, \u00e9 obriga\u00e7\u00e3o da diretoria fazer um trabalho voltado para o trabalhador<\/p>\n<p style=\"text-align: justify\">Outro ponto colocado em questionamento foi a sa\u00fade do trabalhador rural, visto que o contato com o agrot\u00f3xico \u00e9 constante. Segundo Joelma, caso eleita o sindicato far\u00e1 uma trabalho preventivo e o incentivo \u00e0 produ\u00e7\u00e3o e comercializa\u00e7\u00e3o org\u00e2nica. \u201cN\u00f3s vamos fazer um trabalho preventivo, tem que cuidar melhor da mulher, dos jovens. O sindicato tamb\u00e9m em que incentivar o produtor a uma produ\u00e7\u00e3o org\u00e2nica, que n\u00e3o seja s\u00f3 o incentivo, mas o comercio tamb\u00e9m. Tem que se fazer cursos, chamar a aten\u00e7\u00e3o para a sa\u00fade, o sindicato tem o papel do trabalho preventivo, e ter o profissional para cuidar dos trabalhadores\u201d, destacou.<\/p>\n<p style=\"text-align: justify\">O candidato Chic\u00f4u tamb\u00e9m mostrou suas ideias na preven\u00e7\u00e3o e conscientiza\u00e7\u00e3o. \u201cA dire\u00e7\u00e3o tem que ter p\u00e9 no ch\u00e3o, e n\u00f3s temos, primeiro tem que ter uma diretoria para cuidar dessa parte do meio ambiente, por que \u00e9 a preven\u00e7\u00e3o, vamos fazer um trabalho de conscientiza\u00e7\u00e3o, para isso vamos fazer parcerias [&#8230;]o recurso n\u00e3o d\u00e1 para fazer muito\u201d, salientou.<\/p>\n<p style=\"text-align: justify\">Rog\u00e9rio, candidato da chapa 03, tamb\u00e9m falou da preven\u00e7\u00e3o e destacou que ser\u00e1 feita diversas parcerias. \u201cNo nosso projeto tem uma parte de cobrar mais assist\u00eancia t\u00e9cnica, para orientar os agricultores no uso do agrot\u00f3xico, vamos procurar parcerias com as unidades de sa\u00fade e universidade. N\u00f3s vamos trabalhar para que o trabalhador n\u00e3o trabalhe na hora que esses produtos fores usados e que seja respeitado o tempo\u201d, disse.<\/p>\n<p style=\"text-align: justify\"><strong>Por Cleilma Souza<\/strong><\/p>\n","protected":false},"excerpt":{"rendered":"<p>Faltando poucos dias para a elei\u00e7\u00e3o, a disputa para a composi\u00e7\u00e3o da nova diretoria efetiva e do Conselho Fiscal do Sindicato dos trabalhadores Rurais de Petrolina-PE (STR) est\u00e1 esquentando cada vez mais. Na manh\u00e3 desta quinta-feira (07), conforme noticiado pelo blogQSP, a r\u00e1dio Grande Rio AM promoveu um debate entre os concorrentes. Presentes estavam os presidentes: Chapa 01, Francisco Pascoal Cipriano da Silva (Chic\u00f4u), chapa 02, Maria Joelma da Silva, chapa 03, Rog\u00e9rio Andrade de Lima. Em um clima tenso, durante duas horas de debate, o tr\u00eas candidatos responderam perguntas e falaram sobre seus projetos para o STR. No primeiro e segundo bloco os concorrentes fizeram perguntas entre si, e alguns pontos foram levantados. O candidato Chic\u00f4u questionou ao concorrente&hellip; <\/p>\n","protected":false},"author":3,"featured_media":0,"comment_status":"open","ping_status":"open","sticky":false,"template":"","format":"standard","meta":{"_acf_changed":false,"footnotes":""},"categories":[26],"tags":[],"class_list":["post-63257","post","type-post","status-publish","format-standard","hentry","category-agricultura"],"acf":[],"yoast_head":"<!-- This site is optimized with the Yoast SEO plugin v27.4 - https:\/\/yoast.com\/product\/yoast-seo-wordpress\/ -->\n<title>EM CLIMA TENSO, CANDIDATOS \u00c0 PRESID\u00caNCIA DO STR DE PETROLINA PARTICIPAM DE DEBATE - Blog do Farn\u00e9sio<\/title>\n<meta name=\"robots\" content=\"index, follow, max-snippet:-1, max-image-preview:large, max-video-preview:-1\" \/>\n<link rel=\"canonical\" href=\"https:\/\/blogdofarnesio.com.br\/?p=63257\" \/>\n<meta property=\"og:locale\" content=\"pt_BR\" \/>\n<meta property=\"og:type\" content=\"article\" \/>\n<meta property=\"og:title\" content=\"EM CLIMA TENSO, CANDIDATOS \u00c0 PRESID\u00caNCIA DO STR DE PETROLINA PARTICIPAM DE DEBATE - Blog do Farn\u00e9sio\" \/>\n<meta property=\"og:description\" content=\"Faltando poucos dias para a elei\u00e7\u00e3o, a disputa para a composi\u00e7\u00e3o da nova diretoria efetiva e do Conselho Fiscal do Sindicato dos trabalhadores Rurais de Petrolina-PE (STR) est\u00e1 esquentando cada vez mais. Na manh\u00e3 desta quinta-feira (07), conforme noticiado pelo blogQSP, a r\u00e1dio Grande Rio AM promoveu um debate entre os concorrentes. Presentes estavam os presidentes: Chapa 01, Francisco Pascoal Cipriano da Silva (Chic\u00f4u), chapa 02, Maria Joelma da Silva, chapa 03, Rog\u00e9rio Andrade de Lima. Em um clima tenso, durante duas horas de debate, o tr\u00eas candidatos responderam perguntas e falaram sobre seus projetos para o STR. No primeiro e segundo bloco os concorrentes fizeram perguntas entre si, e alguns pontos foram levantados. O candidato Chic\u00f4u questionou ao concorrente&hellip;\" \/>\n<meta property=\"og:url\" content=\"https:\/\/blogdofarnesio.com.br\/?p=63257\" \/>\n<meta property=\"og:site_name\" content=\"Blog do Farn\u00e9sio\" \/>\n<meta property=\"article:publisher\" content=\"https:\/\/www.facebook.com\/BlogQuerSaberPolitica\/\" \/>\n<meta property=\"article:published_time\" content=\"2013-11-08T09:13:53+00:00\" \/>\n<meta property=\"article:modified_time\" content=\"2013-11-08T20:23:38+00:00\" \/>\n<meta property=\"og:image\" content=\"http:\/\/www.quersaberpolitica.com.br\/2016\/wp-content\/uploads\/2013\/11\/SAM_2034.jpg\" \/>\n<meta name=\"author\" content=\"teste\" \/>\n<meta name=\"twitter:card\" content=\"summary_large_image\" \/>\n<meta name=\"twitter:label1\" content=\"Escrito por\" \/>\n\t<meta name=\"twitter:data1\" content=\"teste\" \/>\n\t<meta name=\"twitter:label2\" content=\"Est. tempo de leitura\" \/>\n\t<meta name=\"twitter:data2\" content=\"3 minutos\" \/>\n<script type=\"application\/ld+json\" class=\"yoast-schema-graph\">{\"@context\":\"https:\\\/\\\/schema.org\",\"@graph\":[{\"@type\":\"Article\",\"@id\":\"https:\\\/\\\/blogdofarnesio.com.br\\\/?p=63257#article\",\"isPartOf\":{\"@id\":\"https:\\\/\\\/blogdofarnesio.com.br\\\/?p=63257\"},\"author\":{\"name\":\"teste\",\"@id\":\"https:\\\/\\\/blogdofarnesio.com.br\\\/#\\\/schema\\\/person\\\/dd1bf5eba40b687199ba45ca6b97dff9\"},\"headline\":\"EM CLIMA TENSO, CANDIDATOS \u00c0 PRESID\u00caNCIA DO STR DE PETROLINA PARTICIPAM DE DEBATE\",\"datePublished\":\"2013-11-08T09:13:53+00:00\",\"dateModified\":\"2013-11-08T20:23:38+00:00\",\"mainEntityOfPage\":{\"@id\":\"https:\\\/\\\/blogdofarnesio.com.br\\\/?p=63257\"},\"wordCount\":588,\"commentCount\":0,\"publisher\":{\"@id\":\"https:\\\/\\\/blogdofarnesio.com.br\\\/#organization\"},\"image\":{\"@id\":\"https:\\\/\\\/blogdofarnesio.com.br\\\/?p=63257#primaryimage\"},\"thumbnailUrl\":\"http:\\\/\\\/www.quersaberpolitica.com.br\\\/2016\\\/wp-content\\\/uploads\\\/2013\\\/11\\\/SAM_2034.jpg\",\"articleSection\":[\"Agricultura\"],\"inLanguage\":\"pt-BR\",\"potentialAction\":[{\"@type\":\"CommentAction\",\"name\":\"Comment\",\"target\":[\"https:\\\/\\\/blogdofarnesio.com.br\\\/?p=63257#respond\"]}]},{\"@type\":\"WebPage\",\"@id\":\"https:\\\/\\\/blogdofarnesio.com.br\\\/?p=63257\",\"url\":\"https:\\\/\\\/blogdofarnesio.com.br\\\/?p=63257\",\"name\":\"EM CLIMA TENSO, CANDIDATOS \u00c0 PRESID\u00caNCIA DO STR DE PETROLINA PARTICIPAM DE DEBATE - Blog do Farn\u00e9sio\",\"isPartOf\":{\"@id\":\"https:\\\/\\\/blogdofarnesio.com.br\\\/#website\"},\"primaryImageOfPage\":{\"@id\":\"https:\\\/\\\/blogdofarnesio.com.br\\\/?p=63257#primaryimage\"},\"image\":{\"@id\":\"https:\\\/\\\/blogdofarnesio.com.br\\\/?p=63257#primaryimage\"},\"thumbnailUrl\":\"http:\\\/\\\/www.quersaberpolitica.com.br\\\/2016\\\/wp-content\\\/uploads\\\/2013\\\/11\\\/SAM_2034.jpg\",\"datePublished\":\"2013-11-08T09:13:53+00:00\",\"dateModified\":\"2013-11-08T20:23:38+00:00\",\"breadcrumb\":{\"@id\":\"https:\\\/\\\/blogdofarnesio.com.br\\\/?p=63257#breadcrumb\"},\"inLanguage\":\"pt-BR\",\"potentialAction\":[{\"@type\":\"ReadAction\",\"target\":[\"https:\\\/\\\/blogdofarnesio.com.br\\\/?p=63257\"]}]},{\"@type\":\"ImageObject\",\"inLanguage\":\"pt-BR\",\"@id\":\"https:\\\/\\\/blogdofarnesio.com.br\\\/?p=63257#primaryimage\",\"url\":\"http:\\\/\\\/www.quersaberpolitica.com.br\\\/2016\\\/wp-content\\\/uploads\\\/2013\\\/11\\\/SAM_2034.jpg\",\"contentUrl\":\"http:\\\/\\\/www.quersaberpolitica.com.br\\\/2016\\\/wp-content\\\/uploads\\\/2013\\\/11\\\/SAM_2034.jpg\"},{\"@type\":\"BreadcrumbList\",\"@id\":\"https:\\\/\\\/blogdofarnesio.com.br\\\/?p=63257#breadcrumb\",\"itemListElement\":[{\"@type\":\"ListItem\",\"position\":1,\"name\":\"In\u00edcio\",\"item\":\"https:\\\/\\\/blogdofarnesio.com.br\\\/\"},{\"@type\":\"ListItem\",\"position\":2,\"name\":\"EM CLIMA TENSO, CANDIDATOS \u00c0 PRESID\u00caNCIA DO STR DE PETROLINA PARTICIPAM DE DEBATE\"}]},{\"@type\":\"WebSite\",\"@id\":\"https:\\\/\\\/blogdofarnesio.com.br\\\/#website\",\"url\":\"https:\\\/\\\/blogdofarnesio.com.br\\\/\",\"name\":\"Blog do Farn\u00e9sio\",\"description\":\"Quer Saber Pol\u00edtica?\",\"publisher\":{\"@id\":\"https:\\\/\\\/blogdofarnesio.com.br\\\/#organization\"},\"potentialAction\":[{\"@type\":\"SearchAction\",\"target\":{\"@type\":\"EntryPoint\",\"urlTemplate\":\"https:\\\/\\\/blogdofarnesio.com.br\\\/?s={search_term_string}\"},\"query-input\":{\"@type\":\"PropertyValueSpecification\",\"valueRequired\":true,\"valueName\":\"search_term_string\"}}],\"inLanguage\":\"pt-BR\"},{\"@type\":\"Organization\",\"@id\":\"https:\\\/\\\/blogdofarnesio.com.br\\\/#organization\",\"name\":\"Blog do Farn\u00e9sio\",\"url\":\"https:\\\/\\\/blogdofarnesio.com.br\\\/\",\"logo\":{\"@type\":\"ImageObject\",\"inLanguage\":\"pt-BR\",\"@id\":\"https:\\\/\\\/blogdofarnesio.com.br\\\/#\\\/schema\\\/logo\\\/image\\\/\",\"url\":\"https:\\\/\\\/blogdofarnesio.com.br\\\/wp-content\\\/uploads\\\/2026\\\/03\\\/cropped-logo_new-1.png\",\"contentUrl\":\"https:\\\/\\\/blogdofarnesio.com.br\\\/wp-content\\\/uploads\\\/2026\\\/03\\\/cropped-logo_new-1.png\",\"width\":881,\"height\":685,\"caption\":\"Blog do Farn\u00e9sio\"},\"image\":{\"@id\":\"https:\\\/\\\/blogdofarnesio.com.br\\\/#\\\/schema\\\/logo\\\/image\\\/\"},\"sameAs\":[\"https:\\\/\\\/www.facebook.com\\\/BlogQuerSaberPolitica\\\/\"]},{\"@type\":\"Person\",\"@id\":\"https:\\\/\\\/blogdofarnesio.com.br\\\/#\\\/schema\\\/person\\\/dd1bf5eba40b687199ba45ca6b97dff9\",\"name\":\"teste\",\"image\":{\"@type\":\"ImageObject\",\"inLanguage\":\"pt-BR\",\"@id\":\"https:\\\/\\\/secure.gravatar.com\\\/avatar\\\/2172498d4914b51e1d89a0f97957b035ac4938723a5cac208135d389b6972a6d?s=96&d=mm&r=g\",\"url\":\"https:\\\/\\\/secure.gravatar.com\\\/avatar\\\/2172498d4914b51e1d89a0f97957b035ac4938723a5cac208135d389b6972a6d?s=96&d=mm&r=g\",\"contentUrl\":\"https:\\\/\\\/secure.gravatar.com\\\/avatar\\\/2172498d4914b51e1d89a0f97957b035ac4938723a5cac208135d389b6972a6d?s=96&d=mm&r=g\",\"caption\":\"teste\"},\"url\":\"https:\\\/\\\/blogdofarnesio.com.br\\\/?author=3\"}]}<\/script>\n<!-- \/ Yoast SEO plugin. -->","yoast_head_json":{"title":"EM CLIMA TENSO, CANDIDATOS \u00c0 PRESID\u00caNCIA DO STR DE PETROLINA PARTICIPAM DE DEBATE - Blog do Farn\u00e9sio","robots":{"index":"index","follow":"follow","max-snippet":"max-snippet:-1","max-image-preview":"max-image-preview:large","max-video-preview":"max-video-preview:-1"},"canonical":"https:\/\/blogdofarnesio.com.br\/?p=63257","og_locale":"pt_BR","og_type":"article","og_title":"EM CLIMA TENSO, CANDIDATOS \u00c0 PRESID\u00caNCIA DO STR DE PETROLINA PARTICIPAM DE DEBATE - Blog do Farn\u00e9sio","og_description":"Faltando poucos dias para a elei\u00e7\u00e3o, a disputa para a composi\u00e7\u00e3o da nova diretoria efetiva e do Conselho Fiscal do Sindicato dos trabalhadores Rurais de Petrolina-PE (STR) est\u00e1 esquentando cada vez mais. Na manh\u00e3 desta quinta-feira (07), conforme noticiado pelo blogQSP, a r\u00e1dio Grande Rio AM promoveu um debate entre os concorrentes. Presentes estavam os presidentes: Chapa 01, Francisco Pascoal Cipriano da Silva (Chic\u00f4u), chapa 02, Maria Joelma da Silva, chapa 03, Rog\u00e9rio Andrade de Lima. Em um clima tenso, durante duas horas de debate, o tr\u00eas candidatos responderam perguntas e falaram sobre seus projetos para o STR. No primeiro e segundo bloco os concorrentes fizeram perguntas entre si, e alguns pontos foram levantados. O candidato Chic\u00f4u questionou ao concorrente&hellip;","og_url":"https:\/\/blogdofarnesio.com.br\/?p=63257","og_site_name":"Blog do Farn\u00e9sio","article_publisher":"https:\/\/www.facebook.com\/BlogQuerSaberPolitica\/","article_published_time":"2013-11-08T09:13:53+00:00","article_modified_time":"2013-11-08T20:23:38+00:00","og_image":[{"url":"http:\/\/www.quersaberpolitica.com.br\/2016\/wp-content\/uploads\/2013\/11\/SAM_2034.jpg","type":"","width":"","height":""}],"author":"teste","twitter_card":"summary_large_image","twitter_misc":{"Escrito por":"teste","Est. tempo de leitura":"3 minutos"},"schema":{"@context":"https:\/\/schema.org","@graph":[{"@type":"Article","@id":"https:\/\/blogdofarnesio.com.br\/?p=63257#article","isPartOf":{"@id":"https:\/\/blogdofarnesio.com.br\/?p=63257"},"author":{"name":"teste","@id":"https:\/\/blogdofarnesio.com.br\/#\/schema\/person\/dd1bf5eba40b687199ba45ca6b97dff9"},"headline":"EM CLIMA TENSO, CANDIDATOS \u00c0 PRESID\u00caNCIA DO STR DE PETROLINA PARTICIPAM DE DEBATE","datePublished":"2013-11-08T09:13:53+00:00","dateModified":"2013-11-08T20:23:38+00:00","mainEntityOfPage":{"@id":"https:\/\/blogdofarnesio.com.br\/?p=63257"},"wordCount":588,"commentCount":0,"publisher":{"@id":"https:\/\/blogdofarnesio.com.br\/#organization"},"image":{"@id":"https:\/\/blogdofarnesio.com.br\/?p=63257#primaryimage"},"thumbnailUrl":"http:\/\/www.quersaberpolitica.com.br\/2016\/wp-content\/uploads\/2013\/11\/SAM_2034.jpg","articleSection":["Agricultura"],"inLanguage":"pt-BR","potentialAction":[{"@type":"CommentAction","name":"Comment","target":["https:\/\/blogdofarnesio.com.br\/?p=63257#respond"]}]},{"@type":"WebPage","@id":"https:\/\/blogdofarnesio.com.br\/?p=63257","url":"https:\/\/blogdofarnesio.com.br\/?p=63257","name":"EM CLIMA TENSO, CANDIDATOS \u00c0 PRESID\u00caNCIA DO STR DE PETROLINA PARTICIPAM DE DEBATE - Blog do Farn\u00e9sio","isPartOf":{"@id":"https:\/\/blogdofarnesio.com.br\/#website"},"primaryImageOfPage":{"@id":"https:\/\/blogdofarnesio.com.br\/?p=63257#primaryimage"},"image":{"@id":"https:\/\/blogdofarnesio.com.br\/?p=63257#primaryimage"},"thumbnailUrl":"http:\/\/www.quersaberpolitica.com.br\/2016\/wp-content\/uploads\/2013\/11\/SAM_2034.jpg","datePublished":"2013-11-08T09:13:53+00:00","dateModified":"2013-11-08T20:23:38+00:00","breadcrumb":{"@id":"https:\/\/blogdofarnesio.com.br\/?p=63257#breadcrumb"},"inLanguage":"pt-BR","potentialAction":[{"@type":"ReadAction","target":["https:\/\/blogdofarnesio.com.br\/?p=63257"]}]},{"@type":"ImageObject","inLanguage":"pt-BR","@id":"https:\/\/blogdofarnesio.com.br\/?p=63257#primaryimage","url":"http:\/\/www.quersaberpolitica.com.br\/2016\/wp-content\/uploads\/2013\/11\/SAM_2034.jpg","contentUrl":"http:\/\/www.quersaberpolitica.com.br\/2016\/wp-content\/uploads\/2013\/11\/SAM_2034.jpg"},{"@type":"BreadcrumbList","@id":"https:\/\/blogdofarnesio.com.br\/?p=63257#breadcrumb","itemListElement":[{"@type":"ListItem","position":1,"name":"In\u00edcio","item":"https:\/\/blogdofarnesio.com.br\/"},{"@type":"ListItem","position":2,"name":"EM CLIMA TENSO, CANDIDATOS \u00c0 PRESID\u00caNCIA DO STR DE PETROLINA PARTICIPAM DE DEBATE"}]},{"@type":"WebSite","@id":"https:\/\/blogdofarnesio.com.br\/#website","url":"https:\/\/blogdofarnesio.com.br\/","name":"Blog do Farn\u00e9sio","description":"Quer Saber Pol\u00edtica?","publisher":{"@id":"https:\/\/blogdofarnesio.com.br\/#organization"},"potentialAction":[{"@type":"SearchAction","target":{"@type":"EntryPoint","urlTemplate":"https:\/\/blogdofarnesio.com.br\/?s={search_term_string}"},"query-input":{"@type":"PropertyValueSpecification","valueRequired":true,"valueName":"search_term_string"}}],"inLanguage":"pt-BR"},{"@type":"Organization","@id":"https:\/\/blogdofarnesio.com.br\/#organization","name":"Blog do Farn\u00e9sio","url":"https:\/\/blogdofarnesio.com.br\/","logo":{"@type":"ImageObject","inLanguage":"pt-BR","@id":"https:\/\/blogdofarnesio.com.br\/#\/schema\/logo\/image\/","url":"https:\/\/blogdofarnesio.com.br\/wp-content\/uploads\/2026\/03\/cropped-logo_new-1.png","contentUrl":"https:\/\/blogdofarnesio.com.br\/wp-content\/uploads\/2026\/03\/cropped-logo_new-1.png","width":881,"height":685,"caption":"Blog do Farn\u00e9sio"},"image":{"@id":"https:\/\/blogdofarnesio.com.br\/#\/schema\/logo\/image\/"},"sameAs":["https:\/\/www.facebook.com\/BlogQuerSaberPolitica\/"]},{"@type":"Person","@id":"https:\/\/blogdofarnesio.com.br\/#\/schema\/person\/dd1bf5eba40b687199ba45ca6b97dff9","name":"teste","image":{"@type":"ImageObject","inLanguage":"pt-BR","@id":"https:\/\/secure.gravatar.com\/avatar\/2172498d4914b51e1d89a0f97957b035ac4938723a5cac208135d389b6972a6d?s=96&d=mm&r=g","url":"https:\/\/secure.gravatar.com\/avatar\/2172498d4914b51e1d89a0f97957b035ac4938723a5cac208135d389b6972a6d?s=96&d=mm&r=g","contentUrl":"https:\/\/secure.gravatar.com\/avatar\/2172498d4914b51e1d89a0f97957b035ac4938723a5cac208135d389b6972a6d?s=96&d=mm&r=g","caption":"teste"},"url":"https:\/\/blogdofarnesio.com.br\/?author=3"}]}},"_links":{"self":[{"href":"https:\/\/blogdofarnesio.com.br\/index.php?rest_route=\/wp\/v2\/posts\/63257","targetHints":{"allow":["GET"]}}],"collection":[{"href":"https:\/\/blogdofarnesio.com.br\/index.php?rest_route=\/wp\/v2\/posts"}],"about":[{"href":"https:\/\/blogdofarnesio.com.br\/index.php?rest_route=\/wp\/v2\/types\/post"}],"author":[{"embeddable":true,"href":"https:\/\/blogdofarnesio.com.br\/index.php?rest_route=\/wp\/v2\/users\/3"}],"replies":[{"embeddable":true,"href":"https:\/\/blogdofarnesio.com.br\/index.php?rest_route=%2Fwp%2Fv2%2Fcomments&post=63257"}],"version-history":[{"count":0,"href":"https:\/\/blogdofarnesio.com.br\/index.php?rest_route=\/wp\/v2\/posts\/63257\/revisions"}],"wp:attachment":[{"href":"https:\/\/blogdofarnesio.com.br\/index.php?rest_route=%2Fwp%2Fv2%2Fmedia&parent=63257"}],"wp:term":[{"taxonomy":"category","embeddable":true,"href":"https:\/\/blogdofarnesio.com.br\/index.php?rest_route=%2Fwp%2Fv2%2Fcategories&post=63257"},{"taxonomy":"post_tag","embeddable":true,"href":"https:\/\/blogdofarnesio.com.br\/index.php?rest_route=%2Fwp%2Fv2%2Ftags&post=63257"}],"curies":[{"name":"wp","href":"https:\/\/api.w.org\/{rel}","templated":true}]}}