{"id":63062,"date":"2013-11-07T09:20:21","date_gmt":"2013-11-07T12:20:21","guid":{"rendered":"http:\/\/www.quersaberpolitica.com.br\/?p=63062"},"modified":"2013-11-07T08:33:45","modified_gmt":"2013-11-07T11:33:45","slug":"plenaria-da-prefeitura-participativa-chega-ao-bairro-areia-branca","status":"publish","type":"post","link":"https:\/\/blogdofarnesio.com.br\/?p=63062","title":{"rendered":"PLEN\u00c1RIA DA PREFEITURA PARTICIPATIVA CHEGA AO BAIRRO AREIA BRANCA"},"content":{"rendered":"<p style=\"text-align: justify\"><a href=\"http:\/\/www.quersaberpolitica.com.br\/2016\/wp-content\/uploads\/2013\/10\/DSC_-0079-01.jpg\"><img loading=\"lazy\" decoding=\"async\" class=\"alignleft size-full wp-image-61613\" alt=\"bogqsp.prefeitura\" src=\"http:\/\/www.quersaberpolitica.com.br\/2016\/wp-content\/uploads\/2013\/10\/DSC_-0079-01.jpg\" width=\"300\" height=\"214\" \/><\/a>Moradores do bairro Areia Branca e adjac\u00eancias como Vila dos Ing\u00e1s, Caminho do Sol, Maria Auxiliadora, Dom Malan e Vila Eduardo, poder\u00e3o participar nesta quinta(07), \u00e0s 19h, da 10\u00aa plen\u00e1ria do Programa Petrolina Participativa. O evento acontecer\u00e1 na Escola Mois\u00e9s Barbosa (pr\u00f3ximo ao Bod\u00f3dromo).<\/p>\n<p style=\"text-align: justify\">O programa tem o objetivo de ouvir as reivindica\u00e7\u00f5es dos moradores com o intuito de promover melhorias para o munic\u00edpio, de acordo com as necessidades de cada bairro. Por isso mesmo, \u00e9 importante a participa\u00e7\u00e3o dos moradores do bairro que recebe a plen\u00e1ria.<\/p>\n<p style=\"text-align: justify\">O programa pretende chegar a 20 regi\u00f5es administrativas (RA&#8217;s) com 26 audi\u00eancias nas comunidades, registrando a demanda de reclama\u00e7\u00f5es e sugest\u00f5es dos moradores de acordo com os setores: Infraestrutura e Desenvolvimento Econ\u00f4mico, Cultura, Esporte e Lazer, Cidadania e Qualidade de Vida.<!--more--><\/p>\n<p style=\"text-align: justify\">Este projeto ainda conta com uma sala reservada para o p\u00fablico infantil que tamb\u00e9m poder\u00e1 fazer suas reivindica\u00e7\u00f5es.<\/p>\n<p style=\"text-align: justify\"><strong>Texto: Alieny Silva<\/strong><\/p>\n","protected":false},"excerpt":{"rendered":"<p>Moradores do bairro Areia Branca e adjac\u00eancias como Vila dos Ing\u00e1s, Caminho do Sol, Maria Auxiliadora, Dom Malan e Vila Eduardo, poder\u00e3o participar nesta quinta(07), \u00e0s 19h, da 10\u00aa plen\u00e1ria do Programa Petrolina Participativa. O evento acontecer\u00e1 na Escola Mois\u00e9s Barbosa (pr\u00f3ximo ao Bod\u00f3dromo). O programa tem o objetivo de ouvir as reivindica\u00e7\u00f5es dos moradores com o intuito de promover melhorias para o munic\u00edpio, de acordo com as necessidades de cada bairro. Por isso mesmo, \u00e9 importante a participa\u00e7\u00e3o dos moradores do bairro que recebe a plen\u00e1ria. O programa pretende chegar a 20 regi\u00f5es administrativas (RA&#8217;s) com 26 audi\u00eancias nas comunidades, registrando a demanda de reclama\u00e7\u00f5es e sugest\u00f5es dos moradores de acordo com os setores: Infraestrutura e Desenvolvimento Econ\u00f4mico, Cultura,&hellip; <\/p>\n","protected":false},"author":3,"featured_media":0,"comment_status":"open","ping_status":"open","sticky":false,"template":"","format":"standard","meta":{"_acf_changed":false,"footnotes":""},"categories":[44],"tags":[],"class_list":["post-63062","post","type-post","status-publish","format-standard","hentry","category-administracao"],"acf":[],"yoast_head":"<!-- This site is optimized with the Yoast SEO plugin v27.4 - https:\/\/yoast.com\/product\/yoast-seo-wordpress\/ -->\n<title>PLEN\u00c1RIA DA PREFEITURA PARTICIPATIVA CHEGA AO BAIRRO AREIA BRANCA - Blog do Farn\u00e9sio<\/title>\n<meta name=\"robots\" content=\"index, follow, max-snippet:-1, max-image-preview:large, max-video-preview:-1\" \/>\n<link rel=\"canonical\" href=\"https:\/\/blogdofarnesio.com.br\/?p=63062\" \/>\n<meta property=\"og:locale\" content=\"pt_BR\" \/>\n<meta property=\"og:type\" content=\"article\" \/>\n<meta property=\"og:title\" content=\"PLEN\u00c1RIA DA PREFEITURA PARTICIPATIVA CHEGA AO BAIRRO AREIA BRANCA - Blog do Farn\u00e9sio\" \/>\n<meta property=\"og:description\" content=\"Moradores do bairro Areia Branca e adjac\u00eancias como Vila dos Ing\u00e1s, Caminho do Sol, Maria Auxiliadora, Dom Malan e Vila Eduardo, poder\u00e3o participar nesta quinta(07), \u00e0s 19h, da 10\u00aa plen\u00e1ria do Programa Petrolina Participativa. O evento acontecer\u00e1 na Escola Mois\u00e9s Barbosa (pr\u00f3ximo ao Bod\u00f3dromo). O programa tem o objetivo de ouvir as reivindica\u00e7\u00f5es dos moradores com o intuito de promover melhorias para o munic\u00edpio, de acordo com as necessidades de cada bairro. Por isso mesmo, \u00e9 importante a participa\u00e7\u00e3o dos moradores do bairro que recebe a plen\u00e1ria. O programa pretende chegar a 20 regi\u00f5es administrativas (RA&#8217;s) com 26 audi\u00eancias nas comunidades, registrando a demanda de reclama\u00e7\u00f5es e sugest\u00f5es dos moradores de acordo com os setores: Infraestrutura e Desenvolvimento Econ\u00f4mico, Cultura,&hellip;\" \/>\n<meta property=\"og:url\" content=\"https:\/\/blogdofarnesio.com.br\/?p=63062\" \/>\n<meta property=\"og:site_name\" content=\"Blog do Farn\u00e9sio\" \/>\n<meta property=\"article:publisher\" content=\"https:\/\/www.facebook.com\/BlogQuerSaberPolitica\/\" \/>\n<meta property=\"article:published_time\" content=\"2013-11-07T12:20:21+00:00\" \/>\n<meta property=\"og:image\" content=\"http:\/\/www.quersaberpolitica.com.br\/2016\/wp-content\/uploads\/2013\/10\/DSC_-0079-01.jpg\" \/>\n<meta name=\"author\" content=\"teste\" \/>\n<meta name=\"twitter:card\" content=\"summary_large_image\" \/>\n<meta name=\"twitter:label1\" content=\"Escrito por\" \/>\n\t<meta name=\"twitter:data1\" content=\"teste\" \/>\n\t<meta name=\"twitter:label2\" content=\"Est. tempo de leitura\" \/>\n\t<meta name=\"twitter:data2\" content=\"1 minuto\" \/>\n<script type=\"application\/ld+json\" class=\"yoast-schema-graph\">{\"@context\":\"https:\\\/\\\/schema.org\",\"@graph\":[{\"@type\":\"Article\",\"@id\":\"https:\\\/\\\/blogdofarnesio.com.br\\\/?p=63062#article\",\"isPartOf\":{\"@id\":\"https:\\\/\\\/blogdofarnesio.com.br\\\/?p=63062\"},\"author\":{\"name\":\"teste\",\"@id\":\"https:\\\/\\\/blogdofarnesio.com.br\\\/#\\\/schema\\\/person\\\/dd1bf5eba40b687199ba45ca6b97dff9\"},\"headline\":\"PLEN\u00c1RIA DA PREFEITURA PARTICIPATIVA CHEGA AO BAIRRO AREIA BRANCA\",\"datePublished\":\"2013-11-07T12:20:21+00:00\",\"mainEntityOfPage\":{\"@id\":\"https:\\\/\\\/blogdofarnesio.com.br\\\/?p=63062\"},\"wordCount\":175,\"commentCount\":0,\"publisher\":{\"@id\":\"https:\\\/\\\/blogdofarnesio.com.br\\\/#organization\"},\"image\":{\"@id\":\"https:\\\/\\\/blogdofarnesio.com.br\\\/?p=63062#primaryimage\"},\"thumbnailUrl\":\"http:\\\/\\\/www.quersaberpolitica.com.br\\\/2016\\\/wp-content\\\/uploads\\\/2013\\\/10\\\/DSC_-0079-01.jpg\",\"articleSection\":[\"Administra\u00e7\u00e3o\"],\"inLanguage\":\"pt-BR\",\"potentialAction\":[{\"@type\":\"CommentAction\",\"name\":\"Comment\",\"target\":[\"https:\\\/\\\/blogdofarnesio.com.br\\\/?p=63062#respond\"]}]},{\"@type\":\"WebPage\",\"@id\":\"https:\\\/\\\/blogdofarnesio.com.br\\\/?p=63062\",\"url\":\"https:\\\/\\\/blogdofarnesio.com.br\\\/?p=63062\",\"name\":\"PLEN\u00c1RIA DA PREFEITURA PARTICIPATIVA CHEGA AO BAIRRO AREIA BRANCA - Blog do Farn\u00e9sio\",\"isPartOf\":{\"@id\":\"https:\\\/\\\/blogdofarnesio.com.br\\\/#website\"},\"primaryImageOfPage\":{\"@id\":\"https:\\\/\\\/blogdofarnesio.com.br\\\/?p=63062#primaryimage\"},\"image\":{\"@id\":\"https:\\\/\\\/blogdofarnesio.com.br\\\/?p=63062#primaryimage\"},\"thumbnailUrl\":\"http:\\\/\\\/www.quersaberpolitica.com.br\\\/2016\\\/wp-content\\\/uploads\\\/2013\\\/10\\\/DSC_-0079-01.jpg\",\"datePublished\":\"2013-11-07T12:20:21+00:00\",\"breadcrumb\":{\"@id\":\"https:\\\/\\\/blogdofarnesio.com.br\\\/?p=63062#breadcrumb\"},\"inLanguage\":\"pt-BR\",\"potentialAction\":[{\"@type\":\"ReadAction\",\"target\":[\"https:\\\/\\\/blogdofarnesio.com.br\\\/?p=63062\"]}]},{\"@type\":\"ImageObject\",\"inLanguage\":\"pt-BR\",\"@id\":\"https:\\\/\\\/blogdofarnesio.com.br\\\/?p=63062#primaryimage\",\"url\":\"http:\\\/\\\/www.quersaberpolitica.com.br\\\/2016\\\/wp-content\\\/uploads\\\/2013\\\/10\\\/DSC_-0079-01.jpg\",\"contentUrl\":\"http:\\\/\\\/www.quersaberpolitica.com.br\\\/2016\\\/wp-content\\\/uploads\\\/2013\\\/10\\\/DSC_-0079-01.jpg\"},{\"@type\":\"BreadcrumbList\",\"@id\":\"https:\\\/\\\/blogdofarnesio.com.br\\\/?p=63062#breadcrumb\",\"itemListElement\":[{\"@type\":\"ListItem\",\"position\":1,\"name\":\"In\u00edcio\",\"item\":\"https:\\\/\\\/blogdofarnesio.com.br\\\/\"},{\"@type\":\"ListItem\",\"position\":2,\"name\":\"PLEN\u00c1RIA DA PREFEITURA PARTICIPATIVA CHEGA AO BAIRRO AREIA BRANCA\"}]},{\"@type\":\"WebSite\",\"@id\":\"https:\\\/\\\/blogdofarnesio.com.br\\\/#website\",\"url\":\"https:\\\/\\\/blogdofarnesio.com.br\\\/\",\"name\":\"Blog do Farn\u00e9sio\",\"description\":\"Quer Saber Pol\u00edtica?\",\"publisher\":{\"@id\":\"https:\\\/\\\/blogdofarnesio.com.br\\\/#organization\"},\"potentialAction\":[{\"@type\":\"SearchAction\",\"target\":{\"@type\":\"EntryPoint\",\"urlTemplate\":\"https:\\\/\\\/blogdofarnesio.com.br\\\/?s={search_term_string}\"},\"query-input\":{\"@type\":\"PropertyValueSpecification\",\"valueRequired\":true,\"valueName\":\"search_term_string\"}}],\"inLanguage\":\"pt-BR\"},{\"@type\":\"Organization\",\"@id\":\"https:\\\/\\\/blogdofarnesio.com.br\\\/#organization\",\"name\":\"Blog do Farn\u00e9sio\",\"url\":\"https:\\\/\\\/blogdofarnesio.com.br\\\/\",\"logo\":{\"@type\":\"ImageObject\",\"inLanguage\":\"pt-BR\",\"@id\":\"https:\\\/\\\/blogdofarnesio.com.br\\\/#\\\/schema\\\/logo\\\/image\\\/\",\"url\":\"https:\\\/\\\/blogdofarnesio.com.br\\\/wp-content\\\/uploads\\\/2026\\\/03\\\/cropped-logo_new-1.png\",\"contentUrl\":\"https:\\\/\\\/blogdofarnesio.com.br\\\/wp-content\\\/uploads\\\/2026\\\/03\\\/cropped-logo_new-1.png\",\"width\":881,\"height\":685,\"caption\":\"Blog do Farn\u00e9sio\"},\"image\":{\"@id\":\"https:\\\/\\\/blogdofarnesio.com.br\\\/#\\\/schema\\\/logo\\\/image\\\/\"},\"sameAs\":[\"https:\\\/\\\/www.facebook.com\\\/BlogQuerSaberPolitica\\\/\"]},{\"@type\":\"Person\",\"@id\":\"https:\\\/\\\/blogdofarnesio.com.br\\\/#\\\/schema\\\/person\\\/dd1bf5eba40b687199ba45ca6b97dff9\",\"name\":\"teste\",\"image\":{\"@type\":\"ImageObject\",\"inLanguage\":\"pt-BR\",\"@id\":\"https:\\\/\\\/secure.gravatar.com\\\/avatar\\\/2172498d4914b51e1d89a0f97957b035ac4938723a5cac208135d389b6972a6d?s=96&d=mm&r=g\",\"url\":\"https:\\\/\\\/secure.gravatar.com\\\/avatar\\\/2172498d4914b51e1d89a0f97957b035ac4938723a5cac208135d389b6972a6d?s=96&d=mm&r=g\",\"contentUrl\":\"https:\\\/\\\/secure.gravatar.com\\\/avatar\\\/2172498d4914b51e1d89a0f97957b035ac4938723a5cac208135d389b6972a6d?s=96&d=mm&r=g\",\"caption\":\"teste\"},\"url\":\"https:\\\/\\\/blogdofarnesio.com.br\\\/?author=3\"}]}<\/script>\n<!-- \/ Yoast SEO plugin. -->","yoast_head_json":{"title":"PLEN\u00c1RIA DA PREFEITURA PARTICIPATIVA CHEGA AO BAIRRO AREIA BRANCA - Blog do Farn\u00e9sio","robots":{"index":"index","follow":"follow","max-snippet":"max-snippet:-1","max-image-preview":"max-image-preview:large","max-video-preview":"max-video-preview:-1"},"canonical":"https:\/\/blogdofarnesio.com.br\/?p=63062","og_locale":"pt_BR","og_type":"article","og_title":"PLEN\u00c1RIA DA PREFEITURA PARTICIPATIVA CHEGA AO BAIRRO AREIA BRANCA - Blog do Farn\u00e9sio","og_description":"Moradores do bairro Areia Branca e adjac\u00eancias como Vila dos Ing\u00e1s, Caminho do Sol, Maria Auxiliadora, Dom Malan e Vila Eduardo, poder\u00e3o participar nesta quinta(07), \u00e0s 19h, da 10\u00aa plen\u00e1ria do Programa Petrolina Participativa. O evento acontecer\u00e1 na Escola Mois\u00e9s Barbosa (pr\u00f3ximo ao Bod\u00f3dromo). O programa tem o objetivo de ouvir as reivindica\u00e7\u00f5es dos moradores com o intuito de promover melhorias para o munic\u00edpio, de acordo com as necessidades de cada bairro. Por isso mesmo, \u00e9 importante a participa\u00e7\u00e3o dos moradores do bairro que recebe a plen\u00e1ria. O programa pretende chegar a 20 regi\u00f5es administrativas (RA&#8217;s) com 26 audi\u00eancias nas comunidades, registrando a demanda de reclama\u00e7\u00f5es e sugest\u00f5es dos moradores de acordo com os setores: Infraestrutura e Desenvolvimento Econ\u00f4mico, Cultura,&hellip;","og_url":"https:\/\/blogdofarnesio.com.br\/?p=63062","og_site_name":"Blog do Farn\u00e9sio","article_publisher":"https:\/\/www.facebook.com\/BlogQuerSaberPolitica\/","article_published_time":"2013-11-07T12:20:21+00:00","og_image":[{"url":"http:\/\/www.quersaberpolitica.com.br\/2016\/wp-content\/uploads\/2013\/10\/DSC_-0079-01.jpg","type":"","width":"","height":""}],"author":"teste","twitter_card":"summary_large_image","twitter_misc":{"Escrito por":"teste","Est. tempo de leitura":"1 minuto"},"schema":{"@context":"https:\/\/schema.org","@graph":[{"@type":"Article","@id":"https:\/\/blogdofarnesio.com.br\/?p=63062#article","isPartOf":{"@id":"https:\/\/blogdofarnesio.com.br\/?p=63062"},"author":{"name":"teste","@id":"https:\/\/blogdofarnesio.com.br\/#\/schema\/person\/dd1bf5eba40b687199ba45ca6b97dff9"},"headline":"PLEN\u00c1RIA DA PREFEITURA PARTICIPATIVA CHEGA AO BAIRRO AREIA BRANCA","datePublished":"2013-11-07T12:20:21+00:00","mainEntityOfPage":{"@id":"https:\/\/blogdofarnesio.com.br\/?p=63062"},"wordCount":175,"commentCount":0,"publisher":{"@id":"https:\/\/blogdofarnesio.com.br\/#organization"},"image":{"@id":"https:\/\/blogdofarnesio.com.br\/?p=63062#primaryimage"},"thumbnailUrl":"http:\/\/www.quersaberpolitica.com.br\/2016\/wp-content\/uploads\/2013\/10\/DSC_-0079-01.jpg","articleSection":["Administra\u00e7\u00e3o"],"inLanguage":"pt-BR","potentialAction":[{"@type":"CommentAction","name":"Comment","target":["https:\/\/blogdofarnesio.com.br\/?p=63062#respond"]}]},{"@type":"WebPage","@id":"https:\/\/blogdofarnesio.com.br\/?p=63062","url":"https:\/\/blogdofarnesio.com.br\/?p=63062","name":"PLEN\u00c1RIA DA PREFEITURA PARTICIPATIVA CHEGA AO BAIRRO AREIA BRANCA - Blog do Farn\u00e9sio","isPartOf":{"@id":"https:\/\/blogdofarnesio.com.br\/#website"},"primaryImageOfPage":{"@id":"https:\/\/blogdofarnesio.com.br\/?p=63062#primaryimage"},"image":{"@id":"https:\/\/blogdofarnesio.com.br\/?p=63062#primaryimage"},"thumbnailUrl":"http:\/\/www.quersaberpolitica.com.br\/2016\/wp-content\/uploads\/2013\/10\/DSC_-0079-01.jpg","datePublished":"2013-11-07T12:20:21+00:00","breadcrumb":{"@id":"https:\/\/blogdofarnesio.com.br\/?p=63062#breadcrumb"},"inLanguage":"pt-BR","potentialAction":[{"@type":"ReadAction","target":["https:\/\/blogdofarnesio.com.br\/?p=63062"]}]},{"@type":"ImageObject","inLanguage":"pt-BR","@id":"https:\/\/blogdofarnesio.com.br\/?p=63062#primaryimage","url":"http:\/\/www.quersaberpolitica.com.br\/2016\/wp-content\/uploads\/2013\/10\/DSC_-0079-01.jpg","contentUrl":"http:\/\/www.quersaberpolitica.com.br\/2016\/wp-content\/uploads\/2013\/10\/DSC_-0079-01.jpg"},{"@type":"BreadcrumbList","@id":"https:\/\/blogdofarnesio.com.br\/?p=63062#breadcrumb","itemListElement":[{"@type":"ListItem","position":1,"name":"In\u00edcio","item":"https:\/\/blogdofarnesio.com.br\/"},{"@type":"ListItem","position":2,"name":"PLEN\u00c1RIA DA PREFEITURA PARTICIPATIVA CHEGA AO BAIRRO AREIA BRANCA"}]},{"@type":"WebSite","@id":"https:\/\/blogdofarnesio.com.br\/#website","url":"https:\/\/blogdofarnesio.com.br\/","name":"Blog do Farn\u00e9sio","description":"Quer Saber Pol\u00edtica?","publisher":{"@id":"https:\/\/blogdofarnesio.com.br\/#organization"},"potentialAction":[{"@type":"SearchAction","target":{"@type":"EntryPoint","urlTemplate":"https:\/\/blogdofarnesio.com.br\/?s={search_term_string}"},"query-input":{"@type":"PropertyValueSpecification","valueRequired":true,"valueName":"search_term_string"}}],"inLanguage":"pt-BR"},{"@type":"Organization","@id":"https:\/\/blogdofarnesio.com.br\/#organization","name":"Blog do Farn\u00e9sio","url":"https:\/\/blogdofarnesio.com.br\/","logo":{"@type":"ImageObject","inLanguage":"pt-BR","@id":"https:\/\/blogdofarnesio.com.br\/#\/schema\/logo\/image\/","url":"https:\/\/blogdofarnesio.com.br\/wp-content\/uploads\/2026\/03\/cropped-logo_new-1.png","contentUrl":"https:\/\/blogdofarnesio.com.br\/wp-content\/uploads\/2026\/03\/cropped-logo_new-1.png","width":881,"height":685,"caption":"Blog do Farn\u00e9sio"},"image":{"@id":"https:\/\/blogdofarnesio.com.br\/#\/schema\/logo\/image\/"},"sameAs":["https:\/\/www.facebook.com\/BlogQuerSaberPolitica\/"]},{"@type":"Person","@id":"https:\/\/blogdofarnesio.com.br\/#\/schema\/person\/dd1bf5eba40b687199ba45ca6b97dff9","name":"teste","image":{"@type":"ImageObject","inLanguage":"pt-BR","@id":"https:\/\/secure.gravatar.com\/avatar\/2172498d4914b51e1d89a0f97957b035ac4938723a5cac208135d389b6972a6d?s=96&d=mm&r=g","url":"https:\/\/secure.gravatar.com\/avatar\/2172498d4914b51e1d89a0f97957b035ac4938723a5cac208135d389b6972a6d?s=96&d=mm&r=g","contentUrl":"https:\/\/secure.gravatar.com\/avatar\/2172498d4914b51e1d89a0f97957b035ac4938723a5cac208135d389b6972a6d?s=96&d=mm&r=g","caption":"teste"},"url":"https:\/\/blogdofarnesio.com.br\/?author=3"}]}},"_links":{"self":[{"href":"https:\/\/blogdofarnesio.com.br\/index.php?rest_route=\/wp\/v2\/posts\/63062","targetHints":{"allow":["GET"]}}],"collection":[{"href":"https:\/\/blogdofarnesio.com.br\/index.php?rest_route=\/wp\/v2\/posts"}],"about":[{"href":"https:\/\/blogdofarnesio.com.br\/index.php?rest_route=\/wp\/v2\/types\/post"}],"author":[{"embeddable":true,"href":"https:\/\/blogdofarnesio.com.br\/index.php?rest_route=\/wp\/v2\/users\/3"}],"replies":[{"embeddable":true,"href":"https:\/\/blogdofarnesio.com.br\/index.php?rest_route=%2Fwp%2Fv2%2Fcomments&post=63062"}],"version-history":[{"count":0,"href":"https:\/\/blogdofarnesio.com.br\/index.php?rest_route=\/wp\/v2\/posts\/63062\/revisions"}],"wp:attachment":[{"href":"https:\/\/blogdofarnesio.com.br\/index.php?rest_route=%2Fwp%2Fv2%2Fmedia&parent=63062"}],"wp:term":[{"taxonomy":"category","embeddable":true,"href":"https:\/\/blogdofarnesio.com.br\/index.php?rest_route=%2Fwp%2Fv2%2Fcategories&post=63062"},{"taxonomy":"post_tag","embeddable":true,"href":"https:\/\/blogdofarnesio.com.br\/index.php?rest_route=%2Fwp%2Fv2%2Ftags&post=63062"}],"curies":[{"name":"wp","href":"https:\/\/api.w.org\/{rel}","templated":true}]}}