{"id":62975,"date":"2013-11-06T08:32:22","date_gmt":"2013-11-06T11:32:22","guid":{"rendered":"http:\/\/www.quersaberpolitica.com.br\/?p=62975"},"modified":"2013-11-05T22:13:26","modified_gmt":"2013-11-06T01:13:26","slug":"vereador-ze-batista-critica-o-atendimento-da-upae-de-petrolina","status":"publish","type":"post","link":"https:\/\/blogdofarnesio.com.br\/?p=62975","title":{"rendered":"VEREADOR Z\u00c9 BATISTA CRITICA O ATENDIMENTO DA UPAE DE PETROLINA"},"content":{"rendered":"<p style=\"text-align: justify\"><a href=\"http:\/\/www.quersaberpolitica.com.br\/2016\/wp-content\/uploads\/2013\/11\/blogqspedenevaldo.jpg\"><img loading=\"lazy\" decoding=\"async\" class=\"alignleft size-full wp-image-63015\" alt=\"blogqspedenevaldo\" src=\"http:\/\/www.quersaberpolitica.com.br\/2016\/wp-content\/uploads\/2013\/11\/blogqspedenevaldo.jpg\" width=\"160\" height=\"120\" \/><\/a>Os servi\u00e7o prestado pela unidade de atendimento UPAE, inaugurada recentemente em Petrolina, j\u00e1 est\u00e3o causando insatisfa\u00e7\u00f5es aos pacientes, diariamente os programas de r\u00e1dios da regi\u00e3o recebem den\u00fancias sobre o atendimento da unidade.<\/p>\n<p style=\"text-align: justify\">No programa de Edenevaldo Alves (foto), na R\u00e1dio Petrolina FM, um ouvinte reclamou que passou mais de 8h esperando atendimento, naquela unidade de urg\u00eancia, mantida pelo governo do estado<\/p>\n<p style=\"text-align: justify\">Mostrando-se antenado aos acontecimentos, o vereador Z\u00e9 batista, trouxe o assunto como pauta do seu discurso na sess\u00e3o ordin\u00e1ria da Casa Pl\u00ednio Amorim, Ele cobrou melhorias para o hospital, destacando que assim como o governo municipal, o Estadual tamb\u00e9m \u00e9 merecedor de cr\u00edticas. \u201cA UPAE est\u00e1 ai, est\u00e1 todo dia na r\u00e1dio as cr\u00edticas da m\u00e1 assist\u00eancia as pessoas [&#8230;] ai vem com uma desculpa amarela, esfarrapada dizendo que n\u00e3o \u00e9 problema da UPAE.<\/p>\n<p style=\"text-align: justify\">A Unidade n\u00e3o \u00e9 esta como Ele (Governador) disse na inaugura\u00e7\u00e3o, \u00e9 necess\u00e1rio que se fa\u00e7a o dever de casa, quem quer ser presidente da rep\u00fablica tem que fazer o dever de casa\u201d, criticou.<!--more--><\/p>\n<p style=\"text-align: justify\">Z\u00e9 Batista ainda disse, que, apesar de fazer parte da base aliada do Estado, n\u00e3o pode defender o indefens\u00e1vel. \u201c Eu sou de colocar as cartas na mesa, n\u00e3o tenho rabo de palhar, n\u00e3o fico em cima do muro, se est\u00e1 errado, est\u00e1 errado\u201d, declarou.<\/p>\n<p style=\"text-align: justify\"><strong>Por Cl\u00eailma Souza<\/strong><\/p>\n","protected":false},"excerpt":{"rendered":"<p>Os servi\u00e7o prestado pela unidade de atendimento UPAE, inaugurada recentemente em Petrolina, j\u00e1 est\u00e3o causando insatisfa\u00e7\u00f5es aos pacientes, diariamente os programas de r\u00e1dios da regi\u00e3o recebem den\u00fancias sobre o atendimento da unidade. No programa de Edenevaldo Alves (foto), na R\u00e1dio Petrolina FM, um ouvinte reclamou que passou mais de 8h esperando atendimento, naquela unidade de urg\u00eancia, mantida pelo governo do estado Mostrando-se antenado aos acontecimentos, o vereador Z\u00e9 batista, trouxe o assunto como pauta do seu discurso na sess\u00e3o ordin\u00e1ria da Casa Pl\u00ednio Amorim, Ele cobrou melhorias para o hospital, destacando que assim como o governo municipal, o Estadual tamb\u00e9m \u00e9 merecedor de cr\u00edticas. \u201cA UPAE est\u00e1 ai, est\u00e1 todo dia na r\u00e1dio as cr\u00edticas da m\u00e1 assist\u00eancia as pessoas&hellip; <\/p>\n","protected":false},"author":3,"featured_media":0,"comment_status":"open","ping_status":"open","sticky":false,"template":"","format":"standard","meta":{"_acf_changed":false,"footnotes":""},"categories":[1],"tags":[],"class_list":["post-62975","post","type-post","status-publish","format-standard","hentry","category-politica"],"acf":[],"yoast_head":"<!-- This site is optimized with the Yoast SEO plugin v27.4 - https:\/\/yoast.com\/product\/yoast-seo-wordpress\/ -->\n<title>VEREADOR Z\u00c9 BATISTA CRITICA O ATENDIMENTO DA UPAE DE PETROLINA  - Blog do Farn\u00e9sio<\/title>\n<meta name=\"robots\" content=\"index, follow, max-snippet:-1, max-image-preview:large, max-video-preview:-1\" \/>\n<link rel=\"canonical\" href=\"https:\/\/blogdofarnesio.com.br\/?p=62975\" \/>\n<meta property=\"og:locale\" content=\"pt_BR\" \/>\n<meta property=\"og:type\" content=\"article\" \/>\n<meta property=\"og:title\" content=\"VEREADOR Z\u00c9 BATISTA CRITICA O ATENDIMENTO DA UPAE DE PETROLINA  - Blog do Farn\u00e9sio\" \/>\n<meta property=\"og:description\" content=\"Os servi\u00e7o prestado pela unidade de atendimento UPAE, inaugurada recentemente em Petrolina, j\u00e1 est\u00e3o causando insatisfa\u00e7\u00f5es aos pacientes, diariamente os programas de r\u00e1dios da regi\u00e3o recebem den\u00fancias sobre o atendimento da unidade. No programa de Edenevaldo Alves (foto), na R\u00e1dio Petrolina FM, um ouvinte reclamou que passou mais de 8h esperando atendimento, naquela unidade de urg\u00eancia, mantida pelo governo do estado Mostrando-se antenado aos acontecimentos, o vereador Z\u00e9 batista, trouxe o assunto como pauta do seu discurso na sess\u00e3o ordin\u00e1ria da Casa Pl\u00ednio Amorim, Ele cobrou melhorias para o hospital, destacando que assim como o governo municipal, o Estadual tamb\u00e9m \u00e9 merecedor de cr\u00edticas. \u201cA UPAE est\u00e1 ai, est\u00e1 todo dia na r\u00e1dio as cr\u00edticas da m\u00e1 assist\u00eancia as pessoas&hellip;\" \/>\n<meta property=\"og:url\" content=\"https:\/\/blogdofarnesio.com.br\/?p=62975\" \/>\n<meta property=\"og:site_name\" content=\"Blog do Farn\u00e9sio\" \/>\n<meta property=\"article:publisher\" content=\"https:\/\/www.facebook.com\/BlogQuerSaberPolitica\/\" \/>\n<meta property=\"article:published_time\" content=\"2013-11-06T11:32:22+00:00\" \/>\n<meta property=\"og:image\" content=\"http:\/\/www.quersaberpolitica.com.br\/2016\/wp-content\/uploads\/2013\/11\/blogqspedenevaldo.jpg\" \/>\n<meta name=\"author\" content=\"teste\" \/>\n<meta name=\"twitter:card\" content=\"summary_large_image\" \/>\n<meta name=\"twitter:label1\" content=\"Escrito por\" \/>\n\t<meta name=\"twitter:data1\" content=\"teste\" \/>\n\t<meta name=\"twitter:label2\" content=\"Est. tempo de leitura\" \/>\n\t<meta name=\"twitter:data2\" content=\"1 minuto\" \/>\n<script type=\"application\/ld+json\" class=\"yoast-schema-graph\">{\"@context\":\"https:\\\/\\\/schema.org\",\"@graph\":[{\"@type\":\"Article\",\"@id\":\"https:\\\/\\\/blogdofarnesio.com.br\\\/?p=62975#article\",\"isPartOf\":{\"@id\":\"https:\\\/\\\/blogdofarnesio.com.br\\\/?p=62975\"},\"author\":{\"name\":\"teste\",\"@id\":\"https:\\\/\\\/blogdofarnesio.com.br\\\/#\\\/schema\\\/person\\\/dd1bf5eba40b687199ba45ca6b97dff9\"},\"headline\":\"VEREADOR Z\u00c9 BATISTA CRITICA O ATENDIMENTO DA UPAE DE PETROLINA\",\"datePublished\":\"2013-11-06T11:32:22+00:00\",\"mainEntityOfPage\":{\"@id\":\"https:\\\/\\\/blogdofarnesio.com.br\\\/?p=62975\"},\"wordCount\":248,\"commentCount\":4,\"publisher\":{\"@id\":\"https:\\\/\\\/blogdofarnesio.com.br\\\/#organization\"},\"image\":{\"@id\":\"https:\\\/\\\/blogdofarnesio.com.br\\\/?p=62975#primaryimage\"},\"thumbnailUrl\":\"http:\\\/\\\/www.quersaberpolitica.com.br\\\/2016\\\/wp-content\\\/uploads\\\/2013\\\/11\\\/blogqspedenevaldo.jpg\",\"articleSection\":[\"Pol\u00edtica\"],\"inLanguage\":\"pt-BR\",\"potentialAction\":[{\"@type\":\"CommentAction\",\"name\":\"Comment\",\"target\":[\"https:\\\/\\\/blogdofarnesio.com.br\\\/?p=62975#respond\"]}]},{\"@type\":\"WebPage\",\"@id\":\"https:\\\/\\\/blogdofarnesio.com.br\\\/?p=62975\",\"url\":\"https:\\\/\\\/blogdofarnesio.com.br\\\/?p=62975\",\"name\":\"VEREADOR Z\u00c9 BATISTA CRITICA O ATENDIMENTO DA UPAE DE PETROLINA - Blog do Farn\u00e9sio\",\"isPartOf\":{\"@id\":\"https:\\\/\\\/blogdofarnesio.com.br\\\/#website\"},\"primaryImageOfPage\":{\"@id\":\"https:\\\/\\\/blogdofarnesio.com.br\\\/?p=62975#primaryimage\"},\"image\":{\"@id\":\"https:\\\/\\\/blogdofarnesio.com.br\\\/?p=62975#primaryimage\"},\"thumbnailUrl\":\"http:\\\/\\\/www.quersaberpolitica.com.br\\\/2016\\\/wp-content\\\/uploads\\\/2013\\\/11\\\/blogqspedenevaldo.jpg\",\"datePublished\":\"2013-11-06T11:32:22+00:00\",\"breadcrumb\":{\"@id\":\"https:\\\/\\\/blogdofarnesio.com.br\\\/?p=62975#breadcrumb\"},\"inLanguage\":\"pt-BR\",\"potentialAction\":[{\"@type\":\"ReadAction\",\"target\":[\"https:\\\/\\\/blogdofarnesio.com.br\\\/?p=62975\"]}]},{\"@type\":\"ImageObject\",\"inLanguage\":\"pt-BR\",\"@id\":\"https:\\\/\\\/blogdofarnesio.com.br\\\/?p=62975#primaryimage\",\"url\":\"http:\\\/\\\/www.quersaberpolitica.com.br\\\/2016\\\/wp-content\\\/uploads\\\/2013\\\/11\\\/blogqspedenevaldo.jpg\",\"contentUrl\":\"http:\\\/\\\/www.quersaberpolitica.com.br\\\/2016\\\/wp-content\\\/uploads\\\/2013\\\/11\\\/blogqspedenevaldo.jpg\"},{\"@type\":\"BreadcrumbList\",\"@id\":\"https:\\\/\\\/blogdofarnesio.com.br\\\/?p=62975#breadcrumb\",\"itemListElement\":[{\"@type\":\"ListItem\",\"position\":1,\"name\":\"In\u00edcio\",\"item\":\"https:\\\/\\\/blogdofarnesio.com.br\\\/\"},{\"@type\":\"ListItem\",\"position\":2,\"name\":\"VEREADOR Z\u00c9 BATISTA CRITICA O ATENDIMENTO DA UPAE DE PETROLINA\"}]},{\"@type\":\"WebSite\",\"@id\":\"https:\\\/\\\/blogdofarnesio.com.br\\\/#website\",\"url\":\"https:\\\/\\\/blogdofarnesio.com.br\\\/\",\"name\":\"Blog do Farn\u00e9sio\",\"description\":\"Quer Saber Pol\u00edtica?\",\"publisher\":{\"@id\":\"https:\\\/\\\/blogdofarnesio.com.br\\\/#organization\"},\"potentialAction\":[{\"@type\":\"SearchAction\",\"target\":{\"@type\":\"EntryPoint\",\"urlTemplate\":\"https:\\\/\\\/blogdofarnesio.com.br\\\/?s={search_term_string}\"},\"query-input\":{\"@type\":\"PropertyValueSpecification\",\"valueRequired\":true,\"valueName\":\"search_term_string\"}}],\"inLanguage\":\"pt-BR\"},{\"@type\":\"Organization\",\"@id\":\"https:\\\/\\\/blogdofarnesio.com.br\\\/#organization\",\"name\":\"Blog do Farn\u00e9sio\",\"url\":\"https:\\\/\\\/blogdofarnesio.com.br\\\/\",\"logo\":{\"@type\":\"ImageObject\",\"inLanguage\":\"pt-BR\",\"@id\":\"https:\\\/\\\/blogdofarnesio.com.br\\\/#\\\/schema\\\/logo\\\/image\\\/\",\"url\":\"https:\\\/\\\/blogdofarnesio.com.br\\\/wp-content\\\/uploads\\\/2026\\\/03\\\/cropped-logo_new-1.png\",\"contentUrl\":\"https:\\\/\\\/blogdofarnesio.com.br\\\/wp-content\\\/uploads\\\/2026\\\/03\\\/cropped-logo_new-1.png\",\"width\":881,\"height\":685,\"caption\":\"Blog do Farn\u00e9sio\"},\"image\":{\"@id\":\"https:\\\/\\\/blogdofarnesio.com.br\\\/#\\\/schema\\\/logo\\\/image\\\/\"},\"sameAs\":[\"https:\\\/\\\/www.facebook.com\\\/BlogQuerSaberPolitica\\\/\"]},{\"@type\":\"Person\",\"@id\":\"https:\\\/\\\/blogdofarnesio.com.br\\\/#\\\/schema\\\/person\\\/dd1bf5eba40b687199ba45ca6b97dff9\",\"name\":\"teste\",\"image\":{\"@type\":\"ImageObject\",\"inLanguage\":\"pt-BR\",\"@id\":\"https:\\\/\\\/secure.gravatar.com\\\/avatar\\\/2172498d4914b51e1d89a0f97957b035ac4938723a5cac208135d389b6972a6d?s=96&d=mm&r=g\",\"url\":\"https:\\\/\\\/secure.gravatar.com\\\/avatar\\\/2172498d4914b51e1d89a0f97957b035ac4938723a5cac208135d389b6972a6d?s=96&d=mm&r=g\",\"contentUrl\":\"https:\\\/\\\/secure.gravatar.com\\\/avatar\\\/2172498d4914b51e1d89a0f97957b035ac4938723a5cac208135d389b6972a6d?s=96&d=mm&r=g\",\"caption\":\"teste\"},\"url\":\"https:\\\/\\\/blogdofarnesio.com.br\\\/?author=3\"}]}<\/script>\n<!-- \/ Yoast SEO plugin. -->","yoast_head_json":{"title":"VEREADOR Z\u00c9 BATISTA CRITICA O ATENDIMENTO DA UPAE DE PETROLINA  - Blog do Farn\u00e9sio","robots":{"index":"index","follow":"follow","max-snippet":"max-snippet:-1","max-image-preview":"max-image-preview:large","max-video-preview":"max-video-preview:-1"},"canonical":"https:\/\/blogdofarnesio.com.br\/?p=62975","og_locale":"pt_BR","og_type":"article","og_title":"VEREADOR Z\u00c9 BATISTA CRITICA O ATENDIMENTO DA UPAE DE PETROLINA  - Blog do Farn\u00e9sio","og_description":"Os servi\u00e7o prestado pela unidade de atendimento UPAE, inaugurada recentemente em Petrolina, j\u00e1 est\u00e3o causando insatisfa\u00e7\u00f5es aos pacientes, diariamente os programas de r\u00e1dios da regi\u00e3o recebem den\u00fancias sobre o atendimento da unidade. No programa de Edenevaldo Alves (foto), na R\u00e1dio Petrolina FM, um ouvinte reclamou que passou mais de 8h esperando atendimento, naquela unidade de urg\u00eancia, mantida pelo governo do estado Mostrando-se antenado aos acontecimentos, o vereador Z\u00e9 batista, trouxe o assunto como pauta do seu discurso na sess\u00e3o ordin\u00e1ria da Casa Pl\u00ednio Amorim, Ele cobrou melhorias para o hospital, destacando que assim como o governo municipal, o Estadual tamb\u00e9m \u00e9 merecedor de cr\u00edticas. \u201cA UPAE est\u00e1 ai, est\u00e1 todo dia na r\u00e1dio as cr\u00edticas da m\u00e1 assist\u00eancia as pessoas&hellip;","og_url":"https:\/\/blogdofarnesio.com.br\/?p=62975","og_site_name":"Blog do Farn\u00e9sio","article_publisher":"https:\/\/www.facebook.com\/BlogQuerSaberPolitica\/","article_published_time":"2013-11-06T11:32:22+00:00","og_image":[{"url":"http:\/\/www.quersaberpolitica.com.br\/2016\/wp-content\/uploads\/2013\/11\/blogqspedenevaldo.jpg","type":"","width":"","height":""}],"author":"teste","twitter_card":"summary_large_image","twitter_misc":{"Escrito por":"teste","Est. tempo de leitura":"1 minuto"},"schema":{"@context":"https:\/\/schema.org","@graph":[{"@type":"Article","@id":"https:\/\/blogdofarnesio.com.br\/?p=62975#article","isPartOf":{"@id":"https:\/\/blogdofarnesio.com.br\/?p=62975"},"author":{"name":"teste","@id":"https:\/\/blogdofarnesio.com.br\/#\/schema\/person\/dd1bf5eba40b687199ba45ca6b97dff9"},"headline":"VEREADOR Z\u00c9 BATISTA CRITICA O ATENDIMENTO DA UPAE DE PETROLINA","datePublished":"2013-11-06T11:32:22+00:00","mainEntityOfPage":{"@id":"https:\/\/blogdofarnesio.com.br\/?p=62975"},"wordCount":248,"commentCount":4,"publisher":{"@id":"https:\/\/blogdofarnesio.com.br\/#organization"},"image":{"@id":"https:\/\/blogdofarnesio.com.br\/?p=62975#primaryimage"},"thumbnailUrl":"http:\/\/www.quersaberpolitica.com.br\/2016\/wp-content\/uploads\/2013\/11\/blogqspedenevaldo.jpg","articleSection":["Pol\u00edtica"],"inLanguage":"pt-BR","potentialAction":[{"@type":"CommentAction","name":"Comment","target":["https:\/\/blogdofarnesio.com.br\/?p=62975#respond"]}]},{"@type":"WebPage","@id":"https:\/\/blogdofarnesio.com.br\/?p=62975","url":"https:\/\/blogdofarnesio.com.br\/?p=62975","name":"VEREADOR Z\u00c9 BATISTA CRITICA O ATENDIMENTO DA UPAE DE PETROLINA - Blog do Farn\u00e9sio","isPartOf":{"@id":"https:\/\/blogdofarnesio.com.br\/#website"},"primaryImageOfPage":{"@id":"https:\/\/blogdofarnesio.com.br\/?p=62975#primaryimage"},"image":{"@id":"https:\/\/blogdofarnesio.com.br\/?p=62975#primaryimage"},"thumbnailUrl":"http:\/\/www.quersaberpolitica.com.br\/2016\/wp-content\/uploads\/2013\/11\/blogqspedenevaldo.jpg","datePublished":"2013-11-06T11:32:22+00:00","breadcrumb":{"@id":"https:\/\/blogdofarnesio.com.br\/?p=62975#breadcrumb"},"inLanguage":"pt-BR","potentialAction":[{"@type":"ReadAction","target":["https:\/\/blogdofarnesio.com.br\/?p=62975"]}]},{"@type":"ImageObject","inLanguage":"pt-BR","@id":"https:\/\/blogdofarnesio.com.br\/?p=62975#primaryimage","url":"http:\/\/www.quersaberpolitica.com.br\/2016\/wp-content\/uploads\/2013\/11\/blogqspedenevaldo.jpg","contentUrl":"http:\/\/www.quersaberpolitica.com.br\/2016\/wp-content\/uploads\/2013\/11\/blogqspedenevaldo.jpg"},{"@type":"BreadcrumbList","@id":"https:\/\/blogdofarnesio.com.br\/?p=62975#breadcrumb","itemListElement":[{"@type":"ListItem","position":1,"name":"In\u00edcio","item":"https:\/\/blogdofarnesio.com.br\/"},{"@type":"ListItem","position":2,"name":"VEREADOR Z\u00c9 BATISTA CRITICA O ATENDIMENTO DA UPAE DE PETROLINA"}]},{"@type":"WebSite","@id":"https:\/\/blogdofarnesio.com.br\/#website","url":"https:\/\/blogdofarnesio.com.br\/","name":"Blog do Farn\u00e9sio","description":"Quer Saber Pol\u00edtica?","publisher":{"@id":"https:\/\/blogdofarnesio.com.br\/#organization"},"potentialAction":[{"@type":"SearchAction","target":{"@type":"EntryPoint","urlTemplate":"https:\/\/blogdofarnesio.com.br\/?s={search_term_string}"},"query-input":{"@type":"PropertyValueSpecification","valueRequired":true,"valueName":"search_term_string"}}],"inLanguage":"pt-BR"},{"@type":"Organization","@id":"https:\/\/blogdofarnesio.com.br\/#organization","name":"Blog do Farn\u00e9sio","url":"https:\/\/blogdofarnesio.com.br\/","logo":{"@type":"ImageObject","inLanguage":"pt-BR","@id":"https:\/\/blogdofarnesio.com.br\/#\/schema\/logo\/image\/","url":"https:\/\/blogdofarnesio.com.br\/wp-content\/uploads\/2026\/03\/cropped-logo_new-1.png","contentUrl":"https:\/\/blogdofarnesio.com.br\/wp-content\/uploads\/2026\/03\/cropped-logo_new-1.png","width":881,"height":685,"caption":"Blog do Farn\u00e9sio"},"image":{"@id":"https:\/\/blogdofarnesio.com.br\/#\/schema\/logo\/image\/"},"sameAs":["https:\/\/www.facebook.com\/BlogQuerSaberPolitica\/"]},{"@type":"Person","@id":"https:\/\/blogdofarnesio.com.br\/#\/schema\/person\/dd1bf5eba40b687199ba45ca6b97dff9","name":"teste","image":{"@type":"ImageObject","inLanguage":"pt-BR","@id":"https:\/\/secure.gravatar.com\/avatar\/2172498d4914b51e1d89a0f97957b035ac4938723a5cac208135d389b6972a6d?s=96&d=mm&r=g","url":"https:\/\/secure.gravatar.com\/avatar\/2172498d4914b51e1d89a0f97957b035ac4938723a5cac208135d389b6972a6d?s=96&d=mm&r=g","contentUrl":"https:\/\/secure.gravatar.com\/avatar\/2172498d4914b51e1d89a0f97957b035ac4938723a5cac208135d389b6972a6d?s=96&d=mm&r=g","caption":"teste"},"url":"https:\/\/blogdofarnesio.com.br\/?author=3"}]}},"_links":{"self":[{"href":"https:\/\/blogdofarnesio.com.br\/index.php?rest_route=\/wp\/v2\/posts\/62975","targetHints":{"allow":["GET"]}}],"collection":[{"href":"https:\/\/blogdofarnesio.com.br\/index.php?rest_route=\/wp\/v2\/posts"}],"about":[{"href":"https:\/\/blogdofarnesio.com.br\/index.php?rest_route=\/wp\/v2\/types\/post"}],"author":[{"embeddable":true,"href":"https:\/\/blogdofarnesio.com.br\/index.php?rest_route=\/wp\/v2\/users\/3"}],"replies":[{"embeddable":true,"href":"https:\/\/blogdofarnesio.com.br\/index.php?rest_route=%2Fwp%2Fv2%2Fcomments&post=62975"}],"version-history":[{"count":0,"href":"https:\/\/blogdofarnesio.com.br\/index.php?rest_route=\/wp\/v2\/posts\/62975\/revisions"}],"wp:attachment":[{"href":"https:\/\/blogdofarnesio.com.br\/index.php?rest_route=%2Fwp%2Fv2%2Fmedia&parent=62975"}],"wp:term":[{"taxonomy":"category","embeddable":true,"href":"https:\/\/blogdofarnesio.com.br\/index.php?rest_route=%2Fwp%2Fv2%2Fcategories&post=62975"},{"taxonomy":"post_tag","embeddable":true,"href":"https:\/\/blogdofarnesio.com.br\/index.php?rest_route=%2Fwp%2Fv2%2Ftags&post=62975"}],"curies":[{"name":"wp","href":"https:\/\/api.w.org\/{rel}","templated":true}]}}