{"id":62863,"date":"2013-11-04T20:03:58","date_gmt":"2013-11-04T23:03:58","guid":{"rendered":"http:\/\/www.quersaberpolitica.com.br\/?p=62863"},"modified":"2013-11-04T19:08:26","modified_gmt":"2013-11-04T22:08:26","slug":"vereador-usa-mortes-de-irmaos-como-pretexto-para-criacao-da-lei-emanuel-e-emanuelle","status":"publish","type":"post","link":"https:\/\/blogdofarnesio.com.br\/?p=62863","title":{"rendered":"VEREADOR USA MORTES DE IRM\u00c3OS, COMO PRETEXTO PARA CRIA\u00c7\u00c3O DA &#8220;LEI EMANUEL E EMANUELLE&#8221;"},"content":{"rendered":"<div>\n<div><img loading=\"lazy\" decoding=\"async\" class=\"aligncenter\" title=\"Foto: Max Haack \/ Ag. Haack \/ Bahia Not\u00edcias\" alt=\"Vereador usa morte de irm\u00e3os como \u2018inspira\u00e7\u00e3o\u2019 e quer criar \u2018lei Emanuel e Emanuelle\u2019\" src=\"http:\/\/www.bahianoticias.com.br\/fotos\/principal_noticias\/146037\/xIMAGEM_NOTICIA_5.jpg.pagespeed.ic.5YLE7PKDau.jpg\" width=\"380\" height=\"280\" \/><\/div>\n<div style=\"text-align: justify\">\u00a0<span style=\"text-align: justify\">A repercuss\u00e3o dada \u00e0 morte dos irm\u00e3os Emanuel e Emanuelle Dias Gomes serviu de \u201cinspira\u00e7\u00e3o\u201d para o vereador Alberto Braga (PSC) na cria\u00e7\u00e3o de mais um projeto de lei controverso. <\/span><\/div>\n<div style=\"text-align: justify\"><\/div>\n<div style=\"text-align: justify\"><span style=\"text-align: justify\">O legislador,\u00a0<\/span><a style=\"text-align: justify\" href=\"http:\/\/www.bahianoticias.com.br\/principal\/noticia\/143531-alberto-braga-tenta-proibir-aulas-praticas-de-autoescola-em-horarios-de-pico-em-salvador.html\" target=\"_blank\"><strong>que recentemente gerou pol\u00eamica ao tentar proibir aulas pr\u00e1ticas de autoescolas em hor\u00e1rios de fluxo intenso de ve\u00edculos em Salvador<\/strong><\/a><span style=\"text-align: justify\">, n\u00e3o perdeu tempo e, 25 dias ap\u00f3s o incidente, anunciou o desejo de criar a \u201clei Emanuel e Emanuelle\u201d e transformar o dia 11 de outubro na data municipal de combate \u00e0 viol\u00eancia no tr\u00e2nsito. <\/span><\/div>\n<div style=\"text-align: justify\"><\/div>\n<div style=\"text-align: justify\"><span style=\"text-align: justify\">De acordo com a assessoria de imprensa do social-crist\u00e3o, a medida tem por objetivo \u201cconscientizar motoristas, motociclistas e pedestres\u201d, atrav\u00e9s de caminhadas, propagandas e panfletagens realizadas anualmente sobre o tema. &#8220;\u00c9 uma maneira de pedirmos paz, paci\u00eancia, respeito e amor pelo pr\u00f3ximo. Hoje em dia se discute, se agride e se mata no tr\u00e2nsito por qualquer coisa.<!--more--> <\/span><\/div>\n<div style=\"text-align: justify\"><\/div>\n<div style=\"text-align: justify\"><span style=\"text-align: justify\">Neste dia queremos relembrar a perda dessas duas vidas e renovar o pedido de mais toler\u00e2ncia&#8221;, explicou Braga, que chegou a sugerir \u00e0 prefeitura a instala\u00e7\u00e3o de um monumento em lembran\u00e7a \u00e0s v\u00edtimas em Ondina,\u00a0<\/span><a style=\"text-align: justify\" href=\"http:\/\/www.bahianoticias.com.br\/principal\/noticia\/144902-duas-pessoas-morrem-em-acidente-na-avenida-oceanica-em-ondina.html\" target=\"_blank\"><strong>onde a moto em que estavam Emanuel e Emanuelle foi atingida pelo carro da m\u00e9dica K\u00e1tia Vargas<\/strong><\/a><span style=\"text-align: justify\">. A suspeita est\u00e1 presa na Penitenci\u00e1ria Feminina da Mata Escura e ir\u00e1 responder por duplo homic\u00eddio doloso, triplamente qualificado.\u00a0<\/span><\/div>\n<\/div>\n","protected":false},"excerpt":{"rendered":"<p>\u00a0A repercuss\u00e3o dada \u00e0 morte dos irm\u00e3os Emanuel e Emanuelle Dias Gomes serviu de \u201cinspira\u00e7\u00e3o\u201d para o vereador Alberto Braga (PSC) na cria\u00e7\u00e3o de mais um projeto de lei controverso. O legislador,\u00a0que recentemente gerou pol\u00eamica ao tentar proibir aulas pr\u00e1ticas de autoescolas em hor\u00e1rios de fluxo intenso de ve\u00edculos em Salvador, n\u00e3o perdeu tempo e, 25 dias ap\u00f3s o incidente, anunciou o desejo de criar a \u201clei Emanuel e Emanuelle\u201d e transformar o dia 11 de outubro na data municipal de combate \u00e0 viol\u00eancia no tr\u00e2nsito. De acordo com a assessoria de imprensa do social-crist\u00e3o, a medida tem por objetivo \u201cconscientizar motoristas, motociclistas e pedestres\u201d, atrav\u00e9s de caminhadas, propagandas e panfletagens realizadas anualmente sobre o tema. &#8220;\u00c9 uma maneira de&hellip; <\/p>\n","protected":false},"author":3,"featured_media":0,"comment_status":"open","ping_status":"open","sticky":false,"template":"","format":"standard","meta":{"_acf_changed":false,"footnotes":""},"categories":[1],"tags":[],"class_list":["post-62863","post","type-post","status-publish","format-standard","hentry","category-politica"],"acf":[],"yoast_head":"<!-- This site is optimized with the Yoast SEO plugin v27.4 - https:\/\/yoast.com\/product\/yoast-seo-wordpress\/ -->\n<title>VEREADOR USA MORTES DE IRM\u00c3OS, COMO PRETEXTO PARA CRIA\u00c7\u00c3O DA &quot;LEI EMANUEL E EMANUELLE&quot; - Blog do Farn\u00e9sio<\/title>\n<meta name=\"robots\" content=\"index, follow, max-snippet:-1, max-image-preview:large, max-video-preview:-1\" \/>\n<link rel=\"canonical\" href=\"https:\/\/blogdofarnesio.com.br\/?p=62863\" \/>\n<meta property=\"og:locale\" content=\"pt_BR\" \/>\n<meta property=\"og:type\" content=\"article\" \/>\n<meta property=\"og:title\" content=\"VEREADOR USA MORTES DE IRM\u00c3OS, COMO PRETEXTO PARA CRIA\u00c7\u00c3O DA &quot;LEI EMANUEL E EMANUELLE&quot; - Blog do Farn\u00e9sio\" \/>\n<meta property=\"og:description\" content=\"\u00a0A repercuss\u00e3o dada \u00e0 morte dos irm\u00e3os Emanuel e Emanuelle Dias Gomes serviu de \u201cinspira\u00e7\u00e3o\u201d para o vereador Alberto Braga (PSC) na cria\u00e7\u00e3o de mais um projeto de lei controverso. O legislador,\u00a0que recentemente gerou pol\u00eamica ao tentar proibir aulas pr\u00e1ticas de autoescolas em hor\u00e1rios de fluxo intenso de ve\u00edculos em Salvador, n\u00e3o perdeu tempo e, 25 dias ap\u00f3s o incidente, anunciou o desejo de criar a \u201clei Emanuel e Emanuelle\u201d e transformar o dia 11 de outubro na data municipal de combate \u00e0 viol\u00eancia no tr\u00e2nsito. De acordo com a assessoria de imprensa do social-crist\u00e3o, a medida tem por objetivo \u201cconscientizar motoristas, motociclistas e pedestres\u201d, atrav\u00e9s de caminhadas, propagandas e panfletagens realizadas anualmente sobre o tema. &#8220;\u00c9 uma maneira de&hellip;\" \/>\n<meta property=\"og:url\" content=\"https:\/\/blogdofarnesio.com.br\/?p=62863\" \/>\n<meta property=\"og:site_name\" content=\"Blog do Farn\u00e9sio\" \/>\n<meta property=\"article:publisher\" content=\"https:\/\/www.facebook.com\/BlogQuerSaberPolitica\/\" \/>\n<meta property=\"article:published_time\" content=\"2013-11-04T23:03:58+00:00\" \/>\n<meta property=\"og:image\" content=\"http:\/\/www.bahianoticias.com.br\/fotos\/principal_noticias\/146037\/xIMAGEM_NOTICIA_5.jpg.pagespeed.ic.5YLE7PKDau.jpg\" \/>\n<meta name=\"author\" content=\"teste\" \/>\n<meta name=\"twitter:card\" content=\"summary_large_image\" \/>\n<meta name=\"twitter:label1\" content=\"Escrito por\" \/>\n\t<meta name=\"twitter:data1\" content=\"teste\" \/>\n\t<meta name=\"twitter:label2\" content=\"Est. tempo de leitura\" \/>\n\t<meta name=\"twitter:data2\" content=\"1 minuto\" \/>\n<script type=\"application\/ld+json\" class=\"yoast-schema-graph\">{\"@context\":\"https:\\\/\\\/schema.org\",\"@graph\":[{\"@type\":\"Article\",\"@id\":\"https:\\\/\\\/blogdofarnesio.com.br\\\/?p=62863#article\",\"isPartOf\":{\"@id\":\"https:\\\/\\\/blogdofarnesio.com.br\\\/?p=62863\"},\"author\":{\"name\":\"teste\",\"@id\":\"https:\\\/\\\/blogdofarnesio.com.br\\\/#\\\/schema\\\/person\\\/dd1bf5eba40b687199ba45ca6b97dff9\"},\"headline\":\"VEREADOR USA MORTES DE IRM\u00c3OS, COMO PRETEXTO PARA CRIA\u00c7\u00c3O DA &#8220;LEI EMANUEL E EMANUELLE&#8221;\",\"datePublished\":\"2013-11-04T23:03:58+00:00\",\"mainEntityOfPage\":{\"@id\":\"https:\\\/\\\/blogdofarnesio.com.br\\\/?p=62863\"},\"wordCount\":250,\"commentCount\":0,\"publisher\":{\"@id\":\"https:\\\/\\\/blogdofarnesio.com.br\\\/#organization\"},\"image\":{\"@id\":\"https:\\\/\\\/blogdofarnesio.com.br\\\/?p=62863#primaryimage\"},\"thumbnailUrl\":\"http:\\\/\\\/www.bahianoticias.com.br\\\/fotos\\\/principal_noticias\\\/146037\\\/xIMAGEM_NOTICIA_5.jpg.pagespeed.ic.5YLE7PKDau.jpg\",\"articleSection\":[\"Pol\u00edtica\"],\"inLanguage\":\"pt-BR\",\"potentialAction\":[{\"@type\":\"CommentAction\",\"name\":\"Comment\",\"target\":[\"https:\\\/\\\/blogdofarnesio.com.br\\\/?p=62863#respond\"]}]},{\"@type\":\"WebPage\",\"@id\":\"https:\\\/\\\/blogdofarnesio.com.br\\\/?p=62863\",\"url\":\"https:\\\/\\\/blogdofarnesio.com.br\\\/?p=62863\",\"name\":\"VEREADOR USA MORTES DE IRM\u00c3OS, COMO PRETEXTO PARA CRIA\u00c7\u00c3O DA \\\"LEI EMANUEL E EMANUELLE\\\" - Blog do Farn\u00e9sio\",\"isPartOf\":{\"@id\":\"https:\\\/\\\/blogdofarnesio.com.br\\\/#website\"},\"primaryImageOfPage\":{\"@id\":\"https:\\\/\\\/blogdofarnesio.com.br\\\/?p=62863#primaryimage\"},\"image\":{\"@id\":\"https:\\\/\\\/blogdofarnesio.com.br\\\/?p=62863#primaryimage\"},\"thumbnailUrl\":\"http:\\\/\\\/www.bahianoticias.com.br\\\/fotos\\\/principal_noticias\\\/146037\\\/xIMAGEM_NOTICIA_5.jpg.pagespeed.ic.5YLE7PKDau.jpg\",\"datePublished\":\"2013-11-04T23:03:58+00:00\",\"breadcrumb\":{\"@id\":\"https:\\\/\\\/blogdofarnesio.com.br\\\/?p=62863#breadcrumb\"},\"inLanguage\":\"pt-BR\",\"potentialAction\":[{\"@type\":\"ReadAction\",\"target\":[\"https:\\\/\\\/blogdofarnesio.com.br\\\/?p=62863\"]}]},{\"@type\":\"ImageObject\",\"inLanguage\":\"pt-BR\",\"@id\":\"https:\\\/\\\/blogdofarnesio.com.br\\\/?p=62863#primaryimage\",\"url\":\"http:\\\/\\\/www.bahianoticias.com.br\\\/fotos\\\/principal_noticias\\\/146037\\\/xIMAGEM_NOTICIA_5.jpg.pagespeed.ic.5YLE7PKDau.jpg\",\"contentUrl\":\"http:\\\/\\\/www.bahianoticias.com.br\\\/fotos\\\/principal_noticias\\\/146037\\\/xIMAGEM_NOTICIA_5.jpg.pagespeed.ic.5YLE7PKDau.jpg\"},{\"@type\":\"BreadcrumbList\",\"@id\":\"https:\\\/\\\/blogdofarnesio.com.br\\\/?p=62863#breadcrumb\",\"itemListElement\":[{\"@type\":\"ListItem\",\"position\":1,\"name\":\"In\u00edcio\",\"item\":\"https:\\\/\\\/blogdofarnesio.com.br\\\/\"},{\"@type\":\"ListItem\",\"position\":2,\"name\":\"VEREADOR USA MORTES DE IRM\u00c3OS, COMO PRETEXTO PARA CRIA\u00c7\u00c3O DA &#8220;LEI EMANUEL E EMANUELLE&#8221;\"}]},{\"@type\":\"WebSite\",\"@id\":\"https:\\\/\\\/blogdofarnesio.com.br\\\/#website\",\"url\":\"https:\\\/\\\/blogdofarnesio.com.br\\\/\",\"name\":\"Blog do Farn\u00e9sio\",\"description\":\"Quer Saber Pol\u00edtica?\",\"publisher\":{\"@id\":\"https:\\\/\\\/blogdofarnesio.com.br\\\/#organization\"},\"potentialAction\":[{\"@type\":\"SearchAction\",\"target\":{\"@type\":\"EntryPoint\",\"urlTemplate\":\"https:\\\/\\\/blogdofarnesio.com.br\\\/?s={search_term_string}\"},\"query-input\":{\"@type\":\"PropertyValueSpecification\",\"valueRequired\":true,\"valueName\":\"search_term_string\"}}],\"inLanguage\":\"pt-BR\"},{\"@type\":\"Organization\",\"@id\":\"https:\\\/\\\/blogdofarnesio.com.br\\\/#organization\",\"name\":\"Blog do Farn\u00e9sio\",\"url\":\"https:\\\/\\\/blogdofarnesio.com.br\\\/\",\"logo\":{\"@type\":\"ImageObject\",\"inLanguage\":\"pt-BR\",\"@id\":\"https:\\\/\\\/blogdofarnesio.com.br\\\/#\\\/schema\\\/logo\\\/image\\\/\",\"url\":\"https:\\\/\\\/blogdofarnesio.com.br\\\/wp-content\\\/uploads\\\/2026\\\/03\\\/cropped-logo_new-1.png\",\"contentUrl\":\"https:\\\/\\\/blogdofarnesio.com.br\\\/wp-content\\\/uploads\\\/2026\\\/03\\\/cropped-logo_new-1.png\",\"width\":881,\"height\":685,\"caption\":\"Blog do Farn\u00e9sio\"},\"image\":{\"@id\":\"https:\\\/\\\/blogdofarnesio.com.br\\\/#\\\/schema\\\/logo\\\/image\\\/\"},\"sameAs\":[\"https:\\\/\\\/www.facebook.com\\\/BlogQuerSaberPolitica\\\/\"]},{\"@type\":\"Person\",\"@id\":\"https:\\\/\\\/blogdofarnesio.com.br\\\/#\\\/schema\\\/person\\\/dd1bf5eba40b687199ba45ca6b97dff9\",\"name\":\"teste\",\"image\":{\"@type\":\"ImageObject\",\"inLanguage\":\"pt-BR\",\"@id\":\"https:\\\/\\\/secure.gravatar.com\\\/avatar\\\/2172498d4914b51e1d89a0f97957b035ac4938723a5cac208135d389b6972a6d?s=96&d=mm&r=g\",\"url\":\"https:\\\/\\\/secure.gravatar.com\\\/avatar\\\/2172498d4914b51e1d89a0f97957b035ac4938723a5cac208135d389b6972a6d?s=96&d=mm&r=g\",\"contentUrl\":\"https:\\\/\\\/secure.gravatar.com\\\/avatar\\\/2172498d4914b51e1d89a0f97957b035ac4938723a5cac208135d389b6972a6d?s=96&d=mm&r=g\",\"caption\":\"teste\"},\"url\":\"https:\\\/\\\/blogdofarnesio.com.br\\\/?author=3\"}]}<\/script>\n<!-- \/ Yoast SEO plugin. -->","yoast_head_json":{"title":"VEREADOR USA MORTES DE IRM\u00c3OS, COMO PRETEXTO PARA CRIA\u00c7\u00c3O DA \"LEI EMANUEL E EMANUELLE\" - Blog do Farn\u00e9sio","robots":{"index":"index","follow":"follow","max-snippet":"max-snippet:-1","max-image-preview":"max-image-preview:large","max-video-preview":"max-video-preview:-1"},"canonical":"https:\/\/blogdofarnesio.com.br\/?p=62863","og_locale":"pt_BR","og_type":"article","og_title":"VEREADOR USA MORTES DE IRM\u00c3OS, COMO PRETEXTO PARA CRIA\u00c7\u00c3O DA \"LEI EMANUEL E EMANUELLE\" - Blog do Farn\u00e9sio","og_description":"\u00a0A repercuss\u00e3o dada \u00e0 morte dos irm\u00e3os Emanuel e Emanuelle Dias Gomes serviu de \u201cinspira\u00e7\u00e3o\u201d para o vereador Alberto Braga (PSC) na cria\u00e7\u00e3o de mais um projeto de lei controverso. O legislador,\u00a0que recentemente gerou pol\u00eamica ao tentar proibir aulas pr\u00e1ticas de autoescolas em hor\u00e1rios de fluxo intenso de ve\u00edculos em Salvador, n\u00e3o perdeu tempo e, 25 dias ap\u00f3s o incidente, anunciou o desejo de criar a \u201clei Emanuel e Emanuelle\u201d e transformar o dia 11 de outubro na data municipal de combate \u00e0 viol\u00eancia no tr\u00e2nsito. De acordo com a assessoria de imprensa do social-crist\u00e3o, a medida tem por objetivo \u201cconscientizar motoristas, motociclistas e pedestres\u201d, atrav\u00e9s de caminhadas, propagandas e panfletagens realizadas anualmente sobre o tema. &#8220;\u00c9 uma maneira de&hellip;","og_url":"https:\/\/blogdofarnesio.com.br\/?p=62863","og_site_name":"Blog do Farn\u00e9sio","article_publisher":"https:\/\/www.facebook.com\/BlogQuerSaberPolitica\/","article_published_time":"2013-11-04T23:03:58+00:00","og_image":[{"url":"http:\/\/www.bahianoticias.com.br\/fotos\/principal_noticias\/146037\/xIMAGEM_NOTICIA_5.jpg.pagespeed.ic.5YLE7PKDau.jpg","type":"","width":"","height":""}],"author":"teste","twitter_card":"summary_large_image","twitter_misc":{"Escrito por":"teste","Est. tempo de leitura":"1 minuto"},"schema":{"@context":"https:\/\/schema.org","@graph":[{"@type":"Article","@id":"https:\/\/blogdofarnesio.com.br\/?p=62863#article","isPartOf":{"@id":"https:\/\/blogdofarnesio.com.br\/?p=62863"},"author":{"name":"teste","@id":"https:\/\/blogdofarnesio.com.br\/#\/schema\/person\/dd1bf5eba40b687199ba45ca6b97dff9"},"headline":"VEREADOR USA MORTES DE IRM\u00c3OS, COMO PRETEXTO PARA CRIA\u00c7\u00c3O DA &#8220;LEI EMANUEL E EMANUELLE&#8221;","datePublished":"2013-11-04T23:03:58+00:00","mainEntityOfPage":{"@id":"https:\/\/blogdofarnesio.com.br\/?p=62863"},"wordCount":250,"commentCount":0,"publisher":{"@id":"https:\/\/blogdofarnesio.com.br\/#organization"},"image":{"@id":"https:\/\/blogdofarnesio.com.br\/?p=62863#primaryimage"},"thumbnailUrl":"http:\/\/www.bahianoticias.com.br\/fotos\/principal_noticias\/146037\/xIMAGEM_NOTICIA_5.jpg.pagespeed.ic.5YLE7PKDau.jpg","articleSection":["Pol\u00edtica"],"inLanguage":"pt-BR","potentialAction":[{"@type":"CommentAction","name":"Comment","target":["https:\/\/blogdofarnesio.com.br\/?p=62863#respond"]}]},{"@type":"WebPage","@id":"https:\/\/blogdofarnesio.com.br\/?p=62863","url":"https:\/\/blogdofarnesio.com.br\/?p=62863","name":"VEREADOR USA MORTES DE IRM\u00c3OS, COMO PRETEXTO PARA CRIA\u00c7\u00c3O DA \"LEI EMANUEL E EMANUELLE\" - Blog do Farn\u00e9sio","isPartOf":{"@id":"https:\/\/blogdofarnesio.com.br\/#website"},"primaryImageOfPage":{"@id":"https:\/\/blogdofarnesio.com.br\/?p=62863#primaryimage"},"image":{"@id":"https:\/\/blogdofarnesio.com.br\/?p=62863#primaryimage"},"thumbnailUrl":"http:\/\/www.bahianoticias.com.br\/fotos\/principal_noticias\/146037\/xIMAGEM_NOTICIA_5.jpg.pagespeed.ic.5YLE7PKDau.jpg","datePublished":"2013-11-04T23:03:58+00:00","breadcrumb":{"@id":"https:\/\/blogdofarnesio.com.br\/?p=62863#breadcrumb"},"inLanguage":"pt-BR","potentialAction":[{"@type":"ReadAction","target":["https:\/\/blogdofarnesio.com.br\/?p=62863"]}]},{"@type":"ImageObject","inLanguage":"pt-BR","@id":"https:\/\/blogdofarnesio.com.br\/?p=62863#primaryimage","url":"http:\/\/www.bahianoticias.com.br\/fotos\/principal_noticias\/146037\/xIMAGEM_NOTICIA_5.jpg.pagespeed.ic.5YLE7PKDau.jpg","contentUrl":"http:\/\/www.bahianoticias.com.br\/fotos\/principal_noticias\/146037\/xIMAGEM_NOTICIA_5.jpg.pagespeed.ic.5YLE7PKDau.jpg"},{"@type":"BreadcrumbList","@id":"https:\/\/blogdofarnesio.com.br\/?p=62863#breadcrumb","itemListElement":[{"@type":"ListItem","position":1,"name":"In\u00edcio","item":"https:\/\/blogdofarnesio.com.br\/"},{"@type":"ListItem","position":2,"name":"VEREADOR USA MORTES DE IRM\u00c3OS, COMO PRETEXTO PARA CRIA\u00c7\u00c3O DA &#8220;LEI EMANUEL E EMANUELLE&#8221;"}]},{"@type":"WebSite","@id":"https:\/\/blogdofarnesio.com.br\/#website","url":"https:\/\/blogdofarnesio.com.br\/","name":"Blog do Farn\u00e9sio","description":"Quer Saber Pol\u00edtica?","publisher":{"@id":"https:\/\/blogdofarnesio.com.br\/#organization"},"potentialAction":[{"@type":"SearchAction","target":{"@type":"EntryPoint","urlTemplate":"https:\/\/blogdofarnesio.com.br\/?s={search_term_string}"},"query-input":{"@type":"PropertyValueSpecification","valueRequired":true,"valueName":"search_term_string"}}],"inLanguage":"pt-BR"},{"@type":"Organization","@id":"https:\/\/blogdofarnesio.com.br\/#organization","name":"Blog do Farn\u00e9sio","url":"https:\/\/blogdofarnesio.com.br\/","logo":{"@type":"ImageObject","inLanguage":"pt-BR","@id":"https:\/\/blogdofarnesio.com.br\/#\/schema\/logo\/image\/","url":"https:\/\/blogdofarnesio.com.br\/wp-content\/uploads\/2026\/03\/cropped-logo_new-1.png","contentUrl":"https:\/\/blogdofarnesio.com.br\/wp-content\/uploads\/2026\/03\/cropped-logo_new-1.png","width":881,"height":685,"caption":"Blog do Farn\u00e9sio"},"image":{"@id":"https:\/\/blogdofarnesio.com.br\/#\/schema\/logo\/image\/"},"sameAs":["https:\/\/www.facebook.com\/BlogQuerSaberPolitica\/"]},{"@type":"Person","@id":"https:\/\/blogdofarnesio.com.br\/#\/schema\/person\/dd1bf5eba40b687199ba45ca6b97dff9","name":"teste","image":{"@type":"ImageObject","inLanguage":"pt-BR","@id":"https:\/\/secure.gravatar.com\/avatar\/2172498d4914b51e1d89a0f97957b035ac4938723a5cac208135d389b6972a6d?s=96&d=mm&r=g","url":"https:\/\/secure.gravatar.com\/avatar\/2172498d4914b51e1d89a0f97957b035ac4938723a5cac208135d389b6972a6d?s=96&d=mm&r=g","contentUrl":"https:\/\/secure.gravatar.com\/avatar\/2172498d4914b51e1d89a0f97957b035ac4938723a5cac208135d389b6972a6d?s=96&d=mm&r=g","caption":"teste"},"url":"https:\/\/blogdofarnesio.com.br\/?author=3"}]}},"_links":{"self":[{"href":"https:\/\/blogdofarnesio.com.br\/index.php?rest_route=\/wp\/v2\/posts\/62863","targetHints":{"allow":["GET"]}}],"collection":[{"href":"https:\/\/blogdofarnesio.com.br\/index.php?rest_route=\/wp\/v2\/posts"}],"about":[{"href":"https:\/\/blogdofarnesio.com.br\/index.php?rest_route=\/wp\/v2\/types\/post"}],"author":[{"embeddable":true,"href":"https:\/\/blogdofarnesio.com.br\/index.php?rest_route=\/wp\/v2\/users\/3"}],"replies":[{"embeddable":true,"href":"https:\/\/blogdofarnesio.com.br\/index.php?rest_route=%2Fwp%2Fv2%2Fcomments&post=62863"}],"version-history":[{"count":0,"href":"https:\/\/blogdofarnesio.com.br\/index.php?rest_route=\/wp\/v2\/posts\/62863\/revisions"}],"wp:attachment":[{"href":"https:\/\/blogdofarnesio.com.br\/index.php?rest_route=%2Fwp%2Fv2%2Fmedia&parent=62863"}],"wp:term":[{"taxonomy":"category","embeddable":true,"href":"https:\/\/blogdofarnesio.com.br\/index.php?rest_route=%2Fwp%2Fv2%2Fcategories&post=62863"},{"taxonomy":"post_tag","embeddable":true,"href":"https:\/\/blogdofarnesio.com.br\/index.php?rest_route=%2Fwp%2Fv2%2Ftags&post=62863"}],"curies":[{"name":"wp","href":"https:\/\/api.w.org\/{rel}","templated":true}]}}