{"id":62678,"date":"2013-11-01T21:05:37","date_gmt":"2013-11-02T00:05:37","guid":{"rendered":"http:\/\/www.quersaberpolitica.com.br\/?p=62678"},"modified":"2013-11-01T21:05:56","modified_gmt":"2013-11-02T00:05:56","slug":"temperatura-alta-na-disputa-pelo-comando-do-sindicato-dos-trabalhadores-de-petrolina","status":"publish","type":"post","link":"https:\/\/blogdofarnesio.com.br\/?p=62678","title":{"rendered":"TEMPERATURA ALTA NA DISPUTA PELO COMANDO DO SINDICATO DOS TRABALHADORES DE PETROLINA"},"content":{"rendered":"<p style=\"text-align: justify\" align=\"center\"><strong>CHAPA 1 DENUNCIA SEQUESTRO REL\u00c2MPAGO DE SEU COORDENADOR DE CAMPANHA<\/strong><\/p>\n<p style=\"text-align: justify\" align=\"center\"><a href=\"http:\/\/www.quersaberpolitica.com.br\/2016\/wp-content\/uploads\/2013\/11\/blogqspdeomiromarciastrpet.jpg\"><img loading=\"lazy\" decoding=\"async\" class=\"alignleft size-medium wp-image-62679\" alt=\"blogqspdeomiromarciastrpet\" src=\"http:\/\/www.quersaberpolitica.com.br\/2016\/wp-content\/uploads\/2013\/11\/blogqspdeomiromarciastrpet-300x250.jpg\" width=\"300\" height=\"250\" srcset=\"https:\/\/blogdofarnesio.com.br\/wp-content\/uploads\/2013\/11\/blogqspdeomiromarciastrpet-300x250.jpg 300w, https:\/\/blogdofarnesio.com.br\/wp-content\/uploads\/2013\/11\/blogqspdeomiromarciastrpet-359x300.jpg 359w, https:\/\/blogdofarnesio.com.br\/wp-content\/uploads\/2013\/11\/blogqspdeomiromarciastrpet.jpg 484w\" sizes=\"auto, (max-width: 300px) 100vw, 300px\" \/><\/a>Um dos coordenadores de campanha da Chapa 1, que concorre \u00e0 elei\u00e7\u00e3o do Sindicato dos Trabalhadores Rurais de Petrolina &#8211; PE, sofreu um sequestro rel\u00e2mpago na tarde desta sexta-feira (1\u00ba). Deomiro Santos, que tamb\u00e9m \u00e9 sobrinho do candidato a presidente, Francisco Pascoal (Chic\u00f4u), e sua esposa, M\u00e1rcia Regina Cordeiro, m\u00e9dica do PSF do bairro Pedro Raimundo, foram abordados nas proximidades do povoado que Catinguinha, por dois homens numa moto, que estavam armados.<\/p>\n<p style=\"text-align: justify\">Eles saiam de sua ch\u00e1cara particular em dire\u00e7\u00e3o ao Centro de Petrolina. Os bandidos entraram no carro e seguiram com o casal at\u00e9 um local de caatinga fechada, nas proximidades da comunidade da Tapera, onde eles foram liberados e tiveram o carro roubado. O boletim de ocorr\u00eancia j\u00e1 foi registrado.<!--more--><\/p>\n<p style=\"text-align: justify\">Este j\u00e1 \u00e9 o segundo atentado envolvendo integrantes da Chapa 1. No dia 18 de outubro, a atual diretora de Pol\u00edtica Sindical, Simone Paim, sofreu um sequestro rel\u00e2mpago em Petrolina. Vale destacar que Simone tamb\u00e9m \u00e9 candidata que integra a Chapa 1, encabe\u00e7ada por Chic\u00f4u.<\/p>\n<p style=\"text-align: justify\">Da Ascom Chapa 1 \/ Foto: Rede social<\/p>\n","protected":false},"excerpt":{"rendered":"<p>CHAPA 1 DENUNCIA SEQUESTRO REL\u00c2MPAGO DE SEU COORDENADOR DE CAMPANHA Um dos coordenadores de campanha da Chapa 1, que concorre \u00e0 elei\u00e7\u00e3o do Sindicato dos Trabalhadores Rurais de Petrolina &#8211; PE, sofreu um sequestro rel\u00e2mpago na tarde desta sexta-feira (1\u00ba). Deomiro Santos, que tamb\u00e9m \u00e9 sobrinho do candidato a presidente, Francisco Pascoal (Chic\u00f4u), e sua esposa, M\u00e1rcia Regina Cordeiro, m\u00e9dica do PSF do bairro Pedro Raimundo, foram abordados nas proximidades do povoado que Catinguinha, por dois homens numa moto, que estavam armados. Eles saiam de sua ch\u00e1cara particular em dire\u00e7\u00e3o ao Centro de Petrolina. Os bandidos entraram no carro e seguiram com o casal at\u00e9 um local de caatinga fechada, nas proximidades da comunidade da Tapera, onde eles foram liberados&hellip; <\/p>\n","protected":false},"author":3,"featured_media":0,"comment_status":"open","ping_status":"open","sticky":false,"template":"","format":"standard","meta":{"_acf_changed":false,"footnotes":""},"categories":[26,1],"tags":[],"class_list":["post-62678","post","type-post","status-publish","format-standard","hentry","category-agricultura","category-politica"],"acf":[],"yoast_head":"<!-- This site is optimized with the Yoast SEO plugin v27.4 - https:\/\/yoast.com\/product\/yoast-seo-wordpress\/ -->\n<title>TEMPERATURA ALTA NA DISPUTA PELO COMANDO DO SINDICATO DOS TRABALHADORES DE PETROLINA - Blog do Farn\u00e9sio<\/title>\n<meta name=\"robots\" content=\"index, follow, max-snippet:-1, max-image-preview:large, max-video-preview:-1\" \/>\n<link rel=\"canonical\" href=\"https:\/\/blogdofarnesio.com.br\/?p=62678\" \/>\n<meta property=\"og:locale\" content=\"pt_BR\" \/>\n<meta property=\"og:type\" content=\"article\" \/>\n<meta property=\"og:title\" content=\"TEMPERATURA ALTA NA DISPUTA PELO COMANDO DO SINDICATO DOS TRABALHADORES DE PETROLINA - Blog do Farn\u00e9sio\" \/>\n<meta property=\"og:description\" content=\"CHAPA 1 DENUNCIA SEQUESTRO REL\u00c2MPAGO DE SEU COORDENADOR DE CAMPANHA Um dos coordenadores de campanha da Chapa 1, que concorre \u00e0 elei\u00e7\u00e3o do Sindicato dos Trabalhadores Rurais de Petrolina &#8211; PE, sofreu um sequestro rel\u00e2mpago na tarde desta sexta-feira (1\u00ba). Deomiro Santos, que tamb\u00e9m \u00e9 sobrinho do candidato a presidente, Francisco Pascoal (Chic\u00f4u), e sua esposa, M\u00e1rcia Regina Cordeiro, m\u00e9dica do PSF do bairro Pedro Raimundo, foram abordados nas proximidades do povoado que Catinguinha, por dois homens numa moto, que estavam armados. Eles saiam de sua ch\u00e1cara particular em dire\u00e7\u00e3o ao Centro de Petrolina. Os bandidos entraram no carro e seguiram com o casal at\u00e9 um local de caatinga fechada, nas proximidades da comunidade da Tapera, onde eles foram liberados&hellip;\" \/>\n<meta property=\"og:url\" content=\"https:\/\/blogdofarnesio.com.br\/?p=62678\" \/>\n<meta property=\"og:site_name\" content=\"Blog do Farn\u00e9sio\" \/>\n<meta property=\"article:publisher\" content=\"https:\/\/www.facebook.com\/BlogQuerSaberPolitica\/\" \/>\n<meta property=\"article:published_time\" content=\"2013-11-02T00:05:37+00:00\" \/>\n<meta property=\"article:modified_time\" content=\"2013-11-02T00:05:56+00:00\" \/>\n<meta property=\"og:image\" content=\"http:\/\/www.quersaberpolitica.com.br\/2016\/wp-content\/uploads\/2013\/11\/blogqspdeomiromarciastrpet-300x250.jpg\" \/>\n<meta name=\"author\" content=\"teste\" \/>\n<meta name=\"twitter:card\" content=\"summary_large_image\" \/>\n<meta name=\"twitter:label1\" content=\"Escrito por\" \/>\n\t<meta name=\"twitter:data1\" content=\"teste\" \/>\n\t<meta name=\"twitter:label2\" content=\"Est. tempo de leitura\" \/>\n\t<meta name=\"twitter:data2\" content=\"1 minuto\" \/>\n<script type=\"application\/ld+json\" class=\"yoast-schema-graph\">{\"@context\":\"https:\\\/\\\/schema.org\",\"@graph\":[{\"@type\":\"Article\",\"@id\":\"https:\\\/\\\/blogdofarnesio.com.br\\\/?p=62678#article\",\"isPartOf\":{\"@id\":\"https:\\\/\\\/blogdofarnesio.com.br\\\/?p=62678\"},\"author\":{\"name\":\"teste\",\"@id\":\"https:\\\/\\\/blogdofarnesio.com.br\\\/#\\\/schema\\\/person\\\/dd1bf5eba40b687199ba45ca6b97dff9\"},\"headline\":\"TEMPERATURA ALTA NA DISPUTA PELO COMANDO DO SINDICATO DOS TRABALHADORES DE PETROLINA\",\"datePublished\":\"2013-11-02T00:05:37+00:00\",\"dateModified\":\"2013-11-02T00:05:56+00:00\",\"mainEntityOfPage\":{\"@id\":\"https:\\\/\\\/blogdofarnesio.com.br\\\/?p=62678\"},\"wordCount\":200,\"commentCount\":0,\"publisher\":{\"@id\":\"https:\\\/\\\/blogdofarnesio.com.br\\\/#organization\"},\"image\":{\"@id\":\"https:\\\/\\\/blogdofarnesio.com.br\\\/?p=62678#primaryimage\"},\"thumbnailUrl\":\"http:\\\/\\\/www.quersaberpolitica.com.br\\\/2016\\\/wp-content\\\/uploads\\\/2013\\\/11\\\/blogqspdeomiromarciastrpet-300x250.jpg\",\"articleSection\":[\"Agricultura\",\"Pol\u00edtica\"],\"inLanguage\":\"pt-BR\",\"potentialAction\":[{\"@type\":\"CommentAction\",\"name\":\"Comment\",\"target\":[\"https:\\\/\\\/blogdofarnesio.com.br\\\/?p=62678#respond\"]}]},{\"@type\":\"WebPage\",\"@id\":\"https:\\\/\\\/blogdofarnesio.com.br\\\/?p=62678\",\"url\":\"https:\\\/\\\/blogdofarnesio.com.br\\\/?p=62678\",\"name\":\"TEMPERATURA ALTA NA DISPUTA PELO COMANDO DO SINDICATO DOS TRABALHADORES DE PETROLINA - Blog do Farn\u00e9sio\",\"isPartOf\":{\"@id\":\"https:\\\/\\\/blogdofarnesio.com.br\\\/#website\"},\"primaryImageOfPage\":{\"@id\":\"https:\\\/\\\/blogdofarnesio.com.br\\\/?p=62678#primaryimage\"},\"image\":{\"@id\":\"https:\\\/\\\/blogdofarnesio.com.br\\\/?p=62678#primaryimage\"},\"thumbnailUrl\":\"http:\\\/\\\/www.quersaberpolitica.com.br\\\/2016\\\/wp-content\\\/uploads\\\/2013\\\/11\\\/blogqspdeomiromarciastrpet-300x250.jpg\",\"datePublished\":\"2013-11-02T00:05:37+00:00\",\"dateModified\":\"2013-11-02T00:05:56+00:00\",\"breadcrumb\":{\"@id\":\"https:\\\/\\\/blogdofarnesio.com.br\\\/?p=62678#breadcrumb\"},\"inLanguage\":\"pt-BR\",\"potentialAction\":[{\"@type\":\"ReadAction\",\"target\":[\"https:\\\/\\\/blogdofarnesio.com.br\\\/?p=62678\"]}]},{\"@type\":\"ImageObject\",\"inLanguage\":\"pt-BR\",\"@id\":\"https:\\\/\\\/blogdofarnesio.com.br\\\/?p=62678#primaryimage\",\"url\":\"http:\\\/\\\/www.quersaberpolitica.com.br\\\/2016\\\/wp-content\\\/uploads\\\/2013\\\/11\\\/blogqspdeomiromarciastrpet-300x250.jpg\",\"contentUrl\":\"http:\\\/\\\/www.quersaberpolitica.com.br\\\/2016\\\/wp-content\\\/uploads\\\/2013\\\/11\\\/blogqspdeomiromarciastrpet-300x250.jpg\"},{\"@type\":\"BreadcrumbList\",\"@id\":\"https:\\\/\\\/blogdofarnesio.com.br\\\/?p=62678#breadcrumb\",\"itemListElement\":[{\"@type\":\"ListItem\",\"position\":1,\"name\":\"In\u00edcio\",\"item\":\"https:\\\/\\\/blogdofarnesio.com.br\\\/\"},{\"@type\":\"ListItem\",\"position\":2,\"name\":\"TEMPERATURA ALTA NA DISPUTA PELO COMANDO DO SINDICATO DOS TRABALHADORES DE PETROLINA\"}]},{\"@type\":\"WebSite\",\"@id\":\"https:\\\/\\\/blogdofarnesio.com.br\\\/#website\",\"url\":\"https:\\\/\\\/blogdofarnesio.com.br\\\/\",\"name\":\"Blog do Farn\u00e9sio\",\"description\":\"Quer Saber Pol\u00edtica?\",\"publisher\":{\"@id\":\"https:\\\/\\\/blogdofarnesio.com.br\\\/#organization\"},\"potentialAction\":[{\"@type\":\"SearchAction\",\"target\":{\"@type\":\"EntryPoint\",\"urlTemplate\":\"https:\\\/\\\/blogdofarnesio.com.br\\\/?s={search_term_string}\"},\"query-input\":{\"@type\":\"PropertyValueSpecification\",\"valueRequired\":true,\"valueName\":\"search_term_string\"}}],\"inLanguage\":\"pt-BR\"},{\"@type\":\"Organization\",\"@id\":\"https:\\\/\\\/blogdofarnesio.com.br\\\/#organization\",\"name\":\"Blog do Farn\u00e9sio\",\"url\":\"https:\\\/\\\/blogdofarnesio.com.br\\\/\",\"logo\":{\"@type\":\"ImageObject\",\"inLanguage\":\"pt-BR\",\"@id\":\"https:\\\/\\\/blogdofarnesio.com.br\\\/#\\\/schema\\\/logo\\\/image\\\/\",\"url\":\"https:\\\/\\\/blogdofarnesio.com.br\\\/wp-content\\\/uploads\\\/2026\\\/03\\\/cropped-logo_new-1.png\",\"contentUrl\":\"https:\\\/\\\/blogdofarnesio.com.br\\\/wp-content\\\/uploads\\\/2026\\\/03\\\/cropped-logo_new-1.png\",\"width\":881,\"height\":685,\"caption\":\"Blog do Farn\u00e9sio\"},\"image\":{\"@id\":\"https:\\\/\\\/blogdofarnesio.com.br\\\/#\\\/schema\\\/logo\\\/image\\\/\"},\"sameAs\":[\"https:\\\/\\\/www.facebook.com\\\/BlogQuerSaberPolitica\\\/\"]},{\"@type\":\"Person\",\"@id\":\"https:\\\/\\\/blogdofarnesio.com.br\\\/#\\\/schema\\\/person\\\/dd1bf5eba40b687199ba45ca6b97dff9\",\"name\":\"teste\",\"image\":{\"@type\":\"ImageObject\",\"inLanguage\":\"pt-BR\",\"@id\":\"https:\\\/\\\/secure.gravatar.com\\\/avatar\\\/2172498d4914b51e1d89a0f97957b035ac4938723a5cac208135d389b6972a6d?s=96&d=mm&r=g\",\"url\":\"https:\\\/\\\/secure.gravatar.com\\\/avatar\\\/2172498d4914b51e1d89a0f97957b035ac4938723a5cac208135d389b6972a6d?s=96&d=mm&r=g\",\"contentUrl\":\"https:\\\/\\\/secure.gravatar.com\\\/avatar\\\/2172498d4914b51e1d89a0f97957b035ac4938723a5cac208135d389b6972a6d?s=96&d=mm&r=g\",\"caption\":\"teste\"},\"url\":\"https:\\\/\\\/blogdofarnesio.com.br\\\/?author=3\"}]}<\/script>\n<!-- \/ Yoast SEO plugin. -->","yoast_head_json":{"title":"TEMPERATURA ALTA NA DISPUTA PELO COMANDO DO SINDICATO DOS TRABALHADORES DE PETROLINA - Blog do Farn\u00e9sio","robots":{"index":"index","follow":"follow","max-snippet":"max-snippet:-1","max-image-preview":"max-image-preview:large","max-video-preview":"max-video-preview:-1"},"canonical":"https:\/\/blogdofarnesio.com.br\/?p=62678","og_locale":"pt_BR","og_type":"article","og_title":"TEMPERATURA ALTA NA DISPUTA PELO COMANDO DO SINDICATO DOS TRABALHADORES DE PETROLINA - Blog do Farn\u00e9sio","og_description":"CHAPA 1 DENUNCIA SEQUESTRO REL\u00c2MPAGO DE SEU COORDENADOR DE CAMPANHA Um dos coordenadores de campanha da Chapa 1, que concorre \u00e0 elei\u00e7\u00e3o do Sindicato dos Trabalhadores Rurais de Petrolina &#8211; PE, sofreu um sequestro rel\u00e2mpago na tarde desta sexta-feira (1\u00ba). Deomiro Santos, que tamb\u00e9m \u00e9 sobrinho do candidato a presidente, Francisco Pascoal (Chic\u00f4u), e sua esposa, M\u00e1rcia Regina Cordeiro, m\u00e9dica do PSF do bairro Pedro Raimundo, foram abordados nas proximidades do povoado que Catinguinha, por dois homens numa moto, que estavam armados. Eles saiam de sua ch\u00e1cara particular em dire\u00e7\u00e3o ao Centro de Petrolina. Os bandidos entraram no carro e seguiram com o casal at\u00e9 um local de caatinga fechada, nas proximidades da comunidade da Tapera, onde eles foram liberados&hellip;","og_url":"https:\/\/blogdofarnesio.com.br\/?p=62678","og_site_name":"Blog do Farn\u00e9sio","article_publisher":"https:\/\/www.facebook.com\/BlogQuerSaberPolitica\/","article_published_time":"2013-11-02T00:05:37+00:00","article_modified_time":"2013-11-02T00:05:56+00:00","og_image":[{"url":"http:\/\/www.quersaberpolitica.com.br\/2016\/wp-content\/uploads\/2013\/11\/blogqspdeomiromarciastrpet-300x250.jpg","type":"","width":"","height":""}],"author":"teste","twitter_card":"summary_large_image","twitter_misc":{"Escrito por":"teste","Est. tempo de leitura":"1 minuto"},"schema":{"@context":"https:\/\/schema.org","@graph":[{"@type":"Article","@id":"https:\/\/blogdofarnesio.com.br\/?p=62678#article","isPartOf":{"@id":"https:\/\/blogdofarnesio.com.br\/?p=62678"},"author":{"name":"teste","@id":"https:\/\/blogdofarnesio.com.br\/#\/schema\/person\/dd1bf5eba40b687199ba45ca6b97dff9"},"headline":"TEMPERATURA ALTA NA DISPUTA PELO COMANDO DO SINDICATO DOS TRABALHADORES DE PETROLINA","datePublished":"2013-11-02T00:05:37+00:00","dateModified":"2013-11-02T00:05:56+00:00","mainEntityOfPage":{"@id":"https:\/\/blogdofarnesio.com.br\/?p=62678"},"wordCount":200,"commentCount":0,"publisher":{"@id":"https:\/\/blogdofarnesio.com.br\/#organization"},"image":{"@id":"https:\/\/blogdofarnesio.com.br\/?p=62678#primaryimage"},"thumbnailUrl":"http:\/\/www.quersaberpolitica.com.br\/2016\/wp-content\/uploads\/2013\/11\/blogqspdeomiromarciastrpet-300x250.jpg","articleSection":["Agricultura","Pol\u00edtica"],"inLanguage":"pt-BR","potentialAction":[{"@type":"CommentAction","name":"Comment","target":["https:\/\/blogdofarnesio.com.br\/?p=62678#respond"]}]},{"@type":"WebPage","@id":"https:\/\/blogdofarnesio.com.br\/?p=62678","url":"https:\/\/blogdofarnesio.com.br\/?p=62678","name":"TEMPERATURA ALTA NA DISPUTA PELO COMANDO DO SINDICATO DOS TRABALHADORES DE PETROLINA - Blog do Farn\u00e9sio","isPartOf":{"@id":"https:\/\/blogdofarnesio.com.br\/#website"},"primaryImageOfPage":{"@id":"https:\/\/blogdofarnesio.com.br\/?p=62678#primaryimage"},"image":{"@id":"https:\/\/blogdofarnesio.com.br\/?p=62678#primaryimage"},"thumbnailUrl":"http:\/\/www.quersaberpolitica.com.br\/2016\/wp-content\/uploads\/2013\/11\/blogqspdeomiromarciastrpet-300x250.jpg","datePublished":"2013-11-02T00:05:37+00:00","dateModified":"2013-11-02T00:05:56+00:00","breadcrumb":{"@id":"https:\/\/blogdofarnesio.com.br\/?p=62678#breadcrumb"},"inLanguage":"pt-BR","potentialAction":[{"@type":"ReadAction","target":["https:\/\/blogdofarnesio.com.br\/?p=62678"]}]},{"@type":"ImageObject","inLanguage":"pt-BR","@id":"https:\/\/blogdofarnesio.com.br\/?p=62678#primaryimage","url":"http:\/\/www.quersaberpolitica.com.br\/2016\/wp-content\/uploads\/2013\/11\/blogqspdeomiromarciastrpet-300x250.jpg","contentUrl":"http:\/\/www.quersaberpolitica.com.br\/2016\/wp-content\/uploads\/2013\/11\/blogqspdeomiromarciastrpet-300x250.jpg"},{"@type":"BreadcrumbList","@id":"https:\/\/blogdofarnesio.com.br\/?p=62678#breadcrumb","itemListElement":[{"@type":"ListItem","position":1,"name":"In\u00edcio","item":"https:\/\/blogdofarnesio.com.br\/"},{"@type":"ListItem","position":2,"name":"TEMPERATURA ALTA NA DISPUTA PELO COMANDO DO SINDICATO DOS TRABALHADORES DE PETROLINA"}]},{"@type":"WebSite","@id":"https:\/\/blogdofarnesio.com.br\/#website","url":"https:\/\/blogdofarnesio.com.br\/","name":"Blog do Farn\u00e9sio","description":"Quer Saber Pol\u00edtica?","publisher":{"@id":"https:\/\/blogdofarnesio.com.br\/#organization"},"potentialAction":[{"@type":"SearchAction","target":{"@type":"EntryPoint","urlTemplate":"https:\/\/blogdofarnesio.com.br\/?s={search_term_string}"},"query-input":{"@type":"PropertyValueSpecification","valueRequired":true,"valueName":"search_term_string"}}],"inLanguage":"pt-BR"},{"@type":"Organization","@id":"https:\/\/blogdofarnesio.com.br\/#organization","name":"Blog do Farn\u00e9sio","url":"https:\/\/blogdofarnesio.com.br\/","logo":{"@type":"ImageObject","inLanguage":"pt-BR","@id":"https:\/\/blogdofarnesio.com.br\/#\/schema\/logo\/image\/","url":"https:\/\/blogdofarnesio.com.br\/wp-content\/uploads\/2026\/03\/cropped-logo_new-1.png","contentUrl":"https:\/\/blogdofarnesio.com.br\/wp-content\/uploads\/2026\/03\/cropped-logo_new-1.png","width":881,"height":685,"caption":"Blog do Farn\u00e9sio"},"image":{"@id":"https:\/\/blogdofarnesio.com.br\/#\/schema\/logo\/image\/"},"sameAs":["https:\/\/www.facebook.com\/BlogQuerSaberPolitica\/"]},{"@type":"Person","@id":"https:\/\/blogdofarnesio.com.br\/#\/schema\/person\/dd1bf5eba40b687199ba45ca6b97dff9","name":"teste","image":{"@type":"ImageObject","inLanguage":"pt-BR","@id":"https:\/\/secure.gravatar.com\/avatar\/2172498d4914b51e1d89a0f97957b035ac4938723a5cac208135d389b6972a6d?s=96&d=mm&r=g","url":"https:\/\/secure.gravatar.com\/avatar\/2172498d4914b51e1d89a0f97957b035ac4938723a5cac208135d389b6972a6d?s=96&d=mm&r=g","contentUrl":"https:\/\/secure.gravatar.com\/avatar\/2172498d4914b51e1d89a0f97957b035ac4938723a5cac208135d389b6972a6d?s=96&d=mm&r=g","caption":"teste"},"url":"https:\/\/blogdofarnesio.com.br\/?author=3"}]}},"_links":{"self":[{"href":"https:\/\/blogdofarnesio.com.br\/index.php?rest_route=\/wp\/v2\/posts\/62678","targetHints":{"allow":["GET"]}}],"collection":[{"href":"https:\/\/blogdofarnesio.com.br\/index.php?rest_route=\/wp\/v2\/posts"}],"about":[{"href":"https:\/\/blogdofarnesio.com.br\/index.php?rest_route=\/wp\/v2\/types\/post"}],"author":[{"embeddable":true,"href":"https:\/\/blogdofarnesio.com.br\/index.php?rest_route=\/wp\/v2\/users\/3"}],"replies":[{"embeddable":true,"href":"https:\/\/blogdofarnesio.com.br\/index.php?rest_route=%2Fwp%2Fv2%2Fcomments&post=62678"}],"version-history":[{"count":0,"href":"https:\/\/blogdofarnesio.com.br\/index.php?rest_route=\/wp\/v2\/posts\/62678\/revisions"}],"wp:attachment":[{"href":"https:\/\/blogdofarnesio.com.br\/index.php?rest_route=%2Fwp%2Fv2%2Fmedia&parent=62678"}],"wp:term":[{"taxonomy":"category","embeddable":true,"href":"https:\/\/blogdofarnesio.com.br\/index.php?rest_route=%2Fwp%2Fv2%2Fcategories&post=62678"},{"taxonomy":"post_tag","embeddable":true,"href":"https:\/\/blogdofarnesio.com.br\/index.php?rest_route=%2Fwp%2Fv2%2Ftags&post=62678"}],"curies":[{"name":"wp","href":"https:\/\/api.w.org\/{rel}","templated":true}]}}